{"id":56930,"date":"2021-05-15T18:16:32","date_gmt":"2021-05-15T18:16:32","guid":{"rendered":"http:\/\/www.noticiasradioreflejos.com.ar\/2021\/?p=56930"},"modified":"2021-05-15T18:16:53","modified_gmt":"2021-05-15T18:16:53","slug":"diez-jugadores-de-river-dieron-positivo-de-covid-a-un-dia-del-superclasico","status":"publish","type":"post","link":"https:\/\/www.noticiasradioreflejos.com.ar\/2021\/diez-jugadores-de-river-dieron-positivo-de-covid-a-un-dia-del-superclasico\/","title":{"rendered":"Diez jugadores de River dieron positivo de Covid a un d\u00eda del supercl\u00e1sico"},"content":{"rendered":"<div class=\"head-content\">\n<p>Entre ellos se encuentran titulares como Paulo D\u00edaz, Nicol\u00e1s de la Cruz y Rafael Borr\u00e9. Lo inform\u00f3 el club\u00a0 oficialmente.<\/p>\n<\/div>\n<p><!--more--><\/p>\n<div class=\"main-content-block\">\n<div class=\"main-box clearfix\">\n<div class=\"wrapper-main-section clearfix\">\n<div class=\"wrapper-editable-content\">\n<div class=\"editable-content clearfix\">\n<div id=\"image\" class=\"image\">\n<p><img decoding=\"async\" title=\"Borr\u00e9 y De la Cruz, dos bajas sensibles en el supercl\u00e1sico de ma\u00f1ana.\" src=\"https:\/\/www.telam.com.ar\/advf\/imagenes\/2020\/12\/5fc765307f995_1004x565.jpg\" alt=\"Borr\u00e9 y De la Cruz, dos bajas sensibles en el supercl\u00e1sico de ma\u00f1ana.\" \/><\/p>\n<div class=\"epigrafe\">Borr\u00e9 y De la Cruz, dos bajas sensibles en el supercl\u00e1sico de ma\u00f1ana.<\/div>\n<\/div>\n<p>Diez futbolistas de River Plate dieron positivo a tests de coronavirus a un d\u00eda del supercl\u00e1sico con Boca Juniors en la Bombonera por los cuartos de final de la Copa de la Liga Profesional y no podr\u00e1n disputar el partido, inform\u00f3 oficialmente el club a trav\u00e9s de su cuenta de Twitter.<\/p>\n<p>Entre los afectados hay titulares como Paulo D\u00edaz, Nicol\u00e1s de la Cruz, Rafael Borr\u00e9 y Robert Rojas, y remplazos habituales como Federico Girotti y Bruno Zucculini.<\/p>\n<p>La lista de contagiados la completanEnrique Bologna, Germ\u00e1n Lux, Tom\u00e1s Castro Ponce y Franco Petroli.<\/p>\n<p>\u00abEl resto de los testeos a jugadores y cuerpo t\u00e9cnico dieron resultado negativo. Asimismo, River informa que suspendi\u00f3 la concentraci\u00f3n originalmente programada para hoy en el Alvear Icon Hotel\u00bb, destaca el comunicado de la entidad.<\/p>\n<p>El entrenador de arqueros Alberto \u00abTato\u00bb Montes y auxiliares del equipo de cocina de la delegaci\u00f3n de River dieron positivo de Covid-19 el viernes, lo que podr\u00eda haber generado este \u00abbrote\u00bb entre los jugadores.<\/p>\n<p>El conjunto dirigido por Marcelo Gallardo visitar\u00e1 ma\u00f1ana a Boca desde las 17.30 en la Bombonera, con arbitraje de Facundo Tello.<\/p>\n<blockquote class=\"twitter-tweet\" data-width=\"500\" data-dnt=\"true\">\n<p lang=\"es\" dir=\"ltr\">\u2139\ufe0f Comunicado de Prensa: nuevos testeos de Covid-19 realizados en la jornada de hoy \u27a1\ufe0f <a href=\"https:\/\/t.co\/jsn5LC6kQo\">https:\/\/t.co\/jsn5LC6kQo<\/a> <a href=\"https:\/\/t.co\/g8Lq0ZQwuJ\">pic.twitter.com\/g8Lq0ZQwuJ<\/a><\/p>\n<p>&mdash; River Plate (@RiverPlate) <a href=\"https:\/\/twitter.com\/RiverPlate\/status\/1393612907263430656?ref_src=twsrc%5Etfw\">May 15, 2021<\/a><\/p><\/blockquote>\n<p><script async src=\"https:\/\/platform.twitter.com\/widgets.js\" charset=\"utf-8\"><\/script><\/p>\n<\/div>\n<\/div>\n<\/div>\n<\/div>\n<\/div>\n","protected":false},"excerpt":{"rendered":"<p>Entre ellos se encuentran titulares como Paulo D\u00edaz, Nicol\u00e1s de la Cruz y Rafael Borr\u00e9. Lo inform\u00f3 el club\u00a0 oficialmente.<\/p>\n","protected":false},"author":3,"featured_media":0,"comment_status":"closed","ping_status":"closed","sticky":false,"template":"","format":"standard","meta":{"footnotes":""},"categories":[27,30],"tags":[],"class_list":["post-56930","post","type-post","status-publish","format-standard","hentry","category-deportes","category-salud"],"yoast_head":"<!-- This site is optimized with the Yoast SEO plugin v25.9 - https:\/\/yoast.com\/wordpress\/plugins\/seo\/ -->\n<title>Diez jugadores de River dieron positivo de Covid a un d\u00eda del supercl\u00e1sico - Noticias Radio Reflejos<\/title>\n<meta name=\"robots\" content=\"index, follow, max-snippet:-1, max-image-preview:large, max-video-preview:-1\" \/>\n<link rel=\"canonical\" href=\"https:\/\/www.noticiasradioreflejos.com.ar\/2021\/diez-jugadores-de-river-dieron-positivo-de-covid-a-un-dia-del-superclasico\/\" \/>\n<meta property=\"og:locale\" content=\"es_ES\" \/>\n<meta property=\"og:type\" content=\"article\" \/>\n<meta property=\"og:title\" content=\"Diez jugadores de River dieron positivo de Covid a un d\u00eda del supercl\u00e1sico - Noticias Radio Reflejos\" \/>\n<meta property=\"og:description\" content=\"Entre ellos se encuentran titulares como Paulo D\u00edaz, Nicol\u00e1s de la Cruz y Rafael Borr\u00e9. Lo inform\u00f3 el club\u00a0 oficialmente.\" \/>\n<meta property=\"og:url\" content=\"https:\/\/www.noticiasradioreflejos.com.ar\/2021\/diez-jugadores-de-river-dieron-positivo-de-covid-a-un-dia-del-superclasico\/\" \/>\n<meta property=\"og:site_name\" content=\"Noticias Radio Reflejos\" \/>\n<meta property=\"article:published_time\" content=\"2021-05-15T18:16:32+00:00\" \/>\n<meta property=\"article:modified_time\" content=\"2021-05-15T18:16:53+00:00\" \/>\n<meta property=\"og:image\" content=\"https:\/\/www.telam.com.ar\/advf\/imagenes\/2020\/12\/5fc765307f995_1004x565.jpg\" \/>\n<meta name=\"author\" content=\"Arnaldo Botto\" \/>\n<meta name=\"twitter:card\" content=\"summary_large_image\" \/>\n<script type=\"application\/ld+json\" class=\"yoast-schema-graph\">{\"@context\":\"https:\/\/schema.org\",\"@graph\":[{\"@type\":\"WebPage\",\"@id\":\"https:\/\/www.noticiasradioreflejos.com.ar\/2021\/diez-jugadores-de-river-dieron-positivo-de-covid-a-un-dia-del-superclasico\/\",\"url\":\"https:\/\/www.noticiasradioreflejos.com.ar\/2021\/diez-jugadores-de-river-dieron-positivo-de-covid-a-un-dia-del-superclasico\/\",\"name\":\"Diez jugadores de River dieron positivo de Covid a un d\u00eda del supercl\u00e1sico - Noticias Radio Reflejos\",\"isPartOf\":{\"@id\":\"https:\/\/www.noticiasradioreflejos.com.ar\/2021\/#website\"},\"primaryImageOfPage\":{\"@id\":\"https:\/\/www.noticiasradioreflejos.com.ar\/2021\/diez-jugadores-de-river-dieron-positivo-de-covid-a-un-dia-del-superclasico\/#primaryimage\"},\"image\":{\"@id\":\"https:\/\/www.noticiasradioreflejos.com.ar\/2021\/diez-jugadores-de-river-dieron-positivo-de-covid-a-un-dia-del-superclasico\/#primaryimage\"},\"thumbnailUrl\":\"https:\/\/www.telam.com.ar\/advf\/imagenes\/2020\/12\/5fc765307f995_1004x565.jpg\",\"datePublished\":\"2021-05-15T18:16:32+00:00\",\"dateModified\":\"2021-05-15T18:16:53+00:00\",\"author\":{\"@id\":\"https:\/\/www.noticiasradioreflejos.com.ar\/2021\/#\/schema\/person\/ad82545263dcc5ec0996818884fd5fb1\"},\"breadcrumb\":{\"@id\":\"https:\/\/www.noticiasradioreflejos.com.ar\/2021\/diez-jugadores-de-river-dieron-positivo-de-covid-a-un-dia-del-superclasico\/#breadcrumb\"},\"inLanguage\":\"es\",\"potentialAction\":[{\"@type\":\"ReadAction\",\"target\":[\"https:\/\/www.noticiasradioreflejos.com.ar\/2021\/diez-jugadores-de-river-dieron-positivo-de-covid-a-un-dia-del-superclasico\/\"]}]},{\"@type\":\"ImageObject\",\"inLanguage\":\"es\",\"@id\":\"https:\/\/www.noticiasradioreflejos.com.ar\/2021\/diez-jugadores-de-river-dieron-positivo-de-covid-a-un-dia-del-superclasico\/#primaryimage\",\"url\":\"https:\/\/www.telam.com.ar\/advf\/imagenes\/2020\/12\/5fc765307f995_1004x565.jpg\",\"contentUrl\":\"https:\/\/www.telam.com.ar\/advf\/imagenes\/2020\/12\/5fc765307f995_1004x565.jpg\"},{\"@type\":\"BreadcrumbList\",\"@id\":\"https:\/\/www.noticiasradioreflejos.com.ar\/2021\/diez-jugadores-de-river-dieron-positivo-de-covid-a-un-dia-del-superclasico\/#breadcrumb\",\"itemListElement\":[{\"@type\":\"ListItem\",\"position\":1,\"name\":\"Portada\",\"item\":\"https:\/\/www.noticiasradioreflejos.com.ar\/2021\/\"},{\"@type\":\"ListItem\",\"position\":2,\"name\":\"Diez jugadores de River dieron positivo de Covid a un d\u00eda del supercl\u00e1sico\"}]},{\"@type\":\"WebSite\",\"@id\":\"https:\/\/www.noticiasradioreflejos.com.ar\/2021\/#website\",\"url\":\"https:\/\/www.noticiasradioreflejos.com.ar\/2021\/\",\"name\":\"Noticias Radio Reflejos\",\"description\":\"Las noticias de mi comarca\",\"potentialAction\":[{\"@type\":\"SearchAction\",\"target\":{\"@type\":\"EntryPoint\",\"urlTemplate\":\"https:\/\/www.noticiasradioreflejos.com.ar\/2021\/?s={search_term_string}\"},\"query-input\":{\"@type\":\"PropertyValueSpecification\",\"valueRequired\":true,\"valueName\":\"search_term_string\"}}],\"inLanguage\":\"es\"},{\"@type\":\"Person\",\"@id\":\"https:\/\/www.noticiasradioreflejos.com.ar\/2021\/#\/schema\/person\/ad82545263dcc5ec0996818884fd5fb1\",\"name\":\"Arnaldo Botto\",\"image\":{\"@type\":\"ImageObject\",\"inLanguage\":\"es\",\"@id\":\"https:\/\/www.noticiasradioreflejos.com.ar\/2021\/#\/schema\/person\/image\/\",\"url\":\"https:\/\/secure.gravatar.com\/avatar\/55cb5e37c1efa326397366e6974cb338056df65cb50e7d64d1cf314e87504837?s=96&d=mm&r=g\",\"contentUrl\":\"https:\/\/secure.gravatar.com\/avatar\/55cb5e37c1efa326397366e6974cb338056df65cb50e7d64d1cf314e87504837?s=96&d=mm&r=g\",\"caption\":\"Arnaldo Botto\"},\"url\":\"https:\/\/www.noticiasradioreflejos.com.ar\/2021\/author\/arnaldo\/\"}]}<\/script>\n<!-- \/ Yoast SEO plugin. -->","yoast_head_json":{"title":"Diez jugadores de River dieron positivo de Covid a un d\u00eda del supercl\u00e1sico - Noticias Radio Reflejos","robots":{"index":"index","follow":"follow","max-snippet":"max-snippet:-1","max-image-preview":"max-image-preview:large","max-video-preview":"max-video-preview:-1"},"canonical":"https:\/\/www.noticiasradioreflejos.com.ar\/2021\/diez-jugadores-de-river-dieron-positivo-de-covid-a-un-dia-del-superclasico\/","og_locale":"es_ES","og_type":"article","og_title":"Diez jugadores de River dieron positivo de Covid a un d\u00eda del supercl\u00e1sico - Noticias Radio Reflejos","og_description":"Entre ellos se encuentran titulares como Paulo D\u00edaz, Nicol\u00e1s de la Cruz y Rafael Borr\u00e9. Lo inform\u00f3 el club\u00a0 oficialmente.","og_url":"https:\/\/www.noticiasradioreflejos.com.ar\/2021\/diez-jugadores-de-river-dieron-positivo-de-covid-a-un-dia-del-superclasico\/","og_site_name":"Noticias Radio Reflejos","article_published_time":"2021-05-15T18:16:32+00:00","article_modified_time":"2021-05-15T18:16:53+00:00","og_image":[{"url":"https:\/\/www.telam.com.ar\/advf\/imagenes\/2020\/12\/5fc765307f995_1004x565.jpg","type":"","width":"","height":""}],"author":"Arnaldo Botto","twitter_card":"summary_large_image","schema":{"@context":"https:\/\/schema.org","@graph":[{"@type":"WebPage","@id":"https:\/\/www.noticiasradioreflejos.com.ar\/2021\/diez-jugadores-de-river-dieron-positivo-de-covid-a-un-dia-del-superclasico\/","url":"https:\/\/www.noticiasradioreflejos.com.ar\/2021\/diez-jugadores-de-river-dieron-positivo-de-covid-a-un-dia-del-superclasico\/","name":"Diez jugadores de River dieron positivo de Covid a un d\u00eda del supercl\u00e1sico - Noticias Radio Reflejos","isPartOf":{"@id":"https:\/\/www.noticiasradioreflejos.com.ar\/2021\/#website"},"primaryImageOfPage":{"@id":"https:\/\/www.noticiasradioreflejos.com.ar\/2021\/diez-jugadores-de-river-dieron-positivo-de-covid-a-un-dia-del-superclasico\/#primaryimage"},"image":{"@id":"https:\/\/www.noticiasradioreflejos.com.ar\/2021\/diez-jugadores-de-river-dieron-positivo-de-covid-a-un-dia-del-superclasico\/#primaryimage"},"thumbnailUrl":"https:\/\/www.telam.com.ar\/advf\/imagenes\/2020\/12\/5fc765307f995_1004x565.jpg","datePublished":"2021-05-15T18:16:32+00:00","dateModified":"2021-05-15T18:16:53+00:00","author":{"@id":"https:\/\/www.noticiasradioreflejos.com.ar\/2021\/#\/schema\/person\/ad82545263dcc5ec0996818884fd5fb1"},"breadcrumb":{"@id":"https:\/\/www.noticiasradioreflejos.com.ar\/2021\/diez-jugadores-de-river-dieron-positivo-de-covid-a-un-dia-del-superclasico\/#breadcrumb"},"inLanguage":"es","potentialAction":[{"@type":"ReadAction","target":["https:\/\/www.noticiasradioreflejos.com.ar\/2021\/diez-jugadores-de-river-dieron-positivo-de-covid-a-un-dia-del-superclasico\/"]}]},{"@type":"ImageObject","inLanguage":"es","@id":"https:\/\/www.noticiasradioreflejos.com.ar\/2021\/diez-jugadores-de-river-dieron-positivo-de-covid-a-un-dia-del-superclasico\/#primaryimage","url":"https:\/\/www.telam.com.ar\/advf\/imagenes\/2020\/12\/5fc765307f995_1004x565.jpg","contentUrl":"https:\/\/www.telam.com.ar\/advf\/imagenes\/2020\/12\/5fc765307f995_1004x565.jpg"},{"@type":"BreadcrumbList","@id":"https:\/\/www.noticiasradioreflejos.com.ar\/2021\/diez-jugadores-de-river-dieron-positivo-de-covid-a-un-dia-del-superclasico\/#breadcrumb","itemListElement":[{"@type":"ListItem","position":1,"name":"Portada","item":"https:\/\/www.noticiasradioreflejos.com.ar\/2021\/"},{"@type":"ListItem","position":2,"name":"Diez jugadores de River dieron positivo de Covid a un d\u00eda del supercl\u00e1sico"}]},{"@type":"WebSite","@id":"https:\/\/www.noticiasradioreflejos.com.ar\/2021\/#website","url":"https:\/\/www.noticiasradioreflejos.com.ar\/2021\/","name":"Noticias Radio Reflejos","description":"Las noticias de mi comarca","potentialAction":[{"@type":"SearchAction","target":{"@type":"EntryPoint","urlTemplate":"https:\/\/www.noticiasradioreflejos.com.ar\/2021\/?s={search_term_string}"},"query-input":{"@type":"PropertyValueSpecification","valueRequired":true,"valueName":"search_term_string"}}],"inLanguage":"es"},{"@type":"Person","@id":"https:\/\/www.noticiasradioreflejos.com.ar\/2021\/#\/schema\/person\/ad82545263dcc5ec0996818884fd5fb1","name":"Arnaldo Botto","image":{"@type":"ImageObject","inLanguage":"es","@id":"https:\/\/www.noticiasradioreflejos.com.ar\/2021\/#\/schema\/person\/image\/","url":"https:\/\/secure.gravatar.com\/avatar\/55cb5e37c1efa326397366e6974cb338056df65cb50e7d64d1cf314e87504837?s=96&d=mm&r=g","contentUrl":"https:\/\/secure.gravatar.com\/avatar\/55cb5e37c1efa326397366e6974cb338056df65cb50e7d64d1cf314e87504837?s=96&d=mm&r=g","caption":"Arnaldo Botto"},"url":"https:\/\/www.noticiasradioreflejos.com.ar\/2021\/author\/arnaldo\/"}]}},"_links":{"self":[{"href":"https:\/\/www.noticiasradioreflejos.com.ar\/2021\/wp-json\/wp\/v2\/posts\/56930","targetHints":{"allow":["GET"]}}],"collection":[{"href":"https:\/\/www.noticiasradioreflejos.com.ar\/2021\/wp-json\/wp\/v2\/posts"}],"about":[{"href":"https:\/\/www.noticiasradioreflejos.com.ar\/2021\/wp-json\/wp\/v2\/types\/post"}],"author":[{"embeddable":true,"href":"https:\/\/www.noticiasradioreflejos.com.ar\/2021\/wp-json\/wp\/v2\/users\/3"}],"replies":[{"embeddable":true,"href":"https:\/\/www.noticiasradioreflejos.com.ar\/2021\/wp-json\/wp\/v2\/comments?post=56930"}],"version-history":[{"count":2,"href":"https:\/\/www.noticiasradioreflejos.com.ar\/2021\/wp-json\/wp\/v2\/posts\/56930\/revisions"}],"predecessor-version":[{"id":56933,"href":"https:\/\/www.noticiasradioreflejos.com.ar\/2021\/wp-json\/wp\/v2\/posts\/56930\/revisions\/56933"}],"wp:attachment":[{"href":"https:\/\/www.noticiasradioreflejos.com.ar\/2021\/wp-json\/wp\/v2\/media?parent=56930"}],"wp:term":[{"taxonomy":"category","embeddable":true,"href":"https:\/\/www.noticiasradioreflejos.com.ar\/2021\/wp-json\/wp\/v2\/categories?post=56930"},{"taxonomy":"post_tag","embeddable":true,"href":"https:\/\/www.noticiasradioreflejos.com.ar\/2021\/wp-json\/wp\/v2\/tags?post=56930"}],"curies":[{"name":"wp","href":"https:\/\/api.w.org\/{rel}","templated":true}]}}