{"id":56921,"date":"2021-05-15T14:12:13","date_gmt":"2021-05-15T14:12:13","guid":{"rendered":"http:\/\/www.noticiasradioreflejos.com.ar\/2021\/?p=56921"},"modified":"2021-05-15T14:12:13","modified_gmt":"2021-05-15T14:12:13","slug":"la-foto-que-emociono-a-cafiero-y-a-buena-parte-del-pais","status":"publish","type":"post","link":"https:\/\/www.noticiasradioreflejos.com.ar\/2021\/la-foto-que-emociono-a-cafiero-y-a-buena-parte-del-pais\/","title":{"rendered":"La foto que emocion\u00f3 a Cafiero y a buena parte del pa\u00eds"},"content":{"rendered":"<div class=\"head-content\">\n<p>La imagen de los ancianos, sentados y tomados amorosamente de la mano y arropados por causa del fr\u00edo, a la espera de vacunarse en Rosario, recorri\u00f3 los portales de noticias y redes sociales.<\/p>\n<\/div>\n<p><!--more--><\/p>\n<div class=\"main-content-block\">\n<div class=\"main-box clearfix\">\n<div class=\"wrapper-main-section clearfix\">\n<div class=\"wrapper-editable-content\">\n<div class=\"editable-content clearfix\">\n<p>La imagen de una pareja de ancianos que tomados de la mano aguardaban recibir la vacuna contra la Covid-19 en un centro vacunatorio de Rosario se convirti\u00f3 en una singular postal de amor y solidaridad, que hasta emocion\u00f3 al propio jefe de Gabinete de la Naci\u00f3n, Santiago Cafiero.<\/p>\n<blockquote class=\"twitter-tweet\" data-width=\"500\" data-dnt=\"true\">\n<p lang=\"es\" dir=\"ltr\">Si hay amor, siempre hay esperanza.<\/p>\n<p>Hermosa esta foto que me lleg\u00f3 de Mar\u00eda Teresa y Domingo esperando para vacunarse en Rosario, Santa Fe. <\/p>\n<p>\ud83c\udde6\ud83c\uddf7 \u2764\ufe0f <a href=\"https:\/\/t.co\/a0dD2blDxT\">pic.twitter.com\/a0dD2blDxT<\/a><\/p>\n<p>&mdash; Santiago Cafiero (@SantiagoCafiero) <a href=\"https:\/\/twitter.com\/SantiagoCafiero\/status\/1392899265400344584?ref_src=twsrc%5Etfw\">May 13, 2021<\/a><\/p><\/blockquote>\n<p><script async src=\"https:\/\/platform.twitter.com\/widgets.js\" charset=\"utf-8\"><\/script><\/p>\n<p><strong>Se trata de Mar\u00eda Teresa Dakak (78) y Domingo Moscato (82), dos adultos mayores rosarinos<\/strong>\u00a0que el mi\u00e9rcoles aguardaban su turno para ser vacunados contra el coronavirus en el centro vacunatorio montado en el Predio Ferial Parque de la Independencia, donde funcionaba la ex Rural de esa ciudad santafesina.<\/p>\n<p>La imagen de los ancianos, sentados y tomados amorosamente de la mano y arropados por causa del fr\u00edo, recorri\u00f3 los portales de noticias y redes sociales de usuarios de Rosario, el sur de Santa Fe, y r\u00e1pidamente se multiplic\u00f3 en otras partes del pa\u00eds.<\/p>\n<p>A trav\u00e9s de Twitter, por caso, numerosos usuarios expresaron su admiraci\u00f3n y no dudaron en calificar a la foto como \u00abuna postal de amor, esperanza y solidaridad\u00bb.<\/p>\n<p><strong>\u00ab\u00bfQu\u00e9 me van a hablar de amor?\u00bb, tuite\u00f3 una usuaria<\/strong>, as\u00ed como otra mujer public\u00f3 en esa misma red social que la foto la \u00abhizo lagrimear\u00bb.<\/p>\n<p>\u00ab\u00a1No hay distanciamiento social ni pandemia que pueda con el amor! \u00a1Eso es vida!, a\u00f1adi\u00f3.<\/p>\n<p>Lo cierto es que la foto de Mar\u00eda Teresa y Domingo recorri\u00f3 Rosario y el pa\u00eds, e incluso, hasta emocion\u00f3 al propio jefe de Gabinete de la Naci\u00f3n, Santiago Cafiero, quien as\u00ed lo hizo saber en su Twitter (@SantiCafiero).<\/p>\n<p>\u00abSi hay amor, siempre hay esperanza. Hermosa esta foto que me lleg\u00f3 de Mar\u00eda Teresa y Domingo esperando para vacunarse en Rosario, Santa Fe\u00bb, tuite\u00f3 el funcionario nacional.<\/p>\n<p><strong>Mar\u00eda Teresa y Domingo se vacunaron juntos el mi\u00e9rcoles por la tarde -ambos recibieron la primera dosis de Sputnik V-<\/strong>, tras anotarse en el centro vacunatorio el d\u00eda anterior.<\/p>\n<\/div>\n<\/div>\n<\/div>\n<\/div>\n<\/div>\n","protected":false},"excerpt":{"rendered":"<p>La imagen de los ancianos, sentados y tomados amorosamente de la mano y arropados por causa del fr\u00edo, a la espera de vacunarse en Rosario, recorri\u00f3 los portales de noticias y redes sociales.<\/p>\n","protected":false},"author":3,"featured_media":0,"comment_status":"closed","ping_status":"closed","sticky":false,"template":"","format":"standard","meta":{"footnotes":""},"categories":[24,26],"tags":[],"class_list":["post-56921","post","type-post","status-publish","format-standard","hentry","category-politica","category-sociedad"],"yoast_head":"<!-- This site is optimized with the Yoast SEO plugin v25.9 - https:\/\/yoast.com\/wordpress\/plugins\/seo\/ -->\n<title>La foto que emocion\u00f3 a Cafiero y a buena parte del pa\u00eds - Noticias Radio Reflejos<\/title>\n<meta name=\"robots\" content=\"index, follow, max-snippet:-1, max-image-preview:large, max-video-preview:-1\" \/>\n<link rel=\"canonical\" href=\"https:\/\/www.noticiasradioreflejos.com.ar\/2021\/la-foto-que-emociono-a-cafiero-y-a-buena-parte-del-pais\/\" \/>\n<meta property=\"og:locale\" content=\"es_ES\" \/>\n<meta property=\"og:type\" content=\"article\" \/>\n<meta property=\"og:title\" content=\"La foto que emocion\u00f3 a Cafiero y a buena parte del pa\u00eds - Noticias Radio Reflejos\" \/>\n<meta property=\"og:description\" content=\"La imagen de los ancianos, sentados y tomados amorosamente de la mano y arropados por causa del fr\u00edo, a la espera de vacunarse en Rosario, recorri\u00f3 los portales de noticias y redes sociales.\" \/>\n<meta property=\"og:url\" content=\"https:\/\/www.noticiasradioreflejos.com.ar\/2021\/la-foto-que-emociono-a-cafiero-y-a-buena-parte-del-pais\/\" \/>\n<meta property=\"og:site_name\" content=\"Noticias Radio Reflejos\" \/>\n<meta property=\"article:published_time\" content=\"2021-05-15T14:12:13+00:00\" \/>\n<meta property=\"og:image\" content=\"https:\/\/www.noticiasradioreflejos.com.ar\/2021\/wp-content\/uploads\/2021\/07\/logosol300x200.png\" \/>\n\t<meta property=\"og:image:width\" content=\"300\" \/>\n\t<meta property=\"og:image:height\" content=\"200\" \/>\n\t<meta property=\"og:image:type\" content=\"image\/png\" \/>\n<meta name=\"author\" content=\"Arnaldo Botto\" \/>\n<meta name=\"twitter:card\" content=\"summary_large_image\" \/>\n<script type=\"application\/ld+json\" class=\"yoast-schema-graph\">{\"@context\":\"https:\/\/schema.org\",\"@graph\":[{\"@type\":\"WebPage\",\"@id\":\"https:\/\/www.noticiasradioreflejos.com.ar\/2021\/la-foto-que-emociono-a-cafiero-y-a-buena-parte-del-pais\/\",\"url\":\"https:\/\/www.noticiasradioreflejos.com.ar\/2021\/la-foto-que-emociono-a-cafiero-y-a-buena-parte-del-pais\/\",\"name\":\"La foto que emocion\u00f3 a Cafiero y a buena parte del pa\u00eds - Noticias Radio Reflejos\",\"isPartOf\":{\"@id\":\"https:\/\/www.noticiasradioreflejos.com.ar\/2021\/#website\"},\"datePublished\":\"2021-05-15T14:12:13+00:00\",\"author\":{\"@id\":\"https:\/\/www.noticiasradioreflejos.com.ar\/2021\/#\/schema\/person\/ad82545263dcc5ec0996818884fd5fb1\"},\"breadcrumb\":{\"@id\":\"https:\/\/www.noticiasradioreflejos.com.ar\/2021\/la-foto-que-emociono-a-cafiero-y-a-buena-parte-del-pais\/#breadcrumb\"},\"inLanguage\":\"es\",\"potentialAction\":[{\"@type\":\"ReadAction\",\"target\":[\"https:\/\/www.noticiasradioreflejos.com.ar\/2021\/la-foto-que-emociono-a-cafiero-y-a-buena-parte-del-pais\/\"]}]},{\"@type\":\"BreadcrumbList\",\"@id\":\"https:\/\/www.noticiasradioreflejos.com.ar\/2021\/la-foto-que-emociono-a-cafiero-y-a-buena-parte-del-pais\/#breadcrumb\",\"itemListElement\":[{\"@type\":\"ListItem\",\"position\":1,\"name\":\"Portada\",\"item\":\"https:\/\/www.noticiasradioreflejos.com.ar\/2021\/\"},{\"@type\":\"ListItem\",\"position\":2,\"name\":\"La foto que emocion\u00f3 a Cafiero y a buena parte del pa\u00eds\"}]},{\"@type\":\"WebSite\",\"@id\":\"https:\/\/www.noticiasradioreflejos.com.ar\/2021\/#website\",\"url\":\"https:\/\/www.noticiasradioreflejos.com.ar\/2021\/\",\"name\":\"Noticias Radio Reflejos\",\"description\":\"Las noticias de mi comarca\",\"potentialAction\":[{\"@type\":\"SearchAction\",\"target\":{\"@type\":\"EntryPoint\",\"urlTemplate\":\"https:\/\/www.noticiasradioreflejos.com.ar\/2021\/?s={search_term_string}\"},\"query-input\":{\"@type\":\"PropertyValueSpecification\",\"valueRequired\":true,\"valueName\":\"search_term_string\"}}],\"inLanguage\":\"es\"},{\"@type\":\"Person\",\"@id\":\"https:\/\/www.noticiasradioreflejos.com.ar\/2021\/#\/schema\/person\/ad82545263dcc5ec0996818884fd5fb1\",\"name\":\"Arnaldo Botto\",\"image\":{\"@type\":\"ImageObject\",\"inLanguage\":\"es\",\"@id\":\"https:\/\/www.noticiasradioreflejos.com.ar\/2021\/#\/schema\/person\/image\/\",\"url\":\"https:\/\/secure.gravatar.com\/avatar\/55cb5e37c1efa326397366e6974cb338056df65cb50e7d64d1cf314e87504837?s=96&d=mm&r=g\",\"contentUrl\":\"https:\/\/secure.gravatar.com\/avatar\/55cb5e37c1efa326397366e6974cb338056df65cb50e7d64d1cf314e87504837?s=96&d=mm&r=g\",\"caption\":\"Arnaldo Botto\"},\"url\":\"https:\/\/www.noticiasradioreflejos.com.ar\/2021\/author\/arnaldo\/\"}]}<\/script>\n<!-- \/ Yoast SEO plugin. -->","yoast_head_json":{"title":"La foto que emocion\u00f3 a Cafiero y a buena parte del pa\u00eds - Noticias Radio Reflejos","robots":{"index":"index","follow":"follow","max-snippet":"max-snippet:-1","max-image-preview":"max-image-preview:large","max-video-preview":"max-video-preview:-1"},"canonical":"https:\/\/www.noticiasradioreflejos.com.ar\/2021\/la-foto-que-emociono-a-cafiero-y-a-buena-parte-del-pais\/","og_locale":"es_ES","og_type":"article","og_title":"La foto que emocion\u00f3 a Cafiero y a buena parte del pa\u00eds - Noticias Radio Reflejos","og_description":"La imagen de los ancianos, sentados y tomados amorosamente de la mano y arropados por causa del fr\u00edo, a la espera de vacunarse en Rosario, recorri\u00f3 los portales de noticias y redes sociales.","og_url":"https:\/\/www.noticiasradioreflejos.com.ar\/2021\/la-foto-que-emociono-a-cafiero-y-a-buena-parte-del-pais\/","og_site_name":"Noticias Radio Reflejos","article_published_time":"2021-05-15T14:12:13+00:00","og_image":[{"width":300,"height":200,"url":"https:\/\/www.noticiasradioreflejos.com.ar\/2021\/wp-content\/uploads\/2021\/07\/logosol300x200.png","type":"image\/png"}],"author":"Arnaldo Botto","twitter_card":"summary_large_image","schema":{"@context":"https:\/\/schema.org","@graph":[{"@type":"WebPage","@id":"https:\/\/www.noticiasradioreflejos.com.ar\/2021\/la-foto-que-emociono-a-cafiero-y-a-buena-parte-del-pais\/","url":"https:\/\/www.noticiasradioreflejos.com.ar\/2021\/la-foto-que-emociono-a-cafiero-y-a-buena-parte-del-pais\/","name":"La foto que emocion\u00f3 a Cafiero y a buena parte del pa\u00eds - Noticias Radio Reflejos","isPartOf":{"@id":"https:\/\/www.noticiasradioreflejos.com.ar\/2021\/#website"},"datePublished":"2021-05-15T14:12:13+00:00","author":{"@id":"https:\/\/www.noticiasradioreflejos.com.ar\/2021\/#\/schema\/person\/ad82545263dcc5ec0996818884fd5fb1"},"breadcrumb":{"@id":"https:\/\/www.noticiasradioreflejos.com.ar\/2021\/la-foto-que-emociono-a-cafiero-y-a-buena-parte-del-pais\/#breadcrumb"},"inLanguage":"es","potentialAction":[{"@type":"ReadAction","target":["https:\/\/www.noticiasradioreflejos.com.ar\/2021\/la-foto-que-emociono-a-cafiero-y-a-buena-parte-del-pais\/"]}]},{"@type":"BreadcrumbList","@id":"https:\/\/www.noticiasradioreflejos.com.ar\/2021\/la-foto-que-emociono-a-cafiero-y-a-buena-parte-del-pais\/#breadcrumb","itemListElement":[{"@type":"ListItem","position":1,"name":"Portada","item":"https:\/\/www.noticiasradioreflejos.com.ar\/2021\/"},{"@type":"ListItem","position":2,"name":"La foto que emocion\u00f3 a Cafiero y a buena parte del pa\u00eds"}]},{"@type":"WebSite","@id":"https:\/\/www.noticiasradioreflejos.com.ar\/2021\/#website","url":"https:\/\/www.noticiasradioreflejos.com.ar\/2021\/","name":"Noticias Radio Reflejos","description":"Las noticias de mi comarca","potentialAction":[{"@type":"SearchAction","target":{"@type":"EntryPoint","urlTemplate":"https:\/\/www.noticiasradioreflejos.com.ar\/2021\/?s={search_term_string}"},"query-input":{"@type":"PropertyValueSpecification","valueRequired":true,"valueName":"search_term_string"}}],"inLanguage":"es"},{"@type":"Person","@id":"https:\/\/www.noticiasradioreflejos.com.ar\/2021\/#\/schema\/person\/ad82545263dcc5ec0996818884fd5fb1","name":"Arnaldo Botto","image":{"@type":"ImageObject","inLanguage":"es","@id":"https:\/\/www.noticiasradioreflejos.com.ar\/2021\/#\/schema\/person\/image\/","url":"https:\/\/secure.gravatar.com\/avatar\/55cb5e37c1efa326397366e6974cb338056df65cb50e7d64d1cf314e87504837?s=96&d=mm&r=g","contentUrl":"https:\/\/secure.gravatar.com\/avatar\/55cb5e37c1efa326397366e6974cb338056df65cb50e7d64d1cf314e87504837?s=96&d=mm&r=g","caption":"Arnaldo Botto"},"url":"https:\/\/www.noticiasradioreflejos.com.ar\/2021\/author\/arnaldo\/"}]}},"_links":{"self":[{"href":"https:\/\/www.noticiasradioreflejos.com.ar\/2021\/wp-json\/wp\/v2\/posts\/56921","targetHints":{"allow":["GET"]}}],"collection":[{"href":"https:\/\/www.noticiasradioreflejos.com.ar\/2021\/wp-json\/wp\/v2\/posts"}],"about":[{"href":"https:\/\/www.noticiasradioreflejos.com.ar\/2021\/wp-json\/wp\/v2\/types\/post"}],"author":[{"embeddable":true,"href":"https:\/\/www.noticiasradioreflejos.com.ar\/2021\/wp-json\/wp\/v2\/users\/3"}],"replies":[{"embeddable":true,"href":"https:\/\/www.noticiasradioreflejos.com.ar\/2021\/wp-json\/wp\/v2\/comments?post=56921"}],"version-history":[{"count":1,"href":"https:\/\/www.noticiasradioreflejos.com.ar\/2021\/wp-json\/wp\/v2\/posts\/56921\/revisions"}],"predecessor-version":[{"id":56923,"href":"https:\/\/www.noticiasradioreflejos.com.ar\/2021\/wp-json\/wp\/v2\/posts\/56921\/revisions\/56923"}],"wp:attachment":[{"href":"https:\/\/www.noticiasradioreflejos.com.ar\/2021\/wp-json\/wp\/v2\/media?parent=56921"}],"wp:term":[{"taxonomy":"category","embeddable":true,"href":"https:\/\/www.noticiasradioreflejos.com.ar\/2021\/wp-json\/wp\/v2\/categories?post=56921"},{"taxonomy":"post_tag","embeddable":true,"href":"https:\/\/www.noticiasradioreflejos.com.ar\/2021\/wp-json\/wp\/v2\/tags?post=56921"}],"curies":[{"name":"wp","href":"https:\/\/api.w.org\/{rel}","templated":true}]}}