{"id":56918,"date":"2021-05-15T14:07:21","date_gmt":"2021-05-15T14:07:21","guid":{"rendered":"http:\/\/www.noticiasradioreflejos.com.ar\/2021\/?p=56918"},"modified":"2021-05-15T14:07:21","modified_gmt":"2021-05-15T14:07:21","slug":"destacan-al-turismo-como-herramienta-para-combatir-la-homofobia","status":"publish","type":"post","link":"https:\/\/www.noticiasradioreflejos.com.ar\/2021\/destacan-al-turismo-como-herramienta-para-combatir-la-homofobia\/","title":{"rendered":"Destacan al turismo como herramienta para combatir la homofobia"},"content":{"rendered":"<div class=\"head-content\">\n<p>La legislaci\u00f3n igualitaria que rige en Argentina fue de la mano de una promoci\u00f3n tur\u00edstica, reconocida por la Organizaci\u00f3n Mundial de Turismo, como modelo para posicionar destinos dentro del colectivo lgbtiq+ internacional.<\/p>\n<div class=\"addthis_custom_sharing\" data-url=\"https:\/\/www.telam.com.ar\/notas\/202105\/554226-destacan-al-turismo-como-herramienta-para-combatir-la-homofobia.html\" data-title=\"Destacan al turismo como herramienta para combatir la homofobia\" data-description=\"La legislaci\u00f3n igualitaria que rige en Argentina fue de la mano de una promoci\u00f3n tur\u00edstica, reconocida por la Organizaci\u00f3n Mundial de Turismo, como modelo para posicionar destinos dentro del colectivo lgbtiq+ internacional.\">\n<div id=\"atstbx\" class=\"at-resp-share-element at-style-responsive addthis-smartlayers addthis-animated at4-show\" role=\"region\" aria-labelledby=\"at-cdddc6e5-5cd6-484c-b642-e7164ad907d3\"><\/div>\n<\/div>\n<\/div>\n<p><!--more--><\/p>\n<div class=\"main-content-block\">\n<div class=\"main-box clearfix\">\n<div class=\"wrapper-main-section clearfix\">\n<div class=\"wrapper-editable-content\">\n<div class=\"editable-content clearfix\">\n<div id=\"image\" class=\"image\"><img decoding=\"async\" title=\"Argentina cuenta con varios programas y legislaci\u00f3n, como el fortalecimiento de la Red Federal de Turismo Lgbtiq+; el Observatorio de Turismo Lgbtiq+; el apoyo del PLan de Marketing del Inprotur  y el Programa Nacional de Turismo Lgbtiq+ \" src=\"https:\/\/www.telam.com.ar\/advf\/imagenes\/2020\/07\/5f0f62602f455_1004x565.jpg\" alt=\"Argentina cuenta con varios programas y legislaci\u00f3n, como el fortalecimiento de la Red Federal de Turismo Lgbtiq+; el Observatorio de Turismo Lgbtiq+; el apoyo del PLan de Marketing del Inprotur  y el Programa Nacional de Turismo Lgbtiq+ \" \/><\/p>\n<div class=\"epigrafe\">Argentina cuenta con varios programas y legislaci\u00f3n, como el fortalecimiento de la Red Federal de Turismo Lgbtiq+; el Observatorio de Turismo Lgbtiq+; el apoyo del PLan de Marketing del Inprotur y el Programa Nacional de Turismo Lgbtiq+<\/div>\n<\/div>\n<p>El presidente de la C\u00e1mara de Comercio LGBT de Argentina (Ccglar), Pablo De Luca, asegur\u00f3 durante el Congreso Internacional de Turismo Argentino (CITA 2021), que la actividad \u00abes una herramienta incre\u00edble para combatir la homofobia\u00bb, en un mundo donde en mas de 70 pa\u00edses la homosexualidad est\u00e1 de una u otra manera criminalizada.<\/p>\n<p>\u00abCuando nos peguntan porqu\u00e9 turismo lgbt, respondemos: porque la homofobia existe\u00bb, dijo el referente de ese colectivo en el sector turismo y hospitalidad, al ofrecer una charla sobre la reconversi\u00f3n en tiempos de pandemia.<\/p>\n<div id=\"image\" class=\"image\"><img decoding=\"async\" title=\"De Luca enumer\u00f3 la serie de acciones que desarroll\u00f3 la Ccglar, en la mayor\u00eda de los casos junto al Instituto Nacional de Promoci\u00f3n Tur\u00edstica (Inprotur), el sector privado y el acad\u00e9mico.\" src=\"https:\/\/www.telam.com.ar\/advf\/imagenes\/2020\/07\/5f0df678c2b3f_1004x565.jpg\" alt=\"De Luca enumer\u00f3 la serie de acciones que desarroll\u00f3 la Ccglar, en la mayor\u00eda de los casos junto al Instituto Nacional de Promoci\u00f3n Tur\u00edstica (Inprotur), el sector privado y el acad\u00e9mico.\" \/><\/p>\n<div class=\"epigrafe\">De Luca enumer\u00f3 la serie de acciones que desarroll\u00f3 la Ccglar, en la mayor\u00eda de los casos junto al Instituto Nacional de Promoci\u00f3n Tur\u00edstica (Inprotur), el sector privado y el acad\u00e9mico.<\/div>\n<\/div>\n<p>\u00abPodemos creer que la homofobia no existe, como nos dicen en muchos pa\u00edses, destinos y ciudades, pero como el racismo, el sexismo y la misoginia, es algo que esta muy arraigado culturalmente y que tenemos que trabajar desde la educaci\u00f3n y desde la sensibilizaci\u00f3n\u00bb, remarc\u00f3.<\/p>\n<div class=\"auth\">Once pa\u00edses castigan la homosexualidad con pena de muerte<\/div>\n<p>En uno de cada tres pa\u00edses en el mundo alcanza \u00abcon la mera imposibilidad de ser lo que somos y de demostrar nuestro afecto\u00bb para ser condenados a pena de muerte (rige en 11 pa\u00edses), o recibir penas de entre 8 a\u00f1os y cadena perpetua (57 pa\u00edses), y alguna forma de condena en los restantes, precis\u00f3.<\/p>\n<p>En ese sentido, De Luca celebr\u00f3 que en Argentina \u00abvamos a cumplir 11 a\u00f1os de la ley de matrimonio igualitario que fue una bisagra para los derechos de los colectivos lgbtIq+ del pa\u00eds que igual\u00f3 los derechos de millones de personas sin quitarle un solo derecho al resto de la ciudadan\u00eda\u00bb.<\/p>\n<div id=\"image\" class=\"image\"><img decoding=\"async\" title=\"&quot;Somos un destino lgbtiq+ joven, y uno de los pocos pa\u00edses que para dar la autentica bienvenida a viajeros y viajeros de la comunidad investigamos, nos capacitamos y establecemos estrategias comunes de promoci\u00f3n\" src=\"https:\/\/www.telam.com.ar\/advf\/imagenes\/2020\/07\/5f0eecbd3be49_1004x617.jpg\" alt=\"&quot;Somos un destino lgbtiq+ joven, y uno de los pocos pa\u00edses que para dar la autentica bienvenida a viajeros y viajeros de la comunidad investigamos, nos capacitamos y establecemos estrategias comunes de promoci\u00f3n\" \/><\/p>\n<div class=\"epigrafe\">\u00abSomos un destino lgbtiq+ joven, y uno de los pocos pa\u00edses que para dar la autentica bienvenida a viajeros y viajeros de la comunidad investigamos, nos capacitamos y establecemos estrategias comunes de promoci\u00f3n<\/div>\n<\/div>\n<p>\u00abNo solo tuvo alcance en las personas lgbtiq+ que viven en el pa\u00eds, sino que como con otros derechos civiles, se hizo extensiva a todos aquellos que pisaron y pisan el suelo argentino\u00bb, agreg\u00f3.<\/p>\n<div class=\"auth\">Dos leyes argentinas fundamentales<\/div>\n<p>Tambi\u00e9n destac\u00f3 que \u00abhace muy pocos d\u00edas se cumplieron 9 a\u00f1os de otra ley maravillosa que vino a reparar la enorme deuda que nuestra sociedad tuvo con las personas del colectivo trans travesti; una ley pionera, modelo en la regi\u00f3n y en el mundo, que consagra el derecho a la identidad autopercibida de todas y todos\u00bb.<\/p>\n<p>Esta legislaci\u00f3n igualitaria fue de la mano de una promoci\u00f3n tur\u00edstica, reconocida por la Organizaci\u00f3n Mundial de Turismo, como modelo para posicionar destinos dentro del colectivo lgbtiq+ internacional.<\/p>\n<div id=\"image\" class=\"image\"><img decoding=\"async\" title=\"En uno de cada tres pa\u00edses en el mundo alcanza con ser homosexual para recibir alg\u00fan tipo de condena.\" src=\"https:\/\/www.telam.com.ar\/advf\/imagenes\/2020\/06\/5edc10cbbac64_1004x565.jpg\" alt=\"En uno de cada tres pa\u00edses en el mundo alcanza con ser homosexual para recibir alg\u00fan tipo de condena.\" \/><\/p>\n<div class=\"epigrafe\">En uno de cada tres pa\u00edses en el mundo alcanza con ser homosexual para recibir alg\u00fan tipo de condena.<\/div>\n<\/div>\n<p>\u00abSomos un destino lgbtiq+ joven, y uno de los pocos pa\u00edses que para dar la autentica bienvenida a viajeros y viajeros de la comunidad investigamos, nos capacitamos y establecemos estrategias comunes de promoci\u00f3n en un mercado tanto dom\u00e9stico como internacional\u00bb, precis\u00f3.<\/p>\n<div class=\"auth\">La comunidad Lgbtiq+ en el contexto pand\u00e9mico<\/div>\n<p>En estos tiempos de pandemia, De Luca enumer\u00f3 la serie de acciones que desarroll\u00f3 la Ccglar, en la mayor\u00eda de los casos junto al Instituto Nacional de Promoci\u00f3n Tur\u00edstica (Inprotur), el sector privado y el acad\u00e9mico.<\/p>\n<p>\u00abComenzamos a enfrentar la crisis sanitaria y econ\u00f3mica m\u00e1s importante de nuestra historia que nos alcanz\u00f3 y paraliz\u00f3 miles de agencias, hoteles, establecimientos gastron\u00f3micos, aerol\u00edneas, y adem\u00e1s puso en peligro cada puesto de trabajo y cada empresa de nuestro sector\u00bb, explic\u00f3.<\/p>\n<p>Entre las variadas acciones realizadas, mencion\u00f3 la colaboraci\u00f3n en la elaboraci\u00f3n de protocolos; generaci\u00f3n de webinars; participaci\u00f3n virtual en ferias internacionales; creaci\u00f3n del Dia Internacional del Turismo Lgbtiq+; y realizaci\u00f3n del Masterclass Gnetwork 360.<\/p>\n<p>Tambi\u00e9n, el fortalecimiento de la Red Federal de Turismo Lgbtiq+; la creaci\u00f3n del Observatorio de Turismo Lgbtiq+; el apoyo del PLan de Marketing del Inprotur para los pr\u00f3ximos 4 a\u00f1os: y el Programa Nacional de Turismo Lgbtiq+ en 23 provincias y el CABA, entre otras acciones.<\/p><\/div>\n<\/div>\n<\/div>\n<\/div>\n<\/div>\n","protected":false},"excerpt":{"rendered":"<p>La legislaci\u00f3n igualitaria que rige en Argentina fue de la mano de una promoci\u00f3n tur\u00edstica, reconocida por la Organizaci\u00f3n Mundial de Turismo, como modelo para posicionar destinos dentro del colectivo lgbtiq+ internacional.<\/p>\n","protected":false},"author":3,"featured_media":0,"comment_status":"closed","ping_status":"closed","sticky":false,"template":"","format":"standard","meta":{"footnotes":""},"categories":[33],"tags":[],"class_list":["post-56918","post","type-post","status-publish","format-standard","hentry","category-turismo"],"yoast_head":"<!-- This site is optimized with the Yoast SEO plugin v25.9 - https:\/\/yoast.com\/wordpress\/plugins\/seo\/ -->\n<title>Destacan al turismo como herramienta para combatir la homofobia - Noticias Radio Reflejos<\/title>\n<meta name=\"robots\" content=\"index, follow, max-snippet:-1, max-image-preview:large, max-video-preview:-1\" \/>\n<link rel=\"canonical\" href=\"https:\/\/www.noticiasradioreflejos.com.ar\/2021\/destacan-al-turismo-como-herramienta-para-combatir-la-homofobia\/\" \/>\n<meta property=\"og:locale\" content=\"es_ES\" \/>\n<meta property=\"og:type\" content=\"article\" \/>\n<meta property=\"og:title\" content=\"Destacan al turismo como herramienta para combatir la homofobia - Noticias Radio Reflejos\" \/>\n<meta property=\"og:description\" content=\"La legislaci\u00f3n igualitaria que rige en Argentina fue de la mano de una promoci\u00f3n tur\u00edstica, reconocida por la Organizaci\u00f3n Mundial de Turismo, como modelo para posicionar destinos dentro del colectivo lgbtiq+ internacional.\" \/>\n<meta property=\"og:url\" content=\"https:\/\/www.noticiasradioreflejos.com.ar\/2021\/destacan-al-turismo-como-herramienta-para-combatir-la-homofobia\/\" \/>\n<meta property=\"og:site_name\" content=\"Noticias Radio Reflejos\" \/>\n<meta property=\"article:published_time\" content=\"2021-05-15T14:07:21+00:00\" \/>\n<meta property=\"og:image\" content=\"https:\/\/www.telam.com.ar\/advf\/imagenes\/2020\/07\/5f0f62602f455_1004x565.jpg\" \/>\n<meta name=\"author\" content=\"Arnaldo Botto\" \/>\n<meta name=\"twitter:card\" content=\"summary_large_image\" \/>\n<script type=\"application\/ld+json\" class=\"yoast-schema-graph\">{\"@context\":\"https:\/\/schema.org\",\"@graph\":[{\"@type\":\"WebPage\",\"@id\":\"https:\/\/www.noticiasradioreflejos.com.ar\/2021\/destacan-al-turismo-como-herramienta-para-combatir-la-homofobia\/\",\"url\":\"https:\/\/www.noticiasradioreflejos.com.ar\/2021\/destacan-al-turismo-como-herramienta-para-combatir-la-homofobia\/\",\"name\":\"Destacan al turismo como herramienta para combatir la homofobia - Noticias Radio Reflejos\",\"isPartOf\":{\"@id\":\"https:\/\/www.noticiasradioreflejos.com.ar\/2021\/#website\"},\"primaryImageOfPage\":{\"@id\":\"https:\/\/www.noticiasradioreflejos.com.ar\/2021\/destacan-al-turismo-como-herramienta-para-combatir-la-homofobia\/#primaryimage\"},\"image\":{\"@id\":\"https:\/\/www.noticiasradioreflejos.com.ar\/2021\/destacan-al-turismo-como-herramienta-para-combatir-la-homofobia\/#primaryimage\"},\"thumbnailUrl\":\"https:\/\/www.telam.com.ar\/advf\/imagenes\/2020\/07\/5f0f62602f455_1004x565.jpg\",\"datePublished\":\"2021-05-15T14:07:21+00:00\",\"author\":{\"@id\":\"https:\/\/www.noticiasradioreflejos.com.ar\/2021\/#\/schema\/person\/ad82545263dcc5ec0996818884fd5fb1\"},\"breadcrumb\":{\"@id\":\"https:\/\/www.noticiasradioreflejos.com.ar\/2021\/destacan-al-turismo-como-herramienta-para-combatir-la-homofobia\/#breadcrumb\"},\"inLanguage\":\"es\",\"potentialAction\":[{\"@type\":\"ReadAction\",\"target\":[\"https:\/\/www.noticiasradioreflejos.com.ar\/2021\/destacan-al-turismo-como-herramienta-para-combatir-la-homofobia\/\"]}]},{\"@type\":\"ImageObject\",\"inLanguage\":\"es\",\"@id\":\"https:\/\/www.noticiasradioreflejos.com.ar\/2021\/destacan-al-turismo-como-herramienta-para-combatir-la-homofobia\/#primaryimage\",\"url\":\"https:\/\/www.telam.com.ar\/advf\/imagenes\/2020\/07\/5f0f62602f455_1004x565.jpg\",\"contentUrl\":\"https:\/\/www.telam.com.ar\/advf\/imagenes\/2020\/07\/5f0f62602f455_1004x565.jpg\"},{\"@type\":\"BreadcrumbList\",\"@id\":\"https:\/\/www.noticiasradioreflejos.com.ar\/2021\/destacan-al-turismo-como-herramienta-para-combatir-la-homofobia\/#breadcrumb\",\"itemListElement\":[{\"@type\":\"ListItem\",\"position\":1,\"name\":\"Portada\",\"item\":\"https:\/\/www.noticiasradioreflejos.com.ar\/2021\/\"},{\"@type\":\"ListItem\",\"position\":2,\"name\":\"Destacan al turismo como herramienta para combatir la homofobia\"}]},{\"@type\":\"WebSite\",\"@id\":\"https:\/\/www.noticiasradioreflejos.com.ar\/2021\/#website\",\"url\":\"https:\/\/www.noticiasradioreflejos.com.ar\/2021\/\",\"name\":\"Noticias Radio Reflejos\",\"description\":\"Las noticias de mi comarca\",\"potentialAction\":[{\"@type\":\"SearchAction\",\"target\":{\"@type\":\"EntryPoint\",\"urlTemplate\":\"https:\/\/www.noticiasradioreflejos.com.ar\/2021\/?s={search_term_string}\"},\"query-input\":{\"@type\":\"PropertyValueSpecification\",\"valueRequired\":true,\"valueName\":\"search_term_string\"}}],\"inLanguage\":\"es\"},{\"@type\":\"Person\",\"@id\":\"https:\/\/www.noticiasradioreflejos.com.ar\/2021\/#\/schema\/person\/ad82545263dcc5ec0996818884fd5fb1\",\"name\":\"Arnaldo Botto\",\"image\":{\"@type\":\"ImageObject\",\"inLanguage\":\"es\",\"@id\":\"https:\/\/www.noticiasradioreflejos.com.ar\/2021\/#\/schema\/person\/image\/\",\"url\":\"https:\/\/secure.gravatar.com\/avatar\/55cb5e37c1efa326397366e6974cb338056df65cb50e7d64d1cf314e87504837?s=96&d=mm&r=g\",\"contentUrl\":\"https:\/\/secure.gravatar.com\/avatar\/55cb5e37c1efa326397366e6974cb338056df65cb50e7d64d1cf314e87504837?s=96&d=mm&r=g\",\"caption\":\"Arnaldo Botto\"},\"url\":\"https:\/\/www.noticiasradioreflejos.com.ar\/2021\/author\/arnaldo\/\"}]}<\/script>\n<!-- \/ Yoast SEO plugin. -->","yoast_head_json":{"title":"Destacan al turismo como herramienta para combatir la homofobia - Noticias Radio Reflejos","robots":{"index":"index","follow":"follow","max-snippet":"max-snippet:-1","max-image-preview":"max-image-preview:large","max-video-preview":"max-video-preview:-1"},"canonical":"https:\/\/www.noticiasradioreflejos.com.ar\/2021\/destacan-al-turismo-como-herramienta-para-combatir-la-homofobia\/","og_locale":"es_ES","og_type":"article","og_title":"Destacan al turismo como herramienta para combatir la homofobia - Noticias Radio Reflejos","og_description":"La legislaci\u00f3n igualitaria que rige en Argentina fue de la mano de una promoci\u00f3n tur\u00edstica, reconocida por la Organizaci\u00f3n Mundial de Turismo, como modelo para posicionar destinos dentro del colectivo lgbtiq+ internacional.","og_url":"https:\/\/www.noticiasradioreflejos.com.ar\/2021\/destacan-al-turismo-como-herramienta-para-combatir-la-homofobia\/","og_site_name":"Noticias Radio Reflejos","article_published_time":"2021-05-15T14:07:21+00:00","og_image":[{"url":"https:\/\/www.telam.com.ar\/advf\/imagenes\/2020\/07\/5f0f62602f455_1004x565.jpg","type":"","width":"","height":""}],"author":"Arnaldo Botto","twitter_card":"summary_large_image","schema":{"@context":"https:\/\/schema.org","@graph":[{"@type":"WebPage","@id":"https:\/\/www.noticiasradioreflejos.com.ar\/2021\/destacan-al-turismo-como-herramienta-para-combatir-la-homofobia\/","url":"https:\/\/www.noticiasradioreflejos.com.ar\/2021\/destacan-al-turismo-como-herramienta-para-combatir-la-homofobia\/","name":"Destacan al turismo como herramienta para combatir la homofobia - Noticias Radio Reflejos","isPartOf":{"@id":"https:\/\/www.noticiasradioreflejos.com.ar\/2021\/#website"},"primaryImageOfPage":{"@id":"https:\/\/www.noticiasradioreflejos.com.ar\/2021\/destacan-al-turismo-como-herramienta-para-combatir-la-homofobia\/#primaryimage"},"image":{"@id":"https:\/\/www.noticiasradioreflejos.com.ar\/2021\/destacan-al-turismo-como-herramienta-para-combatir-la-homofobia\/#primaryimage"},"thumbnailUrl":"https:\/\/www.telam.com.ar\/advf\/imagenes\/2020\/07\/5f0f62602f455_1004x565.jpg","datePublished":"2021-05-15T14:07:21+00:00","author":{"@id":"https:\/\/www.noticiasradioreflejos.com.ar\/2021\/#\/schema\/person\/ad82545263dcc5ec0996818884fd5fb1"},"breadcrumb":{"@id":"https:\/\/www.noticiasradioreflejos.com.ar\/2021\/destacan-al-turismo-como-herramienta-para-combatir-la-homofobia\/#breadcrumb"},"inLanguage":"es","potentialAction":[{"@type":"ReadAction","target":["https:\/\/www.noticiasradioreflejos.com.ar\/2021\/destacan-al-turismo-como-herramienta-para-combatir-la-homofobia\/"]}]},{"@type":"ImageObject","inLanguage":"es","@id":"https:\/\/www.noticiasradioreflejos.com.ar\/2021\/destacan-al-turismo-como-herramienta-para-combatir-la-homofobia\/#primaryimage","url":"https:\/\/www.telam.com.ar\/advf\/imagenes\/2020\/07\/5f0f62602f455_1004x565.jpg","contentUrl":"https:\/\/www.telam.com.ar\/advf\/imagenes\/2020\/07\/5f0f62602f455_1004x565.jpg"},{"@type":"BreadcrumbList","@id":"https:\/\/www.noticiasradioreflejos.com.ar\/2021\/destacan-al-turismo-como-herramienta-para-combatir-la-homofobia\/#breadcrumb","itemListElement":[{"@type":"ListItem","position":1,"name":"Portada","item":"https:\/\/www.noticiasradioreflejos.com.ar\/2021\/"},{"@type":"ListItem","position":2,"name":"Destacan al turismo como herramienta para combatir la homofobia"}]},{"@type":"WebSite","@id":"https:\/\/www.noticiasradioreflejos.com.ar\/2021\/#website","url":"https:\/\/www.noticiasradioreflejos.com.ar\/2021\/","name":"Noticias Radio Reflejos","description":"Las noticias de mi comarca","potentialAction":[{"@type":"SearchAction","target":{"@type":"EntryPoint","urlTemplate":"https:\/\/www.noticiasradioreflejos.com.ar\/2021\/?s={search_term_string}"},"query-input":{"@type":"PropertyValueSpecification","valueRequired":true,"valueName":"search_term_string"}}],"inLanguage":"es"},{"@type":"Person","@id":"https:\/\/www.noticiasradioreflejos.com.ar\/2021\/#\/schema\/person\/ad82545263dcc5ec0996818884fd5fb1","name":"Arnaldo Botto","image":{"@type":"ImageObject","inLanguage":"es","@id":"https:\/\/www.noticiasradioreflejos.com.ar\/2021\/#\/schema\/person\/image\/","url":"https:\/\/secure.gravatar.com\/avatar\/55cb5e37c1efa326397366e6974cb338056df65cb50e7d64d1cf314e87504837?s=96&d=mm&r=g","contentUrl":"https:\/\/secure.gravatar.com\/avatar\/55cb5e37c1efa326397366e6974cb338056df65cb50e7d64d1cf314e87504837?s=96&d=mm&r=g","caption":"Arnaldo Botto"},"url":"https:\/\/www.noticiasradioreflejos.com.ar\/2021\/author\/arnaldo\/"}]}},"_links":{"self":[{"href":"https:\/\/www.noticiasradioreflejos.com.ar\/2021\/wp-json\/wp\/v2\/posts\/56918","targetHints":{"allow":["GET"]}}],"collection":[{"href":"https:\/\/www.noticiasradioreflejos.com.ar\/2021\/wp-json\/wp\/v2\/posts"}],"about":[{"href":"https:\/\/www.noticiasradioreflejos.com.ar\/2021\/wp-json\/wp\/v2\/types\/post"}],"author":[{"embeddable":true,"href":"https:\/\/www.noticiasradioreflejos.com.ar\/2021\/wp-json\/wp\/v2\/users\/3"}],"replies":[{"embeddable":true,"href":"https:\/\/www.noticiasradioreflejos.com.ar\/2021\/wp-json\/wp\/v2\/comments?post=56918"}],"version-history":[{"count":1,"href":"https:\/\/www.noticiasradioreflejos.com.ar\/2021\/wp-json\/wp\/v2\/posts\/56918\/revisions"}],"predecessor-version":[{"id":56920,"href":"https:\/\/www.noticiasradioreflejos.com.ar\/2021\/wp-json\/wp\/v2\/posts\/56918\/revisions\/56920"}],"wp:attachment":[{"href":"https:\/\/www.noticiasradioreflejos.com.ar\/2021\/wp-json\/wp\/v2\/media?parent=56918"}],"wp:term":[{"taxonomy":"category","embeddable":true,"href":"https:\/\/www.noticiasradioreflejos.com.ar\/2021\/wp-json\/wp\/v2\/categories?post=56918"},{"taxonomy":"post_tag","embeddable":true,"href":"https:\/\/www.noticiasradioreflejos.com.ar\/2021\/wp-json\/wp\/v2\/tags?post=56918"}],"curies":[{"name":"wp","href":"https:\/\/api.w.org\/{rel}","templated":true}]}}