{"id":56915,"date":"2021-05-15T14:01:48","date_gmt":"2021-05-15T14:01:48","guid":{"rendered":"http:\/\/www.noticiasradioreflejos.com.ar\/2021\/?p=56915"},"modified":"2021-05-15T14:01:48","modified_gmt":"2021-05-15T14:01:48","slug":"desarrollo-productivo-presentara-proyecto-para-la-industria-del-cannabis-medicinal","status":"publish","type":"post","link":"https:\/\/www.noticiasradioreflejos.com.ar\/2021\/desarrollo-productivo-presentara-proyecto-para-la-industria-del-cannabis-medicinal\/","title":{"rendered":"Desarrollo Productivo presentar\u00e1 proyecto para la industria del cannabis medicinal"},"content":{"rendered":"<div class=\"head-content\">\n<p>La iniciativa para dar un marco regulatorio y fomentar la industria del sector ser\u00e1 presentada\u00a0el 24 de mayo ante el Consejo Econ\u00f3mico y Social, y posteriormente pasar\u00eda al Congreso para su debate.<\/p>\n<div class=\"addthis_custom_sharing\" data-url=\"https:\/\/www.telam.com.ar\/notas\/202105\/554269-cannabis-medicinal-proyecto-gobierno-nacional-desarrollo-productivo.html\" data-title=\"Desarrollo Productivo presentar\u00e1 proyecto para la industria del cannabis medicinal\" data-description=\"La iniciativa para dar un marco regulatorio y fomentar la industria del sector ser\u00e1 presentada\u00a0el 24 de mayo ante el Consejo Econ\u00f3mico y Social, y posteriormente pasar\u00eda al Congreso para su debate.\">\n<div id=\"atstbx\" class=\"at-resp-share-element at-style-responsive addthis-smartlayers addthis-animated at4-show\" role=\"region\" aria-labelledby=\"at-4fbd810d-3555-4061-8fdf-1ab03c138be0\"><span id=\"at-4fbd810d-3555-4061-8fdf-1ab03c138be0\" class=\"at4-visually-hidden\"><\/span><\/p>\n<div class=\"at-share-btn-elements\"><\/div>\n<\/div>\n<\/div>\n<\/div>\n<p><!--more--><\/p>\n<div class=\"main-content-block\">\n<div class=\"main-box clearfix\">\n<div class=\"wrapper-main-section clearfix\">\n<div class=\"wrapper-editable-content\">\n<div class=\"editable-content clearfix\">\nEl Ministerio de Desarrollo Productivo presentar\u00e1 ante el Consejo Econ\u00f3mico y Social (CES) un proyecto para dar un marco regulatorio y fomentar la industria del\u00a0<strong><a href=\"https:\/\/www.telam.com.ar\/tags\/20109-cannabis-medicinal\/noticias\" target=\"_blank\" rel=\"noopener\">cannabis medicinal<\/a><\/strong>, informaron fuentes oficiales.<\/p>\n<p>El proyecto de la cartera que dirige Mat\u00edas Kulfas ser\u00e1 presentado el 24 de mayo pr\u00f3ximo ante consejeros, legisladores que vienen trabajando el tema, acad\u00e9micos, gobernadores y representantes del sector<\/p>\n<p>El proyecto busca establecer un marco de regulaci\u00f3n para el desarrollo de la industria del cannabis medicinal e incentivar el desarrollo de pymes y cooperativas.<\/p>\n<p>Tras la presentaci\u00f3n en el CES que har\u00e1 Kulfas,\u00a0<strong>la iniciativa puede ser enviada al Congreso para su debate<\/strong>.<\/p>\n<p>Al respecto, la diputada\u00a0<strong>Carolina Gaillard del Frente de Todos dijo a T\u00e9lam que el proyecto \u201csirve para dar un marco regulatorio para que la industria del cannabis con fines medicinales pueda comercializar sus productos dentro del pa\u00eds\u201d<\/strong>.<\/p>\n<p>\u201cEsto es independientemente de la aprobaci\u00f3n de la ley de cultivo de cannabis con fines medicinales. Soy autora de un proyecto de desarrollo de la industria del cannabis con fines medicinales y del c\u00e1\u00f1amo industrial; luego que lo presente Kulfas ser\u00e1 enviado al Congreso para su debate\u201d.<\/p>\n<p>El 28 de abril pasado el Ministerio de Salud de la Naci\u00f3n, en conjunto con el Instituto Nacional de la Semilla (INASE)\u00a0<strong><a href=\"https:\/\/www.telam.com.ar\/notas\/202104\/552408-cannabis-sativa-inscripcion-uso-medicinal.html\" target=\"_blank\" rel=\"noopener\">habilitaron la inscripci\u00f3n y el registro de cultivares de cannabis<\/a><\/strong>, as\u00ed como su comercializaci\u00f3n con fines medicinales.<\/p>\n<p>La C\u00e1mara Argentina de Cannabis hab\u00eda asegurado que esa resoluci\u00f3n posibilitaba la inscripci\u00f3n y el registro de semillas de variedades de cannabis tanto locales como extranjeras en el Registro Nacional de la Propiedad de Cultivares del INASE.<\/p><\/div>\n<\/div>\n<\/div>\n<\/div>\n<\/div>\n","protected":false},"excerpt":{"rendered":"<p>La iniciativa para dar un marco regulatorio y fomentar la industria del sector ser\u00e1 presentada\u00a0el 24 de mayo ante el Consejo Econ\u00f3mico y Social, y posteriormente pasar\u00eda al Congreso para su debate.<\/p>\n","protected":false},"author":3,"featured_media":0,"comment_status":"closed","ping_status":"closed","sticky":false,"template":"","format":"standard","meta":{"footnotes":""},"categories":[30,26],"tags":[],"class_list":["post-56915","post","type-post","status-publish","format-standard","hentry","category-salud","category-sociedad"],"yoast_head":"<!-- This site is optimized with the Yoast SEO plugin v25.9 - https:\/\/yoast.com\/wordpress\/plugins\/seo\/ -->\n<title>Desarrollo Productivo presentar\u00e1 proyecto para la industria del cannabis medicinal - Noticias Radio Reflejos<\/title>\n<meta name=\"robots\" content=\"index, follow, max-snippet:-1, max-image-preview:large, max-video-preview:-1\" \/>\n<link rel=\"canonical\" href=\"https:\/\/www.noticiasradioreflejos.com.ar\/2021\/desarrollo-productivo-presentara-proyecto-para-la-industria-del-cannabis-medicinal\/\" \/>\n<meta property=\"og:locale\" content=\"es_ES\" \/>\n<meta property=\"og:type\" content=\"article\" \/>\n<meta property=\"og:title\" content=\"Desarrollo Productivo presentar\u00e1 proyecto para la industria del cannabis medicinal - Noticias Radio Reflejos\" \/>\n<meta property=\"og:description\" content=\"La iniciativa para dar un marco regulatorio y fomentar la industria del sector ser\u00e1 presentada\u00a0el 24 de mayo ante el Consejo Econ\u00f3mico y Social, y posteriormente pasar\u00eda al Congreso para su debate.\" \/>\n<meta property=\"og:url\" content=\"https:\/\/www.noticiasradioreflejos.com.ar\/2021\/desarrollo-productivo-presentara-proyecto-para-la-industria-del-cannabis-medicinal\/\" \/>\n<meta property=\"og:site_name\" content=\"Noticias Radio Reflejos\" \/>\n<meta property=\"article:published_time\" content=\"2021-05-15T14:01:48+00:00\" \/>\n<meta property=\"og:image\" content=\"https:\/\/www.noticiasradioreflejos.com.ar\/2021\/wp-content\/uploads\/2021\/07\/logosol300x200.png\" \/>\n\t<meta property=\"og:image:width\" content=\"300\" \/>\n\t<meta property=\"og:image:height\" content=\"200\" \/>\n\t<meta property=\"og:image:type\" content=\"image\/png\" \/>\n<meta name=\"author\" content=\"Arnaldo Botto\" \/>\n<meta name=\"twitter:card\" content=\"summary_large_image\" \/>\n<script type=\"application\/ld+json\" class=\"yoast-schema-graph\">{\"@context\":\"https:\/\/schema.org\",\"@graph\":[{\"@type\":\"WebPage\",\"@id\":\"https:\/\/www.noticiasradioreflejos.com.ar\/2021\/desarrollo-productivo-presentara-proyecto-para-la-industria-del-cannabis-medicinal\/\",\"url\":\"https:\/\/www.noticiasradioreflejos.com.ar\/2021\/desarrollo-productivo-presentara-proyecto-para-la-industria-del-cannabis-medicinal\/\",\"name\":\"Desarrollo Productivo presentar\u00e1 proyecto para la industria del cannabis medicinal - Noticias Radio Reflejos\",\"isPartOf\":{\"@id\":\"https:\/\/www.noticiasradioreflejos.com.ar\/2021\/#website\"},\"datePublished\":\"2021-05-15T14:01:48+00:00\",\"author\":{\"@id\":\"https:\/\/www.noticiasradioreflejos.com.ar\/2021\/#\/schema\/person\/ad82545263dcc5ec0996818884fd5fb1\"},\"breadcrumb\":{\"@id\":\"https:\/\/www.noticiasradioreflejos.com.ar\/2021\/desarrollo-productivo-presentara-proyecto-para-la-industria-del-cannabis-medicinal\/#breadcrumb\"},\"inLanguage\":\"es\",\"potentialAction\":[{\"@type\":\"ReadAction\",\"target\":[\"https:\/\/www.noticiasradioreflejos.com.ar\/2021\/desarrollo-productivo-presentara-proyecto-para-la-industria-del-cannabis-medicinal\/\"]}]},{\"@type\":\"BreadcrumbList\",\"@id\":\"https:\/\/www.noticiasradioreflejos.com.ar\/2021\/desarrollo-productivo-presentara-proyecto-para-la-industria-del-cannabis-medicinal\/#breadcrumb\",\"itemListElement\":[{\"@type\":\"ListItem\",\"position\":1,\"name\":\"Portada\",\"item\":\"https:\/\/www.noticiasradioreflejos.com.ar\/2021\/\"},{\"@type\":\"ListItem\",\"position\":2,\"name\":\"Desarrollo Productivo presentar\u00e1 proyecto para la industria del cannabis medicinal\"}]},{\"@type\":\"WebSite\",\"@id\":\"https:\/\/www.noticiasradioreflejos.com.ar\/2021\/#website\",\"url\":\"https:\/\/www.noticiasradioreflejos.com.ar\/2021\/\",\"name\":\"Noticias Radio Reflejos\",\"description\":\"Las noticias de mi comarca\",\"potentialAction\":[{\"@type\":\"SearchAction\",\"target\":{\"@type\":\"EntryPoint\",\"urlTemplate\":\"https:\/\/www.noticiasradioreflejos.com.ar\/2021\/?s={search_term_string}\"},\"query-input\":{\"@type\":\"PropertyValueSpecification\",\"valueRequired\":true,\"valueName\":\"search_term_string\"}}],\"inLanguage\":\"es\"},{\"@type\":\"Person\",\"@id\":\"https:\/\/www.noticiasradioreflejos.com.ar\/2021\/#\/schema\/person\/ad82545263dcc5ec0996818884fd5fb1\",\"name\":\"Arnaldo Botto\",\"image\":{\"@type\":\"ImageObject\",\"inLanguage\":\"es\",\"@id\":\"https:\/\/www.noticiasradioreflejos.com.ar\/2021\/#\/schema\/person\/image\/\",\"url\":\"https:\/\/secure.gravatar.com\/avatar\/55cb5e37c1efa326397366e6974cb338056df65cb50e7d64d1cf314e87504837?s=96&d=mm&r=g\",\"contentUrl\":\"https:\/\/secure.gravatar.com\/avatar\/55cb5e37c1efa326397366e6974cb338056df65cb50e7d64d1cf314e87504837?s=96&d=mm&r=g\",\"caption\":\"Arnaldo Botto\"},\"url\":\"https:\/\/www.noticiasradioreflejos.com.ar\/2021\/author\/arnaldo\/\"}]}<\/script>\n<!-- \/ Yoast SEO plugin. -->","yoast_head_json":{"title":"Desarrollo Productivo presentar\u00e1 proyecto para la industria del cannabis medicinal - Noticias Radio Reflejos","robots":{"index":"index","follow":"follow","max-snippet":"max-snippet:-1","max-image-preview":"max-image-preview:large","max-video-preview":"max-video-preview:-1"},"canonical":"https:\/\/www.noticiasradioreflejos.com.ar\/2021\/desarrollo-productivo-presentara-proyecto-para-la-industria-del-cannabis-medicinal\/","og_locale":"es_ES","og_type":"article","og_title":"Desarrollo Productivo presentar\u00e1 proyecto para la industria del cannabis medicinal - Noticias Radio Reflejos","og_description":"La iniciativa para dar un marco regulatorio y fomentar la industria del sector ser\u00e1 presentada\u00a0el 24 de mayo ante el Consejo Econ\u00f3mico y Social, y posteriormente pasar\u00eda al Congreso para su debate.","og_url":"https:\/\/www.noticiasradioreflejos.com.ar\/2021\/desarrollo-productivo-presentara-proyecto-para-la-industria-del-cannabis-medicinal\/","og_site_name":"Noticias Radio Reflejos","article_published_time":"2021-05-15T14:01:48+00:00","og_image":[{"width":300,"height":200,"url":"https:\/\/www.noticiasradioreflejos.com.ar\/2021\/wp-content\/uploads\/2021\/07\/logosol300x200.png","type":"image\/png"}],"author":"Arnaldo Botto","twitter_card":"summary_large_image","schema":{"@context":"https:\/\/schema.org","@graph":[{"@type":"WebPage","@id":"https:\/\/www.noticiasradioreflejos.com.ar\/2021\/desarrollo-productivo-presentara-proyecto-para-la-industria-del-cannabis-medicinal\/","url":"https:\/\/www.noticiasradioreflejos.com.ar\/2021\/desarrollo-productivo-presentara-proyecto-para-la-industria-del-cannabis-medicinal\/","name":"Desarrollo Productivo presentar\u00e1 proyecto para la industria del cannabis medicinal - Noticias Radio Reflejos","isPartOf":{"@id":"https:\/\/www.noticiasradioreflejos.com.ar\/2021\/#website"},"datePublished":"2021-05-15T14:01:48+00:00","author":{"@id":"https:\/\/www.noticiasradioreflejos.com.ar\/2021\/#\/schema\/person\/ad82545263dcc5ec0996818884fd5fb1"},"breadcrumb":{"@id":"https:\/\/www.noticiasradioreflejos.com.ar\/2021\/desarrollo-productivo-presentara-proyecto-para-la-industria-del-cannabis-medicinal\/#breadcrumb"},"inLanguage":"es","potentialAction":[{"@type":"ReadAction","target":["https:\/\/www.noticiasradioreflejos.com.ar\/2021\/desarrollo-productivo-presentara-proyecto-para-la-industria-del-cannabis-medicinal\/"]}]},{"@type":"BreadcrumbList","@id":"https:\/\/www.noticiasradioreflejos.com.ar\/2021\/desarrollo-productivo-presentara-proyecto-para-la-industria-del-cannabis-medicinal\/#breadcrumb","itemListElement":[{"@type":"ListItem","position":1,"name":"Portada","item":"https:\/\/www.noticiasradioreflejos.com.ar\/2021\/"},{"@type":"ListItem","position":2,"name":"Desarrollo Productivo presentar\u00e1 proyecto para la industria del cannabis medicinal"}]},{"@type":"WebSite","@id":"https:\/\/www.noticiasradioreflejos.com.ar\/2021\/#website","url":"https:\/\/www.noticiasradioreflejos.com.ar\/2021\/","name":"Noticias Radio Reflejos","description":"Las noticias de mi comarca","potentialAction":[{"@type":"SearchAction","target":{"@type":"EntryPoint","urlTemplate":"https:\/\/www.noticiasradioreflejos.com.ar\/2021\/?s={search_term_string}"},"query-input":{"@type":"PropertyValueSpecification","valueRequired":true,"valueName":"search_term_string"}}],"inLanguage":"es"},{"@type":"Person","@id":"https:\/\/www.noticiasradioreflejos.com.ar\/2021\/#\/schema\/person\/ad82545263dcc5ec0996818884fd5fb1","name":"Arnaldo Botto","image":{"@type":"ImageObject","inLanguage":"es","@id":"https:\/\/www.noticiasradioreflejos.com.ar\/2021\/#\/schema\/person\/image\/","url":"https:\/\/secure.gravatar.com\/avatar\/55cb5e37c1efa326397366e6974cb338056df65cb50e7d64d1cf314e87504837?s=96&d=mm&r=g","contentUrl":"https:\/\/secure.gravatar.com\/avatar\/55cb5e37c1efa326397366e6974cb338056df65cb50e7d64d1cf314e87504837?s=96&d=mm&r=g","caption":"Arnaldo Botto"},"url":"https:\/\/www.noticiasradioreflejos.com.ar\/2021\/author\/arnaldo\/"}]}},"_links":{"self":[{"href":"https:\/\/www.noticiasradioreflejos.com.ar\/2021\/wp-json\/wp\/v2\/posts\/56915","targetHints":{"allow":["GET"]}}],"collection":[{"href":"https:\/\/www.noticiasradioreflejos.com.ar\/2021\/wp-json\/wp\/v2\/posts"}],"about":[{"href":"https:\/\/www.noticiasradioreflejos.com.ar\/2021\/wp-json\/wp\/v2\/types\/post"}],"author":[{"embeddable":true,"href":"https:\/\/www.noticiasradioreflejos.com.ar\/2021\/wp-json\/wp\/v2\/users\/3"}],"replies":[{"embeddable":true,"href":"https:\/\/www.noticiasradioreflejos.com.ar\/2021\/wp-json\/wp\/v2\/comments?post=56915"}],"version-history":[{"count":1,"href":"https:\/\/www.noticiasradioreflejos.com.ar\/2021\/wp-json\/wp\/v2\/posts\/56915\/revisions"}],"predecessor-version":[{"id":56917,"href":"https:\/\/www.noticiasradioreflejos.com.ar\/2021\/wp-json\/wp\/v2\/posts\/56915\/revisions\/56917"}],"wp:attachment":[{"href":"https:\/\/www.noticiasradioreflejos.com.ar\/2021\/wp-json\/wp\/v2\/media?parent=56915"}],"wp:term":[{"taxonomy":"category","embeddable":true,"href":"https:\/\/www.noticiasradioreflejos.com.ar\/2021\/wp-json\/wp\/v2\/categories?post=56915"},{"taxonomy":"post_tag","embeddable":true,"href":"https:\/\/www.noticiasradioreflejos.com.ar\/2021\/wp-json\/wp\/v2\/tags?post=56915"}],"curies":[{"name":"wp","href":"https:\/\/api.w.org\/{rel}","templated":true}]}}