{"id":56912,"date":"2021-05-15T13:58:08","date_gmt":"2021-05-15T13:58:08","guid":{"rendered":"http:\/\/www.noticiasradioreflejos.com.ar\/2021\/?p=56912"},"modified":"2021-05-15T13:58:08","modified_gmt":"2021-05-15T13:58:08","slug":"tarifas-de-gas-amplio-respaldo-bonaerense-al-proyecto-que-beneficiara-a-3-millones-de-personas","status":"publish","type":"post","link":"https:\/\/www.noticiasradioreflejos.com.ar\/2021\/tarifas-de-gas-amplio-respaldo-bonaerense-al-proyecto-que-beneficiara-a-3-millones-de-personas\/","title":{"rendered":"Tarifas de gas: amplio respaldo bonaerense al proyecto que beneficiar\u00e1 a 3 millones de personas"},"content":{"rendered":"<div class=\"head-content\">\n<p>El diputado nacional M\u00e1ximo Kirchner se reuni\u00f3 con intendentes bonaerenses para presentarles el proyecto que implica una\u00a0disminuci\u00f3n del 30% y 50%\u00a0sobre las facturas de gas de usuarias y usuarios residenciales.<\/p>\n<div class=\"addthis_custom_sharing\" data-url=\"https:\/\/www.telam.com.ar\/notas\/202105\/554222-respaldo-proyecto-para-bajar-tarifas-de-gas-en-zonas-frias.html\" data-title=\"Tarifas de gas: amplio respaldo bonaerense al proyecto que beneficiar\u00e1 a 3 millones de personas\" data-description=\"El diputado nacional M\u00e1ximo Kirchner se reuni\u00f3 con intendentes bonaerenses para presentarles el proyecto que implica una\u00a0disminuci\u00f3n del 30% y 50%\u00a0sobre las facturas de gas de usuarias y usuarios residenciales.\">\n<div id=\"atstbx\" class=\"at-resp-share-element at-style-responsive addthis-smartlayers addthis-animated at4-show\" role=\"region\" aria-labelledby=\"at-9079aa4b-75da-4f43-b949-cf5522fb174c\">\n<p>&nbsp;<\/p>\n<div class=\"at-share-btn-elements\"><\/div>\n<\/div>\n<\/div>\n<\/div>\n<p><!--more--><\/p>\n<div class=\"main-content-block\">\n<div class=\"main-box clearfix\">\n<div class=\"wrapper-main-section clearfix\">\n<div class=\"wrapper-editable-content\">\n<div class=\"editable-content clearfix\">\n<div id=\"image\" class=\"image\"><img decoding=\"async\" title=\"El proyecto alcanza a usuarios y usuarias de varias provincias, incluidas 50 localidades bonaerenses.\" src=\"https:\/\/www.telam.com.ar\/advf\/imagenes\/2018\/04\/5ae4bd35bb1bb_1004x565.jpg\" alt=\"El proyecto alcanza a usuarios y usuarias de varias provincias, incluidas 50 localidades bonaerenses.\" \/><\/div>\n<p>Legisladores, intendentes y dirigentes pol\u00edticos dieron su benepl\u00e1cito al proyecto de ley de Zonas Fr\u00edas que propone la disminuci\u00f3n de las tarifas de gas en municipios de las provincias de Buenos Aires, Mendoza, San Juan, San Luis y Salta.<\/p>\n<p><strong>El proyecto, que<\/strong>\u00a0<strong>apunta a beneficiar a tres millones de personas<\/strong>,\u00a0<strong>fue presentado por el titular del bloque del Frente de Todos, M\u00e1ximo Kirchner<\/strong>, quien consider\u00f3 que la baja en las tarifas de gas para esas zonas responde a \u00abuna demanda hist\u00f3rica\u00bb y representa una \u00abreivindicaci\u00f3n\u00bb.<\/p>\n<p>La diputada nacional del Frente de Todos\u00a0<strong>Liliana Schwindt, autora del proyecto, se\u00f1al\u00f3 que la iniciativa parti\u00f3 de \u00abuna necesidad, de un anhelo de much\u00edsimos vecinos y vecinas de localidades que han sido postergadas<\/strong>, maltratadas e incluso ofendidas por el expresidente Mauricio Macri cuando hizo el tarifazo\u00bb.<\/p>\n<p>Record\u00f3 que cuando se aumentaron con fuerza las tarifas durante la anterior gesti\u00f3n, el entonces presidente Macri recomendaba a la poblaci\u00f3n, para paliar el uso de la calefacci\u00f3n en los hogares, que se \u00abse sacara la costumbre de estar en mangas cortas y en patas\u00bb en sus viviendas.<\/p>\n<p>En declaraciones a El Destape radio, la diputada del Frente de Todos por la provincia de Buenos Aires, oriunda de Olavarr\u00eda, le agradeci\u00f3 a M\u00e1ximo Kirchner el haber \u00abescuchado atentamente y con comprensi\u00f3n\u00bb cuando se le llev\u00f3 la iniciativa.<\/p>\n<blockquote class=\"twitter-tweet\" data-width=\"500\" data-dnt=\"true\">\n<p lang=\"es\" dir=\"ltr\">El presidente del bloque M\u00e1ximo Kirchner se reuni\u00f3 con intendentes y representantes de los distritos bonaerenses alcanzados por el proyecto de ley de disminuci\u00f3n de las tarifas de gas para zonas fr\u00edas presentado ayer en <a href=\"https:\/\/twitter.com\/DiputadosAR?ref_src=twsrc%5Etfw\">@DiputadosAR<\/a>. <a href=\"https:\/\/t.co\/miuPFafkz9\">pic.twitter.com\/miuPFafkz9<\/a><\/p>\n<p>&mdash; Diputados UP (@Diputados_UxP) <a href=\"https:\/\/twitter.com\/Diputados_UxP\/status\/1393191586318757892?ref_src=twsrc%5Etfw\">May 14, 2021<\/a><\/p><\/blockquote>\n<p><script async src=\"https:\/\/platform.twitter.com\/widgets.js\" charset=\"utf-8\"><\/script><\/p>\n<p>Al presentar el proyecto,\u00a0<strong>el titular del bloque del Frente de Todos remarc\u00f3 que \u00abse trata de un cambio de paradigma en relaci\u00f3n a lo que se hizo en cuatro a\u00f1os del gobierno de Juntos por el Cambio con las tarifas\u00bb<\/strong>.<\/p>\n<p>La iniciativa\u00a0<strong>implicar\u00e1 un beneficio de hasta el 50 por ciento del valor de la tarifa para consumidores de 50 localidades de la provincia de Buenos Aires y otras regiones del pa\u00eds<\/strong>.<\/p>\n<p>Fue el resultado de un \u00abtrabajo conjunto\u00bb que M\u00e1ximo Kirchner valor\u00f3 y que sum\u00f3 los esfuerzos de legisladores y legisladoras de los bloques del Frente de Todos, Consenso Federal y Unidad y Equidad Federal.<\/p>\n<p>Kirchner tambi\u00e9n hizo menci\u00f3n al expresidente al referirse a \u00abquienes desconocen la realidad de la Argentina y hablaban de veredas calefaccionadas o de que los argentinos y argentinas malgastaban el gas\u00bb y dijo que \u00able hicieron un gran da\u00f1o al poder adquisitivo de nuestro pueblo\u00bb.<\/p>\n<div class=\"auth\">El respaldo de intendentes y dirigentes<\/div>\n<p>Tras la presentaci\u00f3n del proyecto, Kirchner mantuvo reuniones junto con el presidente de la C\u00e1mara de Diputados, Sergio Massa, y autoridades del bloque, con los intendentes de los distritos alcanzados por el beneficio.<\/p>\n<p><strong>Senadores y senadoras del bloque del Frente de Todos de la provincia de Buenos Aires<\/strong>\u00a0tambi\u00e9n expresaron su \u00abtotal acompa\u00f1amiento\u00bb al proyecto y agregaron que \u00abse trata de una propuesta que busca dar respuesta a un reclamo hist\u00f3rico de nuestras comunidades y que apunta a generar un considerable alivio para los bolsillos de nuestros vecinos y nuestras vecinas\u00bb, mediante un comunicado difundido este viernes.<\/p>\n<p>Tambi\u00e9n se expres\u00f3 en el mismo sentido el exsenador bonaerense y referente del Frente de Todos en Bah\u00eda Blanca, Federico Susbielles, que se\u00f1al\u00f3 que este proyecto \u00abes una demanda hist\u00f3rica que finalmente comienza a ser saldada\u00bb, al tiempo que agradeci\u00f3 a M\u00e1ximo Kirchner por \u00abel impulso\u00bb que le dio a la iniciativa.<\/p>\n<p>El titular del Enargas,\u00a0<strong>Federico Bernal, explic\u00f3 que \u00abse hizo un estudio teniendo en cuenta informaci\u00f3n del Servicio Meteorol\u00f3gico Nacional, las temperaturas, y se traz\u00f3 un mapa en el que se incluyeron estas regiones\u00bb denominadas \u00abzonas fr\u00edas\u00bb<\/strong>.<\/p>\n<p>Agreg\u00f3 que \u00absobre el total de los nuevos beneficiarios, 2.300.000 van a recibir un 30% de descuento y 450.000 un 50%, contemplando criterios de vulnerabilidad para recibir la tarifa social\u00bb.<\/p>\n<p>En la presentaci\u00f3n del proyecto estuvieron presentes adem\u00e1s<strong>\u00a0la vicegobernadora bonaerense Ver\u00f3nica Magario; la titular de Anses, Fernanda Raverta, y las legisladoras Cristina \u00c1lvarez Rodr\u00edguez, Cecilia Moreau y Liliana Schwindt<\/strong>.<\/p>\n<p>Adem\u00e1s, participaron intendentes y representantes de localidades bonaerenses a los que alcanzar\u00eda este proyecto.<\/p>\n<p>Schwindt dijo que esperaba que tenga un \u00abr\u00e1pido tratamiento\u00bb y , en ese sentido, asumi\u00f3 que lo tendr\u00e1 de los bloques m\u00e1s peque\u00f1os, que son el del diputado Jos\u00e9 Luis Ram\u00f3n y el de Consenso Federal, pero que tambi\u00e9n esperaba obtenerlo del \u00abbloque de Juntos por el Cambio\u00bb, ya que \u00abla mayor\u00eda de los municipios son de Cambiemos\u00bb.<\/p>\n<p>Una vez que pasen las reuniones informativas para su explicaci\u00f3n, puede obtener dictamen favorable de comisi\u00f3n para ser tratado en el recinto.<\/p>\n<div class=\"auth\">De qu\u00e9 se trata \u00abZonas Fr\u00edas\u00bb<\/div>\n<p>El proyecto\u00a0<strong>beneficiar\u00e1 a los titulares de la Asignaci\u00f3n Universal por Hijo (AUH) y la Asignaci\u00f3n por Embarazo, de pensiones no contributivas y jubilados -hasta 4 salarios m\u00ednimos-, del monotributo social, usuarios que perciben seguro de desempleo y empleados de casas particulares<\/strong>.<\/p>\n<p>Tambi\u00e9n podr\u00e1n tener este beneficio quienes est\u00e9n exentos en el pago de ABL o tributos locales de igual naturaleza o los que tengan una pensi\u00f3n vitalicia como veteranos de Guerra del Atl\u00e1ntico Sur.<\/p>\n<p><strong>Respecto del resto de los usuarios residenciales, la tarifa diferencial implicar\u00e1 una disminuci\u00f3n del 30% de la factura<\/strong>\u00a0de gas correspondiente.<\/p>\n<div class=\"auth\">Las zonas beneficiadas<\/div>\n<p>Este beneficio se aplicar\u00e1 en Mendoza, en los departamentos de San Juan, de J\u00e1chal, Sarmiento, Ullum, Zonda, Calingasta, Iglesia, Albard\u00f3n, Capital, Chimbas, 9 de Julio, Pocito, Rawson, Rivadavia, Santa Luc\u00eda, San Mart\u00edn, 25 de Mayo, Angaco y Caucete.<\/p>\n<p>Tambi\u00e9n en los departamentos de Salta de Cachi, Cafayate, La Paloma, Los Andes, Rosario de Lerma, San Carlos; la Regi\u00f3n conocida como la \u00abPuna\u00bb y en el Departamento de San Luis General Pedernera<\/p>\n<p>Y en los municipios bonaerenses del Partido de La Costa, Pinamar, Villa Gesell, Mar Chiquita, General Pueyrred\u00f3n, General Alvarado, Lober\u00eda, Necochea, Tres Arroyos, San Cayetano, Coronel Dorrego, Monte Hermoso, Coronel Rosales, Bah\u00eda Blanca, Villarino, Patagones, Tandil, Olavarr\u00eda, Azul, General La Madrid y Coronel Su\u00e1rez.<\/p>\n<p>Tambi\u00e9n en Saavedra,<span style=\"color: #3366ff;\"><strong> Tornquist<\/strong><\/span>, Coronel Pringles, Laprida, Benito Ju\u00e1rez, Gonzales Chaves, General Juan de Madariaga, General Lavalle, Ayacucho, Rauch, Pellegrini, Salliquel\u00f3, Guamin\u00ed, Tres Lomas, Daireaux, Balcarce, Pu\u00e1n, Adolfo Alsina, Tapalqu\u00e9, General Guido, Castelli, Dolores, Maip\u00fa, Tordillo, Hip\u00f3lito Yrigoyen, Carlos Tejedor, Bol\u00edvar, Pehuaj\u00f3, Trenque Lauquen, General Alvear, Rivadavia, General Villegas y Carlos Casares.<\/p>\n<\/div>\n<\/div>\n<\/div>\n<\/div>\n<\/div>\n","protected":false},"excerpt":{"rendered":"<p>El diputado nacional M\u00e1ximo Kirchner se reuni\u00f3 con intendentes bonaerenses para presentarles el proyecto que implica una\u00a0disminuci\u00f3n del 30% y 50%\u00a0sobre las facturas de gas de usuarias y usuarios residenciales. &nbsp;<\/p>\n","protected":false},"author":3,"featured_media":56913,"comment_status":"closed","ping_status":"closed","sticky":false,"template":"","format":"standard","meta":{"footnotes":""},"categories":[24],"tags":[48],"class_list":["post-56912","post","type-post","status-publish","format-standard","has-post-thumbnail","hentry","category-politica","tag-destacada"],"yoast_head":"<!-- This site is optimized with the Yoast SEO plugin v25.9 - https:\/\/yoast.com\/wordpress\/plugins\/seo\/ -->\n<title>Tarifas de gas: amplio respaldo bonaerense al proyecto que beneficiar\u00e1 a 3 millones de personas - Noticias Radio Reflejos<\/title>\n<meta name=\"robots\" content=\"index, follow, max-snippet:-1, max-image-preview:large, max-video-preview:-1\" \/>\n<link rel=\"canonical\" href=\"https:\/\/www.noticiasradioreflejos.com.ar\/2021\/tarifas-de-gas-amplio-respaldo-bonaerense-al-proyecto-que-beneficiara-a-3-millones-de-personas\/\" \/>\n<meta property=\"og:locale\" content=\"es_ES\" \/>\n<meta property=\"og:type\" content=\"article\" \/>\n<meta property=\"og:title\" content=\"Tarifas de gas: amplio respaldo bonaerense al proyecto que beneficiar\u00e1 a 3 millones de personas - Noticias Radio Reflejos\" \/>\n<meta property=\"og:description\" content=\"El diputado nacional M\u00e1ximo Kirchner se reuni\u00f3 con intendentes bonaerenses para presentarles el proyecto que implica una\u00a0disminuci\u00f3n del 30% y 50%\u00a0sobre las facturas de gas de usuarias y usuarios residenciales. &nbsp;\" \/>\n<meta property=\"og:url\" content=\"https:\/\/www.noticiasradioreflejos.com.ar\/2021\/tarifas-de-gas-amplio-respaldo-bonaerense-al-proyecto-que-beneficiara-a-3-millones-de-personas\/\" \/>\n<meta property=\"og:site_name\" content=\"Noticias Radio Reflejos\" \/>\n<meta property=\"article:published_time\" content=\"2021-05-15T13:58:08+00:00\" \/>\n<meta property=\"og:image\" content=\"https:\/\/www.noticiasradioreflejos.com.ar\/2021\/wp-content\/uploads\/2021\/05\/Gas.jpg\" \/>\n\t<meta property=\"og:image:width\" content=\"1004\" \/>\n\t<meta property=\"og:image:height\" content=\"565\" \/>\n\t<meta property=\"og:image:type\" content=\"image\/jpeg\" \/>\n<meta name=\"author\" content=\"Arnaldo Botto\" \/>\n<meta name=\"twitter:card\" content=\"summary_large_image\" \/>\n<script type=\"application\/ld+json\" class=\"yoast-schema-graph\">{\"@context\":\"https:\/\/schema.org\",\"@graph\":[{\"@type\":\"WebPage\",\"@id\":\"https:\/\/www.noticiasradioreflejos.com.ar\/2021\/tarifas-de-gas-amplio-respaldo-bonaerense-al-proyecto-que-beneficiara-a-3-millones-de-personas\/\",\"url\":\"https:\/\/www.noticiasradioreflejos.com.ar\/2021\/tarifas-de-gas-amplio-respaldo-bonaerense-al-proyecto-que-beneficiara-a-3-millones-de-personas\/\",\"name\":\"Tarifas de gas: amplio respaldo bonaerense al proyecto que beneficiar\u00e1 a 3 millones de personas - Noticias Radio Reflejos\",\"isPartOf\":{\"@id\":\"https:\/\/www.noticiasradioreflejos.com.ar\/2021\/#website\"},\"primaryImageOfPage\":{\"@id\":\"https:\/\/www.noticiasradioreflejos.com.ar\/2021\/tarifas-de-gas-amplio-respaldo-bonaerense-al-proyecto-que-beneficiara-a-3-millones-de-personas\/#primaryimage\"},\"image\":{\"@id\":\"https:\/\/www.noticiasradioreflejos.com.ar\/2021\/tarifas-de-gas-amplio-respaldo-bonaerense-al-proyecto-que-beneficiara-a-3-millones-de-personas\/#primaryimage\"},\"thumbnailUrl\":\"https:\/\/www.noticiasradioreflejos.com.ar\/2021\/wp-content\/uploads\/2021\/05\/Gas.jpg\",\"datePublished\":\"2021-05-15T13:58:08+00:00\",\"author\":{\"@id\":\"https:\/\/www.noticiasradioreflejos.com.ar\/2021\/#\/schema\/person\/ad82545263dcc5ec0996818884fd5fb1\"},\"breadcrumb\":{\"@id\":\"https:\/\/www.noticiasradioreflejos.com.ar\/2021\/tarifas-de-gas-amplio-respaldo-bonaerense-al-proyecto-que-beneficiara-a-3-millones-de-personas\/#breadcrumb\"},\"inLanguage\":\"es\",\"potentialAction\":[{\"@type\":\"ReadAction\",\"target\":[\"https:\/\/www.noticiasradioreflejos.com.ar\/2021\/tarifas-de-gas-amplio-respaldo-bonaerense-al-proyecto-que-beneficiara-a-3-millones-de-personas\/\"]}]},{\"@type\":\"ImageObject\",\"inLanguage\":\"es\",\"@id\":\"https:\/\/www.noticiasradioreflejos.com.ar\/2021\/tarifas-de-gas-amplio-respaldo-bonaerense-al-proyecto-que-beneficiara-a-3-millones-de-personas\/#primaryimage\",\"url\":\"https:\/\/www.noticiasradioreflejos.com.ar\/2021\/wp-content\/uploads\/2021\/05\/Gas.jpg\",\"contentUrl\":\"https:\/\/www.noticiasradioreflejos.com.ar\/2021\/wp-content\/uploads\/2021\/05\/Gas.jpg\",\"width\":1004,\"height\":565},{\"@type\":\"BreadcrumbList\",\"@id\":\"https:\/\/www.noticiasradioreflejos.com.ar\/2021\/tarifas-de-gas-amplio-respaldo-bonaerense-al-proyecto-que-beneficiara-a-3-millones-de-personas\/#breadcrumb\",\"itemListElement\":[{\"@type\":\"ListItem\",\"position\":1,\"name\":\"Portada\",\"item\":\"https:\/\/www.noticiasradioreflejos.com.ar\/2021\/\"},{\"@type\":\"ListItem\",\"position\":2,\"name\":\"Tarifas de gas: amplio respaldo bonaerense al proyecto que beneficiar\u00e1 a 3 millones de personas\"}]},{\"@type\":\"WebSite\",\"@id\":\"https:\/\/www.noticiasradioreflejos.com.ar\/2021\/#website\",\"url\":\"https:\/\/www.noticiasradioreflejos.com.ar\/2021\/\",\"name\":\"Noticias Radio Reflejos\",\"description\":\"Las noticias de mi comarca\",\"potentialAction\":[{\"@type\":\"SearchAction\",\"target\":{\"@type\":\"EntryPoint\",\"urlTemplate\":\"https:\/\/www.noticiasradioreflejos.com.ar\/2021\/?s={search_term_string}\"},\"query-input\":{\"@type\":\"PropertyValueSpecification\",\"valueRequired\":true,\"valueName\":\"search_term_string\"}}],\"inLanguage\":\"es\"},{\"@type\":\"Person\",\"@id\":\"https:\/\/www.noticiasradioreflejos.com.ar\/2021\/#\/schema\/person\/ad82545263dcc5ec0996818884fd5fb1\",\"name\":\"Arnaldo Botto\",\"image\":{\"@type\":\"ImageObject\",\"inLanguage\":\"es\",\"@id\":\"https:\/\/www.noticiasradioreflejos.com.ar\/2021\/#\/schema\/person\/image\/\",\"url\":\"https:\/\/secure.gravatar.com\/avatar\/55cb5e37c1efa326397366e6974cb338056df65cb50e7d64d1cf314e87504837?s=96&d=mm&r=g\",\"contentUrl\":\"https:\/\/secure.gravatar.com\/avatar\/55cb5e37c1efa326397366e6974cb338056df65cb50e7d64d1cf314e87504837?s=96&d=mm&r=g\",\"caption\":\"Arnaldo Botto\"},\"url\":\"https:\/\/www.noticiasradioreflejos.com.ar\/2021\/author\/arnaldo\/\"}]}<\/script>\n<!-- \/ Yoast SEO plugin. -->","yoast_head_json":{"title":"Tarifas de gas: amplio respaldo bonaerense al proyecto que beneficiar\u00e1 a 3 millones de personas - Noticias Radio Reflejos","robots":{"index":"index","follow":"follow","max-snippet":"max-snippet:-1","max-image-preview":"max-image-preview:large","max-video-preview":"max-video-preview:-1"},"canonical":"https:\/\/www.noticiasradioreflejos.com.ar\/2021\/tarifas-de-gas-amplio-respaldo-bonaerense-al-proyecto-que-beneficiara-a-3-millones-de-personas\/","og_locale":"es_ES","og_type":"article","og_title":"Tarifas de gas: amplio respaldo bonaerense al proyecto que beneficiar\u00e1 a 3 millones de personas - Noticias Radio Reflejos","og_description":"El diputado nacional M\u00e1ximo Kirchner se reuni\u00f3 con intendentes bonaerenses para presentarles el proyecto que implica una\u00a0disminuci\u00f3n del 30% y 50%\u00a0sobre las facturas de gas de usuarias y usuarios residenciales. &nbsp;","og_url":"https:\/\/www.noticiasradioreflejos.com.ar\/2021\/tarifas-de-gas-amplio-respaldo-bonaerense-al-proyecto-que-beneficiara-a-3-millones-de-personas\/","og_site_name":"Noticias Radio Reflejos","article_published_time":"2021-05-15T13:58:08+00:00","og_image":[{"width":1004,"height":565,"url":"https:\/\/www.noticiasradioreflejos.com.ar\/2021\/wp-content\/uploads\/2021\/05\/Gas.jpg","type":"image\/jpeg"}],"author":"Arnaldo Botto","twitter_card":"summary_large_image","schema":{"@context":"https:\/\/schema.org","@graph":[{"@type":"WebPage","@id":"https:\/\/www.noticiasradioreflejos.com.ar\/2021\/tarifas-de-gas-amplio-respaldo-bonaerense-al-proyecto-que-beneficiara-a-3-millones-de-personas\/","url":"https:\/\/www.noticiasradioreflejos.com.ar\/2021\/tarifas-de-gas-amplio-respaldo-bonaerense-al-proyecto-que-beneficiara-a-3-millones-de-personas\/","name":"Tarifas de gas: amplio respaldo bonaerense al proyecto que beneficiar\u00e1 a 3 millones de personas - Noticias Radio Reflejos","isPartOf":{"@id":"https:\/\/www.noticiasradioreflejos.com.ar\/2021\/#website"},"primaryImageOfPage":{"@id":"https:\/\/www.noticiasradioreflejos.com.ar\/2021\/tarifas-de-gas-amplio-respaldo-bonaerense-al-proyecto-que-beneficiara-a-3-millones-de-personas\/#primaryimage"},"image":{"@id":"https:\/\/www.noticiasradioreflejos.com.ar\/2021\/tarifas-de-gas-amplio-respaldo-bonaerense-al-proyecto-que-beneficiara-a-3-millones-de-personas\/#primaryimage"},"thumbnailUrl":"https:\/\/www.noticiasradioreflejos.com.ar\/2021\/wp-content\/uploads\/2021\/05\/Gas.jpg","datePublished":"2021-05-15T13:58:08+00:00","author":{"@id":"https:\/\/www.noticiasradioreflejos.com.ar\/2021\/#\/schema\/person\/ad82545263dcc5ec0996818884fd5fb1"},"breadcrumb":{"@id":"https:\/\/www.noticiasradioreflejos.com.ar\/2021\/tarifas-de-gas-amplio-respaldo-bonaerense-al-proyecto-que-beneficiara-a-3-millones-de-personas\/#breadcrumb"},"inLanguage":"es","potentialAction":[{"@type":"ReadAction","target":["https:\/\/www.noticiasradioreflejos.com.ar\/2021\/tarifas-de-gas-amplio-respaldo-bonaerense-al-proyecto-que-beneficiara-a-3-millones-de-personas\/"]}]},{"@type":"ImageObject","inLanguage":"es","@id":"https:\/\/www.noticiasradioreflejos.com.ar\/2021\/tarifas-de-gas-amplio-respaldo-bonaerense-al-proyecto-que-beneficiara-a-3-millones-de-personas\/#primaryimage","url":"https:\/\/www.noticiasradioreflejos.com.ar\/2021\/wp-content\/uploads\/2021\/05\/Gas.jpg","contentUrl":"https:\/\/www.noticiasradioreflejos.com.ar\/2021\/wp-content\/uploads\/2021\/05\/Gas.jpg","width":1004,"height":565},{"@type":"BreadcrumbList","@id":"https:\/\/www.noticiasradioreflejos.com.ar\/2021\/tarifas-de-gas-amplio-respaldo-bonaerense-al-proyecto-que-beneficiara-a-3-millones-de-personas\/#breadcrumb","itemListElement":[{"@type":"ListItem","position":1,"name":"Portada","item":"https:\/\/www.noticiasradioreflejos.com.ar\/2021\/"},{"@type":"ListItem","position":2,"name":"Tarifas de gas: amplio respaldo bonaerense al proyecto que beneficiar\u00e1 a 3 millones de personas"}]},{"@type":"WebSite","@id":"https:\/\/www.noticiasradioreflejos.com.ar\/2021\/#website","url":"https:\/\/www.noticiasradioreflejos.com.ar\/2021\/","name":"Noticias Radio Reflejos","description":"Las noticias de mi comarca","potentialAction":[{"@type":"SearchAction","target":{"@type":"EntryPoint","urlTemplate":"https:\/\/www.noticiasradioreflejos.com.ar\/2021\/?s={search_term_string}"},"query-input":{"@type":"PropertyValueSpecification","valueRequired":true,"valueName":"search_term_string"}}],"inLanguage":"es"},{"@type":"Person","@id":"https:\/\/www.noticiasradioreflejos.com.ar\/2021\/#\/schema\/person\/ad82545263dcc5ec0996818884fd5fb1","name":"Arnaldo Botto","image":{"@type":"ImageObject","inLanguage":"es","@id":"https:\/\/www.noticiasradioreflejos.com.ar\/2021\/#\/schema\/person\/image\/","url":"https:\/\/secure.gravatar.com\/avatar\/55cb5e37c1efa326397366e6974cb338056df65cb50e7d64d1cf314e87504837?s=96&d=mm&r=g","contentUrl":"https:\/\/secure.gravatar.com\/avatar\/55cb5e37c1efa326397366e6974cb338056df65cb50e7d64d1cf314e87504837?s=96&d=mm&r=g","caption":"Arnaldo Botto"},"url":"https:\/\/www.noticiasradioreflejos.com.ar\/2021\/author\/arnaldo\/"}]}},"_links":{"self":[{"href":"https:\/\/www.noticiasradioreflejos.com.ar\/2021\/wp-json\/wp\/v2\/posts\/56912","targetHints":{"allow":["GET"]}}],"collection":[{"href":"https:\/\/www.noticiasradioreflejos.com.ar\/2021\/wp-json\/wp\/v2\/posts"}],"about":[{"href":"https:\/\/www.noticiasradioreflejos.com.ar\/2021\/wp-json\/wp\/v2\/types\/post"}],"author":[{"embeddable":true,"href":"https:\/\/www.noticiasradioreflejos.com.ar\/2021\/wp-json\/wp\/v2\/users\/3"}],"replies":[{"embeddable":true,"href":"https:\/\/www.noticiasradioreflejos.com.ar\/2021\/wp-json\/wp\/v2\/comments?post=56912"}],"version-history":[{"count":1,"href":"https:\/\/www.noticiasradioreflejos.com.ar\/2021\/wp-json\/wp\/v2\/posts\/56912\/revisions"}],"predecessor-version":[{"id":56914,"href":"https:\/\/www.noticiasradioreflejos.com.ar\/2021\/wp-json\/wp\/v2\/posts\/56912\/revisions\/56914"}],"wp:featuredmedia":[{"embeddable":true,"href":"https:\/\/www.noticiasradioreflejos.com.ar\/2021\/wp-json\/wp\/v2\/media\/56913"}],"wp:attachment":[{"href":"https:\/\/www.noticiasradioreflejos.com.ar\/2021\/wp-json\/wp\/v2\/media?parent=56912"}],"wp:term":[{"taxonomy":"category","embeddable":true,"href":"https:\/\/www.noticiasradioreflejos.com.ar\/2021\/wp-json\/wp\/v2\/categories?post=56912"},{"taxonomy":"post_tag","embeddable":true,"href":"https:\/\/www.noticiasradioreflejos.com.ar\/2021\/wp-json\/wp\/v2\/tags?post=56912"}],"curies":[{"name":"wp","href":"https:\/\/api.w.org\/{rel}","templated":true}]}}