{"id":56909,"date":"2021-05-15T13:54:25","date_gmt":"2021-05-15T13:54:25","guid":{"rendered":"http:\/\/www.noticiasradioreflejos.com.ar\/2021\/?p=56909"},"modified":"2021-05-15T13:54:25","modified_gmt":"2021-05-15T13:54:25","slug":"se-informan-los-aportes-del-gobierno-nacional-y-provincial-en-el-distrito","status":"publish","type":"post","link":"https:\/\/www.noticiasradioreflejos.com.ar\/2021\/se-informan-los-aportes-del-gobierno-nacional-y-provincial-en-el-distrito\/","title":{"rendered":"Se informan los aportes del gobierno nacional y provincial en el distrito"},"content":{"rendered":"<p style=\"font-weight: 400;\"><strong>Comunicado del Frente de Todos Tornquist<\/strong><!--more--><\/p>\n<p style=\"font-weight: 400;\">Luego de la crisis econ\u00f3mica producida por las malas decisiones pol\u00edticas y econ\u00f3micas de Juntos por el Cambio, en Tornquist se nota mucho lo que ha descendido la calidad de los servicios p\u00fablicos, la cantidad de obra p\u00fablica y lo m\u00e1s importante la seguridad y la calidad de vida.<\/p>\n<p style=\"font-weight: 400;\">La actual situaci\u00f3n entre otras cosas se deben a errores pol\u00edticos como la disminuci\u00f3n de la obra p\u00fablica, los recortes en los aportes econ\u00f3micos y la falta de cr\u00e9dito, la ausencia de apoyo a las fiestas provinciales, la eliminaci\u00f3n de los feriados puente y los terribles tarifazos. \u00c9sos errores fueron apoyados a nivel distrital por el actual intendente \u201cvecinalista\u201d Sergio Bordoni, y los integrantes de la UCR, la Coalici\u00f3n C\u00edvica y el PRO.<\/p>\n<p style=\"font-weight: 400;\">\u00bfPodemos imaginarnos que hubiera sido de nuestro distrito, si nuestra provincia y nuestra naci\u00f3n, hubieran estado gobernadas por las fuerzas pol\u00edticas de Juntos por el Cambio?. \u00bfPodemos pensar que decisiones hubieran tomado los dirigentes pol\u00edticos que negaron la pandemia, rechazaron los cuidados y la cuarentena, y demonizaron las vacunas?<\/p>\n<p style=\"font-weight: 400;\"><strong>A nivel local, \u00bfpodemos ver las oportunidades que nos perdimos debido a la actual gesti\u00f3n deficiente de Bordoni y su equipo?. Les informamos que por errores y malas decisiones, o porque el intendente parece estar ocupado en buscar destino electoral, los tornquistenses no tuvimos durante el 2020 unos $ 10.000.000 de asistencias directas, y unos $ 150.000.000 en obras y servicios p\u00fablicos.<\/strong><\/p>\n<p style=\"font-weight: 400;\">A veces nos preguntan,\u00a0<strong><u>\u00bfd\u00f3nde est\u00e1 el gobierno Nacional y Provincial ayudando a los tornquinstenses a salir adelante?.<\/u><\/strong><\/p>\n<p style=\"font-weight: 400;\">Entonces deseamos compartir en esta\u00a0<strong><u>PRIMERA PARTE,<\/u><\/strong>\u00a0algunos de los aportes que ingresaron e ingresan al distrito de Tornquist, y que son beneficios para TOD@S, dado que es dinero que la mayor\u00eda de los vecinos invierten en nuestras localidades.\u00a0<strong>En resumen:<\/strong><\/p>\n<p style=\"font-weight: 400;\">Por el total de Jubilados\/as y Pensionados\/as (5.736 personas) ingresaron durante el \u00faltimo a\u00f1o un monto de<strong>\u00a0$ 84.041.000.\u00a0<\/strong>A su vez en nuestro distrito hay 2.485 beneficiarios\/as de asignaciones familiares que llegan a 2.061 ni\u00f1as\/ni\u00f1os\/adolescentes por<strong>\u00a0$ 79.263.000.<\/strong><\/p>\n<p style=\"font-weight: 400;\"><strong><u>INVERSI\u00d3N PARA ATENDER CONSECUENCIAS DE LA PANDEMIA. PRIMERA PARTE.<\/u><\/strong><\/p>\n<p style=\"font-weight: 400;\"><strong>Desarrollamos diversas pol\u00edticas sociales para proteger los ingresos de todos y todas con un monto total invertido en millones de $ 120.400.000, a saber:\u00a0<\/strong>2.158 IFE, por un monto de $ 63.000.000; 134 ATP (714 Trabajadore\/as), por un monto total de $49.800.000 y 273\u00a0 Bono Salud, por un monto total de 7.600.000.<strong>\u00a0<\/strong>El programa REPRO II en Tornquist (pago de salarios de empresas en sectores cr\u00edticos), en abril de 2021 alcanz\u00f3 a 22 Trabajadores\/as por un monto de<strong>\u00a0$ 272.226.<\/strong><\/p>\n<p style=\"font-weight: 400;\">En el mes de Abril abonamos prestaciones (25 por desempleo, 43 PROGRESAR,\u00a0 y 420 PROGRAMA HOGAR)\u00a0 por un monto total de\u00a0<strong>$ 445.000.<\/strong><\/p>\n<p style=\"font-weight: 400;\">Adem\u00e1s debemos sumar la inversi\u00f3n de ANSES en el partido por jubilaciones, pensiones, asignaciones y otras prestaciones por un total de<strong>\u00a0225 millones de pesos\u00a0<\/strong>correspondiente a Inversi\u00f3n corriente por<strong>\u00a0$ 92 millones,<\/strong>\u00a0e Inversi\u00f3n extraordinaria por<strong>\u00a0$ 133 millones.<\/strong><\/p>\n<p style=\"font-weight: 400;\">Tambi\u00e9n y a\u00fan en contexto de pandemia relanzamos los Cr\u00e9ditos ANSES, prorrogamos pagos, cancelamos la capitalizaci\u00f3n de intereses de los cr\u00e9ditos vigentes y en abril 2021 otorgamos 25 cr\u00e9ditos x un total\u00a0\u00a0<strong>$ 1.435.100.<\/strong><\/p>\n<p style=\"font-weight: 400;\">Especialmente atentos a la situaci\u00f3n cr\u00edtica del sector cultural en el distrito de Tornquist, concretamos, el\u00a0<strong>Apoyo econ\u00f3mico Cultura Solidaria con una inversi\u00f3n total de $ 630.000<\/strong>; y en el marco de la segunda ola de la pandemia, implementamos \u201cCultura Solidaria\u201d, un apoyo de dos pagos de\u00a0<strong>$15.000 para 21 \u00a0trabajadoras y trabajadores de la cultura.<\/strong><\/p>\n<p style=\"font-weight: 400;\">HICIMOS, HACEMOS Y HAREMOS PORQUE A LA POL\u00cdTICA LA ENTENDEMOS COMO EL TRABAJO POR EL BIEN COM\u00daN Y EL DESARROLLO INTEGRAL DEL DISTRITO.<\/p>\n<p style=\"font-weight: 400;\">FRENTE DE TOD@S TORNQUIST.<\/p>\n","protected":false},"excerpt":{"rendered":"<p>Comunicado del Frente de Todos Tornquist<\/p>\n","protected":false},"author":3,"featured_media":0,"comment_status":"closed","ping_status":"closed","sticky":false,"template":"","format":"standard","meta":{"footnotes":""},"categories":[24],"tags":[],"class_list":["post-56909","post","type-post","status-publish","format-standard","hentry","category-politica"],"yoast_head":"<!-- This site is optimized with the Yoast SEO plugin v25.9 - https:\/\/yoast.com\/wordpress\/plugins\/seo\/ -->\n<title>Se informan los aportes del gobierno nacional y provincial en el distrito - Noticias Radio Reflejos<\/title>\n<meta name=\"robots\" content=\"index, follow, max-snippet:-1, max-image-preview:large, max-video-preview:-1\" \/>\n<link rel=\"canonical\" href=\"https:\/\/www.noticiasradioreflejos.com.ar\/2021\/se-informan-los-aportes-del-gobierno-nacional-y-provincial-en-el-distrito\/\" \/>\n<meta property=\"og:locale\" content=\"es_ES\" \/>\n<meta property=\"og:type\" content=\"article\" \/>\n<meta property=\"og:title\" content=\"Se informan los aportes del gobierno nacional y provincial en el distrito - Noticias Radio Reflejos\" \/>\n<meta property=\"og:description\" content=\"Comunicado del Frente de Todos Tornquist\" \/>\n<meta property=\"og:url\" content=\"https:\/\/www.noticiasradioreflejos.com.ar\/2021\/se-informan-los-aportes-del-gobierno-nacional-y-provincial-en-el-distrito\/\" \/>\n<meta property=\"og:site_name\" content=\"Noticias Radio Reflejos\" \/>\n<meta property=\"article:published_time\" content=\"2021-05-15T13:54:25+00:00\" \/>\n<meta property=\"og:image\" content=\"https:\/\/www.noticiasradioreflejos.com.ar\/2021\/wp-content\/uploads\/2021\/07\/logosol300x200.png\" \/>\n\t<meta property=\"og:image:width\" content=\"300\" \/>\n\t<meta property=\"og:image:height\" content=\"200\" \/>\n\t<meta property=\"og:image:type\" content=\"image\/png\" \/>\n<meta name=\"author\" content=\"Arnaldo Botto\" \/>\n<meta name=\"twitter:card\" content=\"summary_large_image\" \/>\n<script type=\"application\/ld+json\" class=\"yoast-schema-graph\">{\"@context\":\"https:\/\/schema.org\",\"@graph\":[{\"@type\":\"WebPage\",\"@id\":\"https:\/\/www.noticiasradioreflejos.com.ar\/2021\/se-informan-los-aportes-del-gobierno-nacional-y-provincial-en-el-distrito\/\",\"url\":\"https:\/\/www.noticiasradioreflejos.com.ar\/2021\/se-informan-los-aportes-del-gobierno-nacional-y-provincial-en-el-distrito\/\",\"name\":\"Se informan los aportes del gobierno nacional y provincial en el distrito - Noticias Radio Reflejos\",\"isPartOf\":{\"@id\":\"https:\/\/www.noticiasradioreflejos.com.ar\/2021\/#website\"},\"datePublished\":\"2021-05-15T13:54:25+00:00\",\"author\":{\"@id\":\"https:\/\/www.noticiasradioreflejos.com.ar\/2021\/#\/schema\/person\/ad82545263dcc5ec0996818884fd5fb1\"},\"breadcrumb\":{\"@id\":\"https:\/\/www.noticiasradioreflejos.com.ar\/2021\/se-informan-los-aportes-del-gobierno-nacional-y-provincial-en-el-distrito\/#breadcrumb\"},\"inLanguage\":\"es\",\"potentialAction\":[{\"@type\":\"ReadAction\",\"target\":[\"https:\/\/www.noticiasradioreflejos.com.ar\/2021\/se-informan-los-aportes-del-gobierno-nacional-y-provincial-en-el-distrito\/\"]}]},{\"@type\":\"BreadcrumbList\",\"@id\":\"https:\/\/www.noticiasradioreflejos.com.ar\/2021\/se-informan-los-aportes-del-gobierno-nacional-y-provincial-en-el-distrito\/#breadcrumb\",\"itemListElement\":[{\"@type\":\"ListItem\",\"position\":1,\"name\":\"Portada\",\"item\":\"https:\/\/www.noticiasradioreflejos.com.ar\/2021\/\"},{\"@type\":\"ListItem\",\"position\":2,\"name\":\"Se informan los aportes del gobierno nacional y provincial en el distrito\"}]},{\"@type\":\"WebSite\",\"@id\":\"https:\/\/www.noticiasradioreflejos.com.ar\/2021\/#website\",\"url\":\"https:\/\/www.noticiasradioreflejos.com.ar\/2021\/\",\"name\":\"Noticias Radio Reflejos\",\"description\":\"Las noticias de mi comarca\",\"potentialAction\":[{\"@type\":\"SearchAction\",\"target\":{\"@type\":\"EntryPoint\",\"urlTemplate\":\"https:\/\/www.noticiasradioreflejos.com.ar\/2021\/?s={search_term_string}\"},\"query-input\":{\"@type\":\"PropertyValueSpecification\",\"valueRequired\":true,\"valueName\":\"search_term_string\"}}],\"inLanguage\":\"es\"},{\"@type\":\"Person\",\"@id\":\"https:\/\/www.noticiasradioreflejos.com.ar\/2021\/#\/schema\/person\/ad82545263dcc5ec0996818884fd5fb1\",\"name\":\"Arnaldo Botto\",\"image\":{\"@type\":\"ImageObject\",\"inLanguage\":\"es\",\"@id\":\"https:\/\/www.noticiasradioreflejos.com.ar\/2021\/#\/schema\/person\/image\/\",\"url\":\"https:\/\/secure.gravatar.com\/avatar\/55cb5e37c1efa326397366e6974cb338056df65cb50e7d64d1cf314e87504837?s=96&d=mm&r=g\",\"contentUrl\":\"https:\/\/secure.gravatar.com\/avatar\/55cb5e37c1efa326397366e6974cb338056df65cb50e7d64d1cf314e87504837?s=96&d=mm&r=g\",\"caption\":\"Arnaldo Botto\"},\"url\":\"https:\/\/www.noticiasradioreflejos.com.ar\/2021\/author\/arnaldo\/\"}]}<\/script>\n<!-- \/ Yoast SEO plugin. -->","yoast_head_json":{"title":"Se informan los aportes del gobierno nacional y provincial en el distrito - Noticias Radio Reflejos","robots":{"index":"index","follow":"follow","max-snippet":"max-snippet:-1","max-image-preview":"max-image-preview:large","max-video-preview":"max-video-preview:-1"},"canonical":"https:\/\/www.noticiasradioreflejos.com.ar\/2021\/se-informan-los-aportes-del-gobierno-nacional-y-provincial-en-el-distrito\/","og_locale":"es_ES","og_type":"article","og_title":"Se informan los aportes del gobierno nacional y provincial en el distrito - Noticias Radio Reflejos","og_description":"Comunicado del Frente de Todos Tornquist","og_url":"https:\/\/www.noticiasradioreflejos.com.ar\/2021\/se-informan-los-aportes-del-gobierno-nacional-y-provincial-en-el-distrito\/","og_site_name":"Noticias Radio Reflejos","article_published_time":"2021-05-15T13:54:25+00:00","og_image":[{"width":300,"height":200,"url":"https:\/\/www.noticiasradioreflejos.com.ar\/2021\/wp-content\/uploads\/2021\/07\/logosol300x200.png","type":"image\/png"}],"author":"Arnaldo Botto","twitter_card":"summary_large_image","schema":{"@context":"https:\/\/schema.org","@graph":[{"@type":"WebPage","@id":"https:\/\/www.noticiasradioreflejos.com.ar\/2021\/se-informan-los-aportes-del-gobierno-nacional-y-provincial-en-el-distrito\/","url":"https:\/\/www.noticiasradioreflejos.com.ar\/2021\/se-informan-los-aportes-del-gobierno-nacional-y-provincial-en-el-distrito\/","name":"Se informan los aportes del gobierno nacional y provincial en el distrito - Noticias Radio Reflejos","isPartOf":{"@id":"https:\/\/www.noticiasradioreflejos.com.ar\/2021\/#website"},"datePublished":"2021-05-15T13:54:25+00:00","author":{"@id":"https:\/\/www.noticiasradioreflejos.com.ar\/2021\/#\/schema\/person\/ad82545263dcc5ec0996818884fd5fb1"},"breadcrumb":{"@id":"https:\/\/www.noticiasradioreflejos.com.ar\/2021\/se-informan-los-aportes-del-gobierno-nacional-y-provincial-en-el-distrito\/#breadcrumb"},"inLanguage":"es","potentialAction":[{"@type":"ReadAction","target":["https:\/\/www.noticiasradioreflejos.com.ar\/2021\/se-informan-los-aportes-del-gobierno-nacional-y-provincial-en-el-distrito\/"]}]},{"@type":"BreadcrumbList","@id":"https:\/\/www.noticiasradioreflejos.com.ar\/2021\/se-informan-los-aportes-del-gobierno-nacional-y-provincial-en-el-distrito\/#breadcrumb","itemListElement":[{"@type":"ListItem","position":1,"name":"Portada","item":"https:\/\/www.noticiasradioreflejos.com.ar\/2021\/"},{"@type":"ListItem","position":2,"name":"Se informan los aportes del gobierno nacional y provincial en el distrito"}]},{"@type":"WebSite","@id":"https:\/\/www.noticiasradioreflejos.com.ar\/2021\/#website","url":"https:\/\/www.noticiasradioreflejos.com.ar\/2021\/","name":"Noticias Radio Reflejos","description":"Las noticias de mi comarca","potentialAction":[{"@type":"SearchAction","target":{"@type":"EntryPoint","urlTemplate":"https:\/\/www.noticiasradioreflejos.com.ar\/2021\/?s={search_term_string}"},"query-input":{"@type":"PropertyValueSpecification","valueRequired":true,"valueName":"search_term_string"}}],"inLanguage":"es"},{"@type":"Person","@id":"https:\/\/www.noticiasradioreflejos.com.ar\/2021\/#\/schema\/person\/ad82545263dcc5ec0996818884fd5fb1","name":"Arnaldo Botto","image":{"@type":"ImageObject","inLanguage":"es","@id":"https:\/\/www.noticiasradioreflejos.com.ar\/2021\/#\/schema\/person\/image\/","url":"https:\/\/secure.gravatar.com\/avatar\/55cb5e37c1efa326397366e6974cb338056df65cb50e7d64d1cf314e87504837?s=96&d=mm&r=g","contentUrl":"https:\/\/secure.gravatar.com\/avatar\/55cb5e37c1efa326397366e6974cb338056df65cb50e7d64d1cf314e87504837?s=96&d=mm&r=g","caption":"Arnaldo Botto"},"url":"https:\/\/www.noticiasradioreflejos.com.ar\/2021\/author\/arnaldo\/"}]}},"_links":{"self":[{"href":"https:\/\/www.noticiasradioreflejos.com.ar\/2021\/wp-json\/wp\/v2\/posts\/56909","targetHints":{"allow":["GET"]}}],"collection":[{"href":"https:\/\/www.noticiasradioreflejos.com.ar\/2021\/wp-json\/wp\/v2\/posts"}],"about":[{"href":"https:\/\/www.noticiasradioreflejos.com.ar\/2021\/wp-json\/wp\/v2\/types\/post"}],"author":[{"embeddable":true,"href":"https:\/\/www.noticiasradioreflejos.com.ar\/2021\/wp-json\/wp\/v2\/users\/3"}],"replies":[{"embeddable":true,"href":"https:\/\/www.noticiasradioreflejos.com.ar\/2021\/wp-json\/wp\/v2\/comments?post=56909"}],"version-history":[{"count":1,"href":"https:\/\/www.noticiasradioreflejos.com.ar\/2021\/wp-json\/wp\/v2\/posts\/56909\/revisions"}],"predecessor-version":[{"id":56911,"href":"https:\/\/www.noticiasradioreflejos.com.ar\/2021\/wp-json\/wp\/v2\/posts\/56909\/revisions\/56911"}],"wp:attachment":[{"href":"https:\/\/www.noticiasradioreflejos.com.ar\/2021\/wp-json\/wp\/v2\/media?parent=56909"}],"wp:term":[{"taxonomy":"category","embeddable":true,"href":"https:\/\/www.noticiasradioreflejos.com.ar\/2021\/wp-json\/wp\/v2\/categories?post=56909"},{"taxonomy":"post_tag","embeddable":true,"href":"https:\/\/www.noticiasradioreflejos.com.ar\/2021\/wp-json\/wp\/v2\/tags?post=56909"}],"curies":[{"name":"wp","href":"https:\/\/api.w.org\/{rel}","templated":true}]}}