{"id":56901,"date":"2021-05-14T23:29:06","date_gmt":"2021-05-14T23:29:06","guid":{"rendered":"http:\/\/www.noticiasradioreflejos.com.ar\/2021\/?p=56901"},"modified":"2021-05-14T23:29:06","modified_gmt":"2021-05-14T23:29:06","slug":"tornquist-reporte-de-situacion-epidemiologica-progresion-por-localidad","status":"publish","type":"post","link":"https:\/\/www.noticiasradioreflejos.com.ar\/2021\/tornquist-reporte-de-situacion-epidemiologica-progresion-por-localidad\/","title":{"rendered":"Tornquist: Reporte de situaci\u00f3n epidemiol\u00f3gica: progresi\u00f3n por localidad"},"content":{"rendered":"<p>Tornquist Municipio, a trav\u00e9s de la Secretar\u00eda de Salud pone en conocimiento de la poblaci\u00f3n, la situaci\u00f3n epidemiol\u00f3gica que atraviesa el distrito hasta el d\u00eda de hoy, 14 de mayo.<!--more--><\/p>\n<p>Desde enero a mayo, la situaci\u00f3n sanitaria, fue variable, con tendencia a estabilizar la curva de contagios. En tal sentido, el gr\u00e1fico muestra como las localidades de Tornquist y Saldungaray, tuvieron un pico de casos durante los meses enero y febrero, bajando la curva en marzo, y volviendo a reportar un incremento en sus casos en abril. Los contagios en ambas localidades alcanzaron una estabilizaci\u00f3n, lograda como consecuencia de que el n\u00famero de nuevos positivos es similar al de altas diarias.<\/p>\n<p><img loading=\"lazy\" decoding=\"async\" class=\"alignnone size-full wp-image-56902\" src=\"http:\/\/www.noticiasradioreflejos.com.ar\/2021\/wp-content\/uploads\/2021\/05\/PROGRESION-POR-LOCALIDADES.jpg\" alt=\"\" width=\"612\" height=\"479\" \/><\/p>\n<p>La situaci\u00f3n de Sierra de la Ventana y Villa Ventana, fue diferente a las otras localidades del partido, mostraron una estabilidad de sus casos en los primeros meses del a\u00f1o, y desde marzo en adelante acrecentaron sus activos de manera r\u00e1pida.<br \/>\nEl dato que se destaca es que las localidades de Tres Picos, Chasic\u00f3 y Villa Serrana La Gruta, si bien han tenido casos positivos, nunca se incrementaron de manera exponencial.<br \/>\nEn este momento, los casos activos se encuentran distribuidos de la siguiente manera:<\/p>\n<h4>\n<strong>SIERRA DE LA VENTANA 34<\/strong><br \/>\n<strong>VILLA VENTANA 30<\/strong><br \/>\n<strong>TORNQUIST 27<\/strong><br \/>\n<strong>SALDUNGARAY 12<\/strong><\/h4>\n<p>La cartera de salud, enfatiza nuevamente que los cuidados y medidas de precauci\u00f3n deben mantenerse en todos los \u00e1mbitos para evitar m\u00e1s contagios: higiene constante de mano, uso obligatorio de barbijo (aun en espacios al aire libre), no compartir utensillos, mates ni botellas, ventilaci\u00f3n cruzada en ambientes cerrados, y fundamentalmente respetar el distanciamiento social.<\/p>\n<p>&nbsp;<\/p>\n<p>&nbsp;<\/p>\n","protected":false},"excerpt":{"rendered":"<p>Tornquist Municipio, a trav\u00e9s de la Secretar\u00eda de Salud pone en conocimiento de la poblaci\u00f3n, la situaci\u00f3n epidemiol\u00f3gica que atraviesa el distrito hasta el d\u00eda de hoy, 14 de mayo.<\/p>\n","protected":false},"author":3,"featured_media":56903,"comment_status":"closed","ping_status":"closed","sticky":false,"template":"","format":"standard","meta":{"footnotes":""},"categories":[28,30],"tags":[],"class_list":["post-56901","post","type-post","status-publish","format-standard","has-post-thumbnail","hentry","category-municipales","category-salud"],"yoast_head":"<!-- This site is optimized with the Yoast SEO plugin v25.9 - https:\/\/yoast.com\/wordpress\/plugins\/seo\/ -->\n<title>Tornquist: Reporte de situaci\u00f3n epidemiol\u00f3gica: progresi\u00f3n por localidad - Noticias Radio Reflejos<\/title>\n<meta name=\"robots\" content=\"index, follow, max-snippet:-1, max-image-preview:large, max-video-preview:-1\" \/>\n<link rel=\"canonical\" href=\"https:\/\/www.noticiasradioreflejos.com.ar\/2021\/tornquist-reporte-de-situacion-epidemiologica-progresion-por-localidad\/\" \/>\n<meta property=\"og:locale\" content=\"es_ES\" \/>\n<meta property=\"og:type\" content=\"article\" \/>\n<meta property=\"og:title\" content=\"Tornquist: Reporte de situaci\u00f3n epidemiol\u00f3gica: progresi\u00f3n por localidad - Noticias Radio Reflejos\" \/>\n<meta property=\"og:description\" content=\"Tornquist Municipio, a trav\u00e9s de la Secretar\u00eda de Salud pone en conocimiento de la poblaci\u00f3n, la situaci\u00f3n epidemiol\u00f3gica que atraviesa el distrito hasta el d\u00eda de hoy, 14 de mayo.\" \/>\n<meta property=\"og:url\" content=\"https:\/\/www.noticiasradioreflejos.com.ar\/2021\/tornquist-reporte-de-situacion-epidemiologica-progresion-por-localidad\/\" \/>\n<meta property=\"og:site_name\" content=\"Noticias Radio Reflejos\" \/>\n<meta property=\"article:published_time\" content=\"2021-05-14T23:29:06+00:00\" \/>\n<meta property=\"og:image\" content=\"https:\/\/www.noticiasradioreflejos.com.ar\/2021\/wp-content\/uploads\/2021\/05\/Covid-1.jpg\" \/>\n\t<meta property=\"og:image:width\" content=\"640\" \/>\n\t<meta property=\"og:image:height\" content=\"360\" \/>\n\t<meta property=\"og:image:type\" content=\"image\/jpeg\" \/>\n<meta name=\"author\" content=\"Arnaldo Botto\" \/>\n<meta name=\"twitter:card\" content=\"summary_large_image\" \/>\n<script type=\"application\/ld+json\" class=\"yoast-schema-graph\">{\"@context\":\"https:\/\/schema.org\",\"@graph\":[{\"@type\":\"WebPage\",\"@id\":\"https:\/\/www.noticiasradioreflejos.com.ar\/2021\/tornquist-reporte-de-situacion-epidemiologica-progresion-por-localidad\/\",\"url\":\"https:\/\/www.noticiasradioreflejos.com.ar\/2021\/tornquist-reporte-de-situacion-epidemiologica-progresion-por-localidad\/\",\"name\":\"Tornquist: Reporte de situaci\u00f3n epidemiol\u00f3gica: progresi\u00f3n por localidad - Noticias Radio Reflejos\",\"isPartOf\":{\"@id\":\"https:\/\/www.noticiasradioreflejos.com.ar\/2021\/#website\"},\"primaryImageOfPage\":{\"@id\":\"https:\/\/www.noticiasradioreflejos.com.ar\/2021\/tornquist-reporte-de-situacion-epidemiologica-progresion-por-localidad\/#primaryimage\"},\"image\":{\"@id\":\"https:\/\/www.noticiasradioreflejos.com.ar\/2021\/tornquist-reporte-de-situacion-epidemiologica-progresion-por-localidad\/#primaryimage\"},\"thumbnailUrl\":\"https:\/\/www.noticiasradioreflejos.com.ar\/2021\/wp-content\/uploads\/2021\/05\/Covid-1.jpg\",\"datePublished\":\"2021-05-14T23:29:06+00:00\",\"author\":{\"@id\":\"https:\/\/www.noticiasradioreflejos.com.ar\/2021\/#\/schema\/person\/ad82545263dcc5ec0996818884fd5fb1\"},\"breadcrumb\":{\"@id\":\"https:\/\/www.noticiasradioreflejos.com.ar\/2021\/tornquist-reporte-de-situacion-epidemiologica-progresion-por-localidad\/#breadcrumb\"},\"inLanguage\":\"es\",\"potentialAction\":[{\"@type\":\"ReadAction\",\"target\":[\"https:\/\/www.noticiasradioreflejos.com.ar\/2021\/tornquist-reporte-de-situacion-epidemiologica-progresion-por-localidad\/\"]}]},{\"@type\":\"ImageObject\",\"inLanguage\":\"es\",\"@id\":\"https:\/\/www.noticiasradioreflejos.com.ar\/2021\/tornquist-reporte-de-situacion-epidemiologica-progresion-por-localidad\/#primaryimage\",\"url\":\"https:\/\/www.noticiasradioreflejos.com.ar\/2021\/wp-content\/uploads\/2021\/05\/Covid-1.jpg\",\"contentUrl\":\"https:\/\/www.noticiasradioreflejos.com.ar\/2021\/wp-content\/uploads\/2021\/05\/Covid-1.jpg\",\"width\":640,\"height\":360},{\"@type\":\"BreadcrumbList\",\"@id\":\"https:\/\/www.noticiasradioreflejos.com.ar\/2021\/tornquist-reporte-de-situacion-epidemiologica-progresion-por-localidad\/#breadcrumb\",\"itemListElement\":[{\"@type\":\"ListItem\",\"position\":1,\"name\":\"Portada\",\"item\":\"https:\/\/www.noticiasradioreflejos.com.ar\/2021\/\"},{\"@type\":\"ListItem\",\"position\":2,\"name\":\"Tornquist: Reporte de situaci\u00f3n epidemiol\u00f3gica: progresi\u00f3n por localidad\"}]},{\"@type\":\"WebSite\",\"@id\":\"https:\/\/www.noticiasradioreflejos.com.ar\/2021\/#website\",\"url\":\"https:\/\/www.noticiasradioreflejos.com.ar\/2021\/\",\"name\":\"Noticias Radio Reflejos\",\"description\":\"Las noticias de mi comarca\",\"potentialAction\":[{\"@type\":\"SearchAction\",\"target\":{\"@type\":\"EntryPoint\",\"urlTemplate\":\"https:\/\/www.noticiasradioreflejos.com.ar\/2021\/?s={search_term_string}\"},\"query-input\":{\"@type\":\"PropertyValueSpecification\",\"valueRequired\":true,\"valueName\":\"search_term_string\"}}],\"inLanguage\":\"es\"},{\"@type\":\"Person\",\"@id\":\"https:\/\/www.noticiasradioreflejos.com.ar\/2021\/#\/schema\/person\/ad82545263dcc5ec0996818884fd5fb1\",\"name\":\"Arnaldo Botto\",\"image\":{\"@type\":\"ImageObject\",\"inLanguage\":\"es\",\"@id\":\"https:\/\/www.noticiasradioreflejos.com.ar\/2021\/#\/schema\/person\/image\/\",\"url\":\"https:\/\/secure.gravatar.com\/avatar\/55cb5e37c1efa326397366e6974cb338056df65cb50e7d64d1cf314e87504837?s=96&d=mm&r=g\",\"contentUrl\":\"https:\/\/secure.gravatar.com\/avatar\/55cb5e37c1efa326397366e6974cb338056df65cb50e7d64d1cf314e87504837?s=96&d=mm&r=g\",\"caption\":\"Arnaldo Botto\"},\"url\":\"https:\/\/www.noticiasradioreflejos.com.ar\/2021\/author\/arnaldo\/\"}]}<\/script>\n<!-- \/ Yoast SEO plugin. -->","yoast_head_json":{"title":"Tornquist: Reporte de situaci\u00f3n epidemiol\u00f3gica: progresi\u00f3n por localidad - Noticias Radio Reflejos","robots":{"index":"index","follow":"follow","max-snippet":"max-snippet:-1","max-image-preview":"max-image-preview:large","max-video-preview":"max-video-preview:-1"},"canonical":"https:\/\/www.noticiasradioreflejos.com.ar\/2021\/tornquist-reporte-de-situacion-epidemiologica-progresion-por-localidad\/","og_locale":"es_ES","og_type":"article","og_title":"Tornquist: Reporte de situaci\u00f3n epidemiol\u00f3gica: progresi\u00f3n por localidad - Noticias Radio Reflejos","og_description":"Tornquist Municipio, a trav\u00e9s de la Secretar\u00eda de Salud pone en conocimiento de la poblaci\u00f3n, la situaci\u00f3n epidemiol\u00f3gica que atraviesa el distrito hasta el d\u00eda de hoy, 14 de mayo.","og_url":"https:\/\/www.noticiasradioreflejos.com.ar\/2021\/tornquist-reporte-de-situacion-epidemiologica-progresion-por-localidad\/","og_site_name":"Noticias Radio Reflejos","article_published_time":"2021-05-14T23:29:06+00:00","og_image":[{"width":640,"height":360,"url":"https:\/\/www.noticiasradioreflejos.com.ar\/2021\/wp-content\/uploads\/2021\/05\/Covid-1.jpg","type":"image\/jpeg"}],"author":"Arnaldo Botto","twitter_card":"summary_large_image","schema":{"@context":"https:\/\/schema.org","@graph":[{"@type":"WebPage","@id":"https:\/\/www.noticiasradioreflejos.com.ar\/2021\/tornquist-reporte-de-situacion-epidemiologica-progresion-por-localidad\/","url":"https:\/\/www.noticiasradioreflejos.com.ar\/2021\/tornquist-reporte-de-situacion-epidemiologica-progresion-por-localidad\/","name":"Tornquist: Reporte de situaci\u00f3n epidemiol\u00f3gica: progresi\u00f3n por localidad - Noticias Radio Reflejos","isPartOf":{"@id":"https:\/\/www.noticiasradioreflejos.com.ar\/2021\/#website"},"primaryImageOfPage":{"@id":"https:\/\/www.noticiasradioreflejos.com.ar\/2021\/tornquist-reporte-de-situacion-epidemiologica-progresion-por-localidad\/#primaryimage"},"image":{"@id":"https:\/\/www.noticiasradioreflejos.com.ar\/2021\/tornquist-reporte-de-situacion-epidemiologica-progresion-por-localidad\/#primaryimage"},"thumbnailUrl":"https:\/\/www.noticiasradioreflejos.com.ar\/2021\/wp-content\/uploads\/2021\/05\/Covid-1.jpg","datePublished":"2021-05-14T23:29:06+00:00","author":{"@id":"https:\/\/www.noticiasradioreflejos.com.ar\/2021\/#\/schema\/person\/ad82545263dcc5ec0996818884fd5fb1"},"breadcrumb":{"@id":"https:\/\/www.noticiasradioreflejos.com.ar\/2021\/tornquist-reporte-de-situacion-epidemiologica-progresion-por-localidad\/#breadcrumb"},"inLanguage":"es","potentialAction":[{"@type":"ReadAction","target":["https:\/\/www.noticiasradioreflejos.com.ar\/2021\/tornquist-reporte-de-situacion-epidemiologica-progresion-por-localidad\/"]}]},{"@type":"ImageObject","inLanguage":"es","@id":"https:\/\/www.noticiasradioreflejos.com.ar\/2021\/tornquist-reporte-de-situacion-epidemiologica-progresion-por-localidad\/#primaryimage","url":"https:\/\/www.noticiasradioreflejos.com.ar\/2021\/wp-content\/uploads\/2021\/05\/Covid-1.jpg","contentUrl":"https:\/\/www.noticiasradioreflejos.com.ar\/2021\/wp-content\/uploads\/2021\/05\/Covid-1.jpg","width":640,"height":360},{"@type":"BreadcrumbList","@id":"https:\/\/www.noticiasradioreflejos.com.ar\/2021\/tornquist-reporte-de-situacion-epidemiologica-progresion-por-localidad\/#breadcrumb","itemListElement":[{"@type":"ListItem","position":1,"name":"Portada","item":"https:\/\/www.noticiasradioreflejos.com.ar\/2021\/"},{"@type":"ListItem","position":2,"name":"Tornquist: Reporte de situaci\u00f3n epidemiol\u00f3gica: progresi\u00f3n por localidad"}]},{"@type":"WebSite","@id":"https:\/\/www.noticiasradioreflejos.com.ar\/2021\/#website","url":"https:\/\/www.noticiasradioreflejos.com.ar\/2021\/","name":"Noticias Radio Reflejos","description":"Las noticias de mi comarca","potentialAction":[{"@type":"SearchAction","target":{"@type":"EntryPoint","urlTemplate":"https:\/\/www.noticiasradioreflejos.com.ar\/2021\/?s={search_term_string}"},"query-input":{"@type":"PropertyValueSpecification","valueRequired":true,"valueName":"search_term_string"}}],"inLanguage":"es"},{"@type":"Person","@id":"https:\/\/www.noticiasradioreflejos.com.ar\/2021\/#\/schema\/person\/ad82545263dcc5ec0996818884fd5fb1","name":"Arnaldo Botto","image":{"@type":"ImageObject","inLanguage":"es","@id":"https:\/\/www.noticiasradioreflejos.com.ar\/2021\/#\/schema\/person\/image\/","url":"https:\/\/secure.gravatar.com\/avatar\/55cb5e37c1efa326397366e6974cb338056df65cb50e7d64d1cf314e87504837?s=96&d=mm&r=g","contentUrl":"https:\/\/secure.gravatar.com\/avatar\/55cb5e37c1efa326397366e6974cb338056df65cb50e7d64d1cf314e87504837?s=96&d=mm&r=g","caption":"Arnaldo Botto"},"url":"https:\/\/www.noticiasradioreflejos.com.ar\/2021\/author\/arnaldo\/"}]}},"_links":{"self":[{"href":"https:\/\/www.noticiasradioreflejos.com.ar\/2021\/wp-json\/wp\/v2\/posts\/56901","targetHints":{"allow":["GET"]}}],"collection":[{"href":"https:\/\/www.noticiasradioreflejos.com.ar\/2021\/wp-json\/wp\/v2\/posts"}],"about":[{"href":"https:\/\/www.noticiasradioreflejos.com.ar\/2021\/wp-json\/wp\/v2\/types\/post"}],"author":[{"embeddable":true,"href":"https:\/\/www.noticiasradioreflejos.com.ar\/2021\/wp-json\/wp\/v2\/users\/3"}],"replies":[{"embeddable":true,"href":"https:\/\/www.noticiasradioreflejos.com.ar\/2021\/wp-json\/wp\/v2\/comments?post=56901"}],"version-history":[{"count":1,"href":"https:\/\/www.noticiasradioreflejos.com.ar\/2021\/wp-json\/wp\/v2\/posts\/56901\/revisions"}],"predecessor-version":[{"id":56904,"href":"https:\/\/www.noticiasradioreflejos.com.ar\/2021\/wp-json\/wp\/v2\/posts\/56901\/revisions\/56904"}],"wp:featuredmedia":[{"embeddable":true,"href":"https:\/\/www.noticiasradioreflejos.com.ar\/2021\/wp-json\/wp\/v2\/media\/56903"}],"wp:attachment":[{"href":"https:\/\/www.noticiasradioreflejos.com.ar\/2021\/wp-json\/wp\/v2\/media?parent=56901"}],"wp:term":[{"taxonomy":"category","embeddable":true,"href":"https:\/\/www.noticiasradioreflejos.com.ar\/2021\/wp-json\/wp\/v2\/categories?post=56901"},{"taxonomy":"post_tag","embeddable":true,"href":"https:\/\/www.noticiasradioreflejos.com.ar\/2021\/wp-json\/wp\/v2\/tags?post=56901"}],"curies":[{"name":"wp","href":"https:\/\/api.w.org\/{rel}","templated":true}]}}