{"id":56895,"date":"2021-05-14T22:28:28","date_gmt":"2021-05-14T22:28:28","guid":{"rendered":"http:\/\/www.noticiasradioreflejos.com.ar\/2021\/?p=56895"},"modified":"2021-05-14T23:35:08","modified_gmt":"2021-05-14T23:35:08","slug":"raverta-visito-santiago-del-estero-para-seguir-incorporando-chicos-y-chicas-a-la-auh","status":"publish","type":"post","link":"https:\/\/www.noticiasradioreflejos.com.ar\/2021\/raverta-visito-santiago-del-estero-para-seguir-incorporando-chicos-y-chicas-a-la-auh\/","title":{"rendered":"Raverta visit\u00f3 Santiago del Estero para seguir incorporando chicos y chicas a la AUH"},"content":{"rendered":"<p style=\"font-weight: 400;\">La directora ejecutiva de la ANSES,\u00a0<strong>Fernanda Raverta<\/strong>, y el gobernador de Santiago del Estero,\u00a0<strong>Gerardo Zamora<\/strong>, firmaron hoy un convenio de colaboraci\u00f3n para la implementaci\u00f3n del programa \u201c<strong>Red Federal de la Seguridad Social para ni\u00f1as, ni\u00f1os, adolescentes, personas gestantes y poblaciones vulnerables<\/strong>\u201d con el fin de garantizar el acceso a la seguridad social de los argentinos y argentinas. De esta manera, el organismo previsional sigue articulando con las provincias estrategias de trabajo para la b\u00fasqueda activa y el acompa\u00f1amiento integral de ni\u00f1as, ni\u00f1os, adolescentes y personas embarazadas.<!--more--><\/p>\n<p style=\"font-weight: 400;\">All\u00ed,<strong>\u00a0Raverta\u00a0<\/strong>y\u00a0<strong>Zamora\u00a0<\/strong>conversaron sobre el trabajo de la ANSES en Santiago del Estero. La directora ejecutiva expres\u00f3: \u201c<em>Con este convenio de colaboraci\u00f3n seguimos trabajando para incluir a los chicos y las chicas que a\u00fan no cobran la asignaci\u00f3n universal, pero est\u00e1n en su derecho de hacerlo. Estamos ac\u00e1 con este abrazo de pu\u00f1o, de codo, pero sentido para reconocerles el esfuerzo<\/em>\u201d.<\/p>\n<p style=\"font-weight: 400;\">Durante el viaje,<strong>\u00a0Raverta\u00a0<\/strong>adem\u00e1s recorri\u00f3 la delegaci\u00f3n de la ciudad de Santiago del Estero donde estuvo acompa\u00f1ada por la jefa Regional de Noroeste,\u00a0<strong>Gabriela Ortiz<\/strong>, y el responsable de la delegaci\u00f3n,\u00a0<strong>Hugo Zavaleta<\/strong>. Comparti\u00f3 una charla con los trabajadores y trabajadoras y realiz\u00f3 entrega de reconocimientos a la labor de los empleados esenciales del organismo.<\/p>\n<p style=\"font-weight: 400;\">Adem\u00e1s, la directora de la ANSES, mantuvo un encuentro con el Senador Nacional,\u00a0<strong>Jos\u00e9 Emilio Neder<\/strong>, visit\u00f3 a\u00a0<strong>Leticia Bravo<\/strong>, una beneficiaria que adquiri\u00f3 un Cr\u00e9dito ANSES y a\u00a0<strong>Marcela Grecco<\/strong>, quien percibe la Asignaci\u00f3n Universal por Hijo (AUH) por sus dos hijas. Durante la jornada la directora ejecutiva estuvo acompa\u00f1ada por el director de Red Interior de la ANSES,\u00a0<strong>Waldo Lomonico<\/strong>.<\/p>\n<p style=\"font-weight: 400;\"><strong><a href=\"http:\/\/www.anses.gob.ar\/\" data-saferedirecturl=\"https:\/\/www.google.com\/url?q=http:\/\/www.anses.gob.ar&amp;source=gmail&amp;ust=1621114179416000&amp;usg=AFQjCNHyEf20AhcJdexq5e9zE0RimbykFA\">www.anses.gob.ar<\/a><\/strong><\/p>\n","protected":false},"excerpt":{"rendered":"<p>La directora ejecutiva de la ANSES,\u00a0Fernanda Raverta, y el gobernador de Santiago del Estero,\u00a0Gerardo Zamora, firmaron hoy un convenio de colaboraci\u00f3n para la implementaci\u00f3n del programa \u201cRed Federal de la Seguridad Social para ni\u00f1as, ni\u00f1os, adolescentes, personas gestantes y poblaciones vulnerables\u201d con el fin de garantizar el acceso a la seguridad social de los argentinos [&hellip;]<\/p>\n","protected":false},"author":3,"featured_media":0,"comment_status":"closed","ping_status":"closed","sticky":false,"template":"","format":"standard","meta":{"footnotes":""},"categories":[24],"tags":[],"class_list":["post-56895","post","type-post","status-publish","format-standard","hentry","category-politica"],"yoast_head":"<!-- This site is optimized with the Yoast SEO plugin v25.9 - https:\/\/yoast.com\/wordpress\/plugins\/seo\/ -->\n<title>Raverta visit\u00f3 Santiago del Estero para seguir incorporando chicos y chicas a la AUH - Noticias Radio Reflejos<\/title>\n<meta name=\"robots\" content=\"index, follow, max-snippet:-1, max-image-preview:large, max-video-preview:-1\" \/>\n<link rel=\"canonical\" href=\"https:\/\/www.noticiasradioreflejos.com.ar\/2021\/raverta-visito-santiago-del-estero-para-seguir-incorporando-chicos-y-chicas-a-la-auh\/\" \/>\n<meta property=\"og:locale\" content=\"es_ES\" \/>\n<meta property=\"og:type\" content=\"article\" \/>\n<meta property=\"og:title\" content=\"Raverta visit\u00f3 Santiago del Estero para seguir incorporando chicos y chicas a la AUH - Noticias Radio Reflejos\" \/>\n<meta property=\"og:description\" content=\"La directora ejecutiva de la ANSES,\u00a0Fernanda Raverta, y el gobernador de Santiago del Estero,\u00a0Gerardo Zamora, firmaron hoy un convenio de colaboraci\u00f3n para la implementaci\u00f3n del programa \u201cRed Federal de la Seguridad Social para ni\u00f1as, ni\u00f1os, adolescentes, personas gestantes y poblaciones vulnerables\u201d con el fin de garantizar el acceso a la seguridad social de los argentinos [&hellip;]\" \/>\n<meta property=\"og:url\" content=\"https:\/\/www.noticiasradioreflejos.com.ar\/2021\/raverta-visito-santiago-del-estero-para-seguir-incorporando-chicos-y-chicas-a-la-auh\/\" \/>\n<meta property=\"og:site_name\" content=\"Noticias Radio Reflejos\" \/>\n<meta property=\"article:published_time\" content=\"2021-05-14T22:28:28+00:00\" \/>\n<meta property=\"article:modified_time\" content=\"2021-05-14T23:35:08+00:00\" \/>\n<meta property=\"og:image\" content=\"https:\/\/www.noticiasradioreflejos.com.ar\/2021\/wp-content\/uploads\/2021\/07\/logosol300x200.png\" \/>\n\t<meta property=\"og:image:width\" content=\"300\" \/>\n\t<meta property=\"og:image:height\" content=\"200\" \/>\n\t<meta property=\"og:image:type\" content=\"image\/png\" \/>\n<meta name=\"author\" content=\"Arnaldo Botto\" \/>\n<meta name=\"twitter:card\" content=\"summary_large_image\" \/>\n<script type=\"application\/ld+json\" class=\"yoast-schema-graph\">{\"@context\":\"https:\/\/schema.org\",\"@graph\":[{\"@type\":\"WebPage\",\"@id\":\"https:\/\/www.noticiasradioreflejos.com.ar\/2021\/raverta-visito-santiago-del-estero-para-seguir-incorporando-chicos-y-chicas-a-la-auh\/\",\"url\":\"https:\/\/www.noticiasradioreflejos.com.ar\/2021\/raverta-visito-santiago-del-estero-para-seguir-incorporando-chicos-y-chicas-a-la-auh\/\",\"name\":\"Raverta visit\u00f3 Santiago del Estero para seguir incorporando chicos y chicas a la AUH - Noticias Radio Reflejos\",\"isPartOf\":{\"@id\":\"https:\/\/www.noticiasradioreflejos.com.ar\/2021\/#website\"},\"datePublished\":\"2021-05-14T22:28:28+00:00\",\"dateModified\":\"2021-05-14T23:35:08+00:00\",\"author\":{\"@id\":\"https:\/\/www.noticiasradioreflejos.com.ar\/2021\/#\/schema\/person\/ad82545263dcc5ec0996818884fd5fb1\"},\"breadcrumb\":{\"@id\":\"https:\/\/www.noticiasradioreflejos.com.ar\/2021\/raverta-visito-santiago-del-estero-para-seguir-incorporando-chicos-y-chicas-a-la-auh\/#breadcrumb\"},\"inLanguage\":\"es\",\"potentialAction\":[{\"@type\":\"ReadAction\",\"target\":[\"https:\/\/www.noticiasradioreflejos.com.ar\/2021\/raverta-visito-santiago-del-estero-para-seguir-incorporando-chicos-y-chicas-a-la-auh\/\"]}]},{\"@type\":\"BreadcrumbList\",\"@id\":\"https:\/\/www.noticiasradioreflejos.com.ar\/2021\/raverta-visito-santiago-del-estero-para-seguir-incorporando-chicos-y-chicas-a-la-auh\/#breadcrumb\",\"itemListElement\":[{\"@type\":\"ListItem\",\"position\":1,\"name\":\"Portada\",\"item\":\"https:\/\/www.noticiasradioreflejos.com.ar\/2021\/\"},{\"@type\":\"ListItem\",\"position\":2,\"name\":\"Raverta visit\u00f3 Santiago del Estero para seguir incorporando chicos y chicas a la AUH\"}]},{\"@type\":\"WebSite\",\"@id\":\"https:\/\/www.noticiasradioreflejos.com.ar\/2021\/#website\",\"url\":\"https:\/\/www.noticiasradioreflejos.com.ar\/2021\/\",\"name\":\"Noticias Radio Reflejos\",\"description\":\"Las noticias de mi comarca\",\"potentialAction\":[{\"@type\":\"SearchAction\",\"target\":{\"@type\":\"EntryPoint\",\"urlTemplate\":\"https:\/\/www.noticiasradioreflejos.com.ar\/2021\/?s={search_term_string}\"},\"query-input\":{\"@type\":\"PropertyValueSpecification\",\"valueRequired\":true,\"valueName\":\"search_term_string\"}}],\"inLanguage\":\"es\"},{\"@type\":\"Person\",\"@id\":\"https:\/\/www.noticiasradioreflejos.com.ar\/2021\/#\/schema\/person\/ad82545263dcc5ec0996818884fd5fb1\",\"name\":\"Arnaldo Botto\",\"image\":{\"@type\":\"ImageObject\",\"inLanguage\":\"es\",\"@id\":\"https:\/\/www.noticiasradioreflejos.com.ar\/2021\/#\/schema\/person\/image\/\",\"url\":\"https:\/\/secure.gravatar.com\/avatar\/55cb5e37c1efa326397366e6974cb338056df65cb50e7d64d1cf314e87504837?s=96&d=mm&r=g\",\"contentUrl\":\"https:\/\/secure.gravatar.com\/avatar\/55cb5e37c1efa326397366e6974cb338056df65cb50e7d64d1cf314e87504837?s=96&d=mm&r=g\",\"caption\":\"Arnaldo Botto\"},\"url\":\"https:\/\/www.noticiasradioreflejos.com.ar\/2021\/author\/arnaldo\/\"}]}<\/script>\n<!-- \/ Yoast SEO plugin. -->","yoast_head_json":{"title":"Raverta visit\u00f3 Santiago del Estero para seguir incorporando chicos y chicas a la AUH - Noticias Radio Reflejos","robots":{"index":"index","follow":"follow","max-snippet":"max-snippet:-1","max-image-preview":"max-image-preview:large","max-video-preview":"max-video-preview:-1"},"canonical":"https:\/\/www.noticiasradioreflejos.com.ar\/2021\/raverta-visito-santiago-del-estero-para-seguir-incorporando-chicos-y-chicas-a-la-auh\/","og_locale":"es_ES","og_type":"article","og_title":"Raverta visit\u00f3 Santiago del Estero para seguir incorporando chicos y chicas a la AUH - Noticias Radio Reflejos","og_description":"La directora ejecutiva de la ANSES,\u00a0Fernanda Raverta, y el gobernador de Santiago del Estero,\u00a0Gerardo Zamora, firmaron hoy un convenio de colaboraci\u00f3n para la implementaci\u00f3n del programa \u201cRed Federal de la Seguridad Social para ni\u00f1as, ni\u00f1os, adolescentes, personas gestantes y poblaciones vulnerables\u201d con el fin de garantizar el acceso a la seguridad social de los argentinos [&hellip;]","og_url":"https:\/\/www.noticiasradioreflejos.com.ar\/2021\/raverta-visito-santiago-del-estero-para-seguir-incorporando-chicos-y-chicas-a-la-auh\/","og_site_name":"Noticias Radio Reflejos","article_published_time":"2021-05-14T22:28:28+00:00","article_modified_time":"2021-05-14T23:35:08+00:00","og_image":[{"width":300,"height":200,"url":"https:\/\/www.noticiasradioreflejos.com.ar\/2021\/wp-content\/uploads\/2021\/07\/logosol300x200.png","type":"image\/png"}],"author":"Arnaldo Botto","twitter_card":"summary_large_image","schema":{"@context":"https:\/\/schema.org","@graph":[{"@type":"WebPage","@id":"https:\/\/www.noticiasradioreflejos.com.ar\/2021\/raverta-visito-santiago-del-estero-para-seguir-incorporando-chicos-y-chicas-a-la-auh\/","url":"https:\/\/www.noticiasradioreflejos.com.ar\/2021\/raverta-visito-santiago-del-estero-para-seguir-incorporando-chicos-y-chicas-a-la-auh\/","name":"Raverta visit\u00f3 Santiago del Estero para seguir incorporando chicos y chicas a la AUH - Noticias Radio Reflejos","isPartOf":{"@id":"https:\/\/www.noticiasradioreflejos.com.ar\/2021\/#website"},"datePublished":"2021-05-14T22:28:28+00:00","dateModified":"2021-05-14T23:35:08+00:00","author":{"@id":"https:\/\/www.noticiasradioreflejos.com.ar\/2021\/#\/schema\/person\/ad82545263dcc5ec0996818884fd5fb1"},"breadcrumb":{"@id":"https:\/\/www.noticiasradioreflejos.com.ar\/2021\/raverta-visito-santiago-del-estero-para-seguir-incorporando-chicos-y-chicas-a-la-auh\/#breadcrumb"},"inLanguage":"es","potentialAction":[{"@type":"ReadAction","target":["https:\/\/www.noticiasradioreflejos.com.ar\/2021\/raverta-visito-santiago-del-estero-para-seguir-incorporando-chicos-y-chicas-a-la-auh\/"]}]},{"@type":"BreadcrumbList","@id":"https:\/\/www.noticiasradioreflejos.com.ar\/2021\/raverta-visito-santiago-del-estero-para-seguir-incorporando-chicos-y-chicas-a-la-auh\/#breadcrumb","itemListElement":[{"@type":"ListItem","position":1,"name":"Portada","item":"https:\/\/www.noticiasradioreflejos.com.ar\/2021\/"},{"@type":"ListItem","position":2,"name":"Raverta visit\u00f3 Santiago del Estero para seguir incorporando chicos y chicas a la AUH"}]},{"@type":"WebSite","@id":"https:\/\/www.noticiasradioreflejos.com.ar\/2021\/#website","url":"https:\/\/www.noticiasradioreflejos.com.ar\/2021\/","name":"Noticias Radio Reflejos","description":"Las noticias de mi comarca","potentialAction":[{"@type":"SearchAction","target":{"@type":"EntryPoint","urlTemplate":"https:\/\/www.noticiasradioreflejos.com.ar\/2021\/?s={search_term_string}"},"query-input":{"@type":"PropertyValueSpecification","valueRequired":true,"valueName":"search_term_string"}}],"inLanguage":"es"},{"@type":"Person","@id":"https:\/\/www.noticiasradioreflejos.com.ar\/2021\/#\/schema\/person\/ad82545263dcc5ec0996818884fd5fb1","name":"Arnaldo Botto","image":{"@type":"ImageObject","inLanguage":"es","@id":"https:\/\/www.noticiasradioreflejos.com.ar\/2021\/#\/schema\/person\/image\/","url":"https:\/\/secure.gravatar.com\/avatar\/55cb5e37c1efa326397366e6974cb338056df65cb50e7d64d1cf314e87504837?s=96&d=mm&r=g","contentUrl":"https:\/\/secure.gravatar.com\/avatar\/55cb5e37c1efa326397366e6974cb338056df65cb50e7d64d1cf314e87504837?s=96&d=mm&r=g","caption":"Arnaldo Botto"},"url":"https:\/\/www.noticiasradioreflejos.com.ar\/2021\/author\/arnaldo\/"}]}},"_links":{"self":[{"href":"https:\/\/www.noticiasradioreflejos.com.ar\/2021\/wp-json\/wp\/v2\/posts\/56895","targetHints":{"allow":["GET"]}}],"collection":[{"href":"https:\/\/www.noticiasradioreflejos.com.ar\/2021\/wp-json\/wp\/v2\/posts"}],"about":[{"href":"https:\/\/www.noticiasradioreflejos.com.ar\/2021\/wp-json\/wp\/v2\/types\/post"}],"author":[{"embeddable":true,"href":"https:\/\/www.noticiasradioreflejos.com.ar\/2021\/wp-json\/wp\/v2\/users\/3"}],"replies":[{"embeddable":true,"href":"https:\/\/www.noticiasradioreflejos.com.ar\/2021\/wp-json\/wp\/v2\/comments?post=56895"}],"version-history":[{"count":4,"href":"https:\/\/www.noticiasradioreflejos.com.ar\/2021\/wp-json\/wp\/v2\/posts\/56895\/revisions"}],"predecessor-version":[{"id":56905,"href":"https:\/\/www.noticiasradioreflejos.com.ar\/2021\/wp-json\/wp\/v2\/posts\/56895\/revisions\/56905"}],"wp:attachment":[{"href":"https:\/\/www.noticiasradioreflejos.com.ar\/2021\/wp-json\/wp\/v2\/media?parent=56895"}],"wp:term":[{"taxonomy":"category","embeddable":true,"href":"https:\/\/www.noticiasradioreflejos.com.ar\/2021\/wp-json\/wp\/v2\/categories?post=56895"},{"taxonomy":"post_tag","embeddable":true,"href":"https:\/\/www.noticiasradioreflejos.com.ar\/2021\/wp-json\/wp\/v2\/tags?post=56895"}],"curies":[{"name":"wp","href":"https:\/\/api.w.org\/{rel}","templated":true}]}}