{"id":56894,"date":"2021-05-14T23:46:19","date_gmt":"2021-05-14T23:46:19","guid":{"rendered":"http:\/\/www.noticiasradioreflejos.com.ar\/2021\/?p=56894"},"modified":"2021-05-16T17:45:44","modified_gmt":"2021-05-16T17:45:44","slug":"me-ha-quedado-una-secuela-post-pandemia-hasta-que-todo-se-adapte-un-poco-me-gustaria-preservarme-y-estar-mas-metido-adentro-mio","status":"publish","type":"post","link":"https:\/\/www.noticiasradioreflejos.com.ar\/2021\/me-ha-quedado-una-secuela-post-pandemia-hasta-que-todo-se-adapte-un-poco-me-gustaria-preservarme-y-estar-mas-metido-adentro-mio\/","title":{"rendered":"\u00abMe ha quedado una secuela post-pandemia. Hasta que todo se adapte un poco, me gustar\u00eda preservarme y estar m\u00e1s metido adentro m\u00edo\u00bb"},"content":{"rendered":"<p>Durante nuestro programa \u00abTiempo Educativo\u00bb, estuvimos conversando con <strong>Diego Moon<\/strong>, actor, director y gestor cultural bahiense que actualmente vive en Alicante, Espa\u00f1a. En esta nota, Diego nos cuenta c\u00f3mo es atravesar la pandemia en Europa y tambi\u00e9n nos desarrolla su carrera art\u00edstica.<!--more--><\/p>\n<p>\u00abYo soy actor, director de teatro y gestor cultural. Soy Bahiense y actualmente estoy viviendo en Alicante, Espa\u00f1a\u00bb fueron las palabras que us\u00f3 Diego para presentarse.<\/p>\n<p>Cuando le pedimos que desarrolle c\u00f3mo se sobrelleva esta pandemia desde Alicante, Espa\u00f1a y desde su profesi\u00f3n, Diego declar\u00f3: \u00abEn t\u00e9rminos generales, dir\u00eda que es todo ir preguntando, viendo y frecuentando con los otros. Nosotros vamos viendo qu\u00e9 tal la vida con nuevas normativas, adapt\u00e1ndonos, improvisando a cada momento. En cuanto a lo personal, siempre he intentado estar en formaci\u00f3n. He tomado varios talleres y cursos a lo largo de este a\u00f1o, que ha afectado sobre todo para el sector art\u00edstico. Cada uno ha intentado encontrar nuevos lenguajes, cada uno ha intentado encontrarse de nuevo con su p\u00fablico. Se supon\u00eda que hab\u00eda ciertas ayudas tambi\u00e9n para el sector, que todav\u00eda no han llegado. Sobreviviendo\u00bb.<\/p>\n<p>\u00abNosotros no estuvimos encerrados en casa tanto tiempo. As\u00ed y todo, todo empez\u00f3 a funcionar reci\u00e9n ahora. La gente empez\u00f3 a moverse m\u00e1s similar a como era antes. Evidentemente fue como salir a otro mundo sin tener una preparaci\u00f3n. Ahora estoy mucho m\u00e1s tiempo en casa, me muevo s\u00f3lo si lo necesito. Me ha quedado una secuela post-pandemia. Hasta que todo se adapte un poco, me gustar\u00eda preservarme y estar m\u00e1s metido adentro m\u00edo\u00bb relat\u00f3 c\u00f3mo est\u00e1 viviendo \u00faltimamente.<\/p>\n<p>Diego explica que en Espa\u00f1a se termin\u00f3 el estado de alarma. Existen restricciones, pero la comunidad est\u00e1 relegada con toque de queda y manteniendo los cuidados preventivos. Las escuelas tienen un cursado diferente al habitual con un sistema similar al sistema de burbujas que se est\u00e1 aplicando en Argentina.<\/p>\n<p>Diego coment\u00f3 que el servicio de vacunaci\u00f3n es voluntario, como en Argentina, pero que la gente que no se vacuna tiene una serie de restricciones. \u00abEn las escuelas se tuvieron que vacunar todos los docentes, por ejemplo. Pero por ahora es libre, la gente se est\u00e1 vacunando normalmente y van bien con el tiempo\u00bb.<\/p>\n<p>Desde el punto de vista art\u00edstico, Diego desarroll\u00f3 sus proyectos. \u00abEste a\u00f1o he tenido m\u00e1s tiempo, me he dedicado a formarme. He tomado un taller de doblaje que es muy divertido. Por otro lado, tambi\u00e9n he intentado tomar cursos que no tienen que ver con lo art\u00edstico, que me lleven a ver las cosas de una manera diferente, por ejemplo el de transporte internacional y gesti\u00f3n de aduanas. Eso me abre un poco la cabeza y me ayuda a moverme en determinados sectores\u00bb.<\/p>\n<p>Diego comenta que actualmente se encuentra trabajando en animaci\u00f3n, \u00abalgo que ven\u00eda muy parado y ahora se est\u00e1 moviendo un poco\u00bb. Otro de los proyectos de los que forma parte, es el proyecto llamado \u00abNeurodramatizaci\u00f3n\u00bb, que toma las herramientas del teatro para transformar el mundo en el que vive una persona que tiene alg\u00fan desorden neurol\u00f3gico.<\/p>\n<p>Moon menciona que el teatro y la dramatizaci\u00f3n siempre fueron primera opci\u00f3n en la cual interiorizarse. \u00abCuando me volv\u00ed adolescente, no hab\u00eda teatro para ni\u00f1os. Tuve que buscar hacer teatro en una escuela. Evidentemente, me deslumbr\u00f3 y me hizo elegirla de alguna forma\u00bb.<\/p>\n<p>\u00abHe trabajado ah\u00ed un poco con el teatro de calle y con el Municipio\u00bb se refiri\u00f3 finalmente a la Comarca Serrana, lugar al que, seg\u00fan \u00e9l, lo han llamado numerosas veces para trabajar gracias a la cercan\u00eda con Bah\u00eda Blanca.<\/p>\n<p>Nota completa a continuaci\u00f3n:<br \/>\n<iframe loading=\"lazy\" src=\"https:\/\/w.soundcloud.com\/player\/?url=https%3A\/\/api.soundcloud.com\/tracks\/1048941913&amp;color=%23ff5500&amp;auto_play=false&amp;hide_related=false&amp;show_comments=true&amp;show_user=true&amp;show_reposts=false&amp;show_teaser=true&amp;visual=true\" width=\"100%\" height=\"300\" frameborder=\"no\" scrolling=\"no\"><\/iframe><\/p>\n<div style=\"font-size: 10px; color: #cccccc; line-break: anywhere; word-break: normal; overflow: hidden; white-space: nowrap; text-overflow: ellipsis; font-family: Interstate,Lucida Grande,Lucida Sans Unicode,Lucida Sans,Garuda,Verdana,Tahoma,sans-serif; font-weight: 100;\"><a style=\"color: #cccccc; text-decoration: none;\" title=\"fmreflejos 103.7\" href=\"https:\/\/soundcloud.com\/fmreflejos-103-7\" target=\"_blank\" rel=\"noopener\">fmreflejos 103.7<\/a> \u00b7 <a style=\"color: #cccccc; text-decoration: none;\" title=\"Nota Diego Moon\" href=\"https:\/\/soundcloud.com\/fmreflejos-103-7\/nota-diego-moon\" target=\"_blank\" rel=\"noopener\">Nota Diego Moon<\/a><\/div>\n","protected":false},"excerpt":{"rendered":"<p>Durante nuestro programa \u00abTiempo Educativo\u00bb, estuvimos conversando con Diego Moon, actor, director y gestor cultural bahiense que actualmente vive en Alicante, Espa\u00f1a. En esta nota, Diego nos cuenta c\u00f3mo es atravesar la pandemia en Europa y tambi\u00e9n nos desarrolla su carrera art\u00edstica.<\/p>\n","protected":false},"author":3,"featured_media":0,"comment_status":"closed","ping_status":"closed","sticky":false,"template":"","format":"standard","meta":{"footnotes":""},"categories":[35],"tags":[48],"class_list":["post-56894","post","type-post","status-publish","format-standard","hentry","category-cultura","tag-destacada"],"yoast_head":"<!-- This site is optimized with the Yoast SEO plugin v25.9 - https:\/\/yoast.com\/wordpress\/plugins\/seo\/ -->\n<title>&quot;Me ha quedado una secuela post-pandemia. Hasta que todo se adapte un poco, me gustar\u00eda preservarme y estar m\u00e1s metido adentro m\u00edo&quot; - Noticias Radio Reflejos<\/title>\n<meta name=\"robots\" content=\"index, follow, max-snippet:-1, max-image-preview:large, max-video-preview:-1\" \/>\n<link rel=\"canonical\" href=\"https:\/\/www.noticiasradioreflejos.com.ar\/2021\/me-ha-quedado-una-secuela-post-pandemia-hasta-que-todo-se-adapte-un-poco-me-gustaria-preservarme-y-estar-mas-metido-adentro-mio\/\" \/>\n<meta property=\"og:locale\" content=\"es_ES\" \/>\n<meta property=\"og:type\" content=\"article\" \/>\n<meta property=\"og:title\" content=\"&quot;Me ha quedado una secuela post-pandemia. Hasta que todo se adapte un poco, me gustar\u00eda preservarme y estar m\u00e1s metido adentro m\u00edo&quot; - Noticias Radio Reflejos\" \/>\n<meta property=\"og:description\" content=\"Durante nuestro programa \u00abTiempo Educativo\u00bb, estuvimos conversando con Diego Moon, actor, director y gestor cultural bahiense que actualmente vive en Alicante, Espa\u00f1a. En esta nota, Diego nos cuenta c\u00f3mo es atravesar la pandemia en Europa y tambi\u00e9n nos desarrolla su carrera art\u00edstica.\" \/>\n<meta property=\"og:url\" content=\"https:\/\/www.noticiasradioreflejos.com.ar\/2021\/me-ha-quedado-una-secuela-post-pandemia-hasta-que-todo-se-adapte-un-poco-me-gustaria-preservarme-y-estar-mas-metido-adentro-mio\/\" \/>\n<meta property=\"og:site_name\" content=\"Noticias Radio Reflejos\" \/>\n<meta property=\"article:published_time\" content=\"2021-05-14T23:46:19+00:00\" \/>\n<meta property=\"article:modified_time\" content=\"2021-05-16T17:45:44+00:00\" \/>\n<meta property=\"og:image\" content=\"https:\/\/www.noticiasradioreflejos.com.ar\/2021\/wp-content\/uploads\/2021\/07\/logosol300x200.png\" \/>\n\t<meta property=\"og:image:width\" content=\"300\" \/>\n\t<meta property=\"og:image:height\" content=\"200\" \/>\n\t<meta property=\"og:image:type\" content=\"image\/png\" \/>\n<meta name=\"author\" content=\"Arnaldo Botto\" \/>\n<meta name=\"twitter:card\" content=\"summary_large_image\" \/>\n<script type=\"application\/ld+json\" class=\"yoast-schema-graph\">{\"@context\":\"https:\/\/schema.org\",\"@graph\":[{\"@type\":\"WebPage\",\"@id\":\"https:\/\/www.noticiasradioreflejos.com.ar\/2021\/me-ha-quedado-una-secuela-post-pandemia-hasta-que-todo-se-adapte-un-poco-me-gustaria-preservarme-y-estar-mas-metido-adentro-mio\/\",\"url\":\"https:\/\/www.noticiasradioreflejos.com.ar\/2021\/me-ha-quedado-una-secuela-post-pandemia-hasta-que-todo-se-adapte-un-poco-me-gustaria-preservarme-y-estar-mas-metido-adentro-mio\/\",\"name\":\"\\\"Me ha quedado una secuela post-pandemia. Hasta que todo se adapte un poco, me gustar\u00eda preservarme y estar m\u00e1s metido adentro m\u00edo\\\" - Noticias Radio Reflejos\",\"isPartOf\":{\"@id\":\"https:\/\/www.noticiasradioreflejos.com.ar\/2021\/#website\"},\"datePublished\":\"2021-05-14T23:46:19+00:00\",\"dateModified\":\"2021-05-16T17:45:44+00:00\",\"author\":{\"@id\":\"https:\/\/www.noticiasradioreflejos.com.ar\/2021\/#\/schema\/person\/ad82545263dcc5ec0996818884fd5fb1\"},\"breadcrumb\":{\"@id\":\"https:\/\/www.noticiasradioreflejos.com.ar\/2021\/me-ha-quedado-una-secuela-post-pandemia-hasta-que-todo-se-adapte-un-poco-me-gustaria-preservarme-y-estar-mas-metido-adentro-mio\/#breadcrumb\"},\"inLanguage\":\"es\",\"potentialAction\":[{\"@type\":\"ReadAction\",\"target\":[\"https:\/\/www.noticiasradioreflejos.com.ar\/2021\/me-ha-quedado-una-secuela-post-pandemia-hasta-que-todo-se-adapte-un-poco-me-gustaria-preservarme-y-estar-mas-metido-adentro-mio\/\"]}]},{\"@type\":\"BreadcrumbList\",\"@id\":\"https:\/\/www.noticiasradioreflejos.com.ar\/2021\/me-ha-quedado-una-secuela-post-pandemia-hasta-que-todo-se-adapte-un-poco-me-gustaria-preservarme-y-estar-mas-metido-adentro-mio\/#breadcrumb\",\"itemListElement\":[{\"@type\":\"ListItem\",\"position\":1,\"name\":\"Portada\",\"item\":\"https:\/\/www.noticiasradioreflejos.com.ar\/2021\/\"},{\"@type\":\"ListItem\",\"position\":2,\"name\":\"\u00abMe ha quedado una secuela post-pandemia. Hasta que todo se adapte un poco, me gustar\u00eda preservarme y estar m\u00e1s metido adentro m\u00edo\u00bb\"}]},{\"@type\":\"WebSite\",\"@id\":\"https:\/\/www.noticiasradioreflejos.com.ar\/2021\/#website\",\"url\":\"https:\/\/www.noticiasradioreflejos.com.ar\/2021\/\",\"name\":\"Noticias Radio Reflejos\",\"description\":\"Las noticias de mi comarca\",\"potentialAction\":[{\"@type\":\"SearchAction\",\"target\":{\"@type\":\"EntryPoint\",\"urlTemplate\":\"https:\/\/www.noticiasradioreflejos.com.ar\/2021\/?s={search_term_string}\"},\"query-input\":{\"@type\":\"PropertyValueSpecification\",\"valueRequired\":true,\"valueName\":\"search_term_string\"}}],\"inLanguage\":\"es\"},{\"@type\":\"Person\",\"@id\":\"https:\/\/www.noticiasradioreflejos.com.ar\/2021\/#\/schema\/person\/ad82545263dcc5ec0996818884fd5fb1\",\"name\":\"Arnaldo Botto\",\"image\":{\"@type\":\"ImageObject\",\"inLanguage\":\"es\",\"@id\":\"https:\/\/www.noticiasradioreflejos.com.ar\/2021\/#\/schema\/person\/image\/\",\"url\":\"https:\/\/secure.gravatar.com\/avatar\/55cb5e37c1efa326397366e6974cb338056df65cb50e7d64d1cf314e87504837?s=96&d=mm&r=g\",\"contentUrl\":\"https:\/\/secure.gravatar.com\/avatar\/55cb5e37c1efa326397366e6974cb338056df65cb50e7d64d1cf314e87504837?s=96&d=mm&r=g\",\"caption\":\"Arnaldo Botto\"},\"url\":\"https:\/\/www.noticiasradioreflejos.com.ar\/2021\/author\/arnaldo\/\"}]}<\/script>\n<!-- \/ Yoast SEO plugin. -->","yoast_head_json":{"title":"\"Me ha quedado una secuela post-pandemia. Hasta que todo se adapte un poco, me gustar\u00eda preservarme y estar m\u00e1s metido adentro m\u00edo\" - Noticias Radio Reflejos","robots":{"index":"index","follow":"follow","max-snippet":"max-snippet:-1","max-image-preview":"max-image-preview:large","max-video-preview":"max-video-preview:-1"},"canonical":"https:\/\/www.noticiasradioreflejos.com.ar\/2021\/me-ha-quedado-una-secuela-post-pandemia-hasta-que-todo-se-adapte-un-poco-me-gustaria-preservarme-y-estar-mas-metido-adentro-mio\/","og_locale":"es_ES","og_type":"article","og_title":"\"Me ha quedado una secuela post-pandemia. Hasta que todo se adapte un poco, me gustar\u00eda preservarme y estar m\u00e1s metido adentro m\u00edo\" - Noticias Radio Reflejos","og_description":"Durante nuestro programa \u00abTiempo Educativo\u00bb, estuvimos conversando con Diego Moon, actor, director y gestor cultural bahiense que actualmente vive en Alicante, Espa\u00f1a. En esta nota, Diego nos cuenta c\u00f3mo es atravesar la pandemia en Europa y tambi\u00e9n nos desarrolla su carrera art\u00edstica.","og_url":"https:\/\/www.noticiasradioreflejos.com.ar\/2021\/me-ha-quedado-una-secuela-post-pandemia-hasta-que-todo-se-adapte-un-poco-me-gustaria-preservarme-y-estar-mas-metido-adentro-mio\/","og_site_name":"Noticias Radio Reflejos","article_published_time":"2021-05-14T23:46:19+00:00","article_modified_time":"2021-05-16T17:45:44+00:00","og_image":[{"width":300,"height":200,"url":"https:\/\/www.noticiasradioreflejos.com.ar\/2021\/wp-content\/uploads\/2021\/07\/logosol300x200.png","type":"image\/png"}],"author":"Arnaldo Botto","twitter_card":"summary_large_image","schema":{"@context":"https:\/\/schema.org","@graph":[{"@type":"WebPage","@id":"https:\/\/www.noticiasradioreflejos.com.ar\/2021\/me-ha-quedado-una-secuela-post-pandemia-hasta-que-todo-se-adapte-un-poco-me-gustaria-preservarme-y-estar-mas-metido-adentro-mio\/","url":"https:\/\/www.noticiasradioreflejos.com.ar\/2021\/me-ha-quedado-una-secuela-post-pandemia-hasta-que-todo-se-adapte-un-poco-me-gustaria-preservarme-y-estar-mas-metido-adentro-mio\/","name":"\"Me ha quedado una secuela post-pandemia. Hasta que todo se adapte un poco, me gustar\u00eda preservarme y estar m\u00e1s metido adentro m\u00edo\" - Noticias Radio Reflejos","isPartOf":{"@id":"https:\/\/www.noticiasradioreflejos.com.ar\/2021\/#website"},"datePublished":"2021-05-14T23:46:19+00:00","dateModified":"2021-05-16T17:45:44+00:00","author":{"@id":"https:\/\/www.noticiasradioreflejos.com.ar\/2021\/#\/schema\/person\/ad82545263dcc5ec0996818884fd5fb1"},"breadcrumb":{"@id":"https:\/\/www.noticiasradioreflejos.com.ar\/2021\/me-ha-quedado-una-secuela-post-pandemia-hasta-que-todo-se-adapte-un-poco-me-gustaria-preservarme-y-estar-mas-metido-adentro-mio\/#breadcrumb"},"inLanguage":"es","potentialAction":[{"@type":"ReadAction","target":["https:\/\/www.noticiasradioreflejos.com.ar\/2021\/me-ha-quedado-una-secuela-post-pandemia-hasta-que-todo-se-adapte-un-poco-me-gustaria-preservarme-y-estar-mas-metido-adentro-mio\/"]}]},{"@type":"BreadcrumbList","@id":"https:\/\/www.noticiasradioreflejos.com.ar\/2021\/me-ha-quedado-una-secuela-post-pandemia-hasta-que-todo-se-adapte-un-poco-me-gustaria-preservarme-y-estar-mas-metido-adentro-mio\/#breadcrumb","itemListElement":[{"@type":"ListItem","position":1,"name":"Portada","item":"https:\/\/www.noticiasradioreflejos.com.ar\/2021\/"},{"@type":"ListItem","position":2,"name":"\u00abMe ha quedado una secuela post-pandemia. Hasta que todo se adapte un poco, me gustar\u00eda preservarme y estar m\u00e1s metido adentro m\u00edo\u00bb"}]},{"@type":"WebSite","@id":"https:\/\/www.noticiasradioreflejos.com.ar\/2021\/#website","url":"https:\/\/www.noticiasradioreflejos.com.ar\/2021\/","name":"Noticias Radio Reflejos","description":"Las noticias de mi comarca","potentialAction":[{"@type":"SearchAction","target":{"@type":"EntryPoint","urlTemplate":"https:\/\/www.noticiasradioreflejos.com.ar\/2021\/?s={search_term_string}"},"query-input":{"@type":"PropertyValueSpecification","valueRequired":true,"valueName":"search_term_string"}}],"inLanguage":"es"},{"@type":"Person","@id":"https:\/\/www.noticiasradioreflejos.com.ar\/2021\/#\/schema\/person\/ad82545263dcc5ec0996818884fd5fb1","name":"Arnaldo Botto","image":{"@type":"ImageObject","inLanguage":"es","@id":"https:\/\/www.noticiasradioreflejos.com.ar\/2021\/#\/schema\/person\/image\/","url":"https:\/\/secure.gravatar.com\/avatar\/55cb5e37c1efa326397366e6974cb338056df65cb50e7d64d1cf314e87504837?s=96&d=mm&r=g","contentUrl":"https:\/\/secure.gravatar.com\/avatar\/55cb5e37c1efa326397366e6974cb338056df65cb50e7d64d1cf314e87504837?s=96&d=mm&r=g","caption":"Arnaldo Botto"},"url":"https:\/\/www.noticiasradioreflejos.com.ar\/2021\/author\/arnaldo\/"}]}},"_links":{"self":[{"href":"https:\/\/www.noticiasradioreflejos.com.ar\/2021\/wp-json\/wp\/v2\/posts\/56894","targetHints":{"allow":["GET"]}}],"collection":[{"href":"https:\/\/www.noticiasradioreflejos.com.ar\/2021\/wp-json\/wp\/v2\/posts"}],"about":[{"href":"https:\/\/www.noticiasradioreflejos.com.ar\/2021\/wp-json\/wp\/v2\/types\/post"}],"author":[{"embeddable":true,"href":"https:\/\/www.noticiasradioreflejos.com.ar\/2021\/wp-json\/wp\/v2\/users\/3"}],"replies":[{"embeddable":true,"href":"https:\/\/www.noticiasradioreflejos.com.ar\/2021\/wp-json\/wp\/v2\/comments?post=56894"}],"version-history":[{"count":4,"href":"https:\/\/www.noticiasradioreflejos.com.ar\/2021\/wp-json\/wp\/v2\/posts\/56894\/revisions"}],"predecessor-version":[{"id":56944,"href":"https:\/\/www.noticiasradioreflejos.com.ar\/2021\/wp-json\/wp\/v2\/posts\/56894\/revisions\/56944"}],"wp:attachment":[{"href":"https:\/\/www.noticiasradioreflejos.com.ar\/2021\/wp-json\/wp\/v2\/media?parent=56894"}],"wp:term":[{"taxonomy":"category","embeddable":true,"href":"https:\/\/www.noticiasradioreflejos.com.ar\/2021\/wp-json\/wp\/v2\/categories?post=56894"},{"taxonomy":"post_tag","embeddable":true,"href":"https:\/\/www.noticiasradioreflejos.com.ar\/2021\/wp-json\/wp\/v2\/tags?post=56894"}],"curies":[{"name":"wp","href":"https:\/\/api.w.org\/{rel}","templated":true}]}}