{"id":56890,"date":"2021-05-14T22:24:48","date_gmt":"2021-05-14T22:24:48","guid":{"rendered":"http:\/\/www.noticiasradioreflejos.com.ar\/2021\/?p=56890"},"modified":"2021-05-14T22:25:09","modified_gmt":"2021-05-14T22:25:09","slug":"villa-ventana-sorprende-por-el-significativo-numero-de-casos-de-covid-positivo","status":"publish","type":"post","link":"https:\/\/www.noticiasradioreflejos.com.ar\/2021\/villa-ventana-sorprende-por-el-significativo-numero-de-casos-de-covid-positivo\/","title":{"rendered":"Villa Ventana sorprende por el \u201csignificativo n\u00famero de casos\u201d de Covid positivo"},"content":{"rendered":"<div class=\"hnoti\">As\u00ed lo expres\u00f3 el <strong>Director del Hospital Municipal, Dr. Diego Herrera<\/strong>, a la hora de brindar un panorama sobre la situaci\u00f3n epidemiol\u00f3gica a nivel distrital.<\/div>\n<p><!--more--><\/p>\n<div class=\"text\">\n<p>El Director del Hospital Municipal,\u00a0<strong>Dr. Diego Herrera<\/strong>, brind\u00f3 detalles a este medio sobre la situaci\u00f3n epidemiol\u00f3gica a nivel distrital.<\/p>\n<p>Al d\u00eda de hoy 23 hisopados fueron realizados dentro del Hospital Municipal, arrojando dos casos positivos y a la espera de la revisi\u00f3n de los 21 restantes.<\/p>\n<p>\u201cA todos los pacientes que vienen les realizamos el test r\u00e1pido y si arroja positivo, se a\u00edsla. Caso contrario, cuando indica que es negativo, se comprueba nuevamente a trav\u00e9s de un procesamiento m\u00e1s detallado\u201d, explic\u00f3.<\/p>\n<p>A nivel distrital, Villa Ventana sorprende por el \u201csignificativo n\u00famero de casos\u201d de Covid positivo, teniendo en cuenta \u201cla cantidad de residentes permanentes en relaci\u00f3n a otras localidades\u201d.<\/p>\n<p>Los n\u00fameros ascienden y var\u00edan en cada comuna: Tornquist present\u00f3 una suba de casos, dejando un total de 27 positivos a la fecha y a la espera de pr\u00f3ximos resultados. La situaci\u00f3n continua critica para Partidos como el de Coronel Suarez, en donde el Intendente Ricardo Moccero, solicita a las autoridades provinciales el retroceso a fase 2.<\/p>\n<p>El Hospital Municipal \u201cDr. Alberto T. Castro\u201d arm\u00f3 un sistema de carpas en sus alrededores destinado a hisopar a la comunidad: \u201cEl Hospital est\u00e1 recibiendo gran cantidad de consultas de personas con Covid y con otras patolog\u00edas que requieren de atenci\u00f3n. Es por eso que indicamos a la poblaci\u00f3n que, al momento de hisoparse, se acerque a la carpa que se encuentra debidamente se\u00f1alizada y, en el caso de necesitar atenci\u00f3n, se proceder\u00e1 a la atenci\u00f3n hospitalaria con el m\u00e9dico de turno\u201d, indic\u00f3.<\/p>\n<p>La ocupaci\u00f3n de camas UTI se encuentra en un 50% ya que \u201chubo un cambio de paradigma\u201d que llev\u00f3 a reservarlas para pacientes extremadamente cr\u00edticos. Al momento, tres personas requieren asistencia en su respiraci\u00f3n, una de forma continua y dos de manera intermitente.<\/p>\n<p>Respecto a la franja etaria de los contagios, \u201cha habido casos positivos en menores de 18 a\u00f1os, inclusive en beb\u00e9s\u201d, aunque \u201cen ning\u00fan momento se requiri\u00f3 de hospitalizaci\u00f3n\u201d.<\/p>\n<p>Solicitando el traslado de las vacunas alojadas en el hospital \u201cpor una cuesti\u00f3n organizativa\u201d, la inoculaci\u00f3n fue retomada este jueves, en donde se aplica la segunda dosis de la vacuna Sputnik V.<\/p>\n<p><iframe loading=\"lazy\" src=\"https:\/\/w.soundcloud.com\/player\/?url=https%3A\/\/api.soundcloud.com\/tracks\/1048963279&amp;color=%23ff5500&amp;auto_play=false&amp;hide_related=false&amp;show_comments=true&amp;show_user=true&amp;show_reposts=false&amp;show_teaser=true\" width=\"100%\" height=\"166\" frameborder=\"no\" scrolling=\"no\"><\/iframe><\/p>\n<div style=\"font-size: 10px; color: #cccccc; line-break: anywhere; word-break: normal; overflow: hidden; white-space: nowrap; text-overflow: ellipsis; font-family: Interstate,Lucida Grande,Lucida Sans Unicode,Lucida Sans,Garuda,Verdana,Tahoma,sans-serif; font-weight: 100;\"><a style=\"color: #cccccc; text-decoration: none;\" title=\"fmreflejos 103.7\" href=\"https:\/\/soundcloud.com\/fmreflejos-103-7\" target=\"_blank\" rel=\"noopener\">fmreflejos 103.7<\/a> \u00b7 <a style=\"color: #cccccc; text-decoration: none;\" title=\"Nota - Diego - Herrera - 1405.mp3 Original\" href=\"https:\/\/soundcloud.com\/fmreflejos-103-7\/nota-diego-herrera-1405mp3-original\" target=\"_blank\" rel=\"noopener\">Nota &#8211; Diego &#8211; Herrera &#8211; 1405.mp3 Original<\/a><\/div>\n<\/div>\n<p><span style=\"color: #339966;\"><strong>Fuente Noticias Tornquist<\/strong><\/span><\/p>\n","protected":false},"excerpt":{"rendered":"<p>As\u00ed lo expres\u00f3 el Director del Hospital Municipal, Dr. Diego Herrera, a la hora de brindar un panorama sobre la situaci\u00f3n epidemiol\u00f3gica a nivel distrital.<\/p>\n","protected":false},"author":3,"featured_media":56891,"comment_status":"closed","ping_status":"closed","sticky":false,"template":"","format":"standard","meta":{"footnotes":""},"categories":[30],"tags":[48],"class_list":["post-56890","post","type-post","status-publish","format-standard","has-post-thumbnail","hentry","category-salud","tag-destacada"],"yoast_head":"<!-- This site is optimized with the Yoast SEO plugin v25.9 - https:\/\/yoast.com\/wordpress\/plugins\/seo\/ -->\n<title>Villa Ventana sorprende por el \u201csignificativo n\u00famero de casos\u201d de Covid positivo - Noticias Radio Reflejos<\/title>\n<meta name=\"robots\" content=\"index, follow, max-snippet:-1, max-image-preview:large, max-video-preview:-1\" \/>\n<link rel=\"canonical\" href=\"https:\/\/www.noticiasradioreflejos.com.ar\/2021\/villa-ventana-sorprende-por-el-significativo-numero-de-casos-de-covid-positivo\/\" \/>\n<meta property=\"og:locale\" content=\"es_ES\" \/>\n<meta property=\"og:type\" content=\"article\" \/>\n<meta property=\"og:title\" content=\"Villa Ventana sorprende por el \u201csignificativo n\u00famero de casos\u201d de Covid positivo - Noticias Radio Reflejos\" \/>\n<meta property=\"og:description\" content=\"As\u00ed lo expres\u00f3 el Director del Hospital Municipal, Dr. Diego Herrera, a la hora de brindar un panorama sobre la situaci\u00f3n epidemiol\u00f3gica a nivel distrital.\" \/>\n<meta property=\"og:url\" content=\"https:\/\/www.noticiasradioreflejos.com.ar\/2021\/villa-ventana-sorprende-por-el-significativo-numero-de-casos-de-covid-positivo\/\" \/>\n<meta property=\"og:site_name\" content=\"Noticias Radio Reflejos\" \/>\n<meta property=\"article:published_time\" content=\"2021-05-14T22:24:48+00:00\" \/>\n<meta property=\"article:modified_time\" content=\"2021-05-14T22:25:09+00:00\" \/>\n<meta property=\"og:image\" content=\"https:\/\/www.noticiasradioreflejos.com.ar\/2021\/wp-content\/uploads\/2021\/05\/Villa-Ventana.jpg\" \/>\n\t<meta property=\"og:image:width\" content=\"512\" \/>\n\t<meta property=\"og:image:height\" content=\"341\" \/>\n\t<meta property=\"og:image:type\" content=\"image\/jpeg\" \/>\n<meta name=\"author\" content=\"Arnaldo Botto\" \/>\n<meta name=\"twitter:card\" content=\"summary_large_image\" \/>\n<script type=\"application\/ld+json\" class=\"yoast-schema-graph\">{\"@context\":\"https:\/\/schema.org\",\"@graph\":[{\"@type\":\"WebPage\",\"@id\":\"https:\/\/www.noticiasradioreflejos.com.ar\/2021\/villa-ventana-sorprende-por-el-significativo-numero-de-casos-de-covid-positivo\/\",\"url\":\"https:\/\/www.noticiasradioreflejos.com.ar\/2021\/villa-ventana-sorprende-por-el-significativo-numero-de-casos-de-covid-positivo\/\",\"name\":\"Villa Ventana sorprende por el \u201csignificativo n\u00famero de casos\u201d de Covid positivo - Noticias Radio Reflejos\",\"isPartOf\":{\"@id\":\"https:\/\/www.noticiasradioreflejos.com.ar\/2021\/#website\"},\"primaryImageOfPage\":{\"@id\":\"https:\/\/www.noticiasradioreflejos.com.ar\/2021\/villa-ventana-sorprende-por-el-significativo-numero-de-casos-de-covid-positivo\/#primaryimage\"},\"image\":{\"@id\":\"https:\/\/www.noticiasradioreflejos.com.ar\/2021\/villa-ventana-sorprende-por-el-significativo-numero-de-casos-de-covid-positivo\/#primaryimage\"},\"thumbnailUrl\":\"https:\/\/www.noticiasradioreflejos.com.ar\/2021\/wp-content\/uploads\/2021\/05\/Villa-Ventana.jpg\",\"datePublished\":\"2021-05-14T22:24:48+00:00\",\"dateModified\":\"2021-05-14T22:25:09+00:00\",\"author\":{\"@id\":\"https:\/\/www.noticiasradioreflejos.com.ar\/2021\/#\/schema\/person\/ad82545263dcc5ec0996818884fd5fb1\"},\"breadcrumb\":{\"@id\":\"https:\/\/www.noticiasradioreflejos.com.ar\/2021\/villa-ventana-sorprende-por-el-significativo-numero-de-casos-de-covid-positivo\/#breadcrumb\"},\"inLanguage\":\"es\",\"potentialAction\":[{\"@type\":\"ReadAction\",\"target\":[\"https:\/\/www.noticiasradioreflejos.com.ar\/2021\/villa-ventana-sorprende-por-el-significativo-numero-de-casos-de-covid-positivo\/\"]}]},{\"@type\":\"ImageObject\",\"inLanguage\":\"es\",\"@id\":\"https:\/\/www.noticiasradioreflejos.com.ar\/2021\/villa-ventana-sorprende-por-el-significativo-numero-de-casos-de-covid-positivo\/#primaryimage\",\"url\":\"https:\/\/www.noticiasradioreflejos.com.ar\/2021\/wp-content\/uploads\/2021\/05\/Villa-Ventana.jpg\",\"contentUrl\":\"https:\/\/www.noticiasradioreflejos.com.ar\/2021\/wp-content\/uploads\/2021\/05\/Villa-Ventana.jpg\",\"width\":512,\"height\":341},{\"@type\":\"BreadcrumbList\",\"@id\":\"https:\/\/www.noticiasradioreflejos.com.ar\/2021\/villa-ventana-sorprende-por-el-significativo-numero-de-casos-de-covid-positivo\/#breadcrumb\",\"itemListElement\":[{\"@type\":\"ListItem\",\"position\":1,\"name\":\"Portada\",\"item\":\"https:\/\/www.noticiasradioreflejos.com.ar\/2021\/\"},{\"@type\":\"ListItem\",\"position\":2,\"name\":\"Villa Ventana sorprende por el \u201csignificativo n\u00famero de casos\u201d de Covid positivo\"}]},{\"@type\":\"WebSite\",\"@id\":\"https:\/\/www.noticiasradioreflejos.com.ar\/2021\/#website\",\"url\":\"https:\/\/www.noticiasradioreflejos.com.ar\/2021\/\",\"name\":\"Noticias Radio Reflejos\",\"description\":\"Las noticias de mi comarca\",\"potentialAction\":[{\"@type\":\"SearchAction\",\"target\":{\"@type\":\"EntryPoint\",\"urlTemplate\":\"https:\/\/www.noticiasradioreflejos.com.ar\/2021\/?s={search_term_string}\"},\"query-input\":{\"@type\":\"PropertyValueSpecification\",\"valueRequired\":true,\"valueName\":\"search_term_string\"}}],\"inLanguage\":\"es\"},{\"@type\":\"Person\",\"@id\":\"https:\/\/www.noticiasradioreflejos.com.ar\/2021\/#\/schema\/person\/ad82545263dcc5ec0996818884fd5fb1\",\"name\":\"Arnaldo Botto\",\"image\":{\"@type\":\"ImageObject\",\"inLanguage\":\"es\",\"@id\":\"https:\/\/www.noticiasradioreflejos.com.ar\/2021\/#\/schema\/person\/image\/\",\"url\":\"https:\/\/secure.gravatar.com\/avatar\/55cb5e37c1efa326397366e6974cb338056df65cb50e7d64d1cf314e87504837?s=96&d=mm&r=g\",\"contentUrl\":\"https:\/\/secure.gravatar.com\/avatar\/55cb5e37c1efa326397366e6974cb338056df65cb50e7d64d1cf314e87504837?s=96&d=mm&r=g\",\"caption\":\"Arnaldo Botto\"},\"url\":\"https:\/\/www.noticiasradioreflejos.com.ar\/2021\/author\/arnaldo\/\"}]}<\/script>\n<!-- \/ Yoast SEO plugin. -->","yoast_head_json":{"title":"Villa Ventana sorprende por el \u201csignificativo n\u00famero de casos\u201d de Covid positivo - Noticias Radio Reflejos","robots":{"index":"index","follow":"follow","max-snippet":"max-snippet:-1","max-image-preview":"max-image-preview:large","max-video-preview":"max-video-preview:-1"},"canonical":"https:\/\/www.noticiasradioreflejos.com.ar\/2021\/villa-ventana-sorprende-por-el-significativo-numero-de-casos-de-covid-positivo\/","og_locale":"es_ES","og_type":"article","og_title":"Villa Ventana sorprende por el \u201csignificativo n\u00famero de casos\u201d de Covid positivo - Noticias Radio Reflejos","og_description":"As\u00ed lo expres\u00f3 el Director del Hospital Municipal, Dr. Diego Herrera, a la hora de brindar un panorama sobre la situaci\u00f3n epidemiol\u00f3gica a nivel distrital.","og_url":"https:\/\/www.noticiasradioreflejos.com.ar\/2021\/villa-ventana-sorprende-por-el-significativo-numero-de-casos-de-covid-positivo\/","og_site_name":"Noticias Radio Reflejos","article_published_time":"2021-05-14T22:24:48+00:00","article_modified_time":"2021-05-14T22:25:09+00:00","og_image":[{"width":512,"height":341,"url":"https:\/\/www.noticiasradioreflejos.com.ar\/2021\/wp-content\/uploads\/2021\/05\/Villa-Ventana.jpg","type":"image\/jpeg"}],"author":"Arnaldo Botto","twitter_card":"summary_large_image","schema":{"@context":"https:\/\/schema.org","@graph":[{"@type":"WebPage","@id":"https:\/\/www.noticiasradioreflejos.com.ar\/2021\/villa-ventana-sorprende-por-el-significativo-numero-de-casos-de-covid-positivo\/","url":"https:\/\/www.noticiasradioreflejos.com.ar\/2021\/villa-ventana-sorprende-por-el-significativo-numero-de-casos-de-covid-positivo\/","name":"Villa Ventana sorprende por el \u201csignificativo n\u00famero de casos\u201d de Covid positivo - Noticias Radio Reflejos","isPartOf":{"@id":"https:\/\/www.noticiasradioreflejos.com.ar\/2021\/#website"},"primaryImageOfPage":{"@id":"https:\/\/www.noticiasradioreflejos.com.ar\/2021\/villa-ventana-sorprende-por-el-significativo-numero-de-casos-de-covid-positivo\/#primaryimage"},"image":{"@id":"https:\/\/www.noticiasradioreflejos.com.ar\/2021\/villa-ventana-sorprende-por-el-significativo-numero-de-casos-de-covid-positivo\/#primaryimage"},"thumbnailUrl":"https:\/\/www.noticiasradioreflejos.com.ar\/2021\/wp-content\/uploads\/2021\/05\/Villa-Ventana.jpg","datePublished":"2021-05-14T22:24:48+00:00","dateModified":"2021-05-14T22:25:09+00:00","author":{"@id":"https:\/\/www.noticiasradioreflejos.com.ar\/2021\/#\/schema\/person\/ad82545263dcc5ec0996818884fd5fb1"},"breadcrumb":{"@id":"https:\/\/www.noticiasradioreflejos.com.ar\/2021\/villa-ventana-sorprende-por-el-significativo-numero-de-casos-de-covid-positivo\/#breadcrumb"},"inLanguage":"es","potentialAction":[{"@type":"ReadAction","target":["https:\/\/www.noticiasradioreflejos.com.ar\/2021\/villa-ventana-sorprende-por-el-significativo-numero-de-casos-de-covid-positivo\/"]}]},{"@type":"ImageObject","inLanguage":"es","@id":"https:\/\/www.noticiasradioreflejos.com.ar\/2021\/villa-ventana-sorprende-por-el-significativo-numero-de-casos-de-covid-positivo\/#primaryimage","url":"https:\/\/www.noticiasradioreflejos.com.ar\/2021\/wp-content\/uploads\/2021\/05\/Villa-Ventana.jpg","contentUrl":"https:\/\/www.noticiasradioreflejos.com.ar\/2021\/wp-content\/uploads\/2021\/05\/Villa-Ventana.jpg","width":512,"height":341},{"@type":"BreadcrumbList","@id":"https:\/\/www.noticiasradioreflejos.com.ar\/2021\/villa-ventana-sorprende-por-el-significativo-numero-de-casos-de-covid-positivo\/#breadcrumb","itemListElement":[{"@type":"ListItem","position":1,"name":"Portada","item":"https:\/\/www.noticiasradioreflejos.com.ar\/2021\/"},{"@type":"ListItem","position":2,"name":"Villa Ventana sorprende por el \u201csignificativo n\u00famero de casos\u201d de Covid positivo"}]},{"@type":"WebSite","@id":"https:\/\/www.noticiasradioreflejos.com.ar\/2021\/#website","url":"https:\/\/www.noticiasradioreflejos.com.ar\/2021\/","name":"Noticias Radio Reflejos","description":"Las noticias de mi comarca","potentialAction":[{"@type":"SearchAction","target":{"@type":"EntryPoint","urlTemplate":"https:\/\/www.noticiasradioreflejos.com.ar\/2021\/?s={search_term_string}"},"query-input":{"@type":"PropertyValueSpecification","valueRequired":true,"valueName":"search_term_string"}}],"inLanguage":"es"},{"@type":"Person","@id":"https:\/\/www.noticiasradioreflejos.com.ar\/2021\/#\/schema\/person\/ad82545263dcc5ec0996818884fd5fb1","name":"Arnaldo Botto","image":{"@type":"ImageObject","inLanguage":"es","@id":"https:\/\/www.noticiasradioreflejos.com.ar\/2021\/#\/schema\/person\/image\/","url":"https:\/\/secure.gravatar.com\/avatar\/55cb5e37c1efa326397366e6974cb338056df65cb50e7d64d1cf314e87504837?s=96&d=mm&r=g","contentUrl":"https:\/\/secure.gravatar.com\/avatar\/55cb5e37c1efa326397366e6974cb338056df65cb50e7d64d1cf314e87504837?s=96&d=mm&r=g","caption":"Arnaldo Botto"},"url":"https:\/\/www.noticiasradioreflejos.com.ar\/2021\/author\/arnaldo\/"}]}},"_links":{"self":[{"href":"https:\/\/www.noticiasradioreflejos.com.ar\/2021\/wp-json\/wp\/v2\/posts\/56890","targetHints":{"allow":["GET"]}}],"collection":[{"href":"https:\/\/www.noticiasradioreflejos.com.ar\/2021\/wp-json\/wp\/v2\/posts"}],"about":[{"href":"https:\/\/www.noticiasradioreflejos.com.ar\/2021\/wp-json\/wp\/v2\/types\/post"}],"author":[{"embeddable":true,"href":"https:\/\/www.noticiasradioreflejos.com.ar\/2021\/wp-json\/wp\/v2\/users\/3"}],"replies":[{"embeddable":true,"href":"https:\/\/www.noticiasradioreflejos.com.ar\/2021\/wp-json\/wp\/v2\/comments?post=56890"}],"version-history":[{"count":2,"href":"https:\/\/www.noticiasradioreflejos.com.ar\/2021\/wp-json\/wp\/v2\/posts\/56890\/revisions"}],"predecessor-version":[{"id":56893,"href":"https:\/\/www.noticiasradioreflejos.com.ar\/2021\/wp-json\/wp\/v2\/posts\/56890\/revisions\/56893"}],"wp:featuredmedia":[{"embeddable":true,"href":"https:\/\/www.noticiasradioreflejos.com.ar\/2021\/wp-json\/wp\/v2\/media\/56891"}],"wp:attachment":[{"href":"https:\/\/www.noticiasradioreflejos.com.ar\/2021\/wp-json\/wp\/v2\/media?parent=56890"}],"wp:term":[{"taxonomy":"category","embeddable":true,"href":"https:\/\/www.noticiasradioreflejos.com.ar\/2021\/wp-json\/wp\/v2\/categories?post=56890"},{"taxonomy":"post_tag","embeddable":true,"href":"https:\/\/www.noticiasradioreflejos.com.ar\/2021\/wp-json\/wp\/v2\/tags?post=56890"}],"curies":[{"name":"wp","href":"https:\/\/api.w.org\/{rel}","templated":true}]}}