{"id":56887,"date":"2021-05-14T22:11:46","date_gmt":"2021-05-14T22:11:46","guid":{"rendered":"http:\/\/www.noticiasradioreflejos.com.ar\/2021\/?p=56887"},"modified":"2021-05-14T22:11:46","modified_gmt":"2021-05-14T22:11:46","slug":"coronel-suarez-a-fase-2-estallaron-los-casos-y-colapso-el-sistema-de-salud","status":"publish","type":"post","link":"https:\/\/www.noticiasradioreflejos.com.ar\/2021\/coronel-suarez-a-fase-2-estallaron-los-casos-y-colapso-el-sistema-de-salud\/","title":{"rendered":"Coronel Suarez a Fase 2: \u00abEstallaron los casos y colaps\u00f3 el sistema de salud\u00bb"},"content":{"rendered":"<p>El intendente Ricardo Moccero expres\u00f3 su extrema preocupaci\u00f3n ante la situaci\u00f3n epidemiol\u00f3gica del distrito que llev\u00f3 a la subocupaci\u00f3n de camas en los hospitales municipales del \u00e1rea covid en un 130% y en el sector de terapia intensiva en un 100%. \u201cSi hoy ingresa un paciente con necesidad de respirador hay que trasladarlo, nuestro hospital est\u00e1 saturado\u201d, afirm\u00f3. Horas mas tarde la Provincia confirm\u00f3 que el distrito ingresa en Fase 2 a las 00 horas del s\u00e1bado.<!--more--><\/p>\n<p>&nbsp;<\/p>\n<p>\u201cEstamos bastante complicados a nivel distrito, pese a las recomendaciones que hemos hecho. Evidentemente no se cumplieron las disposiciones que ven\u00edamos recalcando\u201d.<\/p>\n<p>Con contundencia el Jefe Comunal expres\u00f3 \u201cexplot\u00f3 el Hospital\u201d y coment\u00f3 que \u201cayer (jueves) tuvimos un total de 60 casos positivos en un d\u00eda, 21 casos de Huanguel\u00e9n y 39 de Coronel Su\u00e1rez, duplicamos los casos diarios de d\u00edas anteriores, saturando las camas de internaci\u00f3n y las de terapia\u201d.<\/p>\n<p>Con respecto a la reuni\u00f3n del comit\u00e9 de Crisis que se realiz\u00f3 el jueves a \u00faltima hora afirm\u00f3 que \u201cla reuni\u00f3n del Comit\u00e9 de Crisis fue de car\u00e1cter informativa y para ello, por ejemplo, el Concejo Deliberante pas\u00f3 a un cuarto intermedio para presenciar la reuni\u00f3n en la que los m\u00e9dicos informaron la gravedad del problema, se activa un protocolo de derivaciones y nosotros elevamos todo a Provincia\u201d.<\/p>\n<p>Adem\u00e1s, indic\u00f3 que la Inspectora Jefa Distrital, profesora Andrea Acosta, presente en la reuni\u00f3n del Comit\u00e9 de Crisis, inform\u00f3 la situaci\u00f3n con respecto a educaci\u00f3n \u201ctenemos unas 400 burbujas para garantizar la presencialidad, pero solo ayer se \u201crompieron\u201d 10 de esas burbujas, totalizando 27 las burbujas con aislamientos\u201d. \u201cEstamos de acuerdo con la presencialidad, pero en este momento estamos en un punto altamente cr\u00edtico\u201d.<\/p>\n<p>\u201cProvincia determinar\u00e1 si continuamos en Fase 3 con restricciones o nos bajan a Fase 2\u201d<\/p>\n<p>Con respecto a los anuncios realizados ayer (jueves) desde Huanguel\u00e9n que confirmaban el cambio a Fase 2, explic\u00f3 \u201cfue un error haber anunciado el cambio a Fase 2 en Huanguel\u00e9n, no tienen potestad. Ellos evaluaron su cuadro epidemiol\u00f3gico, con quintuplicaci\u00f3n de casos, y determinaron bajar a Fase 2 pero no puede bajar solo una ciudad, sino que lo debe hacer todo el distrito es por ello que lo determina Provincia\u201d.<\/p>\n<p>Al respecto explic\u00f3 la dureza de la Fase 2: \u201cLas medidas son muy restrictivas, se resienten casi todas las actividades, tanto al aire libre como en interiores. Los comercios trabajar\u00e1n hasta las 19 y a partir de las 20 horas no puede circular absolutamente nadie\u201d.<\/p>\n<p>\u201cLos m\u00e9dicos entienden que es la \u00fanica forma de parar los contagios porque si hoy ingresa un paciente cr\u00edtico que requiera cuidados intensivos, sea uno o diez, hay que derivarlos\u201d.<\/p>\n<p>\u201cLa gente se relaj\u00f3 un poco durante el verano y mucho luego del verano. Antes de Semana Santa ten\u00edamos 3 casos diarios y luego de ese fin de semana pasamos a 18 diarios, ayer fueron 60. Explot\u00f3 por todos los costados\u201d.<\/p>\n<p>La m\u00e1xima preocupaci\u00f3n es la falta de personal sanitario para hacer frente a la gran demanda de pacientes internados, \u201cestamos viendo si conseguimos enfermeras y m\u00e9dicos terapistas de forma urgente\u201d.<\/p>\n<p>\u201cLa gente no tom\u00f3 conciencia de la gravedad del problema. M\u00e1s all\u00e1 de que el programa de vacunaci\u00f3n avance muy bien la realidad es que de los 40.000 habitantes solo se inscribieron 15.000, de los cuales unos 10.000 ya tienen la primera dosis\u201d.<\/p>\n<p>Por:\u00a0<b><strong>Ezequiel Villanueva &#8211; Suarez al D\u00eda<\/strong><\/b><\/p>\n","protected":false},"excerpt":{"rendered":"<p>El intendente Ricardo Moccero expres\u00f3 su extrema preocupaci\u00f3n ante la situaci\u00f3n epidemiol\u00f3gica del distrito que llev\u00f3 a la subocupaci\u00f3n de camas en los hospitales municipales del \u00e1rea covid en un 130% y en el sector de terapia intensiva en un 100%. \u201cSi hoy ingresa un paciente con necesidad de respirador hay que trasladarlo, nuestro hospital [&hellip;]<\/p>\n","protected":false},"author":3,"featured_media":0,"comment_status":"closed","ping_status":"closed","sticky":false,"template":"","format":"standard","meta":{"footnotes":""},"categories":[30],"tags":[48],"class_list":["post-56887","post","type-post","status-publish","format-standard","hentry","category-salud","tag-destacada"],"yoast_head":"<!-- This site is optimized with the Yoast SEO plugin v25.9 - https:\/\/yoast.com\/wordpress\/plugins\/seo\/ -->\n<title>Coronel Suarez a Fase 2: &quot;Estallaron los casos y colaps\u00f3 el sistema de salud&quot; - Noticias Radio Reflejos<\/title>\n<meta name=\"robots\" content=\"index, follow, max-snippet:-1, max-image-preview:large, max-video-preview:-1\" \/>\n<link rel=\"canonical\" href=\"https:\/\/www.noticiasradioreflejos.com.ar\/2021\/coronel-suarez-a-fase-2-estallaron-los-casos-y-colapso-el-sistema-de-salud\/\" \/>\n<meta property=\"og:locale\" content=\"es_ES\" \/>\n<meta property=\"og:type\" content=\"article\" \/>\n<meta property=\"og:title\" content=\"Coronel Suarez a Fase 2: &quot;Estallaron los casos y colaps\u00f3 el sistema de salud&quot; - Noticias Radio Reflejos\" \/>\n<meta property=\"og:description\" content=\"El intendente Ricardo Moccero expres\u00f3 su extrema preocupaci\u00f3n ante la situaci\u00f3n epidemiol\u00f3gica del distrito que llev\u00f3 a la subocupaci\u00f3n de camas en los hospitales municipales del \u00e1rea covid en un 130% y en el sector de terapia intensiva en un 100%. \u201cSi hoy ingresa un paciente con necesidad de respirador hay que trasladarlo, nuestro hospital [&hellip;]\" \/>\n<meta property=\"og:url\" content=\"https:\/\/www.noticiasradioreflejos.com.ar\/2021\/coronel-suarez-a-fase-2-estallaron-los-casos-y-colapso-el-sistema-de-salud\/\" \/>\n<meta property=\"og:site_name\" content=\"Noticias Radio Reflejos\" \/>\n<meta property=\"article:published_time\" content=\"2021-05-14T22:11:46+00:00\" \/>\n<meta property=\"og:image\" content=\"https:\/\/www.noticiasradioreflejos.com.ar\/2021\/wp-content\/uploads\/2021\/07\/logosol300x200.png\" \/>\n\t<meta property=\"og:image:width\" content=\"300\" \/>\n\t<meta property=\"og:image:height\" content=\"200\" \/>\n\t<meta property=\"og:image:type\" content=\"image\/png\" \/>\n<meta name=\"author\" content=\"Arnaldo Botto\" \/>\n<meta name=\"twitter:card\" content=\"summary_large_image\" \/>\n<script type=\"application\/ld+json\" class=\"yoast-schema-graph\">{\"@context\":\"https:\/\/schema.org\",\"@graph\":[{\"@type\":\"WebPage\",\"@id\":\"https:\/\/www.noticiasradioreflejos.com.ar\/2021\/coronel-suarez-a-fase-2-estallaron-los-casos-y-colapso-el-sistema-de-salud\/\",\"url\":\"https:\/\/www.noticiasradioreflejos.com.ar\/2021\/coronel-suarez-a-fase-2-estallaron-los-casos-y-colapso-el-sistema-de-salud\/\",\"name\":\"Coronel Suarez a Fase 2: \\\"Estallaron los casos y colaps\u00f3 el sistema de salud\\\" - Noticias Radio Reflejos\",\"isPartOf\":{\"@id\":\"https:\/\/www.noticiasradioreflejos.com.ar\/2021\/#website\"},\"datePublished\":\"2021-05-14T22:11:46+00:00\",\"author\":{\"@id\":\"https:\/\/www.noticiasradioreflejos.com.ar\/2021\/#\/schema\/person\/ad82545263dcc5ec0996818884fd5fb1\"},\"breadcrumb\":{\"@id\":\"https:\/\/www.noticiasradioreflejos.com.ar\/2021\/coronel-suarez-a-fase-2-estallaron-los-casos-y-colapso-el-sistema-de-salud\/#breadcrumb\"},\"inLanguage\":\"es\",\"potentialAction\":[{\"@type\":\"ReadAction\",\"target\":[\"https:\/\/www.noticiasradioreflejos.com.ar\/2021\/coronel-suarez-a-fase-2-estallaron-los-casos-y-colapso-el-sistema-de-salud\/\"]}]},{\"@type\":\"BreadcrumbList\",\"@id\":\"https:\/\/www.noticiasradioreflejos.com.ar\/2021\/coronel-suarez-a-fase-2-estallaron-los-casos-y-colapso-el-sistema-de-salud\/#breadcrumb\",\"itemListElement\":[{\"@type\":\"ListItem\",\"position\":1,\"name\":\"Portada\",\"item\":\"https:\/\/www.noticiasradioreflejos.com.ar\/2021\/\"},{\"@type\":\"ListItem\",\"position\":2,\"name\":\"Coronel Suarez a Fase 2: \u00abEstallaron los casos y colaps\u00f3 el sistema de salud\u00bb\"}]},{\"@type\":\"WebSite\",\"@id\":\"https:\/\/www.noticiasradioreflejos.com.ar\/2021\/#website\",\"url\":\"https:\/\/www.noticiasradioreflejos.com.ar\/2021\/\",\"name\":\"Noticias Radio Reflejos\",\"description\":\"Las noticias de mi comarca\",\"potentialAction\":[{\"@type\":\"SearchAction\",\"target\":{\"@type\":\"EntryPoint\",\"urlTemplate\":\"https:\/\/www.noticiasradioreflejos.com.ar\/2021\/?s={search_term_string}\"},\"query-input\":{\"@type\":\"PropertyValueSpecification\",\"valueRequired\":true,\"valueName\":\"search_term_string\"}}],\"inLanguage\":\"es\"},{\"@type\":\"Person\",\"@id\":\"https:\/\/www.noticiasradioreflejos.com.ar\/2021\/#\/schema\/person\/ad82545263dcc5ec0996818884fd5fb1\",\"name\":\"Arnaldo Botto\",\"image\":{\"@type\":\"ImageObject\",\"inLanguage\":\"es\",\"@id\":\"https:\/\/www.noticiasradioreflejos.com.ar\/2021\/#\/schema\/person\/image\/\",\"url\":\"https:\/\/secure.gravatar.com\/avatar\/55cb5e37c1efa326397366e6974cb338056df65cb50e7d64d1cf314e87504837?s=96&d=mm&r=g\",\"contentUrl\":\"https:\/\/secure.gravatar.com\/avatar\/55cb5e37c1efa326397366e6974cb338056df65cb50e7d64d1cf314e87504837?s=96&d=mm&r=g\",\"caption\":\"Arnaldo Botto\"},\"url\":\"https:\/\/www.noticiasradioreflejos.com.ar\/2021\/author\/arnaldo\/\"}]}<\/script>\n<!-- \/ Yoast SEO plugin. -->","yoast_head_json":{"title":"Coronel Suarez a Fase 2: \"Estallaron los casos y colaps\u00f3 el sistema de salud\" - Noticias Radio Reflejos","robots":{"index":"index","follow":"follow","max-snippet":"max-snippet:-1","max-image-preview":"max-image-preview:large","max-video-preview":"max-video-preview:-1"},"canonical":"https:\/\/www.noticiasradioreflejos.com.ar\/2021\/coronel-suarez-a-fase-2-estallaron-los-casos-y-colapso-el-sistema-de-salud\/","og_locale":"es_ES","og_type":"article","og_title":"Coronel Suarez a Fase 2: \"Estallaron los casos y colaps\u00f3 el sistema de salud\" - Noticias Radio Reflejos","og_description":"El intendente Ricardo Moccero expres\u00f3 su extrema preocupaci\u00f3n ante la situaci\u00f3n epidemiol\u00f3gica del distrito que llev\u00f3 a la subocupaci\u00f3n de camas en los hospitales municipales del \u00e1rea covid en un 130% y en el sector de terapia intensiva en un 100%. \u201cSi hoy ingresa un paciente con necesidad de respirador hay que trasladarlo, nuestro hospital [&hellip;]","og_url":"https:\/\/www.noticiasradioreflejos.com.ar\/2021\/coronel-suarez-a-fase-2-estallaron-los-casos-y-colapso-el-sistema-de-salud\/","og_site_name":"Noticias Radio Reflejos","article_published_time":"2021-05-14T22:11:46+00:00","og_image":[{"width":300,"height":200,"url":"https:\/\/www.noticiasradioreflejos.com.ar\/2021\/wp-content\/uploads\/2021\/07\/logosol300x200.png","type":"image\/png"}],"author":"Arnaldo Botto","twitter_card":"summary_large_image","schema":{"@context":"https:\/\/schema.org","@graph":[{"@type":"WebPage","@id":"https:\/\/www.noticiasradioreflejos.com.ar\/2021\/coronel-suarez-a-fase-2-estallaron-los-casos-y-colapso-el-sistema-de-salud\/","url":"https:\/\/www.noticiasradioreflejos.com.ar\/2021\/coronel-suarez-a-fase-2-estallaron-los-casos-y-colapso-el-sistema-de-salud\/","name":"Coronel Suarez a Fase 2: \"Estallaron los casos y colaps\u00f3 el sistema de salud\" - Noticias Radio Reflejos","isPartOf":{"@id":"https:\/\/www.noticiasradioreflejos.com.ar\/2021\/#website"},"datePublished":"2021-05-14T22:11:46+00:00","author":{"@id":"https:\/\/www.noticiasradioreflejos.com.ar\/2021\/#\/schema\/person\/ad82545263dcc5ec0996818884fd5fb1"},"breadcrumb":{"@id":"https:\/\/www.noticiasradioreflejos.com.ar\/2021\/coronel-suarez-a-fase-2-estallaron-los-casos-y-colapso-el-sistema-de-salud\/#breadcrumb"},"inLanguage":"es","potentialAction":[{"@type":"ReadAction","target":["https:\/\/www.noticiasradioreflejos.com.ar\/2021\/coronel-suarez-a-fase-2-estallaron-los-casos-y-colapso-el-sistema-de-salud\/"]}]},{"@type":"BreadcrumbList","@id":"https:\/\/www.noticiasradioreflejos.com.ar\/2021\/coronel-suarez-a-fase-2-estallaron-los-casos-y-colapso-el-sistema-de-salud\/#breadcrumb","itemListElement":[{"@type":"ListItem","position":1,"name":"Portada","item":"https:\/\/www.noticiasradioreflejos.com.ar\/2021\/"},{"@type":"ListItem","position":2,"name":"Coronel Suarez a Fase 2: \u00abEstallaron los casos y colaps\u00f3 el sistema de salud\u00bb"}]},{"@type":"WebSite","@id":"https:\/\/www.noticiasradioreflejos.com.ar\/2021\/#website","url":"https:\/\/www.noticiasradioreflejos.com.ar\/2021\/","name":"Noticias Radio Reflejos","description":"Las noticias de mi comarca","potentialAction":[{"@type":"SearchAction","target":{"@type":"EntryPoint","urlTemplate":"https:\/\/www.noticiasradioreflejos.com.ar\/2021\/?s={search_term_string}"},"query-input":{"@type":"PropertyValueSpecification","valueRequired":true,"valueName":"search_term_string"}}],"inLanguage":"es"},{"@type":"Person","@id":"https:\/\/www.noticiasradioreflejos.com.ar\/2021\/#\/schema\/person\/ad82545263dcc5ec0996818884fd5fb1","name":"Arnaldo Botto","image":{"@type":"ImageObject","inLanguage":"es","@id":"https:\/\/www.noticiasradioreflejos.com.ar\/2021\/#\/schema\/person\/image\/","url":"https:\/\/secure.gravatar.com\/avatar\/55cb5e37c1efa326397366e6974cb338056df65cb50e7d64d1cf314e87504837?s=96&d=mm&r=g","contentUrl":"https:\/\/secure.gravatar.com\/avatar\/55cb5e37c1efa326397366e6974cb338056df65cb50e7d64d1cf314e87504837?s=96&d=mm&r=g","caption":"Arnaldo Botto"},"url":"https:\/\/www.noticiasradioreflejos.com.ar\/2021\/author\/arnaldo\/"}]}},"_links":{"self":[{"href":"https:\/\/www.noticiasradioreflejos.com.ar\/2021\/wp-json\/wp\/v2\/posts\/56887","targetHints":{"allow":["GET"]}}],"collection":[{"href":"https:\/\/www.noticiasradioreflejos.com.ar\/2021\/wp-json\/wp\/v2\/posts"}],"about":[{"href":"https:\/\/www.noticiasradioreflejos.com.ar\/2021\/wp-json\/wp\/v2\/types\/post"}],"author":[{"embeddable":true,"href":"https:\/\/www.noticiasradioreflejos.com.ar\/2021\/wp-json\/wp\/v2\/users\/3"}],"replies":[{"embeddable":true,"href":"https:\/\/www.noticiasradioreflejos.com.ar\/2021\/wp-json\/wp\/v2\/comments?post=56887"}],"version-history":[{"count":1,"href":"https:\/\/www.noticiasradioreflejos.com.ar\/2021\/wp-json\/wp\/v2\/posts\/56887\/revisions"}],"predecessor-version":[{"id":56889,"href":"https:\/\/www.noticiasradioreflejos.com.ar\/2021\/wp-json\/wp\/v2\/posts\/56887\/revisions\/56889"}],"wp:attachment":[{"href":"https:\/\/www.noticiasradioreflejos.com.ar\/2021\/wp-json\/wp\/v2\/media?parent=56887"}],"wp:term":[{"taxonomy":"category","embeddable":true,"href":"https:\/\/www.noticiasradioreflejos.com.ar\/2021\/wp-json\/wp\/v2\/categories?post=56887"},{"taxonomy":"post_tag","embeddable":true,"href":"https:\/\/www.noticiasradioreflejos.com.ar\/2021\/wp-json\/wp\/v2\/tags?post=56887"}],"curies":[{"name":"wp","href":"https:\/\/api.w.org\/{rel}","templated":true}]}}