{"id":56880,"date":"2021-05-14T21:40:31","date_gmt":"2021-05-14T21:40:31","guid":{"rendered":"http:\/\/www.noticiasradioreflejos.com.ar\/2021\/?p=56880"},"modified":"2021-05-14T21:41:24","modified_gmt":"2021-05-14T21:41:24","slug":"56880-2","status":"publish","type":"post","link":"https:\/\/www.noticiasradioreflejos.com.ar\/2021\/56880-2\/","title":{"rendered":"Murieron 601 personas por coronavirus en las \u00faltimas 24 horas"},"content":{"rendered":"<div class=\"head-content\">\n<p>Adem\u00e1s hubo 27.363 nuevos contagios en la jornada.\u00a0 El n\u00famero de fallecidos desde el comienzo de la pandemia se acerca a las 70.000 personas seg\u00fan el registro que lleva el Ministerio de Salud de la Naci\u00f3n.<\/p>\n<\/div>\n<p><!--more--><\/p>\n<div class=\"main-content-block\">\n<div class=\"main-box clearfix\">\n<div class=\"wrapper-main-section clearfix\">\n<div class=\"wrapper-editable-content\">\n<div class=\"editable-content clearfix\">\n<div id=\"image\" class=\"image\">\n<p><img decoding=\"async\" title=\"Son 3.269.466 los contagiados desde el inicio de la pandemia.\" src=\"https:\/\/www.telam.com.ar\/advf\/imagenes\/2020\/09\/5f53f0ef2c045_1004x565.jpg\" alt=\"Son 3.269.466 los contagiados desde el inicio de la pandemia.\" \/><\/p>\n<div class=\"epigrafe\">Son 3.269.466 los contagiados desde el inicio de la pandemia.<\/div>\n<\/div>\n<p>Otras 601 personas murieron y 27.363 fueron reportadas con coronavirus en las \u00faltimas 24 horas en la Argentina, con lo que suman\u00a0<strong>69.853 los fallecidos registrados oficialmente a nivel nacional<\/strong>\u00a0y\u00a0<strong>3.269.466 los contagiados<\/strong>\u00a0desde el inicio de la pandemia, inform\u00f3 hoy el Ministerio de Salud.<\/p>\n<p>La cartera sanitaria indic\u00f3 que son 5.457 los internados en unidades de terapia intensiva, con un porcentaje de ocupaci\u00f3n de camas de adultos de 69,5% en el pa\u00eds y del 76,1% en la \u00c1rea Metropolitana Buenos Aires.<\/p>\n<p>De los 3.269.466 contagiados, 2.913.144 recibi\u00f3 el alta y 286.469 son casos confirmados activos.<\/p>\n<p>El reporte consign\u00f3 que fallecieron 357 hombres y 238 mujeres, mientras que cinco personas de la Provincia de Buenos Aires y 1 de la provincia de Mendoza fueron reportadas sin dato de sexo.<\/p>\n<div class=\"auth\">Seg\u00fan distritos<\/div>\n<p>El parte precis\u00f3 que murieron 235 hombres en la provincia de Buenos Aires; 21 en la Ciudad de Buenos Aires; 3 en Catamarca; 5 en Chaco; 1 en Chubut; 6 en Corrientes; 5 en C\u00f3rdoba; 5 en Entre R\u00edos; 16 en Formosa; 2 en La Pampa; 4 en La Rioja; 19 en Mendoza; 1 en Misiones; 2 en Neuqu\u00e9n; 2 en R\u00edo Negro; 2 en Salta; 3 en San Juan; 12 en San Luis; 2 en Santa Cruz; 10 en Santa Fe y 1 en Santiago del Estero.<\/p>\n<p>Tambi\u00e9n fallecieron 152 mujeres en Buenos Aires; 16 en la Ciudad de Buenos Aires; 3 en Catamarca; 1 en Chaco; 1 en Corrientes; 5 en C\u00f3rdoba; 1 en Entre R\u00edos, 8 en Formosa; 3 en La Rioja; 12 en Mendoza; 2 en Neuqu\u00e9n: 3 en R\u00edo Negro; 3 en Salta; 2 en San Juan; 7 en San Luis; 17 en Santa Fe y 2 en Santiago del Estero.<\/p>\n<p>Hoy se registraron en la provincia de Buenos Aires 11.294 casos; en la Ciudad de Buenos Aires, 2.774; en Catamarca, 195; en Chaco, 487; en Chubut, 245; en Corrientes, 327; en C\u00f3rdoba, 2.885; en Entre R\u00edos, 925; en Formosa, 49; en Jujuy, 97; en La Pampa, 650; en La Rioja, 79; en Mendoza, 1.060; en Misiones, 133; en Neuqu\u00e9n, 457; en R\u00edo Negro, 393; en Salta, 382; en San Juan, 624; en San Luis, 641; en Santa Cruz, 271; en Santa Fe, 2.193; en Santiago del Estero, 454; Tierra del Fuego, 71 y en Tucum\u00e1n, 677.<\/p>\n<p>El Ministerio indic\u00f3, adem\u00e1s, que se realizaron en las \u00faltimas 24 horas 82.695 testeos y desde el inicio del brote ascienden a 12.224.943 pruebas diagn\u00f3sticas para esta enfermedad.<\/p>\n<p>El total de acumulados por distrito indica que la provincia de Buenos Aires suma 1.425.593 casos; la Ciudad de Buenos Aires, 373.966; Catamarca, 17.232; Chaco, 48.721; Chubut, 57.560; Corrientes, 40.258; C\u00f3rdoba 252.654; Entre R\u00edos, 70.990; Formosa, 6.938; Jujuy, 26.086; La Pampa, 32.837; La Rioja, 14.525; Mendoza, 107.381; Misiones, 17.634; Neuqu\u00e9n, 77.500; R\u00edo Negro, 65.964; Salta, 38.052.; San Juan, 28.672; San Luis 44.060; Santa Cruz, 47.730; Santa Fe, 299.194; Santiago del Estero, 34.454; Tierra del Fuego, 27.429 y Tucum\u00e1n, 114.036.<\/p>\n<p>Se incluyen 17 casos existentes en las Islas Malvinas seg\u00fan informaci\u00f3n de prensa (debido a la ocupaci\u00f3n ilegal del Reino Unido, Gran Breta\u00f1a e Irlanda del Norte no es posible contar con informaci\u00f3n propia sobre el impacto de la Covid-19 en esa parte del territorio argentino).<\/p>\n<div class=\"btn_externos\"><\/div>\n<\/div>\n<\/div>\n<div class=\"wrapper-tags\">\n<div class=\"tags-bar clearfix\">\n<p>ETIQUETAS<\/p>\n<ul>\n<li><a href=\"https:\/\/www.telam.com.ar\/tags\/22167-pandemia\/noticias\">PANDEMIA<\/a><\/li>\n<li><a href=\"https:\/\/www.telam.com.ar\/tags\/21729-coronavirus\/noticias\">CORONAVIRUS<\/a><\/li>\n<\/ul>\n<\/div>\n<\/div>\n<\/div>\n<\/div>\n<\/div>\n","protected":false},"excerpt":{"rendered":"<p>Adem\u00e1s hubo 27.363 nuevos contagios en la jornada.\u00a0 El n\u00famero de fallecidos desde el comienzo de la pandemia se acerca a las 70.000 personas seg\u00fan el registro que lleva el Ministerio de Salud de la Naci\u00f3n.<\/p>\n","protected":false},"author":3,"featured_media":0,"comment_status":"closed","ping_status":"closed","sticky":false,"template":"","format":"standard","meta":{"footnotes":""},"categories":[30],"tags":[],"class_list":["post-56880","post","type-post","status-publish","format-standard","hentry","category-salud"],"yoast_head":"<!-- This site is optimized with the Yoast SEO plugin v25.9 - https:\/\/yoast.com\/wordpress\/plugins\/seo\/ -->\n<title>Murieron 601 personas por coronavirus en las \u00faltimas 24 horas - Noticias Radio Reflejos<\/title>\n<meta name=\"robots\" content=\"index, follow, max-snippet:-1, max-image-preview:large, max-video-preview:-1\" \/>\n<link rel=\"canonical\" href=\"https:\/\/www.noticiasradioreflejos.com.ar\/2021\/56880-2\/\" \/>\n<meta property=\"og:locale\" content=\"es_ES\" \/>\n<meta property=\"og:type\" content=\"article\" \/>\n<meta property=\"og:title\" content=\"Murieron 601 personas por coronavirus en las \u00faltimas 24 horas - Noticias Radio Reflejos\" \/>\n<meta property=\"og:description\" content=\"Adem\u00e1s hubo 27.363 nuevos contagios en la jornada.\u00a0 El n\u00famero de fallecidos desde el comienzo de la pandemia se acerca a las 70.000 personas seg\u00fan el registro que lleva el Ministerio de Salud de la Naci\u00f3n.\" \/>\n<meta property=\"og:url\" content=\"https:\/\/www.noticiasradioreflejos.com.ar\/2021\/56880-2\/\" \/>\n<meta property=\"og:site_name\" content=\"Noticias Radio Reflejos\" \/>\n<meta property=\"article:published_time\" content=\"2021-05-14T21:40:31+00:00\" \/>\n<meta property=\"article:modified_time\" content=\"2021-05-14T21:41:24+00:00\" \/>\n<meta property=\"og:image\" content=\"https:\/\/www.telam.com.ar\/advf\/imagenes\/2020\/09\/5f53f0ef2c045_1004x565.jpg\" \/>\n<meta name=\"author\" content=\"Arnaldo Botto\" \/>\n<meta name=\"twitter:card\" content=\"summary_large_image\" \/>\n<script type=\"application\/ld+json\" class=\"yoast-schema-graph\">{\"@context\":\"https:\/\/schema.org\",\"@graph\":[{\"@type\":\"WebPage\",\"@id\":\"https:\/\/www.noticiasradioreflejos.com.ar\/2021\/56880-2\/\",\"url\":\"https:\/\/www.noticiasradioreflejos.com.ar\/2021\/56880-2\/\",\"name\":\"Murieron 601 personas por coronavirus en las \u00faltimas 24 horas - Noticias Radio Reflejos\",\"isPartOf\":{\"@id\":\"https:\/\/www.noticiasradioreflejos.com.ar\/2021\/#website\"},\"primaryImageOfPage\":{\"@id\":\"https:\/\/www.noticiasradioreflejos.com.ar\/2021\/56880-2\/#primaryimage\"},\"image\":{\"@id\":\"https:\/\/www.noticiasradioreflejos.com.ar\/2021\/56880-2\/#primaryimage\"},\"thumbnailUrl\":\"https:\/\/www.telam.com.ar\/advf\/imagenes\/2020\/09\/5f53f0ef2c045_1004x565.jpg\",\"datePublished\":\"2021-05-14T21:40:31+00:00\",\"dateModified\":\"2021-05-14T21:41:24+00:00\",\"author\":{\"@id\":\"https:\/\/www.noticiasradioreflejos.com.ar\/2021\/#\/schema\/person\/ad82545263dcc5ec0996818884fd5fb1\"},\"breadcrumb\":{\"@id\":\"https:\/\/www.noticiasradioreflejos.com.ar\/2021\/56880-2\/#breadcrumb\"},\"inLanguage\":\"es\",\"potentialAction\":[{\"@type\":\"ReadAction\",\"target\":[\"https:\/\/www.noticiasradioreflejos.com.ar\/2021\/56880-2\/\"]}]},{\"@type\":\"ImageObject\",\"inLanguage\":\"es\",\"@id\":\"https:\/\/www.noticiasradioreflejos.com.ar\/2021\/56880-2\/#primaryimage\",\"url\":\"https:\/\/www.telam.com.ar\/advf\/imagenes\/2020\/09\/5f53f0ef2c045_1004x565.jpg\",\"contentUrl\":\"https:\/\/www.telam.com.ar\/advf\/imagenes\/2020\/09\/5f53f0ef2c045_1004x565.jpg\"},{\"@type\":\"BreadcrumbList\",\"@id\":\"https:\/\/www.noticiasradioreflejos.com.ar\/2021\/56880-2\/#breadcrumb\",\"itemListElement\":[{\"@type\":\"ListItem\",\"position\":1,\"name\":\"Portada\",\"item\":\"https:\/\/www.noticiasradioreflejos.com.ar\/2021\/\"},{\"@type\":\"ListItem\",\"position\":2,\"name\":\"Murieron 601 personas por coronavirus en las \u00faltimas 24 horas\"}]},{\"@type\":\"WebSite\",\"@id\":\"https:\/\/www.noticiasradioreflejos.com.ar\/2021\/#website\",\"url\":\"https:\/\/www.noticiasradioreflejos.com.ar\/2021\/\",\"name\":\"Noticias Radio Reflejos\",\"description\":\"Las noticias de mi comarca\",\"potentialAction\":[{\"@type\":\"SearchAction\",\"target\":{\"@type\":\"EntryPoint\",\"urlTemplate\":\"https:\/\/www.noticiasradioreflejos.com.ar\/2021\/?s={search_term_string}\"},\"query-input\":{\"@type\":\"PropertyValueSpecification\",\"valueRequired\":true,\"valueName\":\"search_term_string\"}}],\"inLanguage\":\"es\"},{\"@type\":\"Person\",\"@id\":\"https:\/\/www.noticiasradioreflejos.com.ar\/2021\/#\/schema\/person\/ad82545263dcc5ec0996818884fd5fb1\",\"name\":\"Arnaldo Botto\",\"image\":{\"@type\":\"ImageObject\",\"inLanguage\":\"es\",\"@id\":\"https:\/\/www.noticiasradioreflejos.com.ar\/2021\/#\/schema\/person\/image\/\",\"url\":\"https:\/\/secure.gravatar.com\/avatar\/55cb5e37c1efa326397366e6974cb338056df65cb50e7d64d1cf314e87504837?s=96&d=mm&r=g\",\"contentUrl\":\"https:\/\/secure.gravatar.com\/avatar\/55cb5e37c1efa326397366e6974cb338056df65cb50e7d64d1cf314e87504837?s=96&d=mm&r=g\",\"caption\":\"Arnaldo Botto\"},\"url\":\"https:\/\/www.noticiasradioreflejos.com.ar\/2021\/author\/arnaldo\/\"}]}<\/script>\n<!-- \/ Yoast SEO plugin. -->","yoast_head_json":{"title":"Murieron 601 personas por coronavirus en las \u00faltimas 24 horas - Noticias Radio Reflejos","robots":{"index":"index","follow":"follow","max-snippet":"max-snippet:-1","max-image-preview":"max-image-preview:large","max-video-preview":"max-video-preview:-1"},"canonical":"https:\/\/www.noticiasradioreflejos.com.ar\/2021\/56880-2\/","og_locale":"es_ES","og_type":"article","og_title":"Murieron 601 personas por coronavirus en las \u00faltimas 24 horas - Noticias Radio Reflejos","og_description":"Adem\u00e1s hubo 27.363 nuevos contagios en la jornada.\u00a0 El n\u00famero de fallecidos desde el comienzo de la pandemia se acerca a las 70.000 personas seg\u00fan el registro que lleva el Ministerio de Salud de la Naci\u00f3n.","og_url":"https:\/\/www.noticiasradioreflejos.com.ar\/2021\/56880-2\/","og_site_name":"Noticias Radio Reflejos","article_published_time":"2021-05-14T21:40:31+00:00","article_modified_time":"2021-05-14T21:41:24+00:00","og_image":[{"url":"https:\/\/www.telam.com.ar\/advf\/imagenes\/2020\/09\/5f53f0ef2c045_1004x565.jpg","type":"","width":"","height":""}],"author":"Arnaldo Botto","twitter_card":"summary_large_image","schema":{"@context":"https:\/\/schema.org","@graph":[{"@type":"WebPage","@id":"https:\/\/www.noticiasradioreflejos.com.ar\/2021\/56880-2\/","url":"https:\/\/www.noticiasradioreflejos.com.ar\/2021\/56880-2\/","name":"Murieron 601 personas por coronavirus en las \u00faltimas 24 horas - Noticias Radio Reflejos","isPartOf":{"@id":"https:\/\/www.noticiasradioreflejos.com.ar\/2021\/#website"},"primaryImageOfPage":{"@id":"https:\/\/www.noticiasradioreflejos.com.ar\/2021\/56880-2\/#primaryimage"},"image":{"@id":"https:\/\/www.noticiasradioreflejos.com.ar\/2021\/56880-2\/#primaryimage"},"thumbnailUrl":"https:\/\/www.telam.com.ar\/advf\/imagenes\/2020\/09\/5f53f0ef2c045_1004x565.jpg","datePublished":"2021-05-14T21:40:31+00:00","dateModified":"2021-05-14T21:41:24+00:00","author":{"@id":"https:\/\/www.noticiasradioreflejos.com.ar\/2021\/#\/schema\/person\/ad82545263dcc5ec0996818884fd5fb1"},"breadcrumb":{"@id":"https:\/\/www.noticiasradioreflejos.com.ar\/2021\/56880-2\/#breadcrumb"},"inLanguage":"es","potentialAction":[{"@type":"ReadAction","target":["https:\/\/www.noticiasradioreflejos.com.ar\/2021\/56880-2\/"]}]},{"@type":"ImageObject","inLanguage":"es","@id":"https:\/\/www.noticiasradioreflejos.com.ar\/2021\/56880-2\/#primaryimage","url":"https:\/\/www.telam.com.ar\/advf\/imagenes\/2020\/09\/5f53f0ef2c045_1004x565.jpg","contentUrl":"https:\/\/www.telam.com.ar\/advf\/imagenes\/2020\/09\/5f53f0ef2c045_1004x565.jpg"},{"@type":"BreadcrumbList","@id":"https:\/\/www.noticiasradioreflejos.com.ar\/2021\/56880-2\/#breadcrumb","itemListElement":[{"@type":"ListItem","position":1,"name":"Portada","item":"https:\/\/www.noticiasradioreflejos.com.ar\/2021\/"},{"@type":"ListItem","position":2,"name":"Murieron 601 personas por coronavirus en las \u00faltimas 24 horas"}]},{"@type":"WebSite","@id":"https:\/\/www.noticiasradioreflejos.com.ar\/2021\/#website","url":"https:\/\/www.noticiasradioreflejos.com.ar\/2021\/","name":"Noticias Radio Reflejos","description":"Las noticias de mi comarca","potentialAction":[{"@type":"SearchAction","target":{"@type":"EntryPoint","urlTemplate":"https:\/\/www.noticiasradioreflejos.com.ar\/2021\/?s={search_term_string}"},"query-input":{"@type":"PropertyValueSpecification","valueRequired":true,"valueName":"search_term_string"}}],"inLanguage":"es"},{"@type":"Person","@id":"https:\/\/www.noticiasradioreflejos.com.ar\/2021\/#\/schema\/person\/ad82545263dcc5ec0996818884fd5fb1","name":"Arnaldo Botto","image":{"@type":"ImageObject","inLanguage":"es","@id":"https:\/\/www.noticiasradioreflejos.com.ar\/2021\/#\/schema\/person\/image\/","url":"https:\/\/secure.gravatar.com\/avatar\/55cb5e37c1efa326397366e6974cb338056df65cb50e7d64d1cf314e87504837?s=96&d=mm&r=g","contentUrl":"https:\/\/secure.gravatar.com\/avatar\/55cb5e37c1efa326397366e6974cb338056df65cb50e7d64d1cf314e87504837?s=96&d=mm&r=g","caption":"Arnaldo Botto"},"url":"https:\/\/www.noticiasradioreflejos.com.ar\/2021\/author\/arnaldo\/"}]}},"_links":{"self":[{"href":"https:\/\/www.noticiasradioreflejos.com.ar\/2021\/wp-json\/wp\/v2\/posts\/56880","targetHints":{"allow":["GET"]}}],"collection":[{"href":"https:\/\/www.noticiasradioreflejos.com.ar\/2021\/wp-json\/wp\/v2\/posts"}],"about":[{"href":"https:\/\/www.noticiasradioreflejos.com.ar\/2021\/wp-json\/wp\/v2\/types\/post"}],"author":[{"embeddable":true,"href":"https:\/\/www.noticiasradioreflejos.com.ar\/2021\/wp-json\/wp\/v2\/users\/3"}],"replies":[{"embeddable":true,"href":"https:\/\/www.noticiasradioreflejos.com.ar\/2021\/wp-json\/wp\/v2\/comments?post=56880"}],"version-history":[{"count":2,"href":"https:\/\/www.noticiasradioreflejos.com.ar\/2021\/wp-json\/wp\/v2\/posts\/56880\/revisions"}],"predecessor-version":[{"id":56883,"href":"https:\/\/www.noticiasradioreflejos.com.ar\/2021\/wp-json\/wp\/v2\/posts\/56880\/revisions\/56883"}],"wp:attachment":[{"href":"https:\/\/www.noticiasradioreflejos.com.ar\/2021\/wp-json\/wp\/v2\/media?parent=56880"}],"wp:term":[{"taxonomy":"category","embeddable":true,"href":"https:\/\/www.noticiasradioreflejos.com.ar\/2021\/wp-json\/wp\/v2\/categories?post=56880"},{"taxonomy":"post_tag","embeddable":true,"href":"https:\/\/www.noticiasradioreflejos.com.ar\/2021\/wp-json\/wp\/v2\/tags?post=56880"}],"curies":[{"name":"wp","href":"https:\/\/api.w.org\/{rel}","templated":true}]}}