{"id":56873,"date":"2021-05-14T22:01:10","date_gmt":"2021-05-14T22:01:10","guid":{"rendered":"http:\/\/www.noticiasradioreflejos.com.ar\/2021\/?p=56873"},"modified":"2021-05-14T22:02:09","modified_gmt":"2021-05-14T22:02:09","slug":"la-cooperadora-de-la-unidad-sanitaria-de-sierra-de-la-ventana-necesita-mas-socios","status":"publish","type":"post","link":"https:\/\/www.noticiasradioreflejos.com.ar\/2021\/la-cooperadora-de-la-unidad-sanitaria-de-sierra-de-la-ventana-necesita-mas-socios\/","title":{"rendered":"La Cooperadora de la Unidad Sanitaria de Sierra de la Ventana necesita m\u00e1s socios."},"content":{"rendered":"<p><strong>Dora Gervasio<\/strong>, protesorera de la Cooperadora de la <strong>Unidad Sanitaria \u00abDr Emilio Aldaya\u00bb de Sierra de la Ventana<\/strong>, aprovecha el espacio de la radio para transmitirle a la comunidad cu\u00e1nto aporta la cooperadora a la sala del pueblo y lo importante que es asociarse a la misma.<!--more--><\/p>\n<p>\u00abEsta charla para mi era muy importante porque justamente tiene que ver con este momento tan especial que estamos viviendo. Es para contarle a la gente de Sierra de la Ventana que la cantidad de socios que tenemos en la cooperadora no son tantos, no llegamos a los 250 socios\u00bb introdujo Dora el tema que compete la entrevista.<\/p>\n<p>La protesorera de la cooperadora sostiene que los aportes que hacen los socios sostienen todos los materiales e insumos que se utilizan en la sala (s\u00e1banas, frazadas, aires acondicionados, sill\u00f3n de odontolog\u00eda, el acondicionamiento de toda la cocina, etc.).<\/p>\n<p><img loading=\"lazy\" decoding=\"async\" class=\"alignnone size-full wp-image-56884\" src=\"http:\/\/www.noticiasradioreflejos.com.ar\/2021\/wp-content\/uploads\/2021\/05\/IMG_20200429_164812569-750x375-1.jpg\" alt=\"\" width=\"750\" height=\"375\" \/><\/p>\n<p>\u00abLo que estamos haciendo en pandemia es aprovechar los medios de comunicaci\u00f3n para que la gente que utiliza los servicios de la sala se haga socia\u00bb incentiv\u00f3 a los oyentes. Para ello, Dora explica que se han dejado dos libros de color verde en la administraci\u00f3n de la sala, uno por calle Roca y el otro en la Guardia. \u00abLo que hay que dejar es nombre, n\u00famero de tel\u00e9fono y direcci\u00f3n\u00bb continu\u00f3.<\/p>\n<p>\u00abLa sala estuvo desprovista del l\u00edquido para hacer radiograf\u00edas, que lo tiene que proveer el Municipio. Para salvar las papas, eso lo compr\u00f3 la cooperadora\u00bb mencion\u00f3 Dora cuando le comentamos que una paciente se quej\u00f3 porque aparentemente la sala estar\u00eda desprovista de materiales. Aunque Dora desmiente que la sala haya carecido de alg\u00fan otro insumo \u00faltimamente.<\/p>\n<p>\u00abTodos pasamos alguna vez por la sala\u00bb mencion\u00f3 Dora finalmente concientizando a los oyentes de la importancia de aportar a la cooperadora.<\/p>\n<p>Nota completa a continuaci\u00f3n:<br \/>\n<iframe loading=\"lazy\" src=\"https:\/\/w.soundcloud.com\/player\/?url=https%3A\/\/api.soundcloud.com\/tracks\/1048731289&amp;color=%23ff5500&amp;auto_play=false&amp;hide_related=false&amp;show_comments=true&amp;show_user=true&amp;show_reposts=false&amp;show_teaser=true&amp;visual=true\" width=\"100%\" height=\"300\" frameborder=\"no\" scrolling=\"no\"><\/iframe><\/p>\n<div style=\"font-size: 10px; color: #cccccc; line-break: anywhere; word-break: normal; overflow: hidden; white-space: nowrap; text-overflow: ellipsis; font-family: Interstate,Lucida Grande,Lucida Sans Unicode,Lucida Sans,Garuda,Verdana,Tahoma,sans-serif; font-weight: 100;\"><a style=\"color: #cccccc; text-decoration: none;\" title=\"fmreflejos 103.7\" href=\"https:\/\/soundcloud.com\/fmreflejos-103-7\" target=\"_blank\" rel=\"noopener\">fmreflejos 103.7<\/a> \u00b7 <a style=\"color: #cccccc; text-decoration: none;\" title=\"Dori Cooperadora Sala\" href=\"https:\/\/soundcloud.com\/fmreflejos-103-7\/dori-cooperadora-sala\" target=\"_blank\" rel=\"noopener\">Dori Cooperadora Sala<\/a><\/div>\n","protected":false},"excerpt":{"rendered":"<p>Dora Gervasio, protesorera de la Cooperadora de la Unidad Sanitaria \u00abDr Emilio Aldaya\u00bb de Sierra de la Ventana, aprovecha el espacio de la radio para transmitirle a la comunidad cu\u00e1nto aporta la cooperadora a la sala del pueblo y lo importante que es asociarse a la misma.<\/p>\n","protected":false},"author":3,"featured_media":56885,"comment_status":"closed","ping_status":"closed","sticky":false,"template":"","format":"standard","meta":{"footnotes":""},"categories":[30,26],"tags":[48],"class_list":["post-56873","post","type-post","status-publish","format-standard","has-post-thumbnail","hentry","category-salud","category-sociedad","tag-destacada"],"yoast_head":"<!-- This site is optimized with the Yoast SEO plugin v25.9 - https:\/\/yoast.com\/wordpress\/plugins\/seo\/ -->\n<title>La Cooperadora de la Unidad Sanitaria de Sierra de la Ventana necesita m\u00e1s socios. - Noticias Radio Reflejos<\/title>\n<meta name=\"robots\" content=\"index, follow, max-snippet:-1, max-image-preview:large, max-video-preview:-1\" \/>\n<link rel=\"canonical\" href=\"https:\/\/www.noticiasradioreflejos.com.ar\/2021\/la-cooperadora-de-la-unidad-sanitaria-de-sierra-de-la-ventana-necesita-mas-socios\/\" \/>\n<meta property=\"og:locale\" content=\"es_ES\" \/>\n<meta property=\"og:type\" content=\"article\" \/>\n<meta property=\"og:title\" content=\"La Cooperadora de la Unidad Sanitaria de Sierra de la Ventana necesita m\u00e1s socios. - Noticias Radio Reflejos\" \/>\n<meta property=\"og:description\" content=\"Dora Gervasio, protesorera de la Cooperadora de la Unidad Sanitaria \u00abDr Emilio Aldaya\u00bb de Sierra de la Ventana, aprovecha el espacio de la radio para transmitirle a la comunidad cu\u00e1nto aporta la cooperadora a la sala del pueblo y lo importante que es asociarse a la misma.\" \/>\n<meta property=\"og:url\" content=\"https:\/\/www.noticiasradioreflejos.com.ar\/2021\/la-cooperadora-de-la-unidad-sanitaria-de-sierra-de-la-ventana-necesita-mas-socios\/\" \/>\n<meta property=\"og:site_name\" content=\"Noticias Radio Reflejos\" \/>\n<meta property=\"article:published_time\" content=\"2021-05-14T22:01:10+00:00\" \/>\n<meta property=\"article:modified_time\" content=\"2021-05-14T22:02:09+00:00\" \/>\n<meta property=\"og:image\" content=\"https:\/\/www.noticiasradioreflejos.com.ar\/2021\/wp-content\/uploads\/2021\/05\/Sala-Sierra-1.jpg\" \/>\n\t<meta property=\"og:image:width\" content=\"659\" \/>\n\t<meta property=\"og:image:height\" content=\"387\" \/>\n\t<meta property=\"og:image:type\" content=\"image\/jpeg\" \/>\n<meta name=\"author\" content=\"Arnaldo Botto\" \/>\n<meta name=\"twitter:card\" content=\"summary_large_image\" \/>\n<script type=\"application\/ld+json\" class=\"yoast-schema-graph\">{\"@context\":\"https:\/\/schema.org\",\"@graph\":[{\"@type\":\"WebPage\",\"@id\":\"https:\/\/www.noticiasradioreflejos.com.ar\/2021\/la-cooperadora-de-la-unidad-sanitaria-de-sierra-de-la-ventana-necesita-mas-socios\/\",\"url\":\"https:\/\/www.noticiasradioreflejos.com.ar\/2021\/la-cooperadora-de-la-unidad-sanitaria-de-sierra-de-la-ventana-necesita-mas-socios\/\",\"name\":\"La Cooperadora de la Unidad Sanitaria de Sierra de la Ventana necesita m\u00e1s socios. - Noticias Radio Reflejos\",\"isPartOf\":{\"@id\":\"https:\/\/www.noticiasradioreflejos.com.ar\/2021\/#website\"},\"primaryImageOfPage\":{\"@id\":\"https:\/\/www.noticiasradioreflejos.com.ar\/2021\/la-cooperadora-de-la-unidad-sanitaria-de-sierra-de-la-ventana-necesita-mas-socios\/#primaryimage\"},\"image\":{\"@id\":\"https:\/\/www.noticiasradioreflejos.com.ar\/2021\/la-cooperadora-de-la-unidad-sanitaria-de-sierra-de-la-ventana-necesita-mas-socios\/#primaryimage\"},\"thumbnailUrl\":\"https:\/\/www.noticiasradioreflejos.com.ar\/2021\/wp-content\/uploads\/2021\/05\/Sala-Sierra-1.jpg\",\"datePublished\":\"2021-05-14T22:01:10+00:00\",\"dateModified\":\"2021-05-14T22:02:09+00:00\",\"author\":{\"@id\":\"https:\/\/www.noticiasradioreflejos.com.ar\/2021\/#\/schema\/person\/ad82545263dcc5ec0996818884fd5fb1\"},\"breadcrumb\":{\"@id\":\"https:\/\/www.noticiasradioreflejos.com.ar\/2021\/la-cooperadora-de-la-unidad-sanitaria-de-sierra-de-la-ventana-necesita-mas-socios\/#breadcrumb\"},\"inLanguage\":\"es\",\"potentialAction\":[{\"@type\":\"ReadAction\",\"target\":[\"https:\/\/www.noticiasradioreflejos.com.ar\/2021\/la-cooperadora-de-la-unidad-sanitaria-de-sierra-de-la-ventana-necesita-mas-socios\/\"]}]},{\"@type\":\"ImageObject\",\"inLanguage\":\"es\",\"@id\":\"https:\/\/www.noticiasradioreflejos.com.ar\/2021\/la-cooperadora-de-la-unidad-sanitaria-de-sierra-de-la-ventana-necesita-mas-socios\/#primaryimage\",\"url\":\"https:\/\/www.noticiasradioreflejos.com.ar\/2021\/wp-content\/uploads\/2021\/05\/Sala-Sierra-1.jpg\",\"contentUrl\":\"https:\/\/www.noticiasradioreflejos.com.ar\/2021\/wp-content\/uploads\/2021\/05\/Sala-Sierra-1.jpg\",\"width\":659,\"height\":387},{\"@type\":\"BreadcrumbList\",\"@id\":\"https:\/\/www.noticiasradioreflejos.com.ar\/2021\/la-cooperadora-de-la-unidad-sanitaria-de-sierra-de-la-ventana-necesita-mas-socios\/#breadcrumb\",\"itemListElement\":[{\"@type\":\"ListItem\",\"position\":1,\"name\":\"Portada\",\"item\":\"https:\/\/www.noticiasradioreflejos.com.ar\/2021\/\"},{\"@type\":\"ListItem\",\"position\":2,\"name\":\"La Cooperadora de la Unidad Sanitaria de Sierra de la Ventana necesita m\u00e1s socios.\"}]},{\"@type\":\"WebSite\",\"@id\":\"https:\/\/www.noticiasradioreflejos.com.ar\/2021\/#website\",\"url\":\"https:\/\/www.noticiasradioreflejos.com.ar\/2021\/\",\"name\":\"Noticias Radio Reflejos\",\"description\":\"Las noticias de mi comarca\",\"potentialAction\":[{\"@type\":\"SearchAction\",\"target\":{\"@type\":\"EntryPoint\",\"urlTemplate\":\"https:\/\/www.noticiasradioreflejos.com.ar\/2021\/?s={search_term_string}\"},\"query-input\":{\"@type\":\"PropertyValueSpecification\",\"valueRequired\":true,\"valueName\":\"search_term_string\"}}],\"inLanguage\":\"es\"},{\"@type\":\"Person\",\"@id\":\"https:\/\/www.noticiasradioreflejos.com.ar\/2021\/#\/schema\/person\/ad82545263dcc5ec0996818884fd5fb1\",\"name\":\"Arnaldo Botto\",\"image\":{\"@type\":\"ImageObject\",\"inLanguage\":\"es\",\"@id\":\"https:\/\/www.noticiasradioreflejos.com.ar\/2021\/#\/schema\/person\/image\/\",\"url\":\"https:\/\/secure.gravatar.com\/avatar\/55cb5e37c1efa326397366e6974cb338056df65cb50e7d64d1cf314e87504837?s=96&d=mm&r=g\",\"contentUrl\":\"https:\/\/secure.gravatar.com\/avatar\/55cb5e37c1efa326397366e6974cb338056df65cb50e7d64d1cf314e87504837?s=96&d=mm&r=g\",\"caption\":\"Arnaldo Botto\"},\"url\":\"https:\/\/www.noticiasradioreflejos.com.ar\/2021\/author\/arnaldo\/\"}]}<\/script>\n<!-- \/ Yoast SEO plugin. -->","yoast_head_json":{"title":"La Cooperadora de la Unidad Sanitaria de Sierra de la Ventana necesita m\u00e1s socios. - Noticias Radio Reflejos","robots":{"index":"index","follow":"follow","max-snippet":"max-snippet:-1","max-image-preview":"max-image-preview:large","max-video-preview":"max-video-preview:-1"},"canonical":"https:\/\/www.noticiasradioreflejos.com.ar\/2021\/la-cooperadora-de-la-unidad-sanitaria-de-sierra-de-la-ventana-necesita-mas-socios\/","og_locale":"es_ES","og_type":"article","og_title":"La Cooperadora de la Unidad Sanitaria de Sierra de la Ventana necesita m\u00e1s socios. - Noticias Radio Reflejos","og_description":"Dora Gervasio, protesorera de la Cooperadora de la Unidad Sanitaria \u00abDr Emilio Aldaya\u00bb de Sierra de la Ventana, aprovecha el espacio de la radio para transmitirle a la comunidad cu\u00e1nto aporta la cooperadora a la sala del pueblo y lo importante que es asociarse a la misma.","og_url":"https:\/\/www.noticiasradioreflejos.com.ar\/2021\/la-cooperadora-de-la-unidad-sanitaria-de-sierra-de-la-ventana-necesita-mas-socios\/","og_site_name":"Noticias Radio Reflejos","article_published_time":"2021-05-14T22:01:10+00:00","article_modified_time":"2021-05-14T22:02:09+00:00","og_image":[{"width":659,"height":387,"url":"https:\/\/www.noticiasradioreflejos.com.ar\/2021\/wp-content\/uploads\/2021\/05\/Sala-Sierra-1.jpg","type":"image\/jpeg"}],"author":"Arnaldo Botto","twitter_card":"summary_large_image","schema":{"@context":"https:\/\/schema.org","@graph":[{"@type":"WebPage","@id":"https:\/\/www.noticiasradioreflejos.com.ar\/2021\/la-cooperadora-de-la-unidad-sanitaria-de-sierra-de-la-ventana-necesita-mas-socios\/","url":"https:\/\/www.noticiasradioreflejos.com.ar\/2021\/la-cooperadora-de-la-unidad-sanitaria-de-sierra-de-la-ventana-necesita-mas-socios\/","name":"La Cooperadora de la Unidad Sanitaria de Sierra de la Ventana necesita m\u00e1s socios. - Noticias Radio Reflejos","isPartOf":{"@id":"https:\/\/www.noticiasradioreflejos.com.ar\/2021\/#website"},"primaryImageOfPage":{"@id":"https:\/\/www.noticiasradioreflejos.com.ar\/2021\/la-cooperadora-de-la-unidad-sanitaria-de-sierra-de-la-ventana-necesita-mas-socios\/#primaryimage"},"image":{"@id":"https:\/\/www.noticiasradioreflejos.com.ar\/2021\/la-cooperadora-de-la-unidad-sanitaria-de-sierra-de-la-ventana-necesita-mas-socios\/#primaryimage"},"thumbnailUrl":"https:\/\/www.noticiasradioreflejos.com.ar\/2021\/wp-content\/uploads\/2021\/05\/Sala-Sierra-1.jpg","datePublished":"2021-05-14T22:01:10+00:00","dateModified":"2021-05-14T22:02:09+00:00","author":{"@id":"https:\/\/www.noticiasradioreflejos.com.ar\/2021\/#\/schema\/person\/ad82545263dcc5ec0996818884fd5fb1"},"breadcrumb":{"@id":"https:\/\/www.noticiasradioreflejos.com.ar\/2021\/la-cooperadora-de-la-unidad-sanitaria-de-sierra-de-la-ventana-necesita-mas-socios\/#breadcrumb"},"inLanguage":"es","potentialAction":[{"@type":"ReadAction","target":["https:\/\/www.noticiasradioreflejos.com.ar\/2021\/la-cooperadora-de-la-unidad-sanitaria-de-sierra-de-la-ventana-necesita-mas-socios\/"]}]},{"@type":"ImageObject","inLanguage":"es","@id":"https:\/\/www.noticiasradioreflejos.com.ar\/2021\/la-cooperadora-de-la-unidad-sanitaria-de-sierra-de-la-ventana-necesita-mas-socios\/#primaryimage","url":"https:\/\/www.noticiasradioreflejos.com.ar\/2021\/wp-content\/uploads\/2021\/05\/Sala-Sierra-1.jpg","contentUrl":"https:\/\/www.noticiasradioreflejos.com.ar\/2021\/wp-content\/uploads\/2021\/05\/Sala-Sierra-1.jpg","width":659,"height":387},{"@type":"BreadcrumbList","@id":"https:\/\/www.noticiasradioreflejos.com.ar\/2021\/la-cooperadora-de-la-unidad-sanitaria-de-sierra-de-la-ventana-necesita-mas-socios\/#breadcrumb","itemListElement":[{"@type":"ListItem","position":1,"name":"Portada","item":"https:\/\/www.noticiasradioreflejos.com.ar\/2021\/"},{"@type":"ListItem","position":2,"name":"La Cooperadora de la Unidad Sanitaria de Sierra de la Ventana necesita m\u00e1s socios."}]},{"@type":"WebSite","@id":"https:\/\/www.noticiasradioreflejos.com.ar\/2021\/#website","url":"https:\/\/www.noticiasradioreflejos.com.ar\/2021\/","name":"Noticias Radio Reflejos","description":"Las noticias de mi comarca","potentialAction":[{"@type":"SearchAction","target":{"@type":"EntryPoint","urlTemplate":"https:\/\/www.noticiasradioreflejos.com.ar\/2021\/?s={search_term_string}"},"query-input":{"@type":"PropertyValueSpecification","valueRequired":true,"valueName":"search_term_string"}}],"inLanguage":"es"},{"@type":"Person","@id":"https:\/\/www.noticiasradioreflejos.com.ar\/2021\/#\/schema\/person\/ad82545263dcc5ec0996818884fd5fb1","name":"Arnaldo Botto","image":{"@type":"ImageObject","inLanguage":"es","@id":"https:\/\/www.noticiasradioreflejos.com.ar\/2021\/#\/schema\/person\/image\/","url":"https:\/\/secure.gravatar.com\/avatar\/55cb5e37c1efa326397366e6974cb338056df65cb50e7d64d1cf314e87504837?s=96&d=mm&r=g","contentUrl":"https:\/\/secure.gravatar.com\/avatar\/55cb5e37c1efa326397366e6974cb338056df65cb50e7d64d1cf314e87504837?s=96&d=mm&r=g","caption":"Arnaldo Botto"},"url":"https:\/\/www.noticiasradioreflejos.com.ar\/2021\/author\/arnaldo\/"}]}},"_links":{"self":[{"href":"https:\/\/www.noticiasradioreflejos.com.ar\/2021\/wp-json\/wp\/v2\/posts\/56873","targetHints":{"allow":["GET"]}}],"collection":[{"href":"https:\/\/www.noticiasradioreflejos.com.ar\/2021\/wp-json\/wp\/v2\/posts"}],"about":[{"href":"https:\/\/www.noticiasradioreflejos.com.ar\/2021\/wp-json\/wp\/v2\/types\/post"}],"author":[{"embeddable":true,"href":"https:\/\/www.noticiasradioreflejos.com.ar\/2021\/wp-json\/wp\/v2\/users\/3"}],"replies":[{"embeddable":true,"href":"https:\/\/www.noticiasradioreflejos.com.ar\/2021\/wp-json\/wp\/v2\/comments?post=56873"}],"version-history":[{"count":2,"href":"https:\/\/www.noticiasradioreflejos.com.ar\/2021\/wp-json\/wp\/v2\/posts\/56873\/revisions"}],"predecessor-version":[{"id":56886,"href":"https:\/\/www.noticiasradioreflejos.com.ar\/2021\/wp-json\/wp\/v2\/posts\/56873\/revisions\/56886"}],"wp:featuredmedia":[{"embeddable":true,"href":"https:\/\/www.noticiasradioreflejos.com.ar\/2021\/wp-json\/wp\/v2\/media\/56885"}],"wp:attachment":[{"href":"https:\/\/www.noticiasradioreflejos.com.ar\/2021\/wp-json\/wp\/v2\/media?parent=56873"}],"wp:term":[{"taxonomy":"category","embeddable":true,"href":"https:\/\/www.noticiasradioreflejos.com.ar\/2021\/wp-json\/wp\/v2\/categories?post=56873"},{"taxonomy":"post_tag","embeddable":true,"href":"https:\/\/www.noticiasradioreflejos.com.ar\/2021\/wp-json\/wp\/v2\/tags?post=56873"}],"curies":[{"name":"wp","href":"https:\/\/api.w.org\/{rel}","templated":true}]}}