{"id":56858,"date":"2021-05-14T16:26:02","date_gmt":"2021-05-14T16:26:02","guid":{"rendered":"http:\/\/www.noticiasradioreflejos.com.ar\/2021\/?p=56858"},"modified":"2021-05-14T16:27:53","modified_gmt":"2021-05-14T16:27:53","slug":"vandalismo-en-sierra-de-la-ventana-causan-danos-al-golf-club-por-mas-de-135-mil-pesos","status":"publish","type":"post","link":"https:\/\/www.noticiasradioreflejos.com.ar\/2021\/vandalismo-en-sierra-de-la-ventana-causan-danos-al-golf-club-por-mas-de-135-mil-pesos\/","title":{"rendered":"Vandalismo en Sierra de la Ventana: Causan da\u00f1os al Golf Club por m\u00e1s de 135 mil pesos"},"content":{"rendered":"<p>Integrantes de la Comisi\u00f3n Directiva del Golf Club de Sierra de la Ventana radicaron una denuncia penal por da\u00f1os a las instalaciones de la instituci\u00f3n deportiva de la localidad,\u00a0 que estiman en una suma de 135 mil pesos.<!--more--><\/p>\n<p>La denuncia realizada en la Subestaci\u00f3n de Polic\u00eda de Sierra de la Ventana y declara que empleados de la instituci\u00f3n encontraron entre las 8 y las 9 horas de esta ma\u00f1ana, la rotura o destrucci\u00f3n\u00a0 de varillas en varios hoyos de la cancha y en un carro fumigador, al que arrastraron 300 metros del lugar donde se encontraba y rompieron cubiertas y el tanque pl\u00e1stico. El costo de los da\u00f1os supera los 135 mil pesos.<\/p>\n<p>La polic\u00eda levant\u00f3 huellas de los posibles actores del hecho.<\/p>\n<p>&nbsp;<\/p>\n<p><a title=\"WhatsApp Image 2021-05-14 at 12.48.52 (1)\" href=\"https:\/\/www.flickr.com\/photos\/182279889@N02\/51178801498\/in\/dateposted-public\/\" data-flickr-embed=\"true\" data-header=\"true\"><img loading=\"lazy\" decoding=\"async\" src=\"https:\/\/live.staticflickr.com\/65535\/51178801498_b06dbe6f75_c.jpg\" alt=\"WhatsApp Image 2021-05-14 at 12.48.52 (1)\" width=\"721\" height=\"800\" \/><\/a><script async src=\"\/\/embedr.flickr.com\/assets\/client-code.js\" charset=\"utf-8\"><\/script><\/p>\n<p><strong>Copia de la Denuncia:<\/strong><br \/>\n<a title=\"WhatsApp Image 2021-05-14 at 12.48.13\" href=\"https:\/\/www.flickr.com\/photos\/182279889@N02\/51178580441\/in\/dateposted-public\/\" data-flickr-embed=\"true\" data-header=\"true\"><img loading=\"lazy\" decoding=\"async\" src=\"https:\/\/live.staticflickr.com\/65535\/51178580441_d3f1442bca_c.jpg\" alt=\"WhatsApp Image 2021-05-14 at 12.48.13\" width=\"800\" height=\"781\" \/><\/a><script async src=\"\/\/embedr.flickr.com\/assets\/client-code.js\" charset=\"utf-8\"><\/script><\/p>\n","protected":false},"excerpt":{"rendered":"<p>Integrantes de la Comisi\u00f3n Directiva del Golf Club de Sierra de la Ventana radicaron una denuncia penal por da\u00f1os a las instalaciones de la instituci\u00f3n deportiva de la localidad,\u00a0 que estiman en una suma de 135 mil pesos.<\/p>\n","protected":false},"author":3,"featured_media":0,"comment_status":"closed","ping_status":"closed","sticky":false,"template":"","format":"standard","meta":{"footnotes":""},"categories":[29],"tags":[48],"class_list":["post-56858","post","type-post","status-publish","format-standard","hentry","category-policiales","tag-destacada"],"yoast_head":"<!-- This site is optimized with the Yoast SEO plugin v25.9 - https:\/\/yoast.com\/wordpress\/plugins\/seo\/ -->\n<title>Vandalismo en Sierra de la Ventana: Causan da\u00f1os al Golf Club por m\u00e1s de 135 mil pesos - Noticias Radio Reflejos<\/title>\n<meta name=\"robots\" content=\"index, follow, max-snippet:-1, max-image-preview:large, max-video-preview:-1\" \/>\n<link rel=\"canonical\" href=\"https:\/\/www.noticiasradioreflejos.com.ar\/2021\/vandalismo-en-sierra-de-la-ventana-causan-danos-al-golf-club-por-mas-de-135-mil-pesos\/\" \/>\n<meta property=\"og:locale\" content=\"es_ES\" \/>\n<meta property=\"og:type\" content=\"article\" \/>\n<meta property=\"og:title\" content=\"Vandalismo en Sierra de la Ventana: Causan da\u00f1os al Golf Club por m\u00e1s de 135 mil pesos - Noticias Radio Reflejos\" \/>\n<meta property=\"og:description\" content=\"Integrantes de la Comisi\u00f3n Directiva del Golf Club de Sierra de la Ventana radicaron una denuncia penal por da\u00f1os a las instalaciones de la instituci\u00f3n deportiva de la localidad,\u00a0 que estiman en una suma de 135 mil pesos.\" \/>\n<meta property=\"og:url\" content=\"https:\/\/www.noticiasradioreflejos.com.ar\/2021\/vandalismo-en-sierra-de-la-ventana-causan-danos-al-golf-club-por-mas-de-135-mil-pesos\/\" \/>\n<meta property=\"og:site_name\" content=\"Noticias Radio Reflejos\" \/>\n<meta property=\"article:published_time\" content=\"2021-05-14T16:26:02+00:00\" \/>\n<meta property=\"article:modified_time\" content=\"2021-05-14T16:27:53+00:00\" \/>\n<meta property=\"og:image\" content=\"https:\/\/live.staticflickr.com\/65535\/51178801498_b06dbe6f75_c.jpg\" \/>\n<meta name=\"author\" content=\"Arnaldo Botto\" \/>\n<meta name=\"twitter:card\" content=\"summary_large_image\" \/>\n<script type=\"application\/ld+json\" class=\"yoast-schema-graph\">{\"@context\":\"https:\/\/schema.org\",\"@graph\":[{\"@type\":\"WebPage\",\"@id\":\"https:\/\/www.noticiasradioreflejos.com.ar\/2021\/vandalismo-en-sierra-de-la-ventana-causan-danos-al-golf-club-por-mas-de-135-mil-pesos\/\",\"url\":\"https:\/\/www.noticiasradioreflejos.com.ar\/2021\/vandalismo-en-sierra-de-la-ventana-causan-danos-al-golf-club-por-mas-de-135-mil-pesos\/\",\"name\":\"Vandalismo en Sierra de la Ventana: Causan da\u00f1os al Golf Club por m\u00e1s de 135 mil pesos - Noticias Radio Reflejos\",\"isPartOf\":{\"@id\":\"https:\/\/www.noticiasradioreflejos.com.ar\/2021\/#website\"},\"primaryImageOfPage\":{\"@id\":\"https:\/\/www.noticiasradioreflejos.com.ar\/2021\/vandalismo-en-sierra-de-la-ventana-causan-danos-al-golf-club-por-mas-de-135-mil-pesos\/#primaryimage\"},\"image\":{\"@id\":\"https:\/\/www.noticiasradioreflejos.com.ar\/2021\/vandalismo-en-sierra-de-la-ventana-causan-danos-al-golf-club-por-mas-de-135-mil-pesos\/#primaryimage\"},\"thumbnailUrl\":\"https:\/\/live.staticflickr.com\/65535\/51178801498_b06dbe6f75_c.jpg\",\"datePublished\":\"2021-05-14T16:26:02+00:00\",\"dateModified\":\"2021-05-14T16:27:53+00:00\",\"author\":{\"@id\":\"https:\/\/www.noticiasradioreflejos.com.ar\/2021\/#\/schema\/person\/ad82545263dcc5ec0996818884fd5fb1\"},\"breadcrumb\":{\"@id\":\"https:\/\/www.noticiasradioreflejos.com.ar\/2021\/vandalismo-en-sierra-de-la-ventana-causan-danos-al-golf-club-por-mas-de-135-mil-pesos\/#breadcrumb\"},\"inLanguage\":\"es\",\"potentialAction\":[{\"@type\":\"ReadAction\",\"target\":[\"https:\/\/www.noticiasradioreflejos.com.ar\/2021\/vandalismo-en-sierra-de-la-ventana-causan-danos-al-golf-club-por-mas-de-135-mil-pesos\/\"]}]},{\"@type\":\"ImageObject\",\"inLanguage\":\"es\",\"@id\":\"https:\/\/www.noticiasradioreflejos.com.ar\/2021\/vandalismo-en-sierra-de-la-ventana-causan-danos-al-golf-club-por-mas-de-135-mil-pesos\/#primaryimage\",\"url\":\"https:\/\/live.staticflickr.com\/65535\/51178801498_b06dbe6f75_c.jpg\",\"contentUrl\":\"https:\/\/live.staticflickr.com\/65535\/51178801498_b06dbe6f75_c.jpg\"},{\"@type\":\"BreadcrumbList\",\"@id\":\"https:\/\/www.noticiasradioreflejos.com.ar\/2021\/vandalismo-en-sierra-de-la-ventana-causan-danos-al-golf-club-por-mas-de-135-mil-pesos\/#breadcrumb\",\"itemListElement\":[{\"@type\":\"ListItem\",\"position\":1,\"name\":\"Portada\",\"item\":\"https:\/\/www.noticiasradioreflejos.com.ar\/2021\/\"},{\"@type\":\"ListItem\",\"position\":2,\"name\":\"Vandalismo en Sierra de la Ventana: Causan da\u00f1os al Golf Club por m\u00e1s de 135 mil pesos\"}]},{\"@type\":\"WebSite\",\"@id\":\"https:\/\/www.noticiasradioreflejos.com.ar\/2021\/#website\",\"url\":\"https:\/\/www.noticiasradioreflejos.com.ar\/2021\/\",\"name\":\"Noticias Radio Reflejos\",\"description\":\"Las noticias de mi comarca\",\"potentialAction\":[{\"@type\":\"SearchAction\",\"target\":{\"@type\":\"EntryPoint\",\"urlTemplate\":\"https:\/\/www.noticiasradioreflejos.com.ar\/2021\/?s={search_term_string}\"},\"query-input\":{\"@type\":\"PropertyValueSpecification\",\"valueRequired\":true,\"valueName\":\"search_term_string\"}}],\"inLanguage\":\"es\"},{\"@type\":\"Person\",\"@id\":\"https:\/\/www.noticiasradioreflejos.com.ar\/2021\/#\/schema\/person\/ad82545263dcc5ec0996818884fd5fb1\",\"name\":\"Arnaldo Botto\",\"image\":{\"@type\":\"ImageObject\",\"inLanguage\":\"es\",\"@id\":\"https:\/\/www.noticiasradioreflejos.com.ar\/2021\/#\/schema\/person\/image\/\",\"url\":\"https:\/\/secure.gravatar.com\/avatar\/55cb5e37c1efa326397366e6974cb338056df65cb50e7d64d1cf314e87504837?s=96&d=mm&r=g\",\"contentUrl\":\"https:\/\/secure.gravatar.com\/avatar\/55cb5e37c1efa326397366e6974cb338056df65cb50e7d64d1cf314e87504837?s=96&d=mm&r=g\",\"caption\":\"Arnaldo Botto\"},\"url\":\"https:\/\/www.noticiasradioreflejos.com.ar\/2021\/author\/arnaldo\/\"}]}<\/script>\n<!-- \/ Yoast SEO plugin. -->","yoast_head_json":{"title":"Vandalismo en Sierra de la Ventana: Causan da\u00f1os al Golf Club por m\u00e1s de 135 mil pesos - Noticias Radio Reflejos","robots":{"index":"index","follow":"follow","max-snippet":"max-snippet:-1","max-image-preview":"max-image-preview:large","max-video-preview":"max-video-preview:-1"},"canonical":"https:\/\/www.noticiasradioreflejos.com.ar\/2021\/vandalismo-en-sierra-de-la-ventana-causan-danos-al-golf-club-por-mas-de-135-mil-pesos\/","og_locale":"es_ES","og_type":"article","og_title":"Vandalismo en Sierra de la Ventana: Causan da\u00f1os al Golf Club por m\u00e1s de 135 mil pesos - Noticias Radio Reflejos","og_description":"Integrantes de la Comisi\u00f3n Directiva del Golf Club de Sierra de la Ventana radicaron una denuncia penal por da\u00f1os a las instalaciones de la instituci\u00f3n deportiva de la localidad,\u00a0 que estiman en una suma de 135 mil pesos.","og_url":"https:\/\/www.noticiasradioreflejos.com.ar\/2021\/vandalismo-en-sierra-de-la-ventana-causan-danos-al-golf-club-por-mas-de-135-mil-pesos\/","og_site_name":"Noticias Radio Reflejos","article_published_time":"2021-05-14T16:26:02+00:00","article_modified_time":"2021-05-14T16:27:53+00:00","og_image":[{"url":"https:\/\/live.staticflickr.com\/65535\/51178801498_b06dbe6f75_c.jpg","type":"","width":"","height":""}],"author":"Arnaldo Botto","twitter_card":"summary_large_image","schema":{"@context":"https:\/\/schema.org","@graph":[{"@type":"WebPage","@id":"https:\/\/www.noticiasradioreflejos.com.ar\/2021\/vandalismo-en-sierra-de-la-ventana-causan-danos-al-golf-club-por-mas-de-135-mil-pesos\/","url":"https:\/\/www.noticiasradioreflejos.com.ar\/2021\/vandalismo-en-sierra-de-la-ventana-causan-danos-al-golf-club-por-mas-de-135-mil-pesos\/","name":"Vandalismo en Sierra de la Ventana: Causan da\u00f1os al Golf Club por m\u00e1s de 135 mil pesos - Noticias Radio Reflejos","isPartOf":{"@id":"https:\/\/www.noticiasradioreflejos.com.ar\/2021\/#website"},"primaryImageOfPage":{"@id":"https:\/\/www.noticiasradioreflejos.com.ar\/2021\/vandalismo-en-sierra-de-la-ventana-causan-danos-al-golf-club-por-mas-de-135-mil-pesos\/#primaryimage"},"image":{"@id":"https:\/\/www.noticiasradioreflejos.com.ar\/2021\/vandalismo-en-sierra-de-la-ventana-causan-danos-al-golf-club-por-mas-de-135-mil-pesos\/#primaryimage"},"thumbnailUrl":"https:\/\/live.staticflickr.com\/65535\/51178801498_b06dbe6f75_c.jpg","datePublished":"2021-05-14T16:26:02+00:00","dateModified":"2021-05-14T16:27:53+00:00","author":{"@id":"https:\/\/www.noticiasradioreflejos.com.ar\/2021\/#\/schema\/person\/ad82545263dcc5ec0996818884fd5fb1"},"breadcrumb":{"@id":"https:\/\/www.noticiasradioreflejos.com.ar\/2021\/vandalismo-en-sierra-de-la-ventana-causan-danos-al-golf-club-por-mas-de-135-mil-pesos\/#breadcrumb"},"inLanguage":"es","potentialAction":[{"@type":"ReadAction","target":["https:\/\/www.noticiasradioreflejos.com.ar\/2021\/vandalismo-en-sierra-de-la-ventana-causan-danos-al-golf-club-por-mas-de-135-mil-pesos\/"]}]},{"@type":"ImageObject","inLanguage":"es","@id":"https:\/\/www.noticiasradioreflejos.com.ar\/2021\/vandalismo-en-sierra-de-la-ventana-causan-danos-al-golf-club-por-mas-de-135-mil-pesos\/#primaryimage","url":"https:\/\/live.staticflickr.com\/65535\/51178801498_b06dbe6f75_c.jpg","contentUrl":"https:\/\/live.staticflickr.com\/65535\/51178801498_b06dbe6f75_c.jpg"},{"@type":"BreadcrumbList","@id":"https:\/\/www.noticiasradioreflejos.com.ar\/2021\/vandalismo-en-sierra-de-la-ventana-causan-danos-al-golf-club-por-mas-de-135-mil-pesos\/#breadcrumb","itemListElement":[{"@type":"ListItem","position":1,"name":"Portada","item":"https:\/\/www.noticiasradioreflejos.com.ar\/2021\/"},{"@type":"ListItem","position":2,"name":"Vandalismo en Sierra de la Ventana: Causan da\u00f1os al Golf Club por m\u00e1s de 135 mil pesos"}]},{"@type":"WebSite","@id":"https:\/\/www.noticiasradioreflejos.com.ar\/2021\/#website","url":"https:\/\/www.noticiasradioreflejos.com.ar\/2021\/","name":"Noticias Radio Reflejos","description":"Las noticias de mi comarca","potentialAction":[{"@type":"SearchAction","target":{"@type":"EntryPoint","urlTemplate":"https:\/\/www.noticiasradioreflejos.com.ar\/2021\/?s={search_term_string}"},"query-input":{"@type":"PropertyValueSpecification","valueRequired":true,"valueName":"search_term_string"}}],"inLanguage":"es"},{"@type":"Person","@id":"https:\/\/www.noticiasradioreflejos.com.ar\/2021\/#\/schema\/person\/ad82545263dcc5ec0996818884fd5fb1","name":"Arnaldo Botto","image":{"@type":"ImageObject","inLanguage":"es","@id":"https:\/\/www.noticiasradioreflejos.com.ar\/2021\/#\/schema\/person\/image\/","url":"https:\/\/secure.gravatar.com\/avatar\/55cb5e37c1efa326397366e6974cb338056df65cb50e7d64d1cf314e87504837?s=96&d=mm&r=g","contentUrl":"https:\/\/secure.gravatar.com\/avatar\/55cb5e37c1efa326397366e6974cb338056df65cb50e7d64d1cf314e87504837?s=96&d=mm&r=g","caption":"Arnaldo Botto"},"url":"https:\/\/www.noticiasradioreflejos.com.ar\/2021\/author\/arnaldo\/"}]}},"_links":{"self":[{"href":"https:\/\/www.noticiasradioreflejos.com.ar\/2021\/wp-json\/wp\/v2\/posts\/56858","targetHints":{"allow":["GET"]}}],"collection":[{"href":"https:\/\/www.noticiasradioreflejos.com.ar\/2021\/wp-json\/wp\/v2\/posts"}],"about":[{"href":"https:\/\/www.noticiasradioreflejos.com.ar\/2021\/wp-json\/wp\/v2\/types\/post"}],"author":[{"embeddable":true,"href":"https:\/\/www.noticiasradioreflejos.com.ar\/2021\/wp-json\/wp\/v2\/users\/3"}],"replies":[{"embeddable":true,"href":"https:\/\/www.noticiasradioreflejos.com.ar\/2021\/wp-json\/wp\/v2\/comments?post=56858"}],"version-history":[{"count":3,"href":"https:\/\/www.noticiasradioreflejos.com.ar\/2021\/wp-json\/wp\/v2\/posts\/56858\/revisions"}],"predecessor-version":[{"id":56862,"href":"https:\/\/www.noticiasradioreflejos.com.ar\/2021\/wp-json\/wp\/v2\/posts\/56858\/revisions\/56862"}],"wp:attachment":[{"href":"https:\/\/www.noticiasradioreflejos.com.ar\/2021\/wp-json\/wp\/v2\/media?parent=56858"}],"wp:term":[{"taxonomy":"category","embeddable":true,"href":"https:\/\/www.noticiasradioreflejos.com.ar\/2021\/wp-json\/wp\/v2\/categories?post=56858"},{"taxonomy":"post_tag","embeddable":true,"href":"https:\/\/www.noticiasradioreflejos.com.ar\/2021\/wp-json\/wp\/v2\/tags?post=56858"}],"curies":[{"name":"wp","href":"https:\/\/api.w.org\/{rel}","templated":true}]}}