{"id":56842,"date":"2021-05-14T14:52:07","date_gmt":"2021-05-14T14:52:07","guid":{"rendered":"http:\/\/www.noticiasradioreflejos.com.ar\/2021\/?p=56842"},"modified":"2021-05-14T14:52:07","modified_gmt":"2021-05-14T14:52:07","slug":"el-sabor-de-las-mieles-bonaerenses","status":"publish","type":"post","link":"https:\/\/www.noticiasradioreflejos.com.ar\/2021\/el-sabor-de-las-mieles-bonaerenses\/","title":{"rendered":"El sabor de las mieles bonaerenses"},"content":{"rendered":"<p style=\"font-weight: 400;\">Con la diversidad de variedades y sabores que le imprimen los distintos paisajes, la provincia de Buenos Aires es la mayor productora de miel de la Argentina.<!--more--><\/p>\n<p style=\"font-weight: 400;\">La actividad ap\u00edcola ofrece una amplia gama de productos derivados que incluyen cosm\u00e9ticos, cer\u00e1micos y objetos de alfarer\u00eda. Adem\u00e1s, el territorio genera propuestas diversas como la posibilidad de ser apicultor por un d\u00eda.<\/p>\n<p style=\"font-weight: 400;\">Del 14 al 20 de mayo se realizar\u00e1 en el pa\u00eds la \u201cSemana de la Miel\u201d con el objetivo de promocionar y alentar el consumo de este alimento natural. Tres apicultores de Azul, Escobar y Chascom\u00fas nos acercan\u00a0 un recorrido por el mundo de las abejas y su deliciosa producci\u00f3n.<\/p>\n<p style=\"font-weight: 400;\"><strong>Miel de las praderas azule\u00f1as<\/strong><\/p>\n<p style=\"font-weight: 400;\">Jos\u00e9 Mu\u00f1iz se dedica a la apicultura desde hace 45 a\u00f1os pero en las \u00faltimas dos d\u00e9cadas el proyecto se convirti\u00f3 en la empresa familiar con la incorporaci\u00f3n de su hijo y, m\u00e1s tarde, de su hija a la actividad.<\/p>\n<p style=\"font-weight: 400;\">Desde Azul, en el centro de la provincia de Buenos Aires, \u201cMiel del Parque\u201d se dedica a fraccionar miel multifloral y libre de agroqu\u00edmicos. \u201cLa ubicaci\u00f3n de las colmenas es clave, por eso elegimos campos localizados lejos de las \u00e1reas sembradas\u201d explic\u00f3.<\/p>\n<p style=\"font-weight: 400;\">La excelente calidad de su miel le permiti\u00f3 a Jos\u00e9 participar en diferentes ferias gastron\u00f3micas y productivas que fueron para \u00e9l una gran experiencia.<\/p>\n<p style=\"font-weight: 400;\">La \u201cMiel del Parque\u201d se comercializa en presentaciones de 1 kilo, de 500 y 400 gramos, y de 450 gramos en su variedad cremosa. Tambi\u00e9n ofrecen porciones individuales de 25 y 40 gramos. Adem\u00e1s, proyectan especializarse en la elaboraci\u00f3n y venta de hidromiel.<\/p>\n<p style=\"font-weight: 400;\">Mu\u00f1iz encontr\u00f3 en la actividad tur\u00edstica una nueva veta de la apicultura y es quien coordina las visitas guiadas que se realizan durante el verano, mientras se desarrolla la temporada de cosecha.<\/p>\n<p style=\"font-weight: 400;\">Seg\u00fan este experto, las recorridas son importantes para \u201cdescubrir que la miel no nace en un frasco e involucrar a los consumidores en el proceso productivo\u201d.<\/p>\n<p style=\"font-weight: 400;\"><strong>Cerveza e hidromiel<\/strong><\/p>\n<p style=\"font-weight: 400;\">\u201cEl proyecto comenz\u00f3 en 2013 cuando compr\u00e9 treinta y cinco colmenas como parte del grupo\u00a0<em>Cambio Rural<\/em>, desde donde aprendimos a producir miel como propone el INTA, de manera sana y libre de antibi\u00f3ticos\u201d, relat\u00f3 Hern\u00e1n Barri, ingeniero agr\u00f3nomo de Chascom\u00fas.<\/p>\n<p style=\"font-weight: 400;\">Un a\u00f1o despu\u00e9s, decidi\u00f3 transformar ese producto natural en hidromiel, la primera bebida alcoh\u00f3lica de la humanidad, y en 2016 cre\u00f3 \u201cCeiba\u201d \u2013 IG: @ceiba_cerveza, una cerveza artesanal que tiene a la miel entre sus ingredientes.<\/p>\n<p style=\"font-weight: 400;\">\u201cEn Chascom\u00fas y en toda la cuenca del Salado la ganader\u00eda es la actividad principal, lo que la convierte en un territorio ideal para la apicultura ya que no es tan frecuente el uso de agroqu\u00edmicos. Los campos ofrecen pastizales naturales que son la base de sustentaci\u00f3n para la elaboraci\u00f3n de mieles altamente calificadas\u201d, detall\u00f3 el especialista.<\/p>\n<p style=\"font-weight: 400;\">Por esas cualidades \u00fanicas, tanto la cerveza como la hidromiel obtuvieron el primer puesto durante una jornada nacional de bebidas fermentadas a base de miel.<\/p>\n<p style=\"font-weight: 400;\">Los productos se comercializan en el Paseo de Emprendedores, ubicado en Costanera y presidente Per\u00f3n, ciudad de Chascom\u00fas.<\/p>\n<p><a title=\"Miel 3\" href=\"https:\/\/www.flickr.com\/photos\/182279889@N02\/51177752152\/in\/dateposted-public\/\" data-flickr-embed=\"true\" data-header=\"true\"><img loading=\"lazy\" decoding=\"async\" src=\"https:\/\/live.staticflickr.com\/65535\/51177752152_1cacb4d4bf_c.jpg\" alt=\"Miel 3\" width=\"686\" height=\"800\" \/><\/a><script async src=\"\/\/embedr.flickr.com\/assets\/client-code.js\" charset=\"utf-8\"><\/script><\/p>\n<p style=\"font-weight: 400;\"><strong>Con la impronta del Delta<\/strong><\/p>\n<p style=\"font-weight: 400;\">La cooperativa ap\u00edcola \u201cAmuyen\u201d -@amuyenmiel (FB)-,\u00a0 del partido de Escobar est\u00e1 abocada a la venta de miel l\u00edquida, cremosa y tambi\u00e9n del polen.<\/p>\n<p style=\"font-weight: 400;\">\u201cLas colmenas est\u00e1n emplazadas en la zona de los humedales del R\u00edo Luj\u00e1n\u00a0 destacada por ser un \u00e1rea libre de productos qu\u00edmicos, caracter\u00edstica que da como resultado la miel agroecol\u00f3gica apreciada por nuestros clientes\u201d, afirm\u00f3 Miguel Angel D\u00f3vico, integrante de esa entidad.<\/p>\n<p style=\"font-weight: 400;\">\u201cAmuyen\u201d, significa en lengua mapuche \u201cemprendamos el camino todos juntos\u00bb y eso es lo que hicieron un grupo de apicultores de esta regi\u00f3n bonaerense en 2004.<\/p>\n<p style=\"font-weight: 400;\">Adem\u00e1s de la miel fraccionada, que se comercializa en el mercado interno, la cooperativa realiza charlas, degustaciones y tambi\u00e9n propone a los turistas la experiencia de extraer el producto de los panales para vivenciar lo que se siente al ser apicultor por un d\u00eda.<\/p>\n<p style=\"font-weight: 400;\">Las mieles bonaerenses presentan las propiedades \u00fanicas de los ambientes naturales y tambi\u00e9n el compromiso de los apicultores con la producci\u00f3n de un alimento saludable y el desarrollo de pr\u00e1cticas sustentables.<\/p>\n<p style=\"font-weight: 400;\">M\u00e1s informaci\u00f3n en\u00a0<a href=\"http:\/\/buenosaires.tur.ar\/\" data-saferedirecturl=\"https:\/\/www.google.com\/url?q=http:\/\/buenosaires.tur.ar&amp;source=gmail&amp;ust=1621088943003000&amp;usg=AFQjCNGFEktlOMV9rnKaaFgpQIc1AGjJVw\">buenosaires.tur.ar<\/a><\/p>\n","protected":false},"excerpt":{"rendered":"<p>Con la diversidad de variedades y sabores que le imprimen los distintos paisajes, la provincia de Buenos Aires es la mayor productora de miel de la Argentina.<\/p>\n","protected":false},"author":3,"featured_media":0,"comment_status":"closed","ping_status":"closed","sticky":false,"template":"","format":"standard","meta":{"footnotes":""},"categories":[33],"tags":[],"class_list":["post-56842","post","type-post","status-publish","format-standard","hentry","category-turismo"],"yoast_head":"<!-- This site is optimized with the Yoast SEO plugin v25.9 - https:\/\/yoast.com\/wordpress\/plugins\/seo\/ -->\n<title>El sabor de las mieles bonaerenses - Noticias Radio Reflejos<\/title>\n<meta name=\"robots\" content=\"index, follow, max-snippet:-1, max-image-preview:large, max-video-preview:-1\" \/>\n<link rel=\"canonical\" href=\"https:\/\/www.noticiasradioreflejos.com.ar\/2021\/el-sabor-de-las-mieles-bonaerenses\/\" \/>\n<meta property=\"og:locale\" content=\"es_ES\" \/>\n<meta property=\"og:type\" content=\"article\" \/>\n<meta property=\"og:title\" content=\"El sabor de las mieles bonaerenses - Noticias Radio Reflejos\" \/>\n<meta property=\"og:description\" content=\"Con la diversidad de variedades y sabores que le imprimen los distintos paisajes, la provincia de Buenos Aires es la mayor productora de miel de la Argentina.\" \/>\n<meta property=\"og:url\" content=\"https:\/\/www.noticiasradioreflejos.com.ar\/2021\/el-sabor-de-las-mieles-bonaerenses\/\" \/>\n<meta property=\"og:site_name\" content=\"Noticias Radio Reflejos\" \/>\n<meta property=\"article:published_time\" content=\"2021-05-14T14:52:07+00:00\" \/>\n<meta property=\"og:image\" content=\"https:\/\/live.staticflickr.com\/65535\/51177752152_1cacb4d4bf_c.jpg\" \/>\n<meta name=\"author\" content=\"Arnaldo Botto\" \/>\n<meta name=\"twitter:card\" content=\"summary_large_image\" \/>\n<script type=\"application\/ld+json\" class=\"yoast-schema-graph\">{\"@context\":\"https:\/\/schema.org\",\"@graph\":[{\"@type\":\"WebPage\",\"@id\":\"https:\/\/www.noticiasradioreflejos.com.ar\/2021\/el-sabor-de-las-mieles-bonaerenses\/\",\"url\":\"https:\/\/www.noticiasradioreflejos.com.ar\/2021\/el-sabor-de-las-mieles-bonaerenses\/\",\"name\":\"El sabor de las mieles bonaerenses - Noticias Radio Reflejos\",\"isPartOf\":{\"@id\":\"https:\/\/www.noticiasradioreflejos.com.ar\/2021\/#website\"},\"primaryImageOfPage\":{\"@id\":\"https:\/\/www.noticiasradioreflejos.com.ar\/2021\/el-sabor-de-las-mieles-bonaerenses\/#primaryimage\"},\"image\":{\"@id\":\"https:\/\/www.noticiasradioreflejos.com.ar\/2021\/el-sabor-de-las-mieles-bonaerenses\/#primaryimage\"},\"thumbnailUrl\":\"https:\/\/live.staticflickr.com\/65535\/51177752152_1cacb4d4bf_c.jpg\",\"datePublished\":\"2021-05-14T14:52:07+00:00\",\"author\":{\"@id\":\"https:\/\/www.noticiasradioreflejos.com.ar\/2021\/#\/schema\/person\/ad82545263dcc5ec0996818884fd5fb1\"},\"breadcrumb\":{\"@id\":\"https:\/\/www.noticiasradioreflejos.com.ar\/2021\/el-sabor-de-las-mieles-bonaerenses\/#breadcrumb\"},\"inLanguage\":\"es\",\"potentialAction\":[{\"@type\":\"ReadAction\",\"target\":[\"https:\/\/www.noticiasradioreflejos.com.ar\/2021\/el-sabor-de-las-mieles-bonaerenses\/\"]}]},{\"@type\":\"ImageObject\",\"inLanguage\":\"es\",\"@id\":\"https:\/\/www.noticiasradioreflejos.com.ar\/2021\/el-sabor-de-las-mieles-bonaerenses\/#primaryimage\",\"url\":\"https:\/\/live.staticflickr.com\/65535\/51177752152_1cacb4d4bf_c.jpg\",\"contentUrl\":\"https:\/\/live.staticflickr.com\/65535\/51177752152_1cacb4d4bf_c.jpg\"},{\"@type\":\"BreadcrumbList\",\"@id\":\"https:\/\/www.noticiasradioreflejos.com.ar\/2021\/el-sabor-de-las-mieles-bonaerenses\/#breadcrumb\",\"itemListElement\":[{\"@type\":\"ListItem\",\"position\":1,\"name\":\"Portada\",\"item\":\"https:\/\/www.noticiasradioreflejos.com.ar\/2021\/\"},{\"@type\":\"ListItem\",\"position\":2,\"name\":\"El sabor de las mieles bonaerenses\"}]},{\"@type\":\"WebSite\",\"@id\":\"https:\/\/www.noticiasradioreflejos.com.ar\/2021\/#website\",\"url\":\"https:\/\/www.noticiasradioreflejos.com.ar\/2021\/\",\"name\":\"Noticias Radio Reflejos\",\"description\":\"Las noticias de mi comarca\",\"potentialAction\":[{\"@type\":\"SearchAction\",\"target\":{\"@type\":\"EntryPoint\",\"urlTemplate\":\"https:\/\/www.noticiasradioreflejos.com.ar\/2021\/?s={search_term_string}\"},\"query-input\":{\"@type\":\"PropertyValueSpecification\",\"valueRequired\":true,\"valueName\":\"search_term_string\"}}],\"inLanguage\":\"es\"},{\"@type\":\"Person\",\"@id\":\"https:\/\/www.noticiasradioreflejos.com.ar\/2021\/#\/schema\/person\/ad82545263dcc5ec0996818884fd5fb1\",\"name\":\"Arnaldo Botto\",\"image\":{\"@type\":\"ImageObject\",\"inLanguage\":\"es\",\"@id\":\"https:\/\/www.noticiasradioreflejos.com.ar\/2021\/#\/schema\/person\/image\/\",\"url\":\"https:\/\/secure.gravatar.com\/avatar\/55cb5e37c1efa326397366e6974cb338056df65cb50e7d64d1cf314e87504837?s=96&d=mm&r=g\",\"contentUrl\":\"https:\/\/secure.gravatar.com\/avatar\/55cb5e37c1efa326397366e6974cb338056df65cb50e7d64d1cf314e87504837?s=96&d=mm&r=g\",\"caption\":\"Arnaldo Botto\"},\"url\":\"https:\/\/www.noticiasradioreflejos.com.ar\/2021\/author\/arnaldo\/\"}]}<\/script>\n<!-- \/ Yoast SEO plugin. -->","yoast_head_json":{"title":"El sabor de las mieles bonaerenses - Noticias Radio Reflejos","robots":{"index":"index","follow":"follow","max-snippet":"max-snippet:-1","max-image-preview":"max-image-preview:large","max-video-preview":"max-video-preview:-1"},"canonical":"https:\/\/www.noticiasradioreflejos.com.ar\/2021\/el-sabor-de-las-mieles-bonaerenses\/","og_locale":"es_ES","og_type":"article","og_title":"El sabor de las mieles bonaerenses - Noticias Radio Reflejos","og_description":"Con la diversidad de variedades y sabores que le imprimen los distintos paisajes, la provincia de Buenos Aires es la mayor productora de miel de la Argentina.","og_url":"https:\/\/www.noticiasradioreflejos.com.ar\/2021\/el-sabor-de-las-mieles-bonaerenses\/","og_site_name":"Noticias Radio Reflejos","article_published_time":"2021-05-14T14:52:07+00:00","og_image":[{"url":"https:\/\/live.staticflickr.com\/65535\/51177752152_1cacb4d4bf_c.jpg","type":"","width":"","height":""}],"author":"Arnaldo Botto","twitter_card":"summary_large_image","schema":{"@context":"https:\/\/schema.org","@graph":[{"@type":"WebPage","@id":"https:\/\/www.noticiasradioreflejos.com.ar\/2021\/el-sabor-de-las-mieles-bonaerenses\/","url":"https:\/\/www.noticiasradioreflejos.com.ar\/2021\/el-sabor-de-las-mieles-bonaerenses\/","name":"El sabor de las mieles bonaerenses - Noticias Radio Reflejos","isPartOf":{"@id":"https:\/\/www.noticiasradioreflejos.com.ar\/2021\/#website"},"primaryImageOfPage":{"@id":"https:\/\/www.noticiasradioreflejos.com.ar\/2021\/el-sabor-de-las-mieles-bonaerenses\/#primaryimage"},"image":{"@id":"https:\/\/www.noticiasradioreflejos.com.ar\/2021\/el-sabor-de-las-mieles-bonaerenses\/#primaryimage"},"thumbnailUrl":"https:\/\/live.staticflickr.com\/65535\/51177752152_1cacb4d4bf_c.jpg","datePublished":"2021-05-14T14:52:07+00:00","author":{"@id":"https:\/\/www.noticiasradioreflejos.com.ar\/2021\/#\/schema\/person\/ad82545263dcc5ec0996818884fd5fb1"},"breadcrumb":{"@id":"https:\/\/www.noticiasradioreflejos.com.ar\/2021\/el-sabor-de-las-mieles-bonaerenses\/#breadcrumb"},"inLanguage":"es","potentialAction":[{"@type":"ReadAction","target":["https:\/\/www.noticiasradioreflejos.com.ar\/2021\/el-sabor-de-las-mieles-bonaerenses\/"]}]},{"@type":"ImageObject","inLanguage":"es","@id":"https:\/\/www.noticiasradioreflejos.com.ar\/2021\/el-sabor-de-las-mieles-bonaerenses\/#primaryimage","url":"https:\/\/live.staticflickr.com\/65535\/51177752152_1cacb4d4bf_c.jpg","contentUrl":"https:\/\/live.staticflickr.com\/65535\/51177752152_1cacb4d4bf_c.jpg"},{"@type":"BreadcrumbList","@id":"https:\/\/www.noticiasradioreflejos.com.ar\/2021\/el-sabor-de-las-mieles-bonaerenses\/#breadcrumb","itemListElement":[{"@type":"ListItem","position":1,"name":"Portada","item":"https:\/\/www.noticiasradioreflejos.com.ar\/2021\/"},{"@type":"ListItem","position":2,"name":"El sabor de las mieles bonaerenses"}]},{"@type":"WebSite","@id":"https:\/\/www.noticiasradioreflejos.com.ar\/2021\/#website","url":"https:\/\/www.noticiasradioreflejos.com.ar\/2021\/","name":"Noticias Radio Reflejos","description":"Las noticias de mi comarca","potentialAction":[{"@type":"SearchAction","target":{"@type":"EntryPoint","urlTemplate":"https:\/\/www.noticiasradioreflejos.com.ar\/2021\/?s={search_term_string}"},"query-input":{"@type":"PropertyValueSpecification","valueRequired":true,"valueName":"search_term_string"}}],"inLanguage":"es"},{"@type":"Person","@id":"https:\/\/www.noticiasradioreflejos.com.ar\/2021\/#\/schema\/person\/ad82545263dcc5ec0996818884fd5fb1","name":"Arnaldo Botto","image":{"@type":"ImageObject","inLanguage":"es","@id":"https:\/\/www.noticiasradioreflejos.com.ar\/2021\/#\/schema\/person\/image\/","url":"https:\/\/secure.gravatar.com\/avatar\/55cb5e37c1efa326397366e6974cb338056df65cb50e7d64d1cf314e87504837?s=96&d=mm&r=g","contentUrl":"https:\/\/secure.gravatar.com\/avatar\/55cb5e37c1efa326397366e6974cb338056df65cb50e7d64d1cf314e87504837?s=96&d=mm&r=g","caption":"Arnaldo Botto"},"url":"https:\/\/www.noticiasradioreflejos.com.ar\/2021\/author\/arnaldo\/"}]}},"_links":{"self":[{"href":"https:\/\/www.noticiasradioreflejos.com.ar\/2021\/wp-json\/wp\/v2\/posts\/56842","targetHints":{"allow":["GET"]}}],"collection":[{"href":"https:\/\/www.noticiasradioreflejos.com.ar\/2021\/wp-json\/wp\/v2\/posts"}],"about":[{"href":"https:\/\/www.noticiasradioreflejos.com.ar\/2021\/wp-json\/wp\/v2\/types\/post"}],"author":[{"embeddable":true,"href":"https:\/\/www.noticiasradioreflejos.com.ar\/2021\/wp-json\/wp\/v2\/users\/3"}],"replies":[{"embeddable":true,"href":"https:\/\/www.noticiasradioreflejos.com.ar\/2021\/wp-json\/wp\/v2\/comments?post=56842"}],"version-history":[{"count":1,"href":"https:\/\/www.noticiasradioreflejos.com.ar\/2021\/wp-json\/wp\/v2\/posts\/56842\/revisions"}],"predecessor-version":[{"id":56844,"href":"https:\/\/www.noticiasradioreflejos.com.ar\/2021\/wp-json\/wp\/v2\/posts\/56842\/revisions\/56844"}],"wp:attachment":[{"href":"https:\/\/www.noticiasradioreflejos.com.ar\/2021\/wp-json\/wp\/v2\/media?parent=56842"}],"wp:term":[{"taxonomy":"category","embeddable":true,"href":"https:\/\/www.noticiasradioreflejos.com.ar\/2021\/wp-json\/wp\/v2\/categories?post=56842"},{"taxonomy":"post_tag","embeddable":true,"href":"https:\/\/www.noticiasradioreflejos.com.ar\/2021\/wp-json\/wp\/v2\/tags?post=56842"}],"curies":[{"name":"wp","href":"https:\/\/api.w.org\/{rel}","templated":true}]}}