{"id":56833,"date":"2021-05-14T11:42:04","date_gmt":"2021-05-14T11:42:04","guid":{"rendered":"http:\/\/www.noticiasradioreflejos.com.ar\/2021\/?p=56833"},"modified":"2021-05-14T11:42:04","modified_gmt":"2021-05-14T11:42:04","slug":"el-senado-convirtio-en-ley-el-proyecto-sobre-educacion-ambiental-integral","status":"publish","type":"post","link":"https:\/\/www.noticiasradioreflejos.com.ar\/2021\/el-senado-convirtio-en-ley-el-proyecto-sobre-educacion-ambiental-integral\/","title":{"rendered":"El Senado convirti\u00f3 en ley el proyecto sobre Educaci\u00f3n Ambiental Integral"},"content":{"rendered":"<div class=\"head-content\">\n<p>El proyecto fue aprobado por unanimidad durante la madrugada de este viernes. La iniciativa pretende que los estudiantes de todos los niveles del pa\u00eds puedan adoptar un enfoque que permita comprender la interdependencia de los elementos que conforman e interact\u00faan en el ambiente.<\/p>\n<\/div>\n<p><!--more--><\/p>\n<div class=\"main-content-block\">\n<div class=\"main-box clearfix\">\n<div class=\"wrapper-main-section clearfix\">\n<div class=\"wrapper-editable-content\">\n<div class=\"editable-content clearfix\">\n<div id=\"image\" class=\"image\"><img decoding=\"async\" title=\"\" src=\"https:\/\/www.telam.com.ar\/advf\/imagenes\/2021\/05\/609e2a0dc5caa_1004x565.jpg\" alt=\"\" \/><\/div>\n<p>La C\u00e1mara de Senadores de la Naci\u00f3n aprob\u00f3 en la madrugada de este viernes por unanimidad y as\u00ed convirti\u00f3 en ley un proyecto que implementa la\u00a0<strong>Educaci\u00f3n Ambiental Integral como una pol\u00edtica p\u00fablica nacional \u00abpermanente, transversal e integral\u00bb en todos los establecimientos educativos de la Rep\u00fablica Argentina.<\/strong><\/p>\n<p>El proyecto &#8211;<strong>aprobado con el voto afirmativo de los 58 legisladores presentes<\/strong>&#8211; pretende que los estudiantes puedan adoptar un enfoque que permita comprender la\u00a0<strong>interdependencia de todos los elementos que conforman e interact\u00faan en el ambiente; el respeto y valor de la biodiversidad; la equidad; el reconocimiento de la diversidad cultural; el cuidado del patrimonio natural y cultural; y el ejercicio del derecho a un ambiente sano.<\/strong><\/p>\n<div class=\"auth\">LaEstrategia Nacional de Educaci\u00f3n Ambiental Integral<\/div>\n<p>La iniciativa crea la\u00a0<strong>Estrategia Nacional de Educaci\u00f3n Ambiental Integral (ENEAI)<\/strong>\u00a0como \u00abprincipal instrumento de la pol\u00edtica de educaci\u00f3n ambiental en todo el territorio nacional\u00bb.<\/p>\n<p>Sus objetivos son promover la elaboraci\u00f3n y el desarrollo de la ENEAI y de las Estrategias Jurisdiccionales de Educaci\u00f3n Ambiental Integral (EJEAI); elaborar y dise\u00f1ar pol\u00edticas nacionales y orientar pol\u00edticas jurisdiccionales, estrategias y acciones de educaci\u00f3n ambiental integral; alcanzar la m\u00e1s amplia cobertura territorial, social y sectorial a nivel nacional y generar consensos sociales sobre los cuales establecer acuerdos tem\u00e1ticos y prioridades.<\/p>\n<p>Adem\u00e1s, con motivo de celebrarse cada a\u00f1o el D\u00eda Mundial del Ambiente, ycon el prop\u00f3sito de afianzar el compromiso con el ambiente en toda la sociedad, cada jurisdicci\u00f3n deber\u00e1 promover una acci\u00f3n comunitaria en la que se fomente el \u00abCompromiso Ambiental Intergeneracional\u00bb en el cual las personas tengan la oportunidad de establecer un pacto de responsabilidad con el ambiente y las generaciones sucesivas.<\/p>\n<p>Cada jurisdicci\u00f3n dispondr\u00e1 la modalidad de implementaci\u00f3n en la agenda educativa de al menos una jomada o espacio de mejora institucional dedicada a la educaci\u00f3n ambiental y dar\u00e1 debida difusi\u00f3n sobre la actividad y sus participantes, as\u00ed como la entrega de las correspondientes menciones por la participaci\u00f3n.<\/p>\n<p>El proyecto establece que el Ministerio de Ambiente y Desarrollo Sostenible de la Naci\u00f3n, las jurisdicciones provinciales, la Ciudad Aut\u00f3noma de Buenos Aires y el Consejo Federal de Medio Ambiente (COFEMA) tendr\u00e1n la facultad de implementar la ENEAI y las EJEAI en el \u00e1mbito de la educaci\u00f3n no formal, Tecnolog\u00edas de Informaci\u00f3n y Comunicaci\u00f3n (TIC) y medios de comunicaci\u00f3n.<\/p>\n<p>Adem\u00e1s, el Ministerio de Educaci\u00f3n de la Naci\u00f3n, en articulaci\u00f3n con el Consejo Federal de Educaci\u00f3n (CFE), tendr\u00e1n la facultad para implementar la ENEAI y las EJEAI en los \u00e1mbitos de la educaci\u00f3n formal, no formal, Tecnolog\u00edas de Informaci\u00f3n y Comunicaci\u00f3n (TIC) y medios de comunicaci\u00f3n.<\/p>\n<div class=\"auth\">El debate<\/div>\n<p>El debate fue seguido en el recinto de sesiones por los ministros de Educaci\u00f3n,\u00a0<strong>Nicol\u00e1s Trotta<\/strong>; y de Ambiente,\u00a0<strong>Juan Cabandi\u00e9<\/strong>.<\/p>\n<p>La presidenta de la Comisi\u00f3n de Educaci\u00f3n del Senado, la oficialista sanjuanina\u00a0<strong>Mar\u00eda del Carmen L\u00f3pez Valverde<\/strong>, dijo que \u00abpara tener el ambiente que deseamos ese deseo tiene que ir de la mano de la educaci\u00f3n de j\u00f3venes y ni\u00f1os\u00bb y agreg\u00f3 que para que ello ocurra \u00abla escuela debe estar presente\u00bb.<\/p>\n<p>\u00abEste proyecto nos habla de una pol\u00edtica p\u00fablica, reforzando el paradigma de que la participaci\u00f3n de la ciudadan\u00eda y hacen que sea posible la sustentabilidad del ambiente\u00bb, destac\u00f3.<\/p>\n<p>Valverde opin\u00f3 que \u00abeste proyecto de Educaci\u00f3n Ambiental Integral percibe un enfoque din\u00e1mico en el que se toma conciencia de la relaci\u00f3n con el medio\u00bb.<\/p>\n<p>Por su parte, la titular de la Comisi\u00f3n de Ambiente de la C\u00e1mara alta, la opositora bonaerense\u00a0<strong>Gladys Gonz\u00e1lez<\/strong>, afirm\u00f3 que \u00abla humanidad vuelve a enfrentarse a una pandemia que pone en crisis la forma en que vivimos\u00bb.<\/p>\n<p>\u00abLo que decidimos hoy va a ser determinante para evitar futuras pandemias\u00bb, destac\u00f3.<\/p>\n<p>La legisladora de Juntos por el Cambio firm\u00f3 que \u00absabemos cu\u00e1l es la estrategia correcta, pero nos falta voluntad\u00bb.<\/p>\n<p>\u00abLa forma efectiva de obtener ese cambio cultural que necesitamos es la educaci\u00f3n\u00bb, sentenci\u00f3.<\/p>\n<p>En tanto,\u00a0<strong>Antonio Rodas<\/strong>, del Frente para la Victoria, vicepresidente de la Comisi\u00f3n de Ambiente y Desarrollo Sustentable, consider\u00f3 que la ley ahora sancionada constitu\u00eda \u00abuna deuda que ten\u00eda la democracia\u00bb y valor\u00f3 que la norma \u00abotorga a los diversos sectores de la poblaci\u00f3n herramientas e informaci\u00f3n para el uso sostenible de los recursos naturales\u00bb.<\/p>\n<div class=\"auth\">Repercusiones<\/div>\n<p>El ministro de Educaci\u00f3n, Nicol\u00e1s Trotta, celebr\u00f3 la sanci\u00f3n de la ley al afirmar que \u00abrefleja una lucha de a\u00f1os\u00bb y que constituye una herramienta \u00abclave para el ejercicio ciudadano del derecho a un ambiente sano y sostenible\u00bb.<\/p>\n<blockquote class=\"twitter-tweet\" data-width=\"500\" data-dnt=\"true\">\n<p lang=\"es\" dir=\"ltr\">Hoy el <a href=\"https:\/\/twitter.com\/SenadoArgentina?ref_src=twsrc%5Etfw\">@SenadoArgentina<\/a> aprob\u00f3 la Ley de Educaci\u00f3n Ambiental Integral, clave para el ejercicio ciudadano del derecho a un ambiente sano y sostenible. Esta Ley refleja una lucha de a\u00f1os y recoge las demandas de las\/os j\u00f3venes en la construcci\u00f3n de un mundo m\u00e1s respetuoso. <a href=\"https:\/\/t.co\/3TuPdxQMwt\">pic.twitter.com\/3TuPdxQMwt<\/a><\/p>\n<p>&mdash; Nicol\u00e1s Trotta (@trottanico) <a href=\"https:\/\/twitter.com\/trottanico\/status\/1393050517388120065?ref_src=twsrc%5Etfw\">May 14, 2021<\/a><\/p><\/blockquote>\n<p><script async src=\"https:\/\/platform.twitter.com\/widgets.js\" charset=\"utf-8\"><\/script><\/p>\n<p>El ministro de Ambiente y Desarrollo Sostenible, Juan Cabandi\u00e9, calific\u00f3 a la sanci\u00f3n como una \u00abvictoria\u00bb fruto de \u00abun trabajo federal con las provincias, representativo de todas las voces de la sociedad\u00bb.<\/p>\n<\/div>\n<\/div>\n<\/div>\n<\/div>\n<\/div>\n","protected":false},"excerpt":{"rendered":"<p>El proyecto fue aprobado por unanimidad durante la madrugada de este viernes. La iniciativa pretende que los estudiantes de todos los niveles del pa\u00eds puedan adoptar un enfoque que permita comprender la interdependencia de los elementos que conforman e interact\u00faan en el ambiente.<\/p>\n","protected":false},"author":3,"featured_media":0,"comment_status":"closed","ping_status":"closed","sticky":false,"template":"","format":"standard","meta":{"footnotes":""},"categories":[34,24],"tags":[],"class_list":["post-56833","post","type-post","status-publish","format-standard","hentry","category-educacion","category-politica"],"yoast_head":"<!-- This site is optimized with the Yoast SEO plugin v25.9 - https:\/\/yoast.com\/wordpress\/plugins\/seo\/ -->\n<title>El Senado convirti\u00f3 en ley el proyecto sobre Educaci\u00f3n Ambiental Integral - Noticias Radio Reflejos<\/title>\n<meta name=\"robots\" content=\"index, follow, max-snippet:-1, max-image-preview:large, max-video-preview:-1\" \/>\n<link rel=\"canonical\" href=\"https:\/\/www.noticiasradioreflejos.com.ar\/2021\/el-senado-convirtio-en-ley-el-proyecto-sobre-educacion-ambiental-integral\/\" \/>\n<meta property=\"og:locale\" content=\"es_ES\" \/>\n<meta property=\"og:type\" content=\"article\" \/>\n<meta property=\"og:title\" content=\"El Senado convirti\u00f3 en ley el proyecto sobre Educaci\u00f3n Ambiental Integral - Noticias Radio Reflejos\" \/>\n<meta property=\"og:description\" content=\"El proyecto fue aprobado por unanimidad durante la madrugada de este viernes. La iniciativa pretende que los estudiantes de todos los niveles del pa\u00eds puedan adoptar un enfoque que permita comprender la interdependencia de los elementos que conforman e interact\u00faan en el ambiente.\" \/>\n<meta property=\"og:url\" content=\"https:\/\/www.noticiasradioreflejos.com.ar\/2021\/el-senado-convirtio-en-ley-el-proyecto-sobre-educacion-ambiental-integral\/\" \/>\n<meta property=\"og:site_name\" content=\"Noticias Radio Reflejos\" \/>\n<meta property=\"article:published_time\" content=\"2021-05-14T11:42:04+00:00\" \/>\n<meta property=\"og:image\" content=\"https:\/\/www.telam.com.ar\/advf\/imagenes\/2021\/05\/609e2a0dc5caa_1004x565.jpg\" \/>\n<meta name=\"author\" content=\"Arnaldo Botto\" \/>\n<meta name=\"twitter:card\" content=\"summary_large_image\" \/>\n<script type=\"application\/ld+json\" class=\"yoast-schema-graph\">{\"@context\":\"https:\/\/schema.org\",\"@graph\":[{\"@type\":\"WebPage\",\"@id\":\"https:\/\/www.noticiasradioreflejos.com.ar\/2021\/el-senado-convirtio-en-ley-el-proyecto-sobre-educacion-ambiental-integral\/\",\"url\":\"https:\/\/www.noticiasradioreflejos.com.ar\/2021\/el-senado-convirtio-en-ley-el-proyecto-sobre-educacion-ambiental-integral\/\",\"name\":\"El Senado convirti\u00f3 en ley el proyecto sobre Educaci\u00f3n Ambiental Integral - Noticias Radio Reflejos\",\"isPartOf\":{\"@id\":\"https:\/\/www.noticiasradioreflejos.com.ar\/2021\/#website\"},\"primaryImageOfPage\":{\"@id\":\"https:\/\/www.noticiasradioreflejos.com.ar\/2021\/el-senado-convirtio-en-ley-el-proyecto-sobre-educacion-ambiental-integral\/#primaryimage\"},\"image\":{\"@id\":\"https:\/\/www.noticiasradioreflejos.com.ar\/2021\/el-senado-convirtio-en-ley-el-proyecto-sobre-educacion-ambiental-integral\/#primaryimage\"},\"thumbnailUrl\":\"https:\/\/www.telam.com.ar\/advf\/imagenes\/2021\/05\/609e2a0dc5caa_1004x565.jpg\",\"datePublished\":\"2021-05-14T11:42:04+00:00\",\"author\":{\"@id\":\"https:\/\/www.noticiasradioreflejos.com.ar\/2021\/#\/schema\/person\/ad82545263dcc5ec0996818884fd5fb1\"},\"breadcrumb\":{\"@id\":\"https:\/\/www.noticiasradioreflejos.com.ar\/2021\/el-senado-convirtio-en-ley-el-proyecto-sobre-educacion-ambiental-integral\/#breadcrumb\"},\"inLanguage\":\"es\",\"potentialAction\":[{\"@type\":\"ReadAction\",\"target\":[\"https:\/\/www.noticiasradioreflejos.com.ar\/2021\/el-senado-convirtio-en-ley-el-proyecto-sobre-educacion-ambiental-integral\/\"]}]},{\"@type\":\"ImageObject\",\"inLanguage\":\"es\",\"@id\":\"https:\/\/www.noticiasradioreflejos.com.ar\/2021\/el-senado-convirtio-en-ley-el-proyecto-sobre-educacion-ambiental-integral\/#primaryimage\",\"url\":\"https:\/\/www.telam.com.ar\/advf\/imagenes\/2021\/05\/609e2a0dc5caa_1004x565.jpg\",\"contentUrl\":\"https:\/\/www.telam.com.ar\/advf\/imagenes\/2021\/05\/609e2a0dc5caa_1004x565.jpg\"},{\"@type\":\"BreadcrumbList\",\"@id\":\"https:\/\/www.noticiasradioreflejos.com.ar\/2021\/el-senado-convirtio-en-ley-el-proyecto-sobre-educacion-ambiental-integral\/#breadcrumb\",\"itemListElement\":[{\"@type\":\"ListItem\",\"position\":1,\"name\":\"Portada\",\"item\":\"https:\/\/www.noticiasradioreflejos.com.ar\/2021\/\"},{\"@type\":\"ListItem\",\"position\":2,\"name\":\"El Senado convirti\u00f3 en ley el proyecto sobre Educaci\u00f3n Ambiental Integral\"}]},{\"@type\":\"WebSite\",\"@id\":\"https:\/\/www.noticiasradioreflejos.com.ar\/2021\/#website\",\"url\":\"https:\/\/www.noticiasradioreflejos.com.ar\/2021\/\",\"name\":\"Noticias Radio Reflejos\",\"description\":\"Las noticias de mi comarca\",\"potentialAction\":[{\"@type\":\"SearchAction\",\"target\":{\"@type\":\"EntryPoint\",\"urlTemplate\":\"https:\/\/www.noticiasradioreflejos.com.ar\/2021\/?s={search_term_string}\"},\"query-input\":{\"@type\":\"PropertyValueSpecification\",\"valueRequired\":true,\"valueName\":\"search_term_string\"}}],\"inLanguage\":\"es\"},{\"@type\":\"Person\",\"@id\":\"https:\/\/www.noticiasradioreflejos.com.ar\/2021\/#\/schema\/person\/ad82545263dcc5ec0996818884fd5fb1\",\"name\":\"Arnaldo Botto\",\"image\":{\"@type\":\"ImageObject\",\"inLanguage\":\"es\",\"@id\":\"https:\/\/www.noticiasradioreflejos.com.ar\/2021\/#\/schema\/person\/image\/\",\"url\":\"https:\/\/secure.gravatar.com\/avatar\/55cb5e37c1efa326397366e6974cb338056df65cb50e7d64d1cf314e87504837?s=96&d=mm&r=g\",\"contentUrl\":\"https:\/\/secure.gravatar.com\/avatar\/55cb5e37c1efa326397366e6974cb338056df65cb50e7d64d1cf314e87504837?s=96&d=mm&r=g\",\"caption\":\"Arnaldo Botto\"},\"url\":\"https:\/\/www.noticiasradioreflejos.com.ar\/2021\/author\/arnaldo\/\"}]}<\/script>\n<!-- \/ Yoast SEO plugin. -->","yoast_head_json":{"title":"El Senado convirti\u00f3 en ley el proyecto sobre Educaci\u00f3n Ambiental Integral - Noticias Radio Reflejos","robots":{"index":"index","follow":"follow","max-snippet":"max-snippet:-1","max-image-preview":"max-image-preview:large","max-video-preview":"max-video-preview:-1"},"canonical":"https:\/\/www.noticiasradioreflejos.com.ar\/2021\/el-senado-convirtio-en-ley-el-proyecto-sobre-educacion-ambiental-integral\/","og_locale":"es_ES","og_type":"article","og_title":"El Senado convirti\u00f3 en ley el proyecto sobre Educaci\u00f3n Ambiental Integral - Noticias Radio Reflejos","og_description":"El proyecto fue aprobado por unanimidad durante la madrugada de este viernes. La iniciativa pretende que los estudiantes de todos los niveles del pa\u00eds puedan adoptar un enfoque que permita comprender la interdependencia de los elementos que conforman e interact\u00faan en el ambiente.","og_url":"https:\/\/www.noticiasradioreflejos.com.ar\/2021\/el-senado-convirtio-en-ley-el-proyecto-sobre-educacion-ambiental-integral\/","og_site_name":"Noticias Radio Reflejos","article_published_time":"2021-05-14T11:42:04+00:00","og_image":[{"url":"https:\/\/www.telam.com.ar\/advf\/imagenes\/2021\/05\/609e2a0dc5caa_1004x565.jpg","type":"","width":"","height":""}],"author":"Arnaldo Botto","twitter_card":"summary_large_image","schema":{"@context":"https:\/\/schema.org","@graph":[{"@type":"WebPage","@id":"https:\/\/www.noticiasradioreflejos.com.ar\/2021\/el-senado-convirtio-en-ley-el-proyecto-sobre-educacion-ambiental-integral\/","url":"https:\/\/www.noticiasradioreflejos.com.ar\/2021\/el-senado-convirtio-en-ley-el-proyecto-sobre-educacion-ambiental-integral\/","name":"El Senado convirti\u00f3 en ley el proyecto sobre Educaci\u00f3n Ambiental Integral - Noticias Radio Reflejos","isPartOf":{"@id":"https:\/\/www.noticiasradioreflejos.com.ar\/2021\/#website"},"primaryImageOfPage":{"@id":"https:\/\/www.noticiasradioreflejos.com.ar\/2021\/el-senado-convirtio-en-ley-el-proyecto-sobre-educacion-ambiental-integral\/#primaryimage"},"image":{"@id":"https:\/\/www.noticiasradioreflejos.com.ar\/2021\/el-senado-convirtio-en-ley-el-proyecto-sobre-educacion-ambiental-integral\/#primaryimage"},"thumbnailUrl":"https:\/\/www.telam.com.ar\/advf\/imagenes\/2021\/05\/609e2a0dc5caa_1004x565.jpg","datePublished":"2021-05-14T11:42:04+00:00","author":{"@id":"https:\/\/www.noticiasradioreflejos.com.ar\/2021\/#\/schema\/person\/ad82545263dcc5ec0996818884fd5fb1"},"breadcrumb":{"@id":"https:\/\/www.noticiasradioreflejos.com.ar\/2021\/el-senado-convirtio-en-ley-el-proyecto-sobre-educacion-ambiental-integral\/#breadcrumb"},"inLanguage":"es","potentialAction":[{"@type":"ReadAction","target":["https:\/\/www.noticiasradioreflejos.com.ar\/2021\/el-senado-convirtio-en-ley-el-proyecto-sobre-educacion-ambiental-integral\/"]}]},{"@type":"ImageObject","inLanguage":"es","@id":"https:\/\/www.noticiasradioreflejos.com.ar\/2021\/el-senado-convirtio-en-ley-el-proyecto-sobre-educacion-ambiental-integral\/#primaryimage","url":"https:\/\/www.telam.com.ar\/advf\/imagenes\/2021\/05\/609e2a0dc5caa_1004x565.jpg","contentUrl":"https:\/\/www.telam.com.ar\/advf\/imagenes\/2021\/05\/609e2a0dc5caa_1004x565.jpg"},{"@type":"BreadcrumbList","@id":"https:\/\/www.noticiasradioreflejos.com.ar\/2021\/el-senado-convirtio-en-ley-el-proyecto-sobre-educacion-ambiental-integral\/#breadcrumb","itemListElement":[{"@type":"ListItem","position":1,"name":"Portada","item":"https:\/\/www.noticiasradioreflejos.com.ar\/2021\/"},{"@type":"ListItem","position":2,"name":"El Senado convirti\u00f3 en ley el proyecto sobre Educaci\u00f3n Ambiental Integral"}]},{"@type":"WebSite","@id":"https:\/\/www.noticiasradioreflejos.com.ar\/2021\/#website","url":"https:\/\/www.noticiasradioreflejos.com.ar\/2021\/","name":"Noticias Radio Reflejos","description":"Las noticias de mi comarca","potentialAction":[{"@type":"SearchAction","target":{"@type":"EntryPoint","urlTemplate":"https:\/\/www.noticiasradioreflejos.com.ar\/2021\/?s={search_term_string}"},"query-input":{"@type":"PropertyValueSpecification","valueRequired":true,"valueName":"search_term_string"}}],"inLanguage":"es"},{"@type":"Person","@id":"https:\/\/www.noticiasradioreflejos.com.ar\/2021\/#\/schema\/person\/ad82545263dcc5ec0996818884fd5fb1","name":"Arnaldo Botto","image":{"@type":"ImageObject","inLanguage":"es","@id":"https:\/\/www.noticiasradioreflejos.com.ar\/2021\/#\/schema\/person\/image\/","url":"https:\/\/secure.gravatar.com\/avatar\/55cb5e37c1efa326397366e6974cb338056df65cb50e7d64d1cf314e87504837?s=96&d=mm&r=g","contentUrl":"https:\/\/secure.gravatar.com\/avatar\/55cb5e37c1efa326397366e6974cb338056df65cb50e7d64d1cf314e87504837?s=96&d=mm&r=g","caption":"Arnaldo Botto"},"url":"https:\/\/www.noticiasradioreflejos.com.ar\/2021\/author\/arnaldo\/"}]}},"_links":{"self":[{"href":"https:\/\/www.noticiasradioreflejos.com.ar\/2021\/wp-json\/wp\/v2\/posts\/56833","targetHints":{"allow":["GET"]}}],"collection":[{"href":"https:\/\/www.noticiasradioreflejos.com.ar\/2021\/wp-json\/wp\/v2\/posts"}],"about":[{"href":"https:\/\/www.noticiasradioreflejos.com.ar\/2021\/wp-json\/wp\/v2\/types\/post"}],"author":[{"embeddable":true,"href":"https:\/\/www.noticiasradioreflejos.com.ar\/2021\/wp-json\/wp\/v2\/users\/3"}],"replies":[{"embeddable":true,"href":"https:\/\/www.noticiasradioreflejos.com.ar\/2021\/wp-json\/wp\/v2\/comments?post=56833"}],"version-history":[{"count":1,"href":"https:\/\/www.noticiasradioreflejos.com.ar\/2021\/wp-json\/wp\/v2\/posts\/56833\/revisions"}],"predecessor-version":[{"id":56835,"href":"https:\/\/www.noticiasradioreflejos.com.ar\/2021\/wp-json\/wp\/v2\/posts\/56833\/revisions\/56835"}],"wp:attachment":[{"href":"https:\/\/www.noticiasradioreflejos.com.ar\/2021\/wp-json\/wp\/v2\/media?parent=56833"}],"wp:term":[{"taxonomy":"category","embeddable":true,"href":"https:\/\/www.noticiasradioreflejos.com.ar\/2021\/wp-json\/wp\/v2\/categories?post=56833"},{"taxonomy":"post_tag","embeddable":true,"href":"https:\/\/www.noticiasradioreflejos.com.ar\/2021\/wp-json\/wp\/v2\/tags?post=56833"}],"curies":[{"name":"wp","href":"https:\/\/api.w.org\/{rel}","templated":true}]}}