{"id":56830,"date":"2021-05-14T11:38:28","date_gmt":"2021-05-14T11:38:28","guid":{"rendered":"http:\/\/www.noticiasradioreflejos.com.ar\/2021\/?p=56830"},"modified":"2021-05-14T11:38:28","modified_gmt":"2021-05-14T11:38:28","slug":"fernandez-con-georgieva-una-reunion-muy-constructiva-que-allana-el-camino-a-un-rapido-acuerdo","status":"publish","type":"post","link":"https:\/\/www.noticiasradioreflejos.com.ar\/2021\/fernandez-con-georgieva-una-reunion-muy-constructiva-que-allana-el-camino-a-un-rapido-acuerdo\/","title":{"rendered":"Fern\u00e1ndez con Georgieva: una reuni\u00f3n \u00abmuy constructiva\u00bb que allana el camino a un \u00abr\u00e1pido\u00bb acuerdo"},"content":{"rendered":"<div class=\"head-content\">\n<p>El primer encuentro presencial entre el Presidente y Fern\u00e1ndez y Georgieva se prolong\u00f3 durante una hora y media en Roma, en el marco de la cuarta y \u00faltima escala de la gira europea del mandatario.<\/p>\n<\/div>\n<p><!--more--><\/p>\n<div class=\"main-content-block\">\n<div class=\"main-box clearfix\">\n<div class=\"wrapper-main-section clearfix\">\n<div class=\"wrapper-editable-content\">\n<div class=\"editable-content clearfix\">El presidente <strong>Alberto Fern\u00e1ndez<\/strong>\u00a0y la titular del Fondo Monetario Internacional (FMI),\u00a0<strong>Kristalina Georgieva<\/strong>, compartieron hoy una reuni\u00f3n \u00abconstructiva y franca\u00bb de una hora y media en la ciudad de Roma, en la que acordaron llegar a un acuerdo \u00ablo m\u00e1s r\u00e1pido posible\u00bb sobre la renegociaci\u00f3n de la deuda, sin que se le \u00abexija mayores esfuerzos al pueblo argentino\u00bb, seg\u00fan le plante\u00f3 el mandatario en el encuentro.<\/p>\n<p><strong>\u00abLa vocaci\u00f3n es encontrar un acuerdo lo m\u00e1s r\u00e1pido posible, pero no cualquier acuerdo\u00bb<\/strong>, dijo Fern\u00e1ndez en di\u00e1logo con la prensa argentina que cubre la gira presidencial por Europa, tras el encuentro con Georgieva, y se manifest\u00f3 \u00aboptimista\u00bb sobre la posibilidad de llegar a un acuerdo en el corto plazo para la renegociaci\u00f3n de la deuda, pero \u00abno a cualquier precio\u00bb.<\/p>\n<blockquote><p>\u00abLa vocaci\u00f3n es encontrar un acuerdo lo m\u00e1s r\u00e1pido posible, pero no cualquier acuerdo\u00bb<\/p>\n<div class=\"sign\">ALBERTO FERN\u00c1NDEZ<\/div>\n<\/blockquote>\n<p><strong>El primer encuentro presencial entre Fern\u00e1ndez y Georgieva se prolong\u00f3 durante una hora y media<\/strong>\u00a0en el hotel Sofitel de la capital romana, donde se hospeda el mandatario, en el marco de la cuarta y \u00faltima escala de su gira europea, que lo llev\u00f3 esta semana a Portugal, Espa\u00f1a, Francia e Italia.<\/p>\n<p><strong>\u00abLe cont\u00e9 mi charla con los l\u00edderes europeos y vamos a ver c\u00f3mo seguimos. Le plante\u00e9 nuestra mirada sobre los cargos extras y sobre los plazos\u00bb<\/strong>, se\u00f1al\u00f3 el mandatario, tras lo cual expres\u00f3 que la titular del FMI \u00abse ve muy comprensiva de lo que le pasa a la Argentina\u00bb.<\/p>\n<p>Para el mandatario, la charla fue \u00abmuy productiva\u00bb y cont\u00f3 que se hablaron con \u00abmucha franqueza\u00bb durante el encuentro.<\/p>\n<p>\u00abExpresamos nuestras voluntades de resolver el problema de la deuda argentina pero encontrar un camino de soluci\u00f3n que no signifique postergar al pueblo argentino que la est\u00e1 pasando muy mal entre la pandemia y la econom\u00eda que heredamos, que le cuesta ordenarse\u00bb, complet\u00f3.<\/p>\n<blockquote><p>\u00abNos hablamos con mucha franqueza\u00bb<\/p>\n<div class=\"sign\">ALBERTO FERN\u00c1NDEZ<\/div>\n<\/blockquote>\n<p>Fern\u00e1ndez aclar\u00f3 que la deuda con el Club de Par\u00eds, que tiene un vencimiento de 2.400 millones de d\u00f3lares el 31 de este mes, \u00abest\u00e1 atado al tema del Fondo\u00bb y por eso \u00abes un tema subsidiario\u00bb.<\/p>\n<div id=\"image\" class=\"image\"><img decoding=\"async\" title=\"&quot;La vocaci\u00f3n es encontrar un acuerdo lo m\u00e1s r\u00e1pido posible, pero no cualquier acuerdo. Ahora se re\u00fane Mart\u00edn (Guzm\u00e1n) con los equipos t\u00e9cnicos&quot;\" src=\"https:\/\/www.telam.com.ar\/advf\/imagenes\/2021\/05\/609e5a721cdeb_1004x565.jpg\" alt=\"&quot;La vocaci\u00f3n es encontrar un acuerdo lo m\u00e1s r\u00e1pido posible, pero no cualquier acuerdo. Ahora se re\u00fane Mart\u00edn (Guzm\u00e1n) con los equipos t\u00e9cnicos&quot;\" \/><\/p>\n<div class=\"epigrafe\">\u00abLa vocaci\u00f3n es encontrar un acuerdo lo m\u00e1s r\u00e1pido posible, pero no cualquier acuerdo. Ahora se re\u00fane Mart\u00edn (Guzm\u00e1n) con los equipos t\u00e9cnicos\u00bb<\/div>\n<\/div>\n<p>En tanto, el mandatario cont\u00f3 que Georgieva \u00abes muy consciente de la situaci\u00f3n que vive el mundo, de la que vive Am\u00e9rica Latina y de la situaci\u00f3n argentina en Am\u00e9rica Latina\u00bb.<\/p>\n<p>\u00abAhora esto es una negociaci\u00f3n; todo finalmente queda reducido a eso\u00bb, complet\u00f3 el mandatario.<\/p>\n<p>En el encuentro,\u00a0<strong>Alberto Fern\u00e1ndez le expres\u00f3 a Georgieva la necesidad de que los Derechos Especiales de Giro (DEG) que otorga el FMI sean ampliados<\/strong>\u00a0y as\u00ed \u00ablleguen a los pa\u00edses de renta media\u00bb, como la Argentina, un planteo con el que -seg\u00fan indic\u00f3 el Presidene- la titular del Fondo Monetario Internacional le expres\u00f3 que \u00abest\u00e1 de acuerdo\u00bb<\/p>\n<p>Al referirse al tema de la renegociaci\u00f3n de la deuda y el contenido de su conversaci\u00f3n con Georgieva, Fern\u00e1ndez dijo que se debe \u00abentender la singularidad del mundo\u00bb y comprender que no se puede pensar en un acuerdo \u00abque exija mayores esfuerzos al pueblo argentino\u00bb, que -indic\u00f3- \u00abla est\u00e1 pasando todav\u00eda muy mal entre la pandemia, y una econom\u00eda que heredamos y que le cuesta ordenarse\u00bb.<\/p>\n<p>Asimismo,\u00a0<strong>calific\u00f3 toda la gira por Europa como \u00abmuy productiva\u00bb por el apoyo cosechado de Europa en el planteo en pos de la eliminaci\u00f3n de las sobretasas que cobra el Fondo Monetario Internacional<\/strong>, como as\u00ed tambi\u00e9n por el compromiso expresado por el primer ministro italiano, Mario Draghi, para que el G20 aborde este aspecto, vinculado con el organismo multilateral de cr\u00e9dito.<\/p>\n<p>\u00abMe parece que eso ya de por s\u00ed es mucho, que (el presidente franc\u00e9s Emmanuel) Macron atienda nuestras necesidades en el Club de Par\u00eds, que (el primer ministro portugu\u00e9s) Ant\u00f3nio Costa nos est\u00e9 acompa\u00f1ando\u00bb, al igual que el presidente espa\u00f1ol Pedro S\u00e1nchez, subray\u00f3 el Presidente, quien, a su vez, adelant\u00f3 que la semana que viene hablar\u00e1 con la canciller alemana Angela Merkel y, as\u00ed, \u00abya el escenario europeo quedar\u00e1 cubierto\u00bb.<\/p>\n<p>Por su parte, Georgieva -al retirarse de hotel- dijo que fue \u00abgratificante conocer al Presidente finalmente en persona\u00bb.<\/p>\n<div class=\"js-code\">\n<blockquote class=\"twitter-tweet\" data-conversation=\"none\" data-twitter-extracted-i1620992032456995776=\"true\">\n<p dir=\"ltr\" lang=\"es\">T\u00e9lam en la gira presidencial \ud83c\uddee\ud83c\uddf9 \u00abDiscutimos la situaci\u00f3n en la Argentina y lo que pasa en la regi\u00f3n. Nuestros equipos continuar\u00e1n trabajando para arribar a un programa\u00bb, expres\u00f3 la titular del FMI, Kristalina Georgieva (<a href=\"https:\/\/twitter.com\/KGeorgieva?ref_src=twsrc%5Etfw\">@KGeorgieva<\/a>)\u00a0<a href=\"https:\/\/t.co\/r5psgtCTlY\">pic.twitter.com\/r5psgtCTlY<\/a><\/p>\n<p>\u2014 Agencia T\u00e9lam (@AgenciaTelam)\u00a0<a href=\"https:\/\/twitter.com\/AgenciaTelam\/status\/1393142794668036099?ref_src=twsrc%5Etfw\">May 14, 2021<\/a><\/p><\/blockquote>\n<\/div>\n<p><strong>\u00abFue una reuni\u00f3n muy constructiva. Discutimos la situaci\u00f3n en la Argentina y lo que pasa en la regi\u00f3n. Nuestros equipos continuar\u00e1n trabajando para arribar a un programa\u00bb<\/strong>, dijo la titular del FMI en un breve di\u00e1logo con la prensa al retirarse del encuentro.<\/p>\n<p>\u00abPor fin nos vemos\u00bb, fueron las primeras palabras que Georgieva dirigi\u00f3 al mandatario argentino al comenzar la reuni\u00f3n, que tuvo como principal objetivo abordar temas relacionados con la renegociaci\u00f3n de los plazos para el pago de la deuda que la Argentina mantiene con ese organismo y que fueron tomados por la anterior gesti\u00f3n, de Mauricio Macri.<\/p>\n<div class=\"js-code\">\n<blockquote class=\"twitter-tweet\" data-conversation=\"none\" data-twitter-extracted-i1620992032456995776=\"true\">\n<p dir=\"ltr\" lang=\"es\">La titular del Fondo Monetario Internacional arrib\u00f3 minutos antes de las 9 AM de Italia (4 AM de Argentina) al hotel Sofitel, donde se encuentra alojado el mandatario argentino\u00a0<a href=\"https:\/\/t.co\/J9Wtgtknw5\">pic.twitter.com\/J9Wtgtknw5<\/a><\/p>\n<p>\u2014 Agencia T\u00e9lam (@AgenciaTelam)\u00a0<a href=\"https:\/\/twitter.com\/AgenciaTelam\/status\/1393105210348916738?ref_src=twsrc%5Etfw\">May 14, 2021<\/a><\/p><\/blockquote>\n<\/div>\n<p>Paralelamente, en otro sal\u00f3n, se reunieron el ministro de Econom\u00eda,\u00a0<strong>Mart\u00edn Guzm\u00e1n<\/strong>, con la subdirectora del Departamento del Hemisferio Occidental del FMI,\u00a0<strong>Julie Kozack<\/strong>.<\/p>\n<p>Apenas iniciada la reuni\u00f3n, Presidencia difundi\u00f3 una foto oficial de ambos, con tapabocas, parados delante de una bandera argentina.<\/p>\n<div class=\"image-left\"><img decoding=\"async\" title=\"Georgieva afirm\u00f3 que la reuni\u00f3n fue &quot;muy constructiva&quot;.\" src=\"https:\/\/www.telam.com.ar\/advf\/imagenes\/2021\/05\/609e44524790a_324x384.jpg\" alt=\"Georgieva afirm\u00f3 que la reuni\u00f3n fue &quot;muy constructiva&quot;.\" \/><\/p>\n<div class=\"epigrafe\">Georgieva afirm\u00f3 que la reuni\u00f3n fue \u00abmuy constructiva\u00bb.<\/div>\n<\/div>\n<div class=\"auth\">Los objetivos<\/div>\n<p><strong>El Gobierno argentino busca postergar los vencimientos de deuda con el FMI de este a\u00f1o, que debe pagar entre septiembre y octubre<\/strong>, en el marco de la dificultad que plantea la pandemia a la Argentina y al mundo, cuando los recursos son escasos y se requieren para obtener vacunas y fortalecer el sistema sanitario y asistir a los sectores m\u00e1s afectados.<\/p>\n<p>As\u00ed incluso lo entendieron los l\u00edderes de los pa\u00edses que el Presidente y su comitiva visitaron en esta gira de casi una semana por distintos pa\u00edses europeos; Portugal, Espa\u00f1a, Francia e Italia.<\/p>\n<p>Los l\u00edderes de esos pa\u00edses expresaron su respaldo p\u00fablicamente a la posici\u00f3n de la Argentina frente al FMI en cuanto a la sensibilidad que se requiere de ese organismo en el actual contexto de pandemia y de crisis que genera.<\/p>\n<p>Adem\u00e1s, la Argentina plantea la cancelaci\u00f3n de la sobretasa del 2% que se le cobra a los pa\u00edses que recibieron un monto superior a la cuota que aporta a ese organismo multilateral de cr\u00e9dito, tal como lo expres\u00f3 p\u00fablicamente Fern\u00e1ndez durante la declaraci\u00f3n conjunta que realiz\u00f3 en Portugal junto a su par Antonio Costa, que tambi\u00e9n respald\u00f3 esta iniciativa, siendo tambi\u00e9n una naci\u00f3n afectada por esta sobretasa.<\/p>\n<p>La titular del FMI se encuentra en Roma con motivo de la realizaci\u00f3n del seminario \u00abSo\u00f1ando con un mejor reinicio\u00bb, que se realizar\u00e1 hoy en la Pontificia Academia de Ciencias Sociales del Vaticano, y del que tambi\u00e9n participar\u00e1 Guzm\u00e1n.<\/p>\n<div class=\"btn_externos\"><\/div>\n<\/div>\n<\/div>\n<div>\n<h4>Por Daniel Scarimbolo<\/h4>\n<\/div>\n<div class=\"wrapper-tags\"><\/div>\n<\/div>\n<\/div>\n<\/div>\n","protected":false},"excerpt":{"rendered":"<p>El primer encuentro presencial entre el Presidente y Fern\u00e1ndez y Georgieva se prolong\u00f3 durante una hora y media en Roma, en el marco de la cuarta y \u00faltima escala de la gira europea del mandatario.<\/p>\n","protected":false},"author":3,"featured_media":0,"comment_status":"closed","ping_status":"closed","sticky":false,"template":"","format":"standard","meta":{"footnotes":""},"categories":[24],"tags":[],"class_list":["post-56830","post","type-post","status-publish","format-standard","hentry","category-politica"],"yoast_head":"<!-- This site is optimized with the Yoast SEO plugin v25.9 - https:\/\/yoast.com\/wordpress\/plugins\/seo\/ -->\n<title>Fern\u00e1ndez con Georgieva: una reuni\u00f3n &quot;muy constructiva&quot; que allana el camino a un &quot;r\u00e1pido&quot; acuerdo - Noticias Radio Reflejos<\/title>\n<meta name=\"robots\" content=\"index, follow, max-snippet:-1, max-image-preview:large, max-video-preview:-1\" \/>\n<link rel=\"canonical\" href=\"https:\/\/www.noticiasradioreflejos.com.ar\/2021\/fernandez-con-georgieva-una-reunion-muy-constructiva-que-allana-el-camino-a-un-rapido-acuerdo\/\" \/>\n<meta property=\"og:locale\" content=\"es_ES\" \/>\n<meta property=\"og:type\" content=\"article\" \/>\n<meta property=\"og:title\" content=\"Fern\u00e1ndez con Georgieva: una reuni\u00f3n &quot;muy constructiva&quot; que allana el camino a un &quot;r\u00e1pido&quot; acuerdo - Noticias Radio Reflejos\" \/>\n<meta property=\"og:description\" content=\"El primer encuentro presencial entre el Presidente y Fern\u00e1ndez y Georgieva se prolong\u00f3 durante una hora y media en Roma, en el marco de la cuarta y \u00faltima escala de la gira europea del mandatario.\" \/>\n<meta property=\"og:url\" content=\"https:\/\/www.noticiasradioreflejos.com.ar\/2021\/fernandez-con-georgieva-una-reunion-muy-constructiva-que-allana-el-camino-a-un-rapido-acuerdo\/\" \/>\n<meta property=\"og:site_name\" content=\"Noticias Radio Reflejos\" \/>\n<meta property=\"article:published_time\" content=\"2021-05-14T11:38:28+00:00\" \/>\n<meta property=\"og:image\" content=\"https:\/\/www.telam.com.ar\/advf\/imagenes\/2021\/05\/609e5a721cdeb_1004x565.jpg\" \/>\n<meta name=\"author\" content=\"Arnaldo Botto\" \/>\n<meta name=\"twitter:card\" content=\"summary_large_image\" \/>\n<script type=\"application\/ld+json\" class=\"yoast-schema-graph\">{\"@context\":\"https:\/\/schema.org\",\"@graph\":[{\"@type\":\"WebPage\",\"@id\":\"https:\/\/www.noticiasradioreflejos.com.ar\/2021\/fernandez-con-georgieva-una-reunion-muy-constructiva-que-allana-el-camino-a-un-rapido-acuerdo\/\",\"url\":\"https:\/\/www.noticiasradioreflejos.com.ar\/2021\/fernandez-con-georgieva-una-reunion-muy-constructiva-que-allana-el-camino-a-un-rapido-acuerdo\/\",\"name\":\"Fern\u00e1ndez con Georgieva: una reuni\u00f3n \\\"muy constructiva\\\" que allana el camino a un \\\"r\u00e1pido\\\" acuerdo - Noticias Radio Reflejos\",\"isPartOf\":{\"@id\":\"https:\/\/www.noticiasradioreflejos.com.ar\/2021\/#website\"},\"primaryImageOfPage\":{\"@id\":\"https:\/\/www.noticiasradioreflejos.com.ar\/2021\/fernandez-con-georgieva-una-reunion-muy-constructiva-que-allana-el-camino-a-un-rapido-acuerdo\/#primaryimage\"},\"image\":{\"@id\":\"https:\/\/www.noticiasradioreflejos.com.ar\/2021\/fernandez-con-georgieva-una-reunion-muy-constructiva-que-allana-el-camino-a-un-rapido-acuerdo\/#primaryimage\"},\"thumbnailUrl\":\"https:\/\/www.telam.com.ar\/advf\/imagenes\/2021\/05\/609e5a721cdeb_1004x565.jpg\",\"datePublished\":\"2021-05-14T11:38:28+00:00\",\"author\":{\"@id\":\"https:\/\/www.noticiasradioreflejos.com.ar\/2021\/#\/schema\/person\/ad82545263dcc5ec0996818884fd5fb1\"},\"breadcrumb\":{\"@id\":\"https:\/\/www.noticiasradioreflejos.com.ar\/2021\/fernandez-con-georgieva-una-reunion-muy-constructiva-que-allana-el-camino-a-un-rapido-acuerdo\/#breadcrumb\"},\"inLanguage\":\"es\",\"potentialAction\":[{\"@type\":\"ReadAction\",\"target\":[\"https:\/\/www.noticiasradioreflejos.com.ar\/2021\/fernandez-con-georgieva-una-reunion-muy-constructiva-que-allana-el-camino-a-un-rapido-acuerdo\/\"]}]},{\"@type\":\"ImageObject\",\"inLanguage\":\"es\",\"@id\":\"https:\/\/www.noticiasradioreflejos.com.ar\/2021\/fernandez-con-georgieva-una-reunion-muy-constructiva-que-allana-el-camino-a-un-rapido-acuerdo\/#primaryimage\",\"url\":\"https:\/\/www.telam.com.ar\/advf\/imagenes\/2021\/05\/609e5a721cdeb_1004x565.jpg\",\"contentUrl\":\"https:\/\/www.telam.com.ar\/advf\/imagenes\/2021\/05\/609e5a721cdeb_1004x565.jpg\"},{\"@type\":\"BreadcrumbList\",\"@id\":\"https:\/\/www.noticiasradioreflejos.com.ar\/2021\/fernandez-con-georgieva-una-reunion-muy-constructiva-que-allana-el-camino-a-un-rapido-acuerdo\/#breadcrumb\",\"itemListElement\":[{\"@type\":\"ListItem\",\"position\":1,\"name\":\"Portada\",\"item\":\"https:\/\/www.noticiasradioreflejos.com.ar\/2021\/\"},{\"@type\":\"ListItem\",\"position\":2,\"name\":\"Fern\u00e1ndez con Georgieva: una reuni\u00f3n \u00abmuy constructiva\u00bb que allana el camino a un \u00abr\u00e1pido\u00bb acuerdo\"}]},{\"@type\":\"WebSite\",\"@id\":\"https:\/\/www.noticiasradioreflejos.com.ar\/2021\/#website\",\"url\":\"https:\/\/www.noticiasradioreflejos.com.ar\/2021\/\",\"name\":\"Noticias Radio Reflejos\",\"description\":\"Las noticias de mi comarca\",\"potentialAction\":[{\"@type\":\"SearchAction\",\"target\":{\"@type\":\"EntryPoint\",\"urlTemplate\":\"https:\/\/www.noticiasradioreflejos.com.ar\/2021\/?s={search_term_string}\"},\"query-input\":{\"@type\":\"PropertyValueSpecification\",\"valueRequired\":true,\"valueName\":\"search_term_string\"}}],\"inLanguage\":\"es\"},{\"@type\":\"Person\",\"@id\":\"https:\/\/www.noticiasradioreflejos.com.ar\/2021\/#\/schema\/person\/ad82545263dcc5ec0996818884fd5fb1\",\"name\":\"Arnaldo Botto\",\"image\":{\"@type\":\"ImageObject\",\"inLanguage\":\"es\",\"@id\":\"https:\/\/www.noticiasradioreflejos.com.ar\/2021\/#\/schema\/person\/image\/\",\"url\":\"https:\/\/secure.gravatar.com\/avatar\/55cb5e37c1efa326397366e6974cb338056df65cb50e7d64d1cf314e87504837?s=96&d=mm&r=g\",\"contentUrl\":\"https:\/\/secure.gravatar.com\/avatar\/55cb5e37c1efa326397366e6974cb338056df65cb50e7d64d1cf314e87504837?s=96&d=mm&r=g\",\"caption\":\"Arnaldo Botto\"},\"url\":\"https:\/\/www.noticiasradioreflejos.com.ar\/2021\/author\/arnaldo\/\"}]}<\/script>\n<!-- \/ Yoast SEO plugin. -->","yoast_head_json":{"title":"Fern\u00e1ndez con Georgieva: una reuni\u00f3n \"muy constructiva\" que allana el camino a un \"r\u00e1pido\" acuerdo - Noticias Radio Reflejos","robots":{"index":"index","follow":"follow","max-snippet":"max-snippet:-1","max-image-preview":"max-image-preview:large","max-video-preview":"max-video-preview:-1"},"canonical":"https:\/\/www.noticiasradioreflejos.com.ar\/2021\/fernandez-con-georgieva-una-reunion-muy-constructiva-que-allana-el-camino-a-un-rapido-acuerdo\/","og_locale":"es_ES","og_type":"article","og_title":"Fern\u00e1ndez con Georgieva: una reuni\u00f3n \"muy constructiva\" que allana el camino a un \"r\u00e1pido\" acuerdo - Noticias Radio Reflejos","og_description":"El primer encuentro presencial entre el Presidente y Fern\u00e1ndez y Georgieva se prolong\u00f3 durante una hora y media en Roma, en el marco de la cuarta y \u00faltima escala de la gira europea del mandatario.","og_url":"https:\/\/www.noticiasradioreflejos.com.ar\/2021\/fernandez-con-georgieva-una-reunion-muy-constructiva-que-allana-el-camino-a-un-rapido-acuerdo\/","og_site_name":"Noticias Radio Reflejos","article_published_time":"2021-05-14T11:38:28+00:00","og_image":[{"url":"https:\/\/www.telam.com.ar\/advf\/imagenes\/2021\/05\/609e5a721cdeb_1004x565.jpg","type":"","width":"","height":""}],"author":"Arnaldo Botto","twitter_card":"summary_large_image","schema":{"@context":"https:\/\/schema.org","@graph":[{"@type":"WebPage","@id":"https:\/\/www.noticiasradioreflejos.com.ar\/2021\/fernandez-con-georgieva-una-reunion-muy-constructiva-que-allana-el-camino-a-un-rapido-acuerdo\/","url":"https:\/\/www.noticiasradioreflejos.com.ar\/2021\/fernandez-con-georgieva-una-reunion-muy-constructiva-que-allana-el-camino-a-un-rapido-acuerdo\/","name":"Fern\u00e1ndez con Georgieva: una reuni\u00f3n \"muy constructiva\" que allana el camino a un \"r\u00e1pido\" acuerdo - Noticias Radio Reflejos","isPartOf":{"@id":"https:\/\/www.noticiasradioreflejos.com.ar\/2021\/#website"},"primaryImageOfPage":{"@id":"https:\/\/www.noticiasradioreflejos.com.ar\/2021\/fernandez-con-georgieva-una-reunion-muy-constructiva-que-allana-el-camino-a-un-rapido-acuerdo\/#primaryimage"},"image":{"@id":"https:\/\/www.noticiasradioreflejos.com.ar\/2021\/fernandez-con-georgieva-una-reunion-muy-constructiva-que-allana-el-camino-a-un-rapido-acuerdo\/#primaryimage"},"thumbnailUrl":"https:\/\/www.telam.com.ar\/advf\/imagenes\/2021\/05\/609e5a721cdeb_1004x565.jpg","datePublished":"2021-05-14T11:38:28+00:00","author":{"@id":"https:\/\/www.noticiasradioreflejos.com.ar\/2021\/#\/schema\/person\/ad82545263dcc5ec0996818884fd5fb1"},"breadcrumb":{"@id":"https:\/\/www.noticiasradioreflejos.com.ar\/2021\/fernandez-con-georgieva-una-reunion-muy-constructiva-que-allana-el-camino-a-un-rapido-acuerdo\/#breadcrumb"},"inLanguage":"es","potentialAction":[{"@type":"ReadAction","target":["https:\/\/www.noticiasradioreflejos.com.ar\/2021\/fernandez-con-georgieva-una-reunion-muy-constructiva-que-allana-el-camino-a-un-rapido-acuerdo\/"]}]},{"@type":"ImageObject","inLanguage":"es","@id":"https:\/\/www.noticiasradioreflejos.com.ar\/2021\/fernandez-con-georgieva-una-reunion-muy-constructiva-que-allana-el-camino-a-un-rapido-acuerdo\/#primaryimage","url":"https:\/\/www.telam.com.ar\/advf\/imagenes\/2021\/05\/609e5a721cdeb_1004x565.jpg","contentUrl":"https:\/\/www.telam.com.ar\/advf\/imagenes\/2021\/05\/609e5a721cdeb_1004x565.jpg"},{"@type":"BreadcrumbList","@id":"https:\/\/www.noticiasradioreflejos.com.ar\/2021\/fernandez-con-georgieva-una-reunion-muy-constructiva-que-allana-el-camino-a-un-rapido-acuerdo\/#breadcrumb","itemListElement":[{"@type":"ListItem","position":1,"name":"Portada","item":"https:\/\/www.noticiasradioreflejos.com.ar\/2021\/"},{"@type":"ListItem","position":2,"name":"Fern\u00e1ndez con Georgieva: una reuni\u00f3n \u00abmuy constructiva\u00bb que allana el camino a un \u00abr\u00e1pido\u00bb acuerdo"}]},{"@type":"WebSite","@id":"https:\/\/www.noticiasradioreflejos.com.ar\/2021\/#website","url":"https:\/\/www.noticiasradioreflejos.com.ar\/2021\/","name":"Noticias Radio Reflejos","description":"Las noticias de mi comarca","potentialAction":[{"@type":"SearchAction","target":{"@type":"EntryPoint","urlTemplate":"https:\/\/www.noticiasradioreflejos.com.ar\/2021\/?s={search_term_string}"},"query-input":{"@type":"PropertyValueSpecification","valueRequired":true,"valueName":"search_term_string"}}],"inLanguage":"es"},{"@type":"Person","@id":"https:\/\/www.noticiasradioreflejos.com.ar\/2021\/#\/schema\/person\/ad82545263dcc5ec0996818884fd5fb1","name":"Arnaldo Botto","image":{"@type":"ImageObject","inLanguage":"es","@id":"https:\/\/www.noticiasradioreflejos.com.ar\/2021\/#\/schema\/person\/image\/","url":"https:\/\/secure.gravatar.com\/avatar\/55cb5e37c1efa326397366e6974cb338056df65cb50e7d64d1cf314e87504837?s=96&d=mm&r=g","contentUrl":"https:\/\/secure.gravatar.com\/avatar\/55cb5e37c1efa326397366e6974cb338056df65cb50e7d64d1cf314e87504837?s=96&d=mm&r=g","caption":"Arnaldo Botto"},"url":"https:\/\/www.noticiasradioreflejos.com.ar\/2021\/author\/arnaldo\/"}]}},"_links":{"self":[{"href":"https:\/\/www.noticiasradioreflejos.com.ar\/2021\/wp-json\/wp\/v2\/posts\/56830","targetHints":{"allow":["GET"]}}],"collection":[{"href":"https:\/\/www.noticiasradioreflejos.com.ar\/2021\/wp-json\/wp\/v2\/posts"}],"about":[{"href":"https:\/\/www.noticiasradioreflejos.com.ar\/2021\/wp-json\/wp\/v2\/types\/post"}],"author":[{"embeddable":true,"href":"https:\/\/www.noticiasradioreflejos.com.ar\/2021\/wp-json\/wp\/v2\/users\/3"}],"replies":[{"embeddable":true,"href":"https:\/\/www.noticiasradioreflejos.com.ar\/2021\/wp-json\/wp\/v2\/comments?post=56830"}],"version-history":[{"count":1,"href":"https:\/\/www.noticiasradioreflejos.com.ar\/2021\/wp-json\/wp\/v2\/posts\/56830\/revisions"}],"predecessor-version":[{"id":56832,"href":"https:\/\/www.noticiasradioreflejos.com.ar\/2021\/wp-json\/wp\/v2\/posts\/56830\/revisions\/56832"}],"wp:attachment":[{"href":"https:\/\/www.noticiasradioreflejos.com.ar\/2021\/wp-json\/wp\/v2\/media?parent=56830"}],"wp:term":[{"taxonomy":"category","embeddable":true,"href":"https:\/\/www.noticiasradioreflejos.com.ar\/2021\/wp-json\/wp\/v2\/categories?post=56830"},{"taxonomy":"post_tag","embeddable":true,"href":"https:\/\/www.noticiasradioreflejos.com.ar\/2021\/wp-json\/wp\/v2\/tags?post=56830"}],"curies":[{"name":"wp","href":"https:\/\/api.w.org\/{rel}","templated":true}]}}