{"id":56820,"date":"2021-05-14T01:19:21","date_gmt":"2021-05-14T01:19:21","guid":{"rendered":"http:\/\/www.noticiasradioreflejos.com.ar\/2021\/?p=56820"},"modified":"2021-05-14T01:19:21","modified_gmt":"2021-05-14T01:19:21","slug":"el-presidente-se-reunira-este-viernes-en-roma-con-la-titular-del-fmi","status":"publish","type":"post","link":"https:\/\/www.noticiasradioreflejos.com.ar\/2021\/el-presidente-se-reunira-este-viernes-en-roma-con-la-titular-del-fmi\/","title":{"rendered":"El Presidente se reunir\u00e1 este viernes en Roma con la titular del FMI"},"content":{"rendered":"<p>El encuentro de Alberto Fern\u00e1ndez con la b\u00falgara Kristalina Georgieva ser\u00e1 el primero presencial entre ambos. A su vez, el ministro de Econom\u00eda y la titular del FMI participar\u00e1n de un evento en el Vaticano.<!--more--><\/p>\n<p>El presidente Alberto Fern\u00e1ndez se reunir\u00e1 este viernes en Roma con la b\u00falgara Kristalina Georgieva, titular del Fondo Monetario Internacional (FMI), en lo que ser\u00e1 el primer encuentro presencial entre ambos, informaron fuentes oficiales.<\/p>\n<p>&nbsp;<\/p>\n<p>La reuni\u00f3n comenzar\u00e1 a las 9 hora de Italia (4 de la Argentina) en el hotel Sofitel y tendr\u00e1 como objetivo abordar temas relacionados con la renegociaci\u00f3n de los plazos para el pago de la deuda que Argentina mantiene con ese organismo y que fueron tomados por la anterior gesti\u00f3n de Juntos por el Cambio.<\/p>\n<p>&nbsp;<\/p>\n<p>En gobierno argentino busca postergar los vencimientos de deuda con el FMI de este a\u00f1o, que debe pagar entre septiembre y octubre, en el marco de la dificultad que plantea la pandemia a la Argentina y al mundo, cuando los recursos son escasos y se requieren para obtener vacunas y fortalecer el sistema sanitario y asistir a los sectores m\u00e1s afectados.<\/p>\n<p>&nbsp;<\/p>\n<p>As\u00ed incluso lo entendieron los l\u00edderes de los pa\u00edses que el Presidente y su comitiva visitaron en esta gira de casi una semana, que expresaron su respaldo p\u00fablicamente a la posici\u00f3n de Argentina frente al FMI en cuanto a la sensibilidad que se requiere de ese organismo en el actual contexto de pandemia y de crisis que genera.<\/p>\n<p>&nbsp;<\/p>\n<p>Fern\u00e1ndez logr\u00f3 un fuerte apoyo de Macron para la Argentina: \u00abFrancia est\u00e1 de su lado\u00bb.<\/p>\n<p>Fern\u00e1ndez logr\u00f3 un fuerte apoyo de Macron para la Argentina: \u00abFrancia est\u00e1 de su lado\u00bb.<\/p>\n<p>&nbsp;<\/p>\n<p>&nbsp;<\/p>\n<p>Las propuestas de Argentina<\/p>\n<p>&nbsp;<\/p>\n<p>Adem\u00e1s, Argentina plantea la cancelaci\u00f3n de la sobretasa del 2 por ciento que se le cobra a los pa\u00edses que recibieron un monto superior a la cuota que aporta a ese organismo multilateral de cr\u00e9dito, tal como lo expres\u00f3 p\u00fablicamente el presidente Alberto Fern\u00e1ndez durante la declaraci\u00f3n conjunta que realiz\u00f3 en Portugal junto a su par Antonio Costa, que tambi\u00e9n respald\u00f3 esta iniciativa, siendo tambi\u00e9n una naci\u00f3n afectada por esta sobretasa.<\/p>\n<p>&nbsp;<\/p>\n<p>Otra propuesta que trabaja el gobierno nacional y que se prev\u00e9 estar\u00e1 en la reuni\u00f3n entre Fern\u00e1ndez y Georgieva es que los Derechos Especiales de Giro (DEG) del FMI sean asignados no solo a los pa\u00edses m\u00e1s necesitados sino tambi\u00e9n a los de renta media, que abarcan el 65 por ciento de la pobreza mundial.<\/p>\n<div class=\"jeg_video_container jeg_video_content\"><iframe loading=\"lazy\" title=\"Fern\u00e1ndez: \u201cQueremos un acuerdo con el Fondo que no condicione el desarrollo de Argentina\u201d\" width=\"500\" height=\"281\" src=\"https:\/\/www.youtube.com\/embed\/tHq94Utf7Kw?feature=oembed\" frameborder=\"0\" allow=\"accelerometer; autoplay; clipboard-write; encrypted-media; gyroscope; picture-in-picture; web-share\" referrerpolicy=\"strict-origin-when-cross-origin\" allowfullscreen><\/iframe><\/div>\n<p>Fern\u00e1ndez: \u201cQueremos un acuerdo con el Fondo que no condicione el desarrollo de Argentina\u201d<\/p>\n<p>&nbsp;<\/p>\n<p>Precisamente este jueves el Senado nacional sesionar\u00e1 para aprobar un proyecto de declaraci\u00f3n, en el que se pide al Ministerio de Econom\u00eda que los fondos que debe desembolsar el FMI por Derechos Especiales de Giro se apliquen a financiar pol\u00edticas para resolver los problemas derivados de la pandemia de coronavirus.<\/p>\n<p>&nbsp;<\/p>\n<p>Fern\u00e1ndez y Georgieva tuvieron varias conversaciones en forma virtual, y esta es la primera vez que ambos mantendr\u00e1n un encuentro presencial.<\/p>\n<p>&nbsp;<\/p>\n<p>&nbsp;<\/p>\n<p>Mart\u00edn Guzm\u00e1n y Kristalina Georgieva, en un evento en el Vaticano<\/p>\n<p>&nbsp;<\/p>\n<p>La titular del FMI estar\u00e1 en Roma con motivo de la realizaci\u00f3n del seminario \u00abSo\u00f1ando con un mejor reinicio\u00bb que se realizar\u00e1 ma\u00f1ana en la Pontificia Academia de Ciencias Sociales del Vaticano, y en el que tambi\u00e9n participar\u00e1 el ministro de Ecomom\u00eda argentino, Mart\u00edn Guzm\u00e1n.<\/p>\n<p>&nbsp;<\/p>\n<p>El eventocontar\u00e1 tambi\u00e9n con el premio Nobel de Econom\u00eda Joseph Stiglitz y, con un discurso tambi\u00e9n en el lugar sobre energ\u00eda sostenible y limpia, el enviado especial de Estados Unidos para el clima, John Kerry, que lleg\u00f3 este jueves a la capital italiana.<\/p>\n<p>&nbsp;<\/p>\n<p>Seg\u00fan la lista de participantes a la que accedi\u00f3 T\u00e9lam, tambi\u00e9n formar\u00e1n parte del encuentro, a confirmar, los ministros de Econom\u00eda de Alemania, Francia, Espa\u00f1a e Italia, y el secretario de Asuntos Estrat\u00e9gicos de la Naci\u00f3n, Gustavo Beliz. Por el momento la presencia del Papa no est\u00e1 prevista, agregaron las fuentes.<\/p>\n<p>&nbsp;<\/p>\n<p>Guzm\u00e1n y Georgieva ya participaron, en el mismo escenario, de un encuentro en febrero de 2020 dedicado al tema de la deuda del que form\u00f3 parte el papa Francisco<\/p>\n<p>&nbsp;<\/p>\n<p>Guzm\u00e1n se reuni\u00f3 con Francisco en el Vaticano a mediados de abril durante casi 50 minutos.<\/p>\n<p>&nbsp;<\/p>\n<p>La participaci\u00f3n de Guzm\u00e1n y Georgieva se dar\u00e1 en un panel dedicado al \u00abalivio de la deuda de los pa\u00edses en desarrollo y arquitectura internacional y fiscal\u00bb.<\/p>\n<p>&nbsp;<\/p>\n<p>El evento del viernes ser\u00e1 abierto por el canciller de la Academia, el argentino Marcelo S\u00e1nchez Sorondo, a las 14.30 de Roma (9.30 de Argentina) y finalizar\u00e1 a las 17 de la capital italiana.<\/p>\n<p>&nbsp;<\/p>\n<p>\u00abLa crisis actual y el estado de confusi\u00f3n global no es otra que el fin del globalismo del ego\u00edsmo, exclusi\u00f3n y cultura del descarte. La desigualdad y el hambre est\u00e1n aumentando, lo que plantea importantes problemas \u00e9ticos y econ\u00f3micos y desaf\u00edos pol\u00edticos a los que deben reaccionar tanto los responsables pol\u00edticos como la sociedad civil\u00bb, sostiene la convocatoria al evento.<\/p>\n<p>&nbsp;<\/p>\n<p>\u00abEl papa Francisco, como muchos otros l\u00edderes, ha subrayado que esta situaci\u00f3n exige un nuevo comienzo de solidaridad y fraternidad en la configuraci\u00f3n econ\u00f3mica y pol\u00edtica global desde la perspectiva del ser humano desarrollo\u00bb, agrega el texto con el programa tentativo que se envi\u00f3 a los participantes.<\/p>\n","protected":false},"excerpt":{"rendered":"<p>El encuentro de Alberto Fern\u00e1ndez con la b\u00falgara Kristalina Georgieva ser\u00e1 el primero presencial entre ambos. A su vez, el ministro de Econom\u00eda y la titular del FMI participar\u00e1n de un evento en el Vaticano.<\/p>\n","protected":false},"author":3,"featured_media":0,"comment_status":"closed","ping_status":"closed","sticky":false,"template":"","format":"standard","meta":{"footnotes":""},"categories":[24],"tags":[],"class_list":["post-56820","post","type-post","status-publish","format-standard","hentry","category-politica"],"yoast_head":"<!-- This site is optimized with the Yoast SEO plugin v25.9 - https:\/\/yoast.com\/wordpress\/plugins\/seo\/ -->\n<title>El Presidente se reunir\u00e1 este viernes en Roma con la titular del FMI - Noticias Radio Reflejos<\/title>\n<meta name=\"robots\" content=\"index, follow, max-snippet:-1, max-image-preview:large, max-video-preview:-1\" \/>\n<link rel=\"canonical\" href=\"https:\/\/www.noticiasradioreflejos.com.ar\/2021\/el-presidente-se-reunira-este-viernes-en-roma-con-la-titular-del-fmi\/\" \/>\n<meta property=\"og:locale\" content=\"es_ES\" \/>\n<meta property=\"og:type\" content=\"article\" \/>\n<meta property=\"og:title\" content=\"El Presidente se reunir\u00e1 este viernes en Roma con la titular del FMI - Noticias Radio Reflejos\" \/>\n<meta property=\"og:description\" content=\"El encuentro de Alberto Fern\u00e1ndez con la b\u00falgara Kristalina Georgieva ser\u00e1 el primero presencial entre ambos. A su vez, el ministro de Econom\u00eda y la titular del FMI participar\u00e1n de un evento en el Vaticano.\" \/>\n<meta property=\"og:url\" content=\"https:\/\/www.noticiasradioreflejos.com.ar\/2021\/el-presidente-se-reunira-este-viernes-en-roma-con-la-titular-del-fmi\/\" \/>\n<meta property=\"og:site_name\" content=\"Noticias Radio Reflejos\" \/>\n<meta property=\"article:published_time\" content=\"2021-05-14T01:19:21+00:00\" \/>\n<meta property=\"og:image\" content=\"https:\/\/www.noticiasradioreflejos.com.ar\/2021\/wp-content\/uploads\/2021\/07\/logosol300x200.png\" \/>\n\t<meta property=\"og:image:width\" content=\"300\" \/>\n\t<meta property=\"og:image:height\" content=\"200\" \/>\n\t<meta property=\"og:image:type\" content=\"image\/png\" \/>\n<meta name=\"author\" content=\"Arnaldo Botto\" \/>\n<meta name=\"twitter:card\" content=\"summary_large_image\" \/>\n<script type=\"application\/ld+json\" class=\"yoast-schema-graph\">{\"@context\":\"https:\/\/schema.org\",\"@graph\":[{\"@type\":\"WebPage\",\"@id\":\"https:\/\/www.noticiasradioreflejos.com.ar\/2021\/el-presidente-se-reunira-este-viernes-en-roma-con-la-titular-del-fmi\/\",\"url\":\"https:\/\/www.noticiasradioreflejos.com.ar\/2021\/el-presidente-se-reunira-este-viernes-en-roma-con-la-titular-del-fmi\/\",\"name\":\"El Presidente se reunir\u00e1 este viernes en Roma con la titular del FMI - Noticias Radio Reflejos\",\"isPartOf\":{\"@id\":\"https:\/\/www.noticiasradioreflejos.com.ar\/2021\/#website\"},\"datePublished\":\"2021-05-14T01:19:21+00:00\",\"author\":{\"@id\":\"https:\/\/www.noticiasradioreflejos.com.ar\/2021\/#\/schema\/person\/ad82545263dcc5ec0996818884fd5fb1\"},\"breadcrumb\":{\"@id\":\"https:\/\/www.noticiasradioreflejos.com.ar\/2021\/el-presidente-se-reunira-este-viernes-en-roma-con-la-titular-del-fmi\/#breadcrumb\"},\"inLanguage\":\"es\",\"potentialAction\":[{\"@type\":\"ReadAction\",\"target\":[\"https:\/\/www.noticiasradioreflejos.com.ar\/2021\/el-presidente-se-reunira-este-viernes-en-roma-con-la-titular-del-fmi\/\"]}]},{\"@type\":\"BreadcrumbList\",\"@id\":\"https:\/\/www.noticiasradioreflejos.com.ar\/2021\/el-presidente-se-reunira-este-viernes-en-roma-con-la-titular-del-fmi\/#breadcrumb\",\"itemListElement\":[{\"@type\":\"ListItem\",\"position\":1,\"name\":\"Portada\",\"item\":\"https:\/\/www.noticiasradioreflejos.com.ar\/2021\/\"},{\"@type\":\"ListItem\",\"position\":2,\"name\":\"El Presidente se reunir\u00e1 este viernes en Roma con la titular del FMI\"}]},{\"@type\":\"WebSite\",\"@id\":\"https:\/\/www.noticiasradioreflejos.com.ar\/2021\/#website\",\"url\":\"https:\/\/www.noticiasradioreflejos.com.ar\/2021\/\",\"name\":\"Noticias Radio Reflejos\",\"description\":\"Las noticias de mi comarca\",\"potentialAction\":[{\"@type\":\"SearchAction\",\"target\":{\"@type\":\"EntryPoint\",\"urlTemplate\":\"https:\/\/www.noticiasradioreflejos.com.ar\/2021\/?s={search_term_string}\"},\"query-input\":{\"@type\":\"PropertyValueSpecification\",\"valueRequired\":true,\"valueName\":\"search_term_string\"}}],\"inLanguage\":\"es\"},{\"@type\":\"Person\",\"@id\":\"https:\/\/www.noticiasradioreflejos.com.ar\/2021\/#\/schema\/person\/ad82545263dcc5ec0996818884fd5fb1\",\"name\":\"Arnaldo Botto\",\"image\":{\"@type\":\"ImageObject\",\"inLanguage\":\"es\",\"@id\":\"https:\/\/www.noticiasradioreflejos.com.ar\/2021\/#\/schema\/person\/image\/\",\"url\":\"https:\/\/secure.gravatar.com\/avatar\/55cb5e37c1efa326397366e6974cb338056df65cb50e7d64d1cf314e87504837?s=96&d=mm&r=g\",\"contentUrl\":\"https:\/\/secure.gravatar.com\/avatar\/55cb5e37c1efa326397366e6974cb338056df65cb50e7d64d1cf314e87504837?s=96&d=mm&r=g\",\"caption\":\"Arnaldo Botto\"},\"url\":\"https:\/\/www.noticiasradioreflejos.com.ar\/2021\/author\/arnaldo\/\"}]}<\/script>\n<!-- \/ Yoast SEO plugin. -->","yoast_head_json":{"title":"El Presidente se reunir\u00e1 este viernes en Roma con la titular del FMI - Noticias Radio Reflejos","robots":{"index":"index","follow":"follow","max-snippet":"max-snippet:-1","max-image-preview":"max-image-preview:large","max-video-preview":"max-video-preview:-1"},"canonical":"https:\/\/www.noticiasradioreflejos.com.ar\/2021\/el-presidente-se-reunira-este-viernes-en-roma-con-la-titular-del-fmi\/","og_locale":"es_ES","og_type":"article","og_title":"El Presidente se reunir\u00e1 este viernes en Roma con la titular del FMI - Noticias Radio Reflejos","og_description":"El encuentro de Alberto Fern\u00e1ndez con la b\u00falgara Kristalina Georgieva ser\u00e1 el primero presencial entre ambos. A su vez, el ministro de Econom\u00eda y la titular del FMI participar\u00e1n de un evento en el Vaticano.","og_url":"https:\/\/www.noticiasradioreflejos.com.ar\/2021\/el-presidente-se-reunira-este-viernes-en-roma-con-la-titular-del-fmi\/","og_site_name":"Noticias Radio Reflejos","article_published_time":"2021-05-14T01:19:21+00:00","og_image":[{"width":300,"height":200,"url":"https:\/\/www.noticiasradioreflejos.com.ar\/2021\/wp-content\/uploads\/2021\/07\/logosol300x200.png","type":"image\/png"}],"author":"Arnaldo Botto","twitter_card":"summary_large_image","schema":{"@context":"https:\/\/schema.org","@graph":[{"@type":"WebPage","@id":"https:\/\/www.noticiasradioreflejos.com.ar\/2021\/el-presidente-se-reunira-este-viernes-en-roma-con-la-titular-del-fmi\/","url":"https:\/\/www.noticiasradioreflejos.com.ar\/2021\/el-presidente-se-reunira-este-viernes-en-roma-con-la-titular-del-fmi\/","name":"El Presidente se reunir\u00e1 este viernes en Roma con la titular del FMI - Noticias Radio Reflejos","isPartOf":{"@id":"https:\/\/www.noticiasradioreflejos.com.ar\/2021\/#website"},"datePublished":"2021-05-14T01:19:21+00:00","author":{"@id":"https:\/\/www.noticiasradioreflejos.com.ar\/2021\/#\/schema\/person\/ad82545263dcc5ec0996818884fd5fb1"},"breadcrumb":{"@id":"https:\/\/www.noticiasradioreflejos.com.ar\/2021\/el-presidente-se-reunira-este-viernes-en-roma-con-la-titular-del-fmi\/#breadcrumb"},"inLanguage":"es","potentialAction":[{"@type":"ReadAction","target":["https:\/\/www.noticiasradioreflejos.com.ar\/2021\/el-presidente-se-reunira-este-viernes-en-roma-con-la-titular-del-fmi\/"]}]},{"@type":"BreadcrumbList","@id":"https:\/\/www.noticiasradioreflejos.com.ar\/2021\/el-presidente-se-reunira-este-viernes-en-roma-con-la-titular-del-fmi\/#breadcrumb","itemListElement":[{"@type":"ListItem","position":1,"name":"Portada","item":"https:\/\/www.noticiasradioreflejos.com.ar\/2021\/"},{"@type":"ListItem","position":2,"name":"El Presidente se reunir\u00e1 este viernes en Roma con la titular del FMI"}]},{"@type":"WebSite","@id":"https:\/\/www.noticiasradioreflejos.com.ar\/2021\/#website","url":"https:\/\/www.noticiasradioreflejos.com.ar\/2021\/","name":"Noticias Radio Reflejos","description":"Las noticias de mi comarca","potentialAction":[{"@type":"SearchAction","target":{"@type":"EntryPoint","urlTemplate":"https:\/\/www.noticiasradioreflejos.com.ar\/2021\/?s={search_term_string}"},"query-input":{"@type":"PropertyValueSpecification","valueRequired":true,"valueName":"search_term_string"}}],"inLanguage":"es"},{"@type":"Person","@id":"https:\/\/www.noticiasradioreflejos.com.ar\/2021\/#\/schema\/person\/ad82545263dcc5ec0996818884fd5fb1","name":"Arnaldo Botto","image":{"@type":"ImageObject","inLanguage":"es","@id":"https:\/\/www.noticiasradioreflejos.com.ar\/2021\/#\/schema\/person\/image\/","url":"https:\/\/secure.gravatar.com\/avatar\/55cb5e37c1efa326397366e6974cb338056df65cb50e7d64d1cf314e87504837?s=96&d=mm&r=g","contentUrl":"https:\/\/secure.gravatar.com\/avatar\/55cb5e37c1efa326397366e6974cb338056df65cb50e7d64d1cf314e87504837?s=96&d=mm&r=g","caption":"Arnaldo Botto"},"url":"https:\/\/www.noticiasradioreflejos.com.ar\/2021\/author\/arnaldo\/"}]}},"_links":{"self":[{"href":"https:\/\/www.noticiasradioreflejos.com.ar\/2021\/wp-json\/wp\/v2\/posts\/56820","targetHints":{"allow":["GET"]}}],"collection":[{"href":"https:\/\/www.noticiasradioreflejos.com.ar\/2021\/wp-json\/wp\/v2\/posts"}],"about":[{"href":"https:\/\/www.noticiasradioreflejos.com.ar\/2021\/wp-json\/wp\/v2\/types\/post"}],"author":[{"embeddable":true,"href":"https:\/\/www.noticiasradioreflejos.com.ar\/2021\/wp-json\/wp\/v2\/users\/3"}],"replies":[{"embeddable":true,"href":"https:\/\/www.noticiasradioreflejos.com.ar\/2021\/wp-json\/wp\/v2\/comments?post=56820"}],"version-history":[{"count":1,"href":"https:\/\/www.noticiasradioreflejos.com.ar\/2021\/wp-json\/wp\/v2\/posts\/56820\/revisions"}],"predecessor-version":[{"id":56822,"href":"https:\/\/www.noticiasradioreflejos.com.ar\/2021\/wp-json\/wp\/v2\/posts\/56820\/revisions\/56822"}],"wp:attachment":[{"href":"https:\/\/www.noticiasradioreflejos.com.ar\/2021\/wp-json\/wp\/v2\/media?parent=56820"}],"wp:term":[{"taxonomy":"category","embeddable":true,"href":"https:\/\/www.noticiasradioreflejos.com.ar\/2021\/wp-json\/wp\/v2\/categories?post=56820"},{"taxonomy":"post_tag","embeddable":true,"href":"https:\/\/www.noticiasradioreflejos.com.ar\/2021\/wp-json\/wp\/v2\/tags?post=56820"}],"curies":[{"name":"wp","href":"https:\/\/api.w.org\/{rel}","templated":true}]}}