{"id":56816,"date":"2021-05-14T00:37:32","date_gmt":"2021-05-14T00:37:32","guid":{"rendered":"http:\/\/www.noticiasradioreflejos.com.ar\/2021\/?p=56816"},"modified":"2021-05-14T00:38:37","modified_gmt":"2021-05-14T00:38:37","slug":"56816-2","status":"publish","type":"post","link":"https:\/\/www.noticiasradioreflejos.com.ar\/2021\/56816-2\/","title":{"rendered":"Huanguel\u00e9n retrocede a Fase 2 desde la pr\u00f3xima medianoche"},"content":{"rendered":"<p>El Comit\u00e9 de Crisis de Coronel Su\u00e1rez se re\u00fane esta noche para evaluar los pasos a seguir en la ciudad cabecera.<!--more--><\/p>\n<p>El Comit\u00e9 de Crisis de la localidad de Huanguel\u00e9n dispuso en las \u00faltimas horas retroceder a Fase 2 por el aumento de casos positivos de Covid-19 que totalizaban 80 hasta la ma\u00f1ana del jueves, con un significativo incremento de los aislados por contacto estrecho.<\/p>\n<p>&nbsp;<\/p>\n<p>Entre las medidas de cuidado, el Comit\u00e9 de Crisis huanguelenense dispuso la suspensi\u00f3n de todas las actividades recreativas, deportivas, culturales y religiosas, tanto en espacios cerrados como al aire libre, prohibiendo el uso de los espacios p\u00fablicos como parques y plazas y restringiendo adem\u00e1s la circulaci\u00f3n entre las 20 horas y las 6 horas del d\u00eda siguiente de lunes a s\u00e1bado, en tanto que los d\u00edas domingo quedar\u00e1 prohibida la circulaci\u00f3n, con excepci\u00f3n de los servicios esenciales quienes deber\u00e1n tener un permiso especial tramitado en la Delegaci\u00f3n Municipal.<\/p>\n<p>&nbsp;<\/p>\n<p>Los comercios del rubro gastron\u00f3mico funcionar\u00e1n mediante la modalidad delivery en la franja de 20 a 23 horas.<\/p>\n<p>En cuanto a las escuelas continuar\u00e1n con el dictado de clases modalidad presencial, siempre y cuando el gobierno provincial no disponga lo contrario.<\/p>\n<p>&nbsp;<\/p>\n<p><strong>Fuente Su\u00e1rez al D\u00eda<\/strong><\/p>\n","protected":false},"excerpt":{"rendered":"<p>El Comit\u00e9 de Crisis de Coronel Su\u00e1rez se re\u00fane esta noche para evaluar los pasos a seguir en la ciudad cabecera.<\/p>\n","protected":false},"author":3,"featured_media":0,"comment_status":"closed","ping_status":"closed","sticky":false,"template":"","format":"standard","meta":{"footnotes":""},"categories":[24,30],"tags":[],"class_list":["post-56816","post","type-post","status-publish","format-standard","hentry","category-politica","category-salud"],"yoast_head":"<!-- This site is optimized with the Yoast SEO plugin v25.9 - https:\/\/yoast.com\/wordpress\/plugins\/seo\/ -->\n<title>Huanguel\u00e9n retrocede a Fase 2 desde la pr\u00f3xima medianoche - Noticias Radio Reflejos<\/title>\n<meta name=\"robots\" content=\"index, follow, max-snippet:-1, max-image-preview:large, max-video-preview:-1\" \/>\n<link rel=\"canonical\" href=\"https:\/\/www.noticiasradioreflejos.com.ar\/2021\/56816-2\/\" \/>\n<meta property=\"og:locale\" content=\"es_ES\" \/>\n<meta property=\"og:type\" content=\"article\" \/>\n<meta property=\"og:title\" content=\"Huanguel\u00e9n retrocede a Fase 2 desde la pr\u00f3xima medianoche - Noticias Radio Reflejos\" \/>\n<meta property=\"og:description\" content=\"El Comit\u00e9 de Crisis de Coronel Su\u00e1rez se re\u00fane esta noche para evaluar los pasos a seguir en la ciudad cabecera.\" \/>\n<meta property=\"og:url\" content=\"https:\/\/www.noticiasradioreflejos.com.ar\/2021\/56816-2\/\" \/>\n<meta property=\"og:site_name\" content=\"Noticias Radio Reflejos\" \/>\n<meta property=\"article:published_time\" content=\"2021-05-14T00:37:32+00:00\" \/>\n<meta property=\"article:modified_time\" content=\"2021-05-14T00:38:37+00:00\" \/>\n<meta property=\"og:image\" content=\"https:\/\/www.noticiasradioreflejos.com.ar\/2021\/wp-content\/uploads\/2021\/07\/logosol300x200.png\" \/>\n\t<meta property=\"og:image:width\" content=\"300\" \/>\n\t<meta property=\"og:image:height\" content=\"200\" \/>\n\t<meta property=\"og:image:type\" content=\"image\/png\" \/>\n<meta name=\"author\" content=\"Arnaldo Botto\" \/>\n<meta name=\"twitter:card\" content=\"summary_large_image\" \/>\n<script type=\"application\/ld+json\" class=\"yoast-schema-graph\">{\"@context\":\"https:\/\/schema.org\",\"@graph\":[{\"@type\":\"WebPage\",\"@id\":\"https:\/\/www.noticiasradioreflejos.com.ar\/2021\/56816-2\/\",\"url\":\"https:\/\/www.noticiasradioreflejos.com.ar\/2021\/56816-2\/\",\"name\":\"Huanguel\u00e9n retrocede a Fase 2 desde la pr\u00f3xima medianoche - Noticias Radio Reflejos\",\"isPartOf\":{\"@id\":\"https:\/\/www.noticiasradioreflejos.com.ar\/2021\/#website\"},\"datePublished\":\"2021-05-14T00:37:32+00:00\",\"dateModified\":\"2021-05-14T00:38:37+00:00\",\"author\":{\"@id\":\"https:\/\/www.noticiasradioreflejos.com.ar\/2021\/#\/schema\/person\/ad82545263dcc5ec0996818884fd5fb1\"},\"breadcrumb\":{\"@id\":\"https:\/\/www.noticiasradioreflejos.com.ar\/2021\/56816-2\/#breadcrumb\"},\"inLanguage\":\"es\",\"potentialAction\":[{\"@type\":\"ReadAction\",\"target\":[\"https:\/\/www.noticiasradioreflejos.com.ar\/2021\/56816-2\/\"]}]},{\"@type\":\"BreadcrumbList\",\"@id\":\"https:\/\/www.noticiasradioreflejos.com.ar\/2021\/56816-2\/#breadcrumb\",\"itemListElement\":[{\"@type\":\"ListItem\",\"position\":1,\"name\":\"Portada\",\"item\":\"https:\/\/www.noticiasradioreflejos.com.ar\/2021\/\"},{\"@type\":\"ListItem\",\"position\":2,\"name\":\"Huanguel\u00e9n retrocede a Fase 2 desde la pr\u00f3xima medianoche\"}]},{\"@type\":\"WebSite\",\"@id\":\"https:\/\/www.noticiasradioreflejos.com.ar\/2021\/#website\",\"url\":\"https:\/\/www.noticiasradioreflejos.com.ar\/2021\/\",\"name\":\"Noticias Radio Reflejos\",\"description\":\"Las noticias de mi comarca\",\"potentialAction\":[{\"@type\":\"SearchAction\",\"target\":{\"@type\":\"EntryPoint\",\"urlTemplate\":\"https:\/\/www.noticiasradioreflejos.com.ar\/2021\/?s={search_term_string}\"},\"query-input\":{\"@type\":\"PropertyValueSpecification\",\"valueRequired\":true,\"valueName\":\"search_term_string\"}}],\"inLanguage\":\"es\"},{\"@type\":\"Person\",\"@id\":\"https:\/\/www.noticiasradioreflejos.com.ar\/2021\/#\/schema\/person\/ad82545263dcc5ec0996818884fd5fb1\",\"name\":\"Arnaldo Botto\",\"image\":{\"@type\":\"ImageObject\",\"inLanguage\":\"es\",\"@id\":\"https:\/\/www.noticiasradioreflejos.com.ar\/2021\/#\/schema\/person\/image\/\",\"url\":\"https:\/\/secure.gravatar.com\/avatar\/55cb5e37c1efa326397366e6974cb338056df65cb50e7d64d1cf314e87504837?s=96&d=mm&r=g\",\"contentUrl\":\"https:\/\/secure.gravatar.com\/avatar\/55cb5e37c1efa326397366e6974cb338056df65cb50e7d64d1cf314e87504837?s=96&d=mm&r=g\",\"caption\":\"Arnaldo Botto\"},\"url\":\"https:\/\/www.noticiasradioreflejos.com.ar\/2021\/author\/arnaldo\/\"}]}<\/script>\n<!-- \/ Yoast SEO plugin. -->","yoast_head_json":{"title":"Huanguel\u00e9n retrocede a Fase 2 desde la pr\u00f3xima medianoche - Noticias Radio Reflejos","robots":{"index":"index","follow":"follow","max-snippet":"max-snippet:-1","max-image-preview":"max-image-preview:large","max-video-preview":"max-video-preview:-1"},"canonical":"https:\/\/www.noticiasradioreflejos.com.ar\/2021\/56816-2\/","og_locale":"es_ES","og_type":"article","og_title":"Huanguel\u00e9n retrocede a Fase 2 desde la pr\u00f3xima medianoche - Noticias Radio Reflejos","og_description":"El Comit\u00e9 de Crisis de Coronel Su\u00e1rez se re\u00fane esta noche para evaluar los pasos a seguir en la ciudad cabecera.","og_url":"https:\/\/www.noticiasradioreflejos.com.ar\/2021\/56816-2\/","og_site_name":"Noticias Radio Reflejos","article_published_time":"2021-05-14T00:37:32+00:00","article_modified_time":"2021-05-14T00:38:37+00:00","og_image":[{"width":300,"height":200,"url":"https:\/\/www.noticiasradioreflejos.com.ar\/2021\/wp-content\/uploads\/2021\/07\/logosol300x200.png","type":"image\/png"}],"author":"Arnaldo Botto","twitter_card":"summary_large_image","schema":{"@context":"https:\/\/schema.org","@graph":[{"@type":"WebPage","@id":"https:\/\/www.noticiasradioreflejos.com.ar\/2021\/56816-2\/","url":"https:\/\/www.noticiasradioreflejos.com.ar\/2021\/56816-2\/","name":"Huanguel\u00e9n retrocede a Fase 2 desde la pr\u00f3xima medianoche - Noticias Radio Reflejos","isPartOf":{"@id":"https:\/\/www.noticiasradioreflejos.com.ar\/2021\/#website"},"datePublished":"2021-05-14T00:37:32+00:00","dateModified":"2021-05-14T00:38:37+00:00","author":{"@id":"https:\/\/www.noticiasradioreflejos.com.ar\/2021\/#\/schema\/person\/ad82545263dcc5ec0996818884fd5fb1"},"breadcrumb":{"@id":"https:\/\/www.noticiasradioreflejos.com.ar\/2021\/56816-2\/#breadcrumb"},"inLanguage":"es","potentialAction":[{"@type":"ReadAction","target":["https:\/\/www.noticiasradioreflejos.com.ar\/2021\/56816-2\/"]}]},{"@type":"BreadcrumbList","@id":"https:\/\/www.noticiasradioreflejos.com.ar\/2021\/56816-2\/#breadcrumb","itemListElement":[{"@type":"ListItem","position":1,"name":"Portada","item":"https:\/\/www.noticiasradioreflejos.com.ar\/2021\/"},{"@type":"ListItem","position":2,"name":"Huanguel\u00e9n retrocede a Fase 2 desde la pr\u00f3xima medianoche"}]},{"@type":"WebSite","@id":"https:\/\/www.noticiasradioreflejos.com.ar\/2021\/#website","url":"https:\/\/www.noticiasradioreflejos.com.ar\/2021\/","name":"Noticias Radio Reflejos","description":"Las noticias de mi comarca","potentialAction":[{"@type":"SearchAction","target":{"@type":"EntryPoint","urlTemplate":"https:\/\/www.noticiasradioreflejos.com.ar\/2021\/?s={search_term_string}"},"query-input":{"@type":"PropertyValueSpecification","valueRequired":true,"valueName":"search_term_string"}}],"inLanguage":"es"},{"@type":"Person","@id":"https:\/\/www.noticiasradioreflejos.com.ar\/2021\/#\/schema\/person\/ad82545263dcc5ec0996818884fd5fb1","name":"Arnaldo Botto","image":{"@type":"ImageObject","inLanguage":"es","@id":"https:\/\/www.noticiasradioreflejos.com.ar\/2021\/#\/schema\/person\/image\/","url":"https:\/\/secure.gravatar.com\/avatar\/55cb5e37c1efa326397366e6974cb338056df65cb50e7d64d1cf314e87504837?s=96&d=mm&r=g","contentUrl":"https:\/\/secure.gravatar.com\/avatar\/55cb5e37c1efa326397366e6974cb338056df65cb50e7d64d1cf314e87504837?s=96&d=mm&r=g","caption":"Arnaldo Botto"},"url":"https:\/\/www.noticiasradioreflejos.com.ar\/2021\/author\/arnaldo\/"}]}},"_links":{"self":[{"href":"https:\/\/www.noticiasradioreflejos.com.ar\/2021\/wp-json\/wp\/v2\/posts\/56816","targetHints":{"allow":["GET"]}}],"collection":[{"href":"https:\/\/www.noticiasradioreflejos.com.ar\/2021\/wp-json\/wp\/v2\/posts"}],"about":[{"href":"https:\/\/www.noticiasradioreflejos.com.ar\/2021\/wp-json\/wp\/v2\/types\/post"}],"author":[{"embeddable":true,"href":"https:\/\/www.noticiasradioreflejos.com.ar\/2021\/wp-json\/wp\/v2\/users\/3"}],"replies":[{"embeddable":true,"href":"https:\/\/www.noticiasradioreflejos.com.ar\/2021\/wp-json\/wp\/v2\/comments?post=56816"}],"version-history":[{"count":2,"href":"https:\/\/www.noticiasradioreflejos.com.ar\/2021\/wp-json\/wp\/v2\/posts\/56816\/revisions"}],"predecessor-version":[{"id":56819,"href":"https:\/\/www.noticiasradioreflejos.com.ar\/2021\/wp-json\/wp\/v2\/posts\/56816\/revisions\/56819"}],"wp:attachment":[{"href":"https:\/\/www.noticiasradioreflejos.com.ar\/2021\/wp-json\/wp\/v2\/media?parent=56816"}],"wp:term":[{"taxonomy":"category","embeddable":true,"href":"https:\/\/www.noticiasradioreflejos.com.ar\/2021\/wp-json\/wp\/v2\/categories?post=56816"},{"taxonomy":"post_tag","embeddable":true,"href":"https:\/\/www.noticiasradioreflejos.com.ar\/2021\/wp-json\/wp\/v2\/tags?post=56816"}],"curies":[{"name":"wp","href":"https:\/\/api.w.org\/{rel}","templated":true}]}}