{"id":56813,"date":"2021-05-14T00:32:30","date_gmt":"2021-05-14T00:32:30","guid":{"rendered":"http:\/\/www.noticiasradioreflejos.com.ar\/2021\/?p=56813"},"modified":"2021-05-14T00:32:30","modified_gmt":"2021-05-14T00:32:30","slug":"fallecio-la-paciente-que-cursaba-un-presunto-cuadro-de-rabia-humana","status":"publish","type":"post","link":"https:\/\/www.noticiasradioreflejos.com.ar\/2021\/fallecio-la-paciente-que-cursaba-un-presunto-cuadro-de-rabia-humana\/","title":{"rendered":"Falleci\u00f3 la paciente que cursaba un presunto cuadro de rabia humana"},"content":{"rendered":"<p>Consternaci\u00f3n en el \u00e1mbito de la Polic\u00eda Comunal por el fallecimiento de la Sargento de polic\u00eda <strong>Zaira Jaqueline Di Giorgio:<\/strong> la Jefatura Distrital dispuso izar las banderas a media asta en se\u00f1al de duelo.<!--more--><\/p>\n<p>Por: <b><strong>Ezequiel Villanueva<\/strong><\/b><\/p>\n<p>En horas de la tarde del jueves falleci\u00f3 la agente de polic\u00eda que se encontraba hospitalizada en la Unidad de Cuidados Intensivos del Hospital Municipal con un cuadro de encefalitis que le ocasion\u00f3 un severo deterioro cognitivo y que determin\u00f3 que durante la \u00faltima semana se lleven a cabo diversos procedimientos y an\u00e1lisis a los fines de determinar si la paciente cursaba un cuadro de rabia humana tras la mordedura de un gato callejero hace unas siete semanas.<\/p>\n<p>En principio los an\u00e1lisis enviados a la Administraci\u00f3n Nacional de Laboratorios e Institutos de Salud \u00abDr. Carlos Malbr\u00e1n\u00bb y al Instituto de Zoonosis \u00abLuis Pasteur\u00bb arrojaron resultados negativos en un 99%.<\/p>\n<p>Con el lamentable fallecimiento de la paciente y mediante una toma de muestra cadav\u00e9rica durante la operaci\u00f3n de autopsia que ser\u00e1 enviada para su an\u00e1lisis definitivo a los entes anteriormente mencionados se podr\u00e1 ratificar el resultado negativo preliminar o rectificar el mismo, constatando la presencia de rabia en humanos de la mujer de 33 a\u00f1os, Sargento de Polic\u00eda de la Comisar\u00eda 1\u00b0 de Coronel Su\u00e1rez.<\/p>\n","protected":false},"excerpt":{"rendered":"<p>Consternaci\u00f3n en el \u00e1mbito de la Polic\u00eda Comunal por el fallecimiento de la Sargento de polic\u00eda Zaira Jaqueline Di Giorgio: la Jefatura Distrital dispuso izar las banderas a media asta en se\u00f1al de duelo.<\/p>\n","protected":false},"author":3,"featured_media":0,"comment_status":"closed","ping_status":"closed","sticky":false,"template":"","format":"standard","meta":{"footnotes":""},"categories":[30],"tags":[48],"class_list":["post-56813","post","type-post","status-publish","format-standard","hentry","category-salud","tag-destacada"],"yoast_head":"<!-- This site is optimized with the Yoast SEO plugin v25.9 - https:\/\/yoast.com\/wordpress\/plugins\/seo\/ -->\n<title>Falleci\u00f3 la paciente que cursaba un presunto cuadro de rabia humana - Noticias Radio Reflejos<\/title>\n<meta name=\"robots\" content=\"index, follow, max-snippet:-1, max-image-preview:large, max-video-preview:-1\" \/>\n<link rel=\"canonical\" href=\"https:\/\/www.noticiasradioreflejos.com.ar\/2021\/fallecio-la-paciente-que-cursaba-un-presunto-cuadro-de-rabia-humana\/\" \/>\n<meta property=\"og:locale\" content=\"es_ES\" \/>\n<meta property=\"og:type\" content=\"article\" \/>\n<meta property=\"og:title\" content=\"Falleci\u00f3 la paciente que cursaba un presunto cuadro de rabia humana - Noticias Radio Reflejos\" \/>\n<meta property=\"og:description\" content=\"Consternaci\u00f3n en el \u00e1mbito de la Polic\u00eda Comunal por el fallecimiento de la Sargento de polic\u00eda Zaira Jaqueline Di Giorgio: la Jefatura Distrital dispuso izar las banderas a media asta en se\u00f1al de duelo.\" \/>\n<meta property=\"og:url\" content=\"https:\/\/www.noticiasradioreflejos.com.ar\/2021\/fallecio-la-paciente-que-cursaba-un-presunto-cuadro-de-rabia-humana\/\" \/>\n<meta property=\"og:site_name\" content=\"Noticias Radio Reflejos\" \/>\n<meta property=\"article:published_time\" content=\"2021-05-14T00:32:30+00:00\" \/>\n<meta property=\"og:image\" content=\"https:\/\/www.noticiasradioreflejos.com.ar\/2021\/wp-content\/uploads\/2021\/07\/logosol300x200.png\" \/>\n\t<meta property=\"og:image:width\" content=\"300\" \/>\n\t<meta property=\"og:image:height\" content=\"200\" \/>\n\t<meta property=\"og:image:type\" content=\"image\/png\" \/>\n<meta name=\"author\" content=\"Arnaldo Botto\" \/>\n<meta name=\"twitter:card\" content=\"summary_large_image\" \/>\n<script type=\"application\/ld+json\" class=\"yoast-schema-graph\">{\"@context\":\"https:\/\/schema.org\",\"@graph\":[{\"@type\":\"WebPage\",\"@id\":\"https:\/\/www.noticiasradioreflejos.com.ar\/2021\/fallecio-la-paciente-que-cursaba-un-presunto-cuadro-de-rabia-humana\/\",\"url\":\"https:\/\/www.noticiasradioreflejos.com.ar\/2021\/fallecio-la-paciente-que-cursaba-un-presunto-cuadro-de-rabia-humana\/\",\"name\":\"Falleci\u00f3 la paciente que cursaba un presunto cuadro de rabia humana - Noticias Radio Reflejos\",\"isPartOf\":{\"@id\":\"https:\/\/www.noticiasradioreflejos.com.ar\/2021\/#website\"},\"datePublished\":\"2021-05-14T00:32:30+00:00\",\"author\":{\"@id\":\"https:\/\/www.noticiasradioreflejos.com.ar\/2021\/#\/schema\/person\/ad82545263dcc5ec0996818884fd5fb1\"},\"breadcrumb\":{\"@id\":\"https:\/\/www.noticiasradioreflejos.com.ar\/2021\/fallecio-la-paciente-que-cursaba-un-presunto-cuadro-de-rabia-humana\/#breadcrumb\"},\"inLanguage\":\"es\",\"potentialAction\":[{\"@type\":\"ReadAction\",\"target\":[\"https:\/\/www.noticiasradioreflejos.com.ar\/2021\/fallecio-la-paciente-que-cursaba-un-presunto-cuadro-de-rabia-humana\/\"]}]},{\"@type\":\"BreadcrumbList\",\"@id\":\"https:\/\/www.noticiasradioreflejos.com.ar\/2021\/fallecio-la-paciente-que-cursaba-un-presunto-cuadro-de-rabia-humana\/#breadcrumb\",\"itemListElement\":[{\"@type\":\"ListItem\",\"position\":1,\"name\":\"Portada\",\"item\":\"https:\/\/www.noticiasradioreflejos.com.ar\/2021\/\"},{\"@type\":\"ListItem\",\"position\":2,\"name\":\"Falleci\u00f3 la paciente que cursaba un presunto cuadro de rabia humana\"}]},{\"@type\":\"WebSite\",\"@id\":\"https:\/\/www.noticiasradioreflejos.com.ar\/2021\/#website\",\"url\":\"https:\/\/www.noticiasradioreflejos.com.ar\/2021\/\",\"name\":\"Noticias Radio Reflejos\",\"description\":\"Las noticias de mi comarca\",\"potentialAction\":[{\"@type\":\"SearchAction\",\"target\":{\"@type\":\"EntryPoint\",\"urlTemplate\":\"https:\/\/www.noticiasradioreflejos.com.ar\/2021\/?s={search_term_string}\"},\"query-input\":{\"@type\":\"PropertyValueSpecification\",\"valueRequired\":true,\"valueName\":\"search_term_string\"}}],\"inLanguage\":\"es\"},{\"@type\":\"Person\",\"@id\":\"https:\/\/www.noticiasradioreflejos.com.ar\/2021\/#\/schema\/person\/ad82545263dcc5ec0996818884fd5fb1\",\"name\":\"Arnaldo Botto\",\"image\":{\"@type\":\"ImageObject\",\"inLanguage\":\"es\",\"@id\":\"https:\/\/www.noticiasradioreflejos.com.ar\/2021\/#\/schema\/person\/image\/\",\"url\":\"https:\/\/secure.gravatar.com\/avatar\/55cb5e37c1efa326397366e6974cb338056df65cb50e7d64d1cf314e87504837?s=96&d=mm&r=g\",\"contentUrl\":\"https:\/\/secure.gravatar.com\/avatar\/55cb5e37c1efa326397366e6974cb338056df65cb50e7d64d1cf314e87504837?s=96&d=mm&r=g\",\"caption\":\"Arnaldo Botto\"},\"url\":\"https:\/\/www.noticiasradioreflejos.com.ar\/2021\/author\/arnaldo\/\"}]}<\/script>\n<!-- \/ Yoast SEO plugin. -->","yoast_head_json":{"title":"Falleci\u00f3 la paciente que cursaba un presunto cuadro de rabia humana - Noticias Radio Reflejos","robots":{"index":"index","follow":"follow","max-snippet":"max-snippet:-1","max-image-preview":"max-image-preview:large","max-video-preview":"max-video-preview:-1"},"canonical":"https:\/\/www.noticiasradioreflejos.com.ar\/2021\/fallecio-la-paciente-que-cursaba-un-presunto-cuadro-de-rabia-humana\/","og_locale":"es_ES","og_type":"article","og_title":"Falleci\u00f3 la paciente que cursaba un presunto cuadro de rabia humana - Noticias Radio Reflejos","og_description":"Consternaci\u00f3n en el \u00e1mbito de la Polic\u00eda Comunal por el fallecimiento de la Sargento de polic\u00eda Zaira Jaqueline Di Giorgio: la Jefatura Distrital dispuso izar las banderas a media asta en se\u00f1al de duelo.","og_url":"https:\/\/www.noticiasradioreflejos.com.ar\/2021\/fallecio-la-paciente-que-cursaba-un-presunto-cuadro-de-rabia-humana\/","og_site_name":"Noticias Radio Reflejos","article_published_time":"2021-05-14T00:32:30+00:00","og_image":[{"width":300,"height":200,"url":"https:\/\/www.noticiasradioreflejos.com.ar\/2021\/wp-content\/uploads\/2021\/07\/logosol300x200.png","type":"image\/png"}],"author":"Arnaldo Botto","twitter_card":"summary_large_image","schema":{"@context":"https:\/\/schema.org","@graph":[{"@type":"WebPage","@id":"https:\/\/www.noticiasradioreflejos.com.ar\/2021\/fallecio-la-paciente-que-cursaba-un-presunto-cuadro-de-rabia-humana\/","url":"https:\/\/www.noticiasradioreflejos.com.ar\/2021\/fallecio-la-paciente-que-cursaba-un-presunto-cuadro-de-rabia-humana\/","name":"Falleci\u00f3 la paciente que cursaba un presunto cuadro de rabia humana - Noticias Radio Reflejos","isPartOf":{"@id":"https:\/\/www.noticiasradioreflejos.com.ar\/2021\/#website"},"datePublished":"2021-05-14T00:32:30+00:00","author":{"@id":"https:\/\/www.noticiasradioreflejos.com.ar\/2021\/#\/schema\/person\/ad82545263dcc5ec0996818884fd5fb1"},"breadcrumb":{"@id":"https:\/\/www.noticiasradioreflejos.com.ar\/2021\/fallecio-la-paciente-que-cursaba-un-presunto-cuadro-de-rabia-humana\/#breadcrumb"},"inLanguage":"es","potentialAction":[{"@type":"ReadAction","target":["https:\/\/www.noticiasradioreflejos.com.ar\/2021\/fallecio-la-paciente-que-cursaba-un-presunto-cuadro-de-rabia-humana\/"]}]},{"@type":"BreadcrumbList","@id":"https:\/\/www.noticiasradioreflejos.com.ar\/2021\/fallecio-la-paciente-que-cursaba-un-presunto-cuadro-de-rabia-humana\/#breadcrumb","itemListElement":[{"@type":"ListItem","position":1,"name":"Portada","item":"https:\/\/www.noticiasradioreflejos.com.ar\/2021\/"},{"@type":"ListItem","position":2,"name":"Falleci\u00f3 la paciente que cursaba un presunto cuadro de rabia humana"}]},{"@type":"WebSite","@id":"https:\/\/www.noticiasradioreflejos.com.ar\/2021\/#website","url":"https:\/\/www.noticiasradioreflejos.com.ar\/2021\/","name":"Noticias Radio Reflejos","description":"Las noticias de mi comarca","potentialAction":[{"@type":"SearchAction","target":{"@type":"EntryPoint","urlTemplate":"https:\/\/www.noticiasradioreflejos.com.ar\/2021\/?s={search_term_string}"},"query-input":{"@type":"PropertyValueSpecification","valueRequired":true,"valueName":"search_term_string"}}],"inLanguage":"es"},{"@type":"Person","@id":"https:\/\/www.noticiasradioreflejos.com.ar\/2021\/#\/schema\/person\/ad82545263dcc5ec0996818884fd5fb1","name":"Arnaldo Botto","image":{"@type":"ImageObject","inLanguage":"es","@id":"https:\/\/www.noticiasradioreflejos.com.ar\/2021\/#\/schema\/person\/image\/","url":"https:\/\/secure.gravatar.com\/avatar\/55cb5e37c1efa326397366e6974cb338056df65cb50e7d64d1cf314e87504837?s=96&d=mm&r=g","contentUrl":"https:\/\/secure.gravatar.com\/avatar\/55cb5e37c1efa326397366e6974cb338056df65cb50e7d64d1cf314e87504837?s=96&d=mm&r=g","caption":"Arnaldo Botto"},"url":"https:\/\/www.noticiasradioreflejos.com.ar\/2021\/author\/arnaldo\/"}]}},"_links":{"self":[{"href":"https:\/\/www.noticiasradioreflejos.com.ar\/2021\/wp-json\/wp\/v2\/posts\/56813","targetHints":{"allow":["GET"]}}],"collection":[{"href":"https:\/\/www.noticiasradioreflejos.com.ar\/2021\/wp-json\/wp\/v2\/posts"}],"about":[{"href":"https:\/\/www.noticiasradioreflejos.com.ar\/2021\/wp-json\/wp\/v2\/types\/post"}],"author":[{"embeddable":true,"href":"https:\/\/www.noticiasradioreflejos.com.ar\/2021\/wp-json\/wp\/v2\/users\/3"}],"replies":[{"embeddable":true,"href":"https:\/\/www.noticiasradioreflejos.com.ar\/2021\/wp-json\/wp\/v2\/comments?post=56813"}],"version-history":[{"count":1,"href":"https:\/\/www.noticiasradioreflejos.com.ar\/2021\/wp-json\/wp\/v2\/posts\/56813\/revisions"}],"predecessor-version":[{"id":56815,"href":"https:\/\/www.noticiasradioreflejos.com.ar\/2021\/wp-json\/wp\/v2\/posts\/56813\/revisions\/56815"}],"wp:attachment":[{"href":"https:\/\/www.noticiasradioreflejos.com.ar\/2021\/wp-json\/wp\/v2\/media?parent=56813"}],"wp:term":[{"taxonomy":"category","embeddable":true,"href":"https:\/\/www.noticiasradioreflejos.com.ar\/2021\/wp-json\/wp\/v2\/categories?post=56813"},{"taxonomy":"post_tag","embeddable":true,"href":"https:\/\/www.noticiasradioreflejos.com.ar\/2021\/wp-json\/wp\/v2\/tags?post=56813"}],"curies":[{"name":"wp","href":"https:\/\/api.w.org\/{rel}","templated":true}]}}