{"id":56793,"date":"2021-05-13T20:23:50","date_gmt":"2021-05-13T20:23:50","guid":{"rendered":"http:\/\/www.noticiasradioreflejos.com.ar\/2021\/?p=56793"},"modified":"2021-05-13T20:23:50","modified_gmt":"2021-05-13T20:23:50","slug":"obras-importantes-en-la-comarca-en-otro-momento-no-hubieran-llegado-al-distrito","status":"publish","type":"post","link":"https:\/\/www.noticiasradioreflejos.com.ar\/2021\/obras-importantes-en-la-comarca-en-otro-momento-no-hubieran-llegado-al-distrito\/","title":{"rendered":"Obras importantes en la comarca: \u00abEn otro momento no hubieran llegado al distrito\u00bb."},"content":{"rendered":"<p>A ra\u00edz del comienzo de pavimentaci\u00f3n en calles Sierra de la Ventana, esta ma\u00f1ana conversamos con el Intendente Sergio Bordoni para que nos de detalles sobre las obras p\u00fablicas que se pueden ir anunciando.<!--more--><\/p>\n<p>\u00abAyer comenzaron a hacer los primeros metros de asfalto. Contento porque es algo que prometimos de la gesti\u00f3n anterior\u00bb expres\u00f3 al comenzar la nota. \u00abCreo que en 3 o 4 d\u00edas ya va a estar terminada la obra\u00bb.<\/p>\n<p><a href=\"https:\/\/flic.kr\/p\/2kYmJu6\"><img loading=\"lazy\" decoding=\"async\" src=\"https:\/\/live.staticflickr.com\/65535\/51177240069_8d350158c7.jpg\" alt=\"Pavimento SDLV (2)\" width=\"500\" height=\"375\" \/><\/a><\/p>\n<p>Estuvimos hablando sobre la estaci\u00f3n de Saldungaray, que est\u00e1 por salir el ramal para comenzar el servicio de pasajeros. \u00abOjal\u00e1 as\u00ed sea. Hoy lo m\u00e1s importante es que tenemos la custodia de la estaci\u00f3n a nombre del Municipio. Eso nos va a permitir mejorarla de a poco\u00bb.<\/p>\n<p>\u00abUna de las obras m\u00e1s importantes que tenemos para terminar es la de cloacas de Sierra de la Ventana. Es fundamental terminarla y probar si todo funciona\u00bb comparti\u00f3 el intendente. Tambi\u00e9n opin\u00f3 que la misma es una obra importante para la localidad porque la misma beneficiar\u00e1 al turismo.<\/p>\n<p>Le preguntamos a Sergio si se est\u00e1 atravesando un buen momento para las obras y si se est\u00e1n realizando m\u00e1s de las que esperaba, dentro del contexto de la pandemia y de la segunda ola de contagios masivos de Covid: \u00abNing\u00fan gobierno quiere estar trabajando con esta pandemia, es muy complicado. Pero yo creo que, como se ha presentado la crisis mundial, se est\u00e1n haciendo obras importantes que en otro momento no hubieran llegado al distrito\u00bb.<\/p>\n<p><a href=\"https:\/\/flic.kr\/p\/2kYhGB8\"><img loading=\"lazy\" decoding=\"async\" src=\"https:\/\/live.staticflickr.com\/65535\/51176453301_5be3df2243.jpg\" alt=\"Pavimento SDLV (1)\" width=\"500\" height=\"375\" \/><\/a><\/p>\n<p>\u00abEs muy dif\u00edcil gobernar en una pandemia como la que tenemos. Se trata de perjudicar a la gente lo menos posible. Se tienen que tomar decisiones que son dif\u00edciles, hay que priorizar entre la econom\u00eda y la salud. Y la gente est\u00e1 como un juez. Tratamos de hacer lo mejor posible para que se perjudique la menor cantidad de gente posible\u00bb comparti\u00f3 su opini\u00f3n acerca de la situaci\u00f3n actual.<\/p>\n<p>Finalmente, expres\u00f3: \u00abAgradecer a toda la gente del distrito por la paciencia, y seguir trabajando para el bien de toda la comunidad\u00bb.<\/p>\n<p>Nota completa a continuaci\u00f3n:<br \/>\n<iframe loading=\"lazy\" src=\"https:\/\/w.soundcloud.com\/player\/?url=https%3A\/\/api.soundcloud.com\/tracks\/1048155793&amp;color=%23ff5500&amp;auto_play=false&amp;hide_related=false&amp;show_comments=true&amp;show_user=true&amp;show_reposts=false&amp;show_teaser=true&amp;visual=true\" width=\"100%\" height=\"300\" frameborder=\"no\" scrolling=\"no\"><\/iframe><\/p>\n<div style=\"font-size: 10px; color: #cccccc; line-break: anywhere; word-break: normal; overflow: hidden; white-space: nowrap; text-overflow: ellipsis; font-family: Interstate,Lucida Grande,Lucida Sans Unicode,Lucida Sans,Garuda,Verdana,Tahoma,sans-serif; font-weight: 100;\"><a style=\"color: #cccccc; text-decoration: none;\" title=\"fmreflejos 103.7\" href=\"https:\/\/soundcloud.com\/fmreflejos-103-7\" target=\"_blank\" rel=\"noopener\">fmreflejos 103.7<\/a> \u00b7 <a style=\"color: #cccccc; text-decoration: none;\" title=\"Nota Sergio Bordoni\" href=\"https:\/\/soundcloud.com\/fmreflejos-103-7\/nota-sergio-bordoni-654130704\" target=\"_blank\" rel=\"noopener\">Nota Sergio Bordoni<\/a><\/div>\n","protected":false},"excerpt":{"rendered":"<p>A ra\u00edz del comienzo de pavimentaci\u00f3n en calles Sierra de la Ventana, esta ma\u00f1ana conversamos con el Intendente Sergio Bordoni para que nos de detalles sobre las obras p\u00fablicas que se pueden ir anunciando.<\/p>\n","protected":false},"author":3,"featured_media":0,"comment_status":"closed","ping_status":"closed","sticky":false,"template":"","format":"standard","meta":{"footnotes":""},"categories":[28,24],"tags":[48],"class_list":["post-56793","post","type-post","status-publish","format-standard","hentry","category-municipales","category-politica","tag-destacada"],"yoast_head":"<!-- This site is optimized with the Yoast SEO plugin v25.9 - https:\/\/yoast.com\/wordpress\/plugins\/seo\/ -->\n<title>Obras importantes en la comarca: &quot;En otro momento no hubieran llegado al distrito&quot;. - Noticias Radio Reflejos<\/title>\n<meta name=\"robots\" content=\"index, follow, max-snippet:-1, max-image-preview:large, max-video-preview:-1\" \/>\n<link rel=\"canonical\" href=\"https:\/\/www.noticiasradioreflejos.com.ar\/2021\/obras-importantes-en-la-comarca-en-otro-momento-no-hubieran-llegado-al-distrito\/\" \/>\n<meta property=\"og:locale\" content=\"es_ES\" \/>\n<meta property=\"og:type\" content=\"article\" \/>\n<meta property=\"og:title\" content=\"Obras importantes en la comarca: &quot;En otro momento no hubieran llegado al distrito&quot;. - Noticias Radio Reflejos\" \/>\n<meta property=\"og:description\" content=\"A ra\u00edz del comienzo de pavimentaci\u00f3n en calles Sierra de la Ventana, esta ma\u00f1ana conversamos con el Intendente Sergio Bordoni para que nos de detalles sobre las obras p\u00fablicas que se pueden ir anunciando.\" \/>\n<meta property=\"og:url\" content=\"https:\/\/www.noticiasradioreflejos.com.ar\/2021\/obras-importantes-en-la-comarca-en-otro-momento-no-hubieran-llegado-al-distrito\/\" \/>\n<meta property=\"og:site_name\" content=\"Noticias Radio Reflejos\" \/>\n<meta property=\"article:published_time\" content=\"2021-05-13T20:23:50+00:00\" \/>\n<meta property=\"og:image\" content=\"https:\/\/www.noticiasradioreflejos.com.ar\/2021\/wp-content\/uploads\/2021\/07\/logosol300x200.png\" \/>\n\t<meta property=\"og:image:width\" content=\"300\" \/>\n\t<meta property=\"og:image:height\" content=\"200\" \/>\n\t<meta property=\"og:image:type\" content=\"image\/png\" \/>\n<meta name=\"author\" content=\"Arnaldo Botto\" \/>\n<meta name=\"twitter:card\" content=\"summary_large_image\" \/>\n<script type=\"application\/ld+json\" class=\"yoast-schema-graph\">{\"@context\":\"https:\/\/schema.org\",\"@graph\":[{\"@type\":\"WebPage\",\"@id\":\"https:\/\/www.noticiasradioreflejos.com.ar\/2021\/obras-importantes-en-la-comarca-en-otro-momento-no-hubieran-llegado-al-distrito\/\",\"url\":\"https:\/\/www.noticiasradioreflejos.com.ar\/2021\/obras-importantes-en-la-comarca-en-otro-momento-no-hubieran-llegado-al-distrito\/\",\"name\":\"Obras importantes en la comarca: \\\"En otro momento no hubieran llegado al distrito\\\". - Noticias Radio Reflejos\",\"isPartOf\":{\"@id\":\"https:\/\/www.noticiasradioreflejos.com.ar\/2021\/#website\"},\"datePublished\":\"2021-05-13T20:23:50+00:00\",\"author\":{\"@id\":\"https:\/\/www.noticiasradioreflejos.com.ar\/2021\/#\/schema\/person\/ad82545263dcc5ec0996818884fd5fb1\"},\"breadcrumb\":{\"@id\":\"https:\/\/www.noticiasradioreflejos.com.ar\/2021\/obras-importantes-en-la-comarca-en-otro-momento-no-hubieran-llegado-al-distrito\/#breadcrumb\"},\"inLanguage\":\"es\",\"potentialAction\":[{\"@type\":\"ReadAction\",\"target\":[\"https:\/\/www.noticiasradioreflejos.com.ar\/2021\/obras-importantes-en-la-comarca-en-otro-momento-no-hubieran-llegado-al-distrito\/\"]}]},{\"@type\":\"BreadcrumbList\",\"@id\":\"https:\/\/www.noticiasradioreflejos.com.ar\/2021\/obras-importantes-en-la-comarca-en-otro-momento-no-hubieran-llegado-al-distrito\/#breadcrumb\",\"itemListElement\":[{\"@type\":\"ListItem\",\"position\":1,\"name\":\"Portada\",\"item\":\"https:\/\/www.noticiasradioreflejos.com.ar\/2021\/\"},{\"@type\":\"ListItem\",\"position\":2,\"name\":\"Obras importantes en la comarca: \u00abEn otro momento no hubieran llegado al distrito\u00bb.\"}]},{\"@type\":\"WebSite\",\"@id\":\"https:\/\/www.noticiasradioreflejos.com.ar\/2021\/#website\",\"url\":\"https:\/\/www.noticiasradioreflejos.com.ar\/2021\/\",\"name\":\"Noticias Radio Reflejos\",\"description\":\"Las noticias de mi comarca\",\"potentialAction\":[{\"@type\":\"SearchAction\",\"target\":{\"@type\":\"EntryPoint\",\"urlTemplate\":\"https:\/\/www.noticiasradioreflejos.com.ar\/2021\/?s={search_term_string}\"},\"query-input\":{\"@type\":\"PropertyValueSpecification\",\"valueRequired\":true,\"valueName\":\"search_term_string\"}}],\"inLanguage\":\"es\"},{\"@type\":\"Person\",\"@id\":\"https:\/\/www.noticiasradioreflejos.com.ar\/2021\/#\/schema\/person\/ad82545263dcc5ec0996818884fd5fb1\",\"name\":\"Arnaldo Botto\",\"image\":{\"@type\":\"ImageObject\",\"inLanguage\":\"es\",\"@id\":\"https:\/\/www.noticiasradioreflejos.com.ar\/2021\/#\/schema\/person\/image\/\",\"url\":\"https:\/\/secure.gravatar.com\/avatar\/55cb5e37c1efa326397366e6974cb338056df65cb50e7d64d1cf314e87504837?s=96&d=mm&r=g\",\"contentUrl\":\"https:\/\/secure.gravatar.com\/avatar\/55cb5e37c1efa326397366e6974cb338056df65cb50e7d64d1cf314e87504837?s=96&d=mm&r=g\",\"caption\":\"Arnaldo Botto\"},\"url\":\"https:\/\/www.noticiasradioreflejos.com.ar\/2021\/author\/arnaldo\/\"}]}<\/script>\n<!-- \/ Yoast SEO plugin. -->","yoast_head_json":{"title":"Obras importantes en la comarca: \"En otro momento no hubieran llegado al distrito\". - Noticias Radio Reflejos","robots":{"index":"index","follow":"follow","max-snippet":"max-snippet:-1","max-image-preview":"max-image-preview:large","max-video-preview":"max-video-preview:-1"},"canonical":"https:\/\/www.noticiasradioreflejos.com.ar\/2021\/obras-importantes-en-la-comarca-en-otro-momento-no-hubieran-llegado-al-distrito\/","og_locale":"es_ES","og_type":"article","og_title":"Obras importantes en la comarca: \"En otro momento no hubieran llegado al distrito\". - Noticias Radio Reflejos","og_description":"A ra\u00edz del comienzo de pavimentaci\u00f3n en calles Sierra de la Ventana, esta ma\u00f1ana conversamos con el Intendente Sergio Bordoni para que nos de detalles sobre las obras p\u00fablicas que se pueden ir anunciando.","og_url":"https:\/\/www.noticiasradioreflejos.com.ar\/2021\/obras-importantes-en-la-comarca-en-otro-momento-no-hubieran-llegado-al-distrito\/","og_site_name":"Noticias Radio Reflejos","article_published_time":"2021-05-13T20:23:50+00:00","og_image":[{"width":300,"height":200,"url":"https:\/\/www.noticiasradioreflejos.com.ar\/2021\/wp-content\/uploads\/2021\/07\/logosol300x200.png","type":"image\/png"}],"author":"Arnaldo Botto","twitter_card":"summary_large_image","schema":{"@context":"https:\/\/schema.org","@graph":[{"@type":"WebPage","@id":"https:\/\/www.noticiasradioreflejos.com.ar\/2021\/obras-importantes-en-la-comarca-en-otro-momento-no-hubieran-llegado-al-distrito\/","url":"https:\/\/www.noticiasradioreflejos.com.ar\/2021\/obras-importantes-en-la-comarca-en-otro-momento-no-hubieran-llegado-al-distrito\/","name":"Obras importantes en la comarca: \"En otro momento no hubieran llegado al distrito\". - Noticias Radio Reflejos","isPartOf":{"@id":"https:\/\/www.noticiasradioreflejos.com.ar\/2021\/#website"},"datePublished":"2021-05-13T20:23:50+00:00","author":{"@id":"https:\/\/www.noticiasradioreflejos.com.ar\/2021\/#\/schema\/person\/ad82545263dcc5ec0996818884fd5fb1"},"breadcrumb":{"@id":"https:\/\/www.noticiasradioreflejos.com.ar\/2021\/obras-importantes-en-la-comarca-en-otro-momento-no-hubieran-llegado-al-distrito\/#breadcrumb"},"inLanguage":"es","potentialAction":[{"@type":"ReadAction","target":["https:\/\/www.noticiasradioreflejos.com.ar\/2021\/obras-importantes-en-la-comarca-en-otro-momento-no-hubieran-llegado-al-distrito\/"]}]},{"@type":"BreadcrumbList","@id":"https:\/\/www.noticiasradioreflejos.com.ar\/2021\/obras-importantes-en-la-comarca-en-otro-momento-no-hubieran-llegado-al-distrito\/#breadcrumb","itemListElement":[{"@type":"ListItem","position":1,"name":"Portada","item":"https:\/\/www.noticiasradioreflejos.com.ar\/2021\/"},{"@type":"ListItem","position":2,"name":"Obras importantes en la comarca: \u00abEn otro momento no hubieran llegado al distrito\u00bb."}]},{"@type":"WebSite","@id":"https:\/\/www.noticiasradioreflejos.com.ar\/2021\/#website","url":"https:\/\/www.noticiasradioreflejos.com.ar\/2021\/","name":"Noticias Radio Reflejos","description":"Las noticias de mi comarca","potentialAction":[{"@type":"SearchAction","target":{"@type":"EntryPoint","urlTemplate":"https:\/\/www.noticiasradioreflejos.com.ar\/2021\/?s={search_term_string}"},"query-input":{"@type":"PropertyValueSpecification","valueRequired":true,"valueName":"search_term_string"}}],"inLanguage":"es"},{"@type":"Person","@id":"https:\/\/www.noticiasradioreflejos.com.ar\/2021\/#\/schema\/person\/ad82545263dcc5ec0996818884fd5fb1","name":"Arnaldo Botto","image":{"@type":"ImageObject","inLanguage":"es","@id":"https:\/\/www.noticiasradioreflejos.com.ar\/2021\/#\/schema\/person\/image\/","url":"https:\/\/secure.gravatar.com\/avatar\/55cb5e37c1efa326397366e6974cb338056df65cb50e7d64d1cf314e87504837?s=96&d=mm&r=g","contentUrl":"https:\/\/secure.gravatar.com\/avatar\/55cb5e37c1efa326397366e6974cb338056df65cb50e7d64d1cf314e87504837?s=96&d=mm&r=g","caption":"Arnaldo Botto"},"url":"https:\/\/www.noticiasradioreflejos.com.ar\/2021\/author\/arnaldo\/"}]}},"_links":{"self":[{"href":"https:\/\/www.noticiasradioreflejos.com.ar\/2021\/wp-json\/wp\/v2\/posts\/56793","targetHints":{"allow":["GET"]}}],"collection":[{"href":"https:\/\/www.noticiasradioreflejos.com.ar\/2021\/wp-json\/wp\/v2\/posts"}],"about":[{"href":"https:\/\/www.noticiasradioreflejos.com.ar\/2021\/wp-json\/wp\/v2\/types\/post"}],"author":[{"embeddable":true,"href":"https:\/\/www.noticiasradioreflejos.com.ar\/2021\/wp-json\/wp\/v2\/users\/3"}],"replies":[{"embeddable":true,"href":"https:\/\/www.noticiasradioreflejos.com.ar\/2021\/wp-json\/wp\/v2\/comments?post=56793"}],"version-history":[{"count":3,"href":"https:\/\/www.noticiasradioreflejos.com.ar\/2021\/wp-json\/wp\/v2\/posts\/56793\/revisions"}],"predecessor-version":[{"id":56808,"href":"https:\/\/www.noticiasradioreflejos.com.ar\/2021\/wp-json\/wp\/v2\/posts\/56793\/revisions\/56808"}],"wp:attachment":[{"href":"https:\/\/www.noticiasradioreflejos.com.ar\/2021\/wp-json\/wp\/v2\/media?parent=56793"}],"wp:term":[{"taxonomy":"category","embeddable":true,"href":"https:\/\/www.noticiasradioreflejos.com.ar\/2021\/wp-json\/wp\/v2\/categories?post=56793"},{"taxonomy":"post_tag","embeddable":true,"href":"https:\/\/www.noticiasradioreflejos.com.ar\/2021\/wp-json\/wp\/v2\/tags?post=56793"}],"curies":[{"name":"wp","href":"https:\/\/api.w.org\/{rel}","templated":true}]}}