{"id":56790,"date":"2021-05-13T20:03:31","date_gmt":"2021-05-13T20:03:31","guid":{"rendered":"http:\/\/www.noticiasradioreflejos.com.ar\/2021\/?p=56790"},"modified":"2021-05-13T20:03:31","modified_gmt":"2021-05-13T20:03:31","slug":"la-cooperativa-textil-atex-transita-su-segundo-ano-con-optimismo-y-un-gran-futuro","status":"publish","type":"post","link":"https:\/\/www.noticiasradioreflejos.com.ar\/2021\/la-cooperativa-textil-atex-transita-su-segundo-ano-con-optimismo-y-un-gran-futuro\/","title":{"rendered":"La cooperativa Textil Atex transita su segundo a\u00f1o con optimismo y un gran futuro."},"content":{"rendered":"<p>Esta ma\u00f1ana conversamos con <strong>Adriana Caime,<\/strong> Presidente, Capacitadora y Coordinadora de <strong>ATEX\u00a0 Cooperativa Textil de Tornquist<\/strong>. En esta nota, Adriana nos comenta c\u00f3mo la Cooperativa transit\u00f3 su primer a\u00f1o en medio de la pandemia y c\u00f3mo es que est\u00e1n trabajando actualmente con sus ventas y talleres.<!--more--><\/p>\n<p><a href=\"https:\/\/flic.kr\/p\/2kYqR39\"><img loading=\"lazy\" decoding=\"async\" src=\"https:\/\/live.staticflickr.com\/65535\/51178042560_5722d6c96a_z.jpg\" alt=\"IMG-20210224-WA0058\" width=\"480\" height=\"640\" \/><\/a><\/p>\n<p>Comenzamos pregunt\u00e1ndole a Adriana si la pandemia limit\u00f3 el trabajo de producci\u00f3n de la Cooperativa, a lo que respondi\u00f3: \u00abDesde el comienzo de la pandemia nosotros estuvimos trabajando. Por suerte no tuvimos ning\u00fan problema, ya hace un a\u00f1o que estamos con el Covid y algunas chicas se han tenido que aislar por precauci\u00f3n, pero no m\u00e1s que eso\u00bb.<\/p>\n<p>Adriana coment\u00f3 que, en un comienzo, se inscribi\u00f3 much\u00edsima gente quiz\u00e1s no entendiendo del todo c\u00f3mo es el funcionamiento de una Cooperativa. \u00abTen\u00edan una expectativa como que iban a entrar a trabajar a una f\u00e1brica. Es entendible que mucha gente no estaba en posici\u00f3n de aguantar nuestras condiciones de esperar a que la Cooperativa genere m\u00e1s ingresos\u00bb.<\/p>\n<p><a href=\"https:\/\/flic.kr\/p\/2kYqR2Y\"><img loading=\"lazy\" decoding=\"async\" src=\"https:\/\/live.staticflickr.com\/65535\/51178042550_8cca8308f6_z.jpg\" alt=\"IMG-20210224-WA0059\" width=\"480\" height=\"640\" \/><\/a><\/p>\n<p>La presidenta de ATEX admite que, a pesar de haber sufrido el doble desaf\u00edo de emprender el proyecto en el medio de una pandemia, la Cooperativa est\u00e1 transitando su segundo a\u00f1o con mucho optimismo.<\/p>\n<p>Adriana explica que, con el paso del tiempo, desde la Cooperativa se ha llegado a tener una cierta organizaci\u00f3n en algunas cuestiones importantes. Como por ejemplo, asegurarse el pago de las horas de trabajo y el hecho de poder hacer el aporte fiscal que les corresponde. Adem\u00e1s, pueden invertir en telas e insumos de mercer\u00eda.<\/p>\n<p><a href=\"https:\/\/flic.kr\/p\/2kYqR3Q\"><img loading=\"lazy\" decoding=\"async\" src=\"https:\/\/live.staticflickr.com\/65535\/51178042600_0d1d188314_z.jpg\" alt=\"IMG-20210224-WA0063\" width=\"480\" height=\"640\" \/><\/a><\/p>\n<p>\u00abTenemos un stock de todo lo que tenemos, pero si no llega a alcanzar, le damos una fecha de entrega al cliente\u00bb explic\u00f3 la manera en que manejan sus ventas, las cuales son mayoristas y minoristas.<\/p>\n<p>Dentro del marco del Proyecto Integral de Desarrollo Social que se lleva a cabo en todo el municipio, la Cooperativa brinda talleres textiles. \u00abSon dos cursos; de molder\u00eda y confecci\u00f3n b\u00e1sica (cupos completos) y otro taller que se dicta en Saldungaray con Envi\u00f3n\u00bb.<\/p>\n<p>Nota completa a continuaci\u00f3n:<br \/>\n<iframe loading=\"lazy\" src=\"https:\/\/w.soundcloud.com\/player\/?url=https%3A\/\/api.soundcloud.com\/tracks\/1048121851&amp;color=%23ff5500&amp;auto_play=false&amp;hide_related=false&amp;show_comments=true&amp;show_user=true&amp;show_reposts=false&amp;show_teaser=true&amp;visual=true\" width=\"100%\" height=\"300\" frameborder=\"no\" scrolling=\"no\"><\/iframe><\/p>\n<div style=\"font-size: 10px; color: #cccccc; line-break: anywhere; word-break: normal; overflow: hidden; white-space: nowrap; text-overflow: ellipsis; font-family: Interstate,Lucida Grande,Lucida Sans Unicode,Lucida Sans,Garuda,Verdana,Tahoma,sans-serif; font-weight: 100;\"><a style=\"color: #cccccc; text-decoration: none;\" title=\"fmreflejos 103.7\" href=\"https:\/\/soundcloud.com\/fmreflejos-103-7\" target=\"_blank\" rel=\"noopener\">fmreflejos 103.7<\/a> \u00b7 <a style=\"color: #cccccc; text-decoration: none;\" title=\"Nota ATEX\" href=\"https:\/\/soundcloud.com\/fmreflejos-103-7\/nota-atex\" target=\"_blank\" rel=\"noopener\">Nota ATEX<\/a><\/div>\n<p><a href=\"https:\/\/flic.kr\/p\/2kYgLR3\"><img loading=\"lazy\" decoding=\"async\" src=\"https:\/\/live.staticflickr.com\/65535\/51176272452_89cca5b9c0_z.jpg\" alt=\"IMG-20210224-WA0051\" width=\"359\" height=\"640\" \/><\/a><\/p>\n<p><a href=\"https:\/\/flic.kr\/p\/2kYgQaN\"><img loading=\"lazy\" decoding=\"async\" src=\"https:\/\/live.staticflickr.com\/65535\/51176283632_e0075c2dce_z.jpg\" alt=\"2021-05-13_05-01-27\" width=\"360\" height=\"640\" \/><\/a><\/p>\n<p><a href=\"https:\/\/flic.kr\/p\/2kYpnu4\"><img loading=\"lazy\" decoding=\"async\" src=\"https:\/\/live.staticflickr.com\/65535\/51177754759_36b468d3fd_z.jpg\" alt=\"2021-05-13_05-02-37\" width=\"480\" height=\"640\" \/><\/a><\/p>\n<p>&nbsp;<\/p>\n","protected":false},"excerpt":{"rendered":"<p>Esta ma\u00f1ana conversamos con Adriana Caime, Presidente, Capacitadora y Coordinadora de ATEX\u00a0 Cooperativa Textil de Tornquist. En esta nota, Adriana nos comenta c\u00f3mo la Cooperativa transit\u00f3 su primer a\u00f1o en medio de la pandemia y c\u00f3mo es que est\u00e1n trabajando actualmente con sus ventas y talleres.<\/p>\n","protected":false},"author":3,"featured_media":0,"comment_status":"closed","ping_status":"closed","sticky":false,"template":"","format":"standard","meta":{"footnotes":""},"categories":[34,28],"tags":[48],"class_list":["post-56790","post","type-post","status-publish","format-standard","hentry","category-educacion","category-municipales","tag-destacada"],"yoast_head":"<!-- This site is optimized with the Yoast SEO plugin v25.9 - https:\/\/yoast.com\/wordpress\/plugins\/seo\/ -->\n<title>La cooperativa Textil Atex transita su segundo a\u00f1o con optimismo y un gran futuro. - Noticias Radio Reflejos<\/title>\n<meta name=\"robots\" content=\"index, follow, max-snippet:-1, max-image-preview:large, max-video-preview:-1\" \/>\n<link rel=\"canonical\" href=\"https:\/\/www.noticiasradioreflejos.com.ar\/2021\/la-cooperativa-textil-atex-transita-su-segundo-ano-con-optimismo-y-un-gran-futuro\/\" \/>\n<meta property=\"og:locale\" content=\"es_ES\" \/>\n<meta property=\"og:type\" content=\"article\" \/>\n<meta property=\"og:title\" content=\"La cooperativa Textil Atex transita su segundo a\u00f1o con optimismo y un gran futuro. - Noticias Radio Reflejos\" \/>\n<meta property=\"og:description\" content=\"Esta ma\u00f1ana conversamos con Adriana Caime, Presidente, Capacitadora y Coordinadora de ATEX\u00a0 Cooperativa Textil de Tornquist. En esta nota, Adriana nos comenta c\u00f3mo la Cooperativa transit\u00f3 su primer a\u00f1o en medio de la pandemia y c\u00f3mo es que est\u00e1n trabajando actualmente con sus ventas y talleres.\" \/>\n<meta property=\"og:url\" content=\"https:\/\/www.noticiasradioreflejos.com.ar\/2021\/la-cooperativa-textil-atex-transita-su-segundo-ano-con-optimismo-y-un-gran-futuro\/\" \/>\n<meta property=\"og:site_name\" content=\"Noticias Radio Reflejos\" \/>\n<meta property=\"article:published_time\" content=\"2021-05-13T20:03:31+00:00\" \/>\n<meta property=\"og:image\" content=\"https:\/\/www.noticiasradioreflejos.com.ar\/2021\/wp-content\/uploads\/2021\/07\/logosol300x200.png\" \/>\n\t<meta property=\"og:image:width\" content=\"300\" \/>\n\t<meta property=\"og:image:height\" content=\"200\" \/>\n\t<meta property=\"og:image:type\" content=\"image\/png\" \/>\n<meta name=\"author\" content=\"Arnaldo Botto\" \/>\n<meta name=\"twitter:card\" content=\"summary_large_image\" \/>\n<script type=\"application\/ld+json\" class=\"yoast-schema-graph\">{\"@context\":\"https:\/\/schema.org\",\"@graph\":[{\"@type\":\"WebPage\",\"@id\":\"https:\/\/www.noticiasradioreflejos.com.ar\/2021\/la-cooperativa-textil-atex-transita-su-segundo-ano-con-optimismo-y-un-gran-futuro\/\",\"url\":\"https:\/\/www.noticiasradioreflejos.com.ar\/2021\/la-cooperativa-textil-atex-transita-su-segundo-ano-con-optimismo-y-un-gran-futuro\/\",\"name\":\"La cooperativa Textil Atex transita su segundo a\u00f1o con optimismo y un gran futuro. - Noticias Radio Reflejos\",\"isPartOf\":{\"@id\":\"https:\/\/www.noticiasradioreflejos.com.ar\/2021\/#website\"},\"datePublished\":\"2021-05-13T20:03:31+00:00\",\"author\":{\"@id\":\"https:\/\/www.noticiasradioreflejos.com.ar\/2021\/#\/schema\/person\/ad82545263dcc5ec0996818884fd5fb1\"},\"breadcrumb\":{\"@id\":\"https:\/\/www.noticiasradioreflejos.com.ar\/2021\/la-cooperativa-textil-atex-transita-su-segundo-ano-con-optimismo-y-un-gran-futuro\/#breadcrumb\"},\"inLanguage\":\"es\",\"potentialAction\":[{\"@type\":\"ReadAction\",\"target\":[\"https:\/\/www.noticiasradioreflejos.com.ar\/2021\/la-cooperativa-textil-atex-transita-su-segundo-ano-con-optimismo-y-un-gran-futuro\/\"]}]},{\"@type\":\"BreadcrumbList\",\"@id\":\"https:\/\/www.noticiasradioreflejos.com.ar\/2021\/la-cooperativa-textil-atex-transita-su-segundo-ano-con-optimismo-y-un-gran-futuro\/#breadcrumb\",\"itemListElement\":[{\"@type\":\"ListItem\",\"position\":1,\"name\":\"Portada\",\"item\":\"https:\/\/www.noticiasradioreflejos.com.ar\/2021\/\"},{\"@type\":\"ListItem\",\"position\":2,\"name\":\"La cooperativa Textil Atex transita su segundo a\u00f1o con optimismo y un gran futuro.\"}]},{\"@type\":\"WebSite\",\"@id\":\"https:\/\/www.noticiasradioreflejos.com.ar\/2021\/#website\",\"url\":\"https:\/\/www.noticiasradioreflejos.com.ar\/2021\/\",\"name\":\"Noticias Radio Reflejos\",\"description\":\"Las noticias de mi comarca\",\"potentialAction\":[{\"@type\":\"SearchAction\",\"target\":{\"@type\":\"EntryPoint\",\"urlTemplate\":\"https:\/\/www.noticiasradioreflejos.com.ar\/2021\/?s={search_term_string}\"},\"query-input\":{\"@type\":\"PropertyValueSpecification\",\"valueRequired\":true,\"valueName\":\"search_term_string\"}}],\"inLanguage\":\"es\"},{\"@type\":\"Person\",\"@id\":\"https:\/\/www.noticiasradioreflejos.com.ar\/2021\/#\/schema\/person\/ad82545263dcc5ec0996818884fd5fb1\",\"name\":\"Arnaldo Botto\",\"image\":{\"@type\":\"ImageObject\",\"inLanguage\":\"es\",\"@id\":\"https:\/\/www.noticiasradioreflejos.com.ar\/2021\/#\/schema\/person\/image\/\",\"url\":\"https:\/\/secure.gravatar.com\/avatar\/55cb5e37c1efa326397366e6974cb338056df65cb50e7d64d1cf314e87504837?s=96&d=mm&r=g\",\"contentUrl\":\"https:\/\/secure.gravatar.com\/avatar\/55cb5e37c1efa326397366e6974cb338056df65cb50e7d64d1cf314e87504837?s=96&d=mm&r=g\",\"caption\":\"Arnaldo Botto\"},\"url\":\"https:\/\/www.noticiasradioreflejos.com.ar\/2021\/author\/arnaldo\/\"}]}<\/script>\n<!-- \/ Yoast SEO plugin. -->","yoast_head_json":{"title":"La cooperativa Textil Atex transita su segundo a\u00f1o con optimismo y un gran futuro. - Noticias Radio Reflejos","robots":{"index":"index","follow":"follow","max-snippet":"max-snippet:-1","max-image-preview":"max-image-preview:large","max-video-preview":"max-video-preview:-1"},"canonical":"https:\/\/www.noticiasradioreflejos.com.ar\/2021\/la-cooperativa-textil-atex-transita-su-segundo-ano-con-optimismo-y-un-gran-futuro\/","og_locale":"es_ES","og_type":"article","og_title":"La cooperativa Textil Atex transita su segundo a\u00f1o con optimismo y un gran futuro. - Noticias Radio Reflejos","og_description":"Esta ma\u00f1ana conversamos con Adriana Caime, Presidente, Capacitadora y Coordinadora de ATEX\u00a0 Cooperativa Textil de Tornquist. En esta nota, Adriana nos comenta c\u00f3mo la Cooperativa transit\u00f3 su primer a\u00f1o en medio de la pandemia y c\u00f3mo es que est\u00e1n trabajando actualmente con sus ventas y talleres.","og_url":"https:\/\/www.noticiasradioreflejos.com.ar\/2021\/la-cooperativa-textil-atex-transita-su-segundo-ano-con-optimismo-y-un-gran-futuro\/","og_site_name":"Noticias Radio Reflejos","article_published_time":"2021-05-13T20:03:31+00:00","og_image":[{"width":300,"height":200,"url":"https:\/\/www.noticiasradioreflejos.com.ar\/2021\/wp-content\/uploads\/2021\/07\/logosol300x200.png","type":"image\/png"}],"author":"Arnaldo Botto","twitter_card":"summary_large_image","schema":{"@context":"https:\/\/schema.org","@graph":[{"@type":"WebPage","@id":"https:\/\/www.noticiasradioreflejos.com.ar\/2021\/la-cooperativa-textil-atex-transita-su-segundo-ano-con-optimismo-y-un-gran-futuro\/","url":"https:\/\/www.noticiasradioreflejos.com.ar\/2021\/la-cooperativa-textil-atex-transita-su-segundo-ano-con-optimismo-y-un-gran-futuro\/","name":"La cooperativa Textil Atex transita su segundo a\u00f1o con optimismo y un gran futuro. - Noticias Radio Reflejos","isPartOf":{"@id":"https:\/\/www.noticiasradioreflejos.com.ar\/2021\/#website"},"datePublished":"2021-05-13T20:03:31+00:00","author":{"@id":"https:\/\/www.noticiasradioreflejos.com.ar\/2021\/#\/schema\/person\/ad82545263dcc5ec0996818884fd5fb1"},"breadcrumb":{"@id":"https:\/\/www.noticiasradioreflejos.com.ar\/2021\/la-cooperativa-textil-atex-transita-su-segundo-ano-con-optimismo-y-un-gran-futuro\/#breadcrumb"},"inLanguage":"es","potentialAction":[{"@type":"ReadAction","target":["https:\/\/www.noticiasradioreflejos.com.ar\/2021\/la-cooperativa-textil-atex-transita-su-segundo-ano-con-optimismo-y-un-gran-futuro\/"]}]},{"@type":"BreadcrumbList","@id":"https:\/\/www.noticiasradioreflejos.com.ar\/2021\/la-cooperativa-textil-atex-transita-su-segundo-ano-con-optimismo-y-un-gran-futuro\/#breadcrumb","itemListElement":[{"@type":"ListItem","position":1,"name":"Portada","item":"https:\/\/www.noticiasradioreflejos.com.ar\/2021\/"},{"@type":"ListItem","position":2,"name":"La cooperativa Textil Atex transita su segundo a\u00f1o con optimismo y un gran futuro."}]},{"@type":"WebSite","@id":"https:\/\/www.noticiasradioreflejos.com.ar\/2021\/#website","url":"https:\/\/www.noticiasradioreflejos.com.ar\/2021\/","name":"Noticias Radio Reflejos","description":"Las noticias de mi comarca","potentialAction":[{"@type":"SearchAction","target":{"@type":"EntryPoint","urlTemplate":"https:\/\/www.noticiasradioreflejos.com.ar\/2021\/?s={search_term_string}"},"query-input":{"@type":"PropertyValueSpecification","valueRequired":true,"valueName":"search_term_string"}}],"inLanguage":"es"},{"@type":"Person","@id":"https:\/\/www.noticiasradioreflejos.com.ar\/2021\/#\/schema\/person\/ad82545263dcc5ec0996818884fd5fb1","name":"Arnaldo Botto","image":{"@type":"ImageObject","inLanguage":"es","@id":"https:\/\/www.noticiasradioreflejos.com.ar\/2021\/#\/schema\/person\/image\/","url":"https:\/\/secure.gravatar.com\/avatar\/55cb5e37c1efa326397366e6974cb338056df65cb50e7d64d1cf314e87504837?s=96&d=mm&r=g","contentUrl":"https:\/\/secure.gravatar.com\/avatar\/55cb5e37c1efa326397366e6974cb338056df65cb50e7d64d1cf314e87504837?s=96&d=mm&r=g","caption":"Arnaldo Botto"},"url":"https:\/\/www.noticiasradioreflejos.com.ar\/2021\/author\/arnaldo\/"}]}},"_links":{"self":[{"href":"https:\/\/www.noticiasradioreflejos.com.ar\/2021\/wp-json\/wp\/v2\/posts\/56790","targetHints":{"allow":["GET"]}}],"collection":[{"href":"https:\/\/www.noticiasradioreflejos.com.ar\/2021\/wp-json\/wp\/v2\/posts"}],"about":[{"href":"https:\/\/www.noticiasradioreflejos.com.ar\/2021\/wp-json\/wp\/v2\/types\/post"}],"author":[{"embeddable":true,"href":"https:\/\/www.noticiasradioreflejos.com.ar\/2021\/wp-json\/wp\/v2\/users\/3"}],"replies":[{"embeddable":true,"href":"https:\/\/www.noticiasradioreflejos.com.ar\/2021\/wp-json\/wp\/v2\/comments?post=56790"}],"version-history":[{"count":2,"href":"https:\/\/www.noticiasradioreflejos.com.ar\/2021\/wp-json\/wp\/v2\/posts\/56790\/revisions"}],"predecessor-version":[{"id":56806,"href":"https:\/\/www.noticiasradioreflejos.com.ar\/2021\/wp-json\/wp\/v2\/posts\/56790\/revisions\/56806"}],"wp:attachment":[{"href":"https:\/\/www.noticiasradioreflejos.com.ar\/2021\/wp-json\/wp\/v2\/media?parent=56790"}],"wp:term":[{"taxonomy":"category","embeddable":true,"href":"https:\/\/www.noticiasradioreflejos.com.ar\/2021\/wp-json\/wp\/v2\/categories?post=56790"},{"taxonomy":"post_tag","embeddable":true,"href":"https:\/\/www.noticiasradioreflejos.com.ar\/2021\/wp-json\/wp\/v2\/tags?post=56790"}],"curies":[{"name":"wp","href":"https:\/\/api.w.org\/{rel}","templated":true}]}}