{"id":56782,"date":"2021-05-13T19:34:33","date_gmt":"2021-05-13T19:34:33","guid":{"rendered":"http:\/\/www.noticiasradioreflejos.com.ar\/2021\/?p=56782"},"modified":"2021-05-13T19:34:33","modified_gmt":"2021-05-13T19:34:33","slug":"tornquist-entrara-como-zona-fria-tener-esta-suerte-de-consideracion-en-cuanto-a-la-tarifa-me-parece-que-es-un-acto-de-justicia","status":"publish","type":"post","link":"https:\/\/www.noticiasradioreflejos.com.ar\/2021\/tornquist-entrara-como-zona-fria-tener-esta-suerte-de-consideracion-en-cuanto-a-la-tarifa-me-parece-que-es-un-acto-de-justicia\/","title":{"rendered":"Tornquist entrar\u00e1 como zona fr\u00eda &#8211; \u00abtener esta suerte de consideraci\u00f3n en cuanto a la tarifa me parece que es un acto de justicia\u00bb"},"content":{"rendered":"<p>Entra al Congreso el proyecto de ley que declara a Tornquist y otros municipios de la Provincia de Buenos Aires como zona fr\u00eda. Esta ma\u00f1ana conversamos con Gustavo Trankels, quien impuls\u00f3 y gestion\u00f3 la tarea acompa\u00f1ando de M\u00e1ximo Kirchner. En esta nota, Gustavo nos comenta los detalles del proceso de promulgaci\u00f3n de la ley.<!--more--><\/p>\n<p>\u00abEsto es un tema que lo venimos peleando hace mucho tiempo. Que hoy estemos frente a esta posibilidad de que se trate en el Congreso de la Naci\u00f3n como proyecto de ley, para nosotros hoy es un d\u00eda hist\u00f3rico. Esto va a beneficiar a m\u00e1s de 3 millones de argentinos y es importante para nosotros entrar como distrito\u00bb explic\u00f3 Gustavo al comenzar la nota.<\/p>\n<p>Trankels aclar\u00f3 que este es un gran paso para la iniciativa, pero que a\u00fan falta la aprobaci\u00f3n en el Senado y luego la promulgaci\u00f3n de la ley.<\/p>\n<p>\u00abNosotros tenemos condiciones de invierno muy rigurosas. El gas es uno de los servicios fundamentales para todos. Por eso tener esta suerte de consideraci\u00f3n en cuanto a la tarifa me parece que es un acto de justicia\u00bb transmiti\u00f3 convencido.<\/p>\n<p>Gustavo reconoce que, en caso de aprobarse esta ley, la misma implicar\u00eda una gran ayuda para todos los vecinos tornquistenses. Pero especialmente le brindar\u00eda una mano muy grande a los jubilados, los pensionados, quienes ganan menos que los salarios m\u00ednimos vitales y m\u00f3viles, etc.<\/p>\n<p>\u00abArrancamos con el pie derecho, pero despu\u00e9s tenemos que seguirlo porque en el tratamiento de comisiones puede sufrir modificaciones. Cuando tengamos el texto de la ley promulgada, ah\u00ed vamos a ver c\u00f3mo qued\u00f3 el espectro de los beneficiarios\u00bb continu\u00f3 explicando el ex intendente.<\/p>\n<p>Por otro lado, tambi\u00e9n estuvimos hablando de las obras p\u00fablicas que le competen a la regi\u00f3n 19 de Vialidad Nacional. \u00abTenemos distintos frentes de trabajo\u00bb resumi\u00f3. Coment\u00f3 que hay una pilotera trabajando en los 11 kil\u00f3metros en la zona de El Cholo en Bah\u00eda Blanca y que se est\u00e1 avanzando en la instalaci\u00f3n de puentes en la ruta 33 entre Bah\u00eda y Tornquist. En el tramo Pigu\u00e9 &#8211; Espartillar contin\u00faan haciendo el ensanche de la ruta y ahora, en Guamin\u00ed se est\u00e1 trabajando bacheo.<\/p>\n<p>Nota completa a continuaci\u00f3n:<br \/>\n<iframe loading=\"lazy\" src=\"https:\/\/w.soundcloud.com\/player\/?url=https%3A\/\/api.soundcloud.com\/tracks\/1048100617&amp;color=%23ff5500&amp;auto_play=false&amp;hide_related=false&amp;show_comments=true&amp;show_user=true&amp;show_reposts=false&amp;show_teaser=true&amp;visual=true\" width=\"100%\" height=\"300\" frameborder=\"no\" scrolling=\"no\"><\/iframe><\/p>\n<div style=\"font-size: 10px; color: #cccccc; line-break: anywhere; word-break: normal; overflow: hidden; white-space: nowrap; text-overflow: ellipsis; font-family: Interstate,Lucida Grande,Lucida Sans Unicode,Lucida Sans,Garuda,Verdana,Tahoma,sans-serif; font-weight: 100;\"><a style=\"color: #cccccc; text-decoration: none;\" title=\"fmreflejos 103.7\" href=\"https:\/\/soundcloud.com\/fmreflejos-103-7\" target=\"_blank\" rel=\"noopener\">fmreflejos 103.7<\/a> \u00b7 <a style=\"color: #cccccc; text-decoration: none;\" title=\"Nota Gustavo Trankels\" href=\"https:\/\/soundcloud.com\/fmreflejos-103-7\/nota-gustavo-trankels-3\" target=\"_blank\" rel=\"noopener\">Nota Gustavo Trankels<\/a><\/div>\n","protected":false},"excerpt":{"rendered":"<p>Entra al Congreso el proyecto de ley que declara a Tornquist y otros municipios de la Provincia de Buenos Aires como zona fr\u00eda. Esta ma\u00f1ana conversamos con Gustavo Trankels, quien impuls\u00f3 y gestion\u00f3 la tarea acompa\u00f1ando de M\u00e1ximo Kirchner. En esta nota, Gustavo nos comenta los detalles del proceso de promulgaci\u00f3n de la ley.<\/p>\n","protected":false},"author":3,"featured_media":0,"comment_status":"closed","ping_status":"closed","sticky":false,"template":"","format":"standard","meta":{"footnotes":""},"categories":[26],"tags":[48],"class_list":["post-56782","post","type-post","status-publish","format-standard","hentry","category-sociedad","tag-destacada"],"yoast_head":"<!-- This site is optimized with the Yoast SEO plugin v25.9 - https:\/\/yoast.com\/wordpress\/plugins\/seo\/ -->\n<title>Tornquist entrar\u00e1 como zona fr\u00eda - &quot;tener esta suerte de consideraci\u00f3n en cuanto a la tarifa me parece que es un acto de justicia&quot; - Noticias Radio Reflejos<\/title>\n<meta name=\"robots\" content=\"index, follow, max-snippet:-1, max-image-preview:large, max-video-preview:-1\" \/>\n<link rel=\"canonical\" href=\"https:\/\/www.noticiasradioreflejos.com.ar\/2021\/tornquist-entrara-como-zona-fria-tener-esta-suerte-de-consideracion-en-cuanto-a-la-tarifa-me-parece-que-es-un-acto-de-justicia\/\" \/>\n<meta property=\"og:locale\" content=\"es_ES\" \/>\n<meta property=\"og:type\" content=\"article\" \/>\n<meta property=\"og:title\" content=\"Tornquist entrar\u00e1 como zona fr\u00eda - &quot;tener esta suerte de consideraci\u00f3n en cuanto a la tarifa me parece que es un acto de justicia&quot; - Noticias Radio Reflejos\" \/>\n<meta property=\"og:description\" content=\"Entra al Congreso el proyecto de ley que declara a Tornquist y otros municipios de la Provincia de Buenos Aires como zona fr\u00eda. Esta ma\u00f1ana conversamos con Gustavo Trankels, quien impuls\u00f3 y gestion\u00f3 la tarea acompa\u00f1ando de M\u00e1ximo Kirchner. En esta nota, Gustavo nos comenta los detalles del proceso de promulgaci\u00f3n de la ley.\" \/>\n<meta property=\"og:url\" content=\"https:\/\/www.noticiasradioreflejos.com.ar\/2021\/tornquist-entrara-como-zona-fria-tener-esta-suerte-de-consideracion-en-cuanto-a-la-tarifa-me-parece-que-es-un-acto-de-justicia\/\" \/>\n<meta property=\"og:site_name\" content=\"Noticias Radio Reflejos\" \/>\n<meta property=\"article:published_time\" content=\"2021-05-13T19:34:33+00:00\" \/>\n<meta property=\"og:image\" content=\"https:\/\/www.noticiasradioreflejos.com.ar\/2021\/wp-content\/uploads\/2021\/07\/logosol300x200.png\" \/>\n\t<meta property=\"og:image:width\" content=\"300\" \/>\n\t<meta property=\"og:image:height\" content=\"200\" \/>\n\t<meta property=\"og:image:type\" content=\"image\/png\" \/>\n<meta name=\"author\" content=\"Arnaldo Botto\" \/>\n<meta name=\"twitter:card\" content=\"summary_large_image\" \/>\n<script type=\"application\/ld+json\" class=\"yoast-schema-graph\">{\"@context\":\"https:\/\/schema.org\",\"@graph\":[{\"@type\":\"WebPage\",\"@id\":\"https:\/\/www.noticiasradioreflejos.com.ar\/2021\/tornquist-entrara-como-zona-fria-tener-esta-suerte-de-consideracion-en-cuanto-a-la-tarifa-me-parece-que-es-un-acto-de-justicia\/\",\"url\":\"https:\/\/www.noticiasradioreflejos.com.ar\/2021\/tornquist-entrara-como-zona-fria-tener-esta-suerte-de-consideracion-en-cuanto-a-la-tarifa-me-parece-que-es-un-acto-de-justicia\/\",\"name\":\"Tornquist entrar\u00e1 como zona fr\u00eda - \\\"tener esta suerte de consideraci\u00f3n en cuanto a la tarifa me parece que es un acto de justicia\\\" - Noticias Radio Reflejos\",\"isPartOf\":{\"@id\":\"https:\/\/www.noticiasradioreflejos.com.ar\/2021\/#website\"},\"datePublished\":\"2021-05-13T19:34:33+00:00\",\"author\":{\"@id\":\"https:\/\/www.noticiasradioreflejos.com.ar\/2021\/#\/schema\/person\/ad82545263dcc5ec0996818884fd5fb1\"},\"breadcrumb\":{\"@id\":\"https:\/\/www.noticiasradioreflejos.com.ar\/2021\/tornquist-entrara-como-zona-fria-tener-esta-suerte-de-consideracion-en-cuanto-a-la-tarifa-me-parece-que-es-un-acto-de-justicia\/#breadcrumb\"},\"inLanguage\":\"es\",\"potentialAction\":[{\"@type\":\"ReadAction\",\"target\":[\"https:\/\/www.noticiasradioreflejos.com.ar\/2021\/tornquist-entrara-como-zona-fria-tener-esta-suerte-de-consideracion-en-cuanto-a-la-tarifa-me-parece-que-es-un-acto-de-justicia\/\"]}]},{\"@type\":\"BreadcrumbList\",\"@id\":\"https:\/\/www.noticiasradioreflejos.com.ar\/2021\/tornquist-entrara-como-zona-fria-tener-esta-suerte-de-consideracion-en-cuanto-a-la-tarifa-me-parece-que-es-un-acto-de-justicia\/#breadcrumb\",\"itemListElement\":[{\"@type\":\"ListItem\",\"position\":1,\"name\":\"Portada\",\"item\":\"https:\/\/www.noticiasradioreflejos.com.ar\/2021\/\"},{\"@type\":\"ListItem\",\"position\":2,\"name\":\"Tornquist entrar\u00e1 como zona fr\u00eda &#8211; \u00abtener esta suerte de consideraci\u00f3n en cuanto a la tarifa me parece que es un acto de justicia\u00bb\"}]},{\"@type\":\"WebSite\",\"@id\":\"https:\/\/www.noticiasradioreflejos.com.ar\/2021\/#website\",\"url\":\"https:\/\/www.noticiasradioreflejos.com.ar\/2021\/\",\"name\":\"Noticias Radio Reflejos\",\"description\":\"Las noticias de mi comarca\",\"potentialAction\":[{\"@type\":\"SearchAction\",\"target\":{\"@type\":\"EntryPoint\",\"urlTemplate\":\"https:\/\/www.noticiasradioreflejos.com.ar\/2021\/?s={search_term_string}\"},\"query-input\":{\"@type\":\"PropertyValueSpecification\",\"valueRequired\":true,\"valueName\":\"search_term_string\"}}],\"inLanguage\":\"es\"},{\"@type\":\"Person\",\"@id\":\"https:\/\/www.noticiasradioreflejos.com.ar\/2021\/#\/schema\/person\/ad82545263dcc5ec0996818884fd5fb1\",\"name\":\"Arnaldo Botto\",\"image\":{\"@type\":\"ImageObject\",\"inLanguage\":\"es\",\"@id\":\"https:\/\/www.noticiasradioreflejos.com.ar\/2021\/#\/schema\/person\/image\/\",\"url\":\"https:\/\/secure.gravatar.com\/avatar\/55cb5e37c1efa326397366e6974cb338056df65cb50e7d64d1cf314e87504837?s=96&d=mm&r=g\",\"contentUrl\":\"https:\/\/secure.gravatar.com\/avatar\/55cb5e37c1efa326397366e6974cb338056df65cb50e7d64d1cf314e87504837?s=96&d=mm&r=g\",\"caption\":\"Arnaldo Botto\"},\"url\":\"https:\/\/www.noticiasradioreflejos.com.ar\/2021\/author\/arnaldo\/\"}]}<\/script>\n<!-- \/ Yoast SEO plugin. -->","yoast_head_json":{"title":"Tornquist entrar\u00e1 como zona fr\u00eda - \"tener esta suerte de consideraci\u00f3n en cuanto a la tarifa me parece que es un acto de justicia\" - Noticias Radio Reflejos","robots":{"index":"index","follow":"follow","max-snippet":"max-snippet:-1","max-image-preview":"max-image-preview:large","max-video-preview":"max-video-preview:-1"},"canonical":"https:\/\/www.noticiasradioreflejos.com.ar\/2021\/tornquist-entrara-como-zona-fria-tener-esta-suerte-de-consideracion-en-cuanto-a-la-tarifa-me-parece-que-es-un-acto-de-justicia\/","og_locale":"es_ES","og_type":"article","og_title":"Tornquist entrar\u00e1 como zona fr\u00eda - \"tener esta suerte de consideraci\u00f3n en cuanto a la tarifa me parece que es un acto de justicia\" - Noticias Radio Reflejos","og_description":"Entra al Congreso el proyecto de ley que declara a Tornquist y otros municipios de la Provincia de Buenos Aires como zona fr\u00eda. Esta ma\u00f1ana conversamos con Gustavo Trankels, quien impuls\u00f3 y gestion\u00f3 la tarea acompa\u00f1ando de M\u00e1ximo Kirchner. En esta nota, Gustavo nos comenta los detalles del proceso de promulgaci\u00f3n de la ley.","og_url":"https:\/\/www.noticiasradioreflejos.com.ar\/2021\/tornquist-entrara-como-zona-fria-tener-esta-suerte-de-consideracion-en-cuanto-a-la-tarifa-me-parece-que-es-un-acto-de-justicia\/","og_site_name":"Noticias Radio Reflejos","article_published_time":"2021-05-13T19:34:33+00:00","og_image":[{"width":300,"height":200,"url":"https:\/\/www.noticiasradioreflejos.com.ar\/2021\/wp-content\/uploads\/2021\/07\/logosol300x200.png","type":"image\/png"}],"author":"Arnaldo Botto","twitter_card":"summary_large_image","schema":{"@context":"https:\/\/schema.org","@graph":[{"@type":"WebPage","@id":"https:\/\/www.noticiasradioreflejos.com.ar\/2021\/tornquist-entrara-como-zona-fria-tener-esta-suerte-de-consideracion-en-cuanto-a-la-tarifa-me-parece-que-es-un-acto-de-justicia\/","url":"https:\/\/www.noticiasradioreflejos.com.ar\/2021\/tornquist-entrara-como-zona-fria-tener-esta-suerte-de-consideracion-en-cuanto-a-la-tarifa-me-parece-que-es-un-acto-de-justicia\/","name":"Tornquist entrar\u00e1 como zona fr\u00eda - \"tener esta suerte de consideraci\u00f3n en cuanto a la tarifa me parece que es un acto de justicia\" - Noticias Radio Reflejos","isPartOf":{"@id":"https:\/\/www.noticiasradioreflejos.com.ar\/2021\/#website"},"datePublished":"2021-05-13T19:34:33+00:00","author":{"@id":"https:\/\/www.noticiasradioreflejos.com.ar\/2021\/#\/schema\/person\/ad82545263dcc5ec0996818884fd5fb1"},"breadcrumb":{"@id":"https:\/\/www.noticiasradioreflejos.com.ar\/2021\/tornquist-entrara-como-zona-fria-tener-esta-suerte-de-consideracion-en-cuanto-a-la-tarifa-me-parece-que-es-un-acto-de-justicia\/#breadcrumb"},"inLanguage":"es","potentialAction":[{"@type":"ReadAction","target":["https:\/\/www.noticiasradioreflejos.com.ar\/2021\/tornquist-entrara-como-zona-fria-tener-esta-suerte-de-consideracion-en-cuanto-a-la-tarifa-me-parece-que-es-un-acto-de-justicia\/"]}]},{"@type":"BreadcrumbList","@id":"https:\/\/www.noticiasradioreflejos.com.ar\/2021\/tornquist-entrara-como-zona-fria-tener-esta-suerte-de-consideracion-en-cuanto-a-la-tarifa-me-parece-que-es-un-acto-de-justicia\/#breadcrumb","itemListElement":[{"@type":"ListItem","position":1,"name":"Portada","item":"https:\/\/www.noticiasradioreflejos.com.ar\/2021\/"},{"@type":"ListItem","position":2,"name":"Tornquist entrar\u00e1 como zona fr\u00eda &#8211; \u00abtener esta suerte de consideraci\u00f3n en cuanto a la tarifa me parece que es un acto de justicia\u00bb"}]},{"@type":"WebSite","@id":"https:\/\/www.noticiasradioreflejos.com.ar\/2021\/#website","url":"https:\/\/www.noticiasradioreflejos.com.ar\/2021\/","name":"Noticias Radio Reflejos","description":"Las noticias de mi comarca","potentialAction":[{"@type":"SearchAction","target":{"@type":"EntryPoint","urlTemplate":"https:\/\/www.noticiasradioreflejos.com.ar\/2021\/?s={search_term_string}"},"query-input":{"@type":"PropertyValueSpecification","valueRequired":true,"valueName":"search_term_string"}}],"inLanguage":"es"},{"@type":"Person","@id":"https:\/\/www.noticiasradioreflejos.com.ar\/2021\/#\/schema\/person\/ad82545263dcc5ec0996818884fd5fb1","name":"Arnaldo Botto","image":{"@type":"ImageObject","inLanguage":"es","@id":"https:\/\/www.noticiasradioreflejos.com.ar\/2021\/#\/schema\/person\/image\/","url":"https:\/\/secure.gravatar.com\/avatar\/55cb5e37c1efa326397366e6974cb338056df65cb50e7d64d1cf314e87504837?s=96&d=mm&r=g","contentUrl":"https:\/\/secure.gravatar.com\/avatar\/55cb5e37c1efa326397366e6974cb338056df65cb50e7d64d1cf314e87504837?s=96&d=mm&r=g","caption":"Arnaldo Botto"},"url":"https:\/\/www.noticiasradioreflejos.com.ar\/2021\/author\/arnaldo\/"}]}},"_links":{"self":[{"href":"https:\/\/www.noticiasradioreflejos.com.ar\/2021\/wp-json\/wp\/v2\/posts\/56782","targetHints":{"allow":["GET"]}}],"collection":[{"href":"https:\/\/www.noticiasradioreflejos.com.ar\/2021\/wp-json\/wp\/v2\/posts"}],"about":[{"href":"https:\/\/www.noticiasradioreflejos.com.ar\/2021\/wp-json\/wp\/v2\/types\/post"}],"author":[{"embeddable":true,"href":"https:\/\/www.noticiasradioreflejos.com.ar\/2021\/wp-json\/wp\/v2\/users\/3"}],"replies":[{"embeddable":true,"href":"https:\/\/www.noticiasradioreflejos.com.ar\/2021\/wp-json\/wp\/v2\/comments?post=56782"}],"version-history":[{"count":3,"href":"https:\/\/www.noticiasradioreflejos.com.ar\/2021\/wp-json\/wp\/v2\/posts\/56782\/revisions"}],"predecessor-version":[{"id":56801,"href":"https:\/\/www.noticiasradioreflejos.com.ar\/2021\/wp-json\/wp\/v2\/posts\/56782\/revisions\/56801"}],"wp:attachment":[{"href":"https:\/\/www.noticiasradioreflejos.com.ar\/2021\/wp-json\/wp\/v2\/media?parent=56782"}],"wp:term":[{"taxonomy":"category","embeddable":true,"href":"https:\/\/www.noticiasradioreflejos.com.ar\/2021\/wp-json\/wp\/v2\/categories?post=56782"},{"taxonomy":"post_tag","embeddable":true,"href":"https:\/\/www.noticiasradioreflejos.com.ar\/2021\/wp-json\/wp\/v2\/tags?post=56782"}],"curies":[{"name":"wp","href":"https:\/\/api.w.org\/{rel}","templated":true}]}}