{"id":56777,"date":"2021-05-13T16:00:36","date_gmt":"2021-05-13T16:00:36","guid":{"rendered":"http:\/\/www.noticiasradioreflejos.com.ar\/2021\/?p=56777"},"modified":"2021-05-13T16:01:01","modified_gmt":"2021-05-13T16:01:01","slug":"informe-sesion-ordinaria-del-dia-04-05-21-y-asamblea-de-concejales-y-mayores-contribuyentes","status":"publish","type":"post","link":"https:\/\/www.noticiasradioreflejos.com.ar\/2021\/informe-sesion-ordinaria-del-dia-04-05-21-y-asamblea-de-concejales-y-mayores-contribuyentes\/","title":{"rendered":"Informe sesi\u00f3n ordinaria del d\u00eda 04-05-21 y asamblea de concejales y mayores contribuyentes"},"content":{"rendered":"<p><u>Comunicaciones Oficiales y Dict\u00e1menes de las Comisiones:<\/u><!--more--><\/p>\n<p><strong><u>\u00a0<\/u><\/strong><\/p>\n<p><strong><u>Expte. N\u00ba 150\/19:<\/u><\/strong> Secretar\u00eda de Turismo &#8211; Creaci\u00f3n de un Ente Instituto u otra forma de Organizaci\u00f3n P\u00fablica-Privada.<\/p>\n<p>Pasa a las comisiones de Turismo y Desarrollo, Interpretaci\u00f3n y Reglamento, Asuntos Municipales y Producci\u00f3n, Comercio e Industria.<\/p>\n<p><strong><u>\u00a0<\/u><\/strong><\/p>\n<p><strong><u>Expte. N\u00ba 015\/21: <\/u><\/strong>D.E. Convalida la firma del Convenio de Colaboraci\u00f3n celebrado e\/ la Municipalidad de Tornquist y el Circulo- Pacientes de PAMI.<\/p>\n<p>Este Expediente se trata sobre Tablas.<\/p>\n<p>Se aprueba por unanimidad la Ordenanza con el N\u00ba 3324\/21 por la que se convalida la firma del Convenio de Colaboraci\u00f3n celebrado entre\u00a0 la Municipalidad de Tornquist representada por su Intendente Municipal Sr. Sergio Fabi\u00e1n Bordoni y el Circulo representado por la Dra. Ver\u00f3nica Laura Castro en su car\u00e1cter de Presidente del Circulo Medico de Tornquist.- Este convenio tiene por finalidad cubrir eficientemente el servicio \u00a0de internaci\u00f3n correspondiente a afiliados PAMI, en el Hospital Municipal Alberto Castro de la ciudad de Tornquist. Los \u00a0afiliados de PAMI constituyen el mayor porcentaje de pacientes atendidos en la internaci\u00f3n del nosocomio; y por dichas prestaciones\u00a0la Municipalidad percibe los ingresos respectivos \u00a0por parte de PAMI.-<\/p>\n<p>&nbsp;<\/p>\n<p><strong><u>Expte. N\u00ba 016\/21: <\/u><\/strong>D.E. Convalida la firma del Convenio de Colaboraci\u00f3n Circulo M\u00e9dico celebrado e\/ la Municipalidad de Tornquist y el Circulo M\u00e9dico Tornquist-Guardias.<\/p>\n<p>Este Expediente se trata sobre Tablas.<\/p>\n<p>Se aprueba por unanimidad la Ordenanza bajo el N\u00ba 3325\/21 por la que se convalida la firma del Convenio de Colaboraci\u00f3n Circulo Medico Tornquist celebrado entre la Municipalidad de Tornquist representada por su Intendente Municipal Sr. Sergio Fabi\u00e1n Bordoni y el C\u00edrculo M\u00e9dico de Tornquist representado por su titular Dra. Ver\u00f3nica Laura Castro.- Por el mencionado convenio el Municipio garantiza la cobertura de guardias m\u00e9dicas activas y pasivas de pediatr\u00eda y dem\u00e1s especialidades que la Municipalidad requiera, los d\u00edas s\u00e1bados, domingos y feriados en el Hospital Municipal de Tornquist, y tambi\u00e9n las guardias activas de fin de semana en Sierra de la Ventana;<\/p>\n<p>&nbsp;<\/p>\n<p><strong><u>Expte. N\u00ba 095\/21: <\/u><\/strong>D.E. Acepta donaci\u00f3n efectuada por la Asociaci\u00f3n Cooperadora de la Unidad Sanitaria de Villa Ventana.<\/p>\n<p>Este Expediente se trata sobre Tablas.<\/p>\n<p>Se aprueba por unanimidad la Ordenanza con el N\u00ba 3326\/21 por la que se acepta \u00a0la donaci\u00f3n de los siguientes elementos: Un\u00a0 electrocardi\u00f3grafo marca Cardio T\u00e9cnica Modelo RG 501 con accesorios Serie 5951 &#8211; Un equipo de rayos RX-60\/80 kv. Digital marca Digital RX con pie y brazo &#8211; Un ec\u00f3grafo EDAN DUS 6 &#8211;\u00a0 Un transductor convexo EDAN &#8211; Un transductor lineal DUS 60 &#8211; Un transductor endocavitario &#8211; Una mesa EDAN 1\/140275 B &#8211; Una impresora UP-X898MD-videoprinter Sony \u2013 B y N &#8211; Un aire acondicionado Hitachi HSA ECO-HIEF &#8211; Un aire acondicionado SANYO 3300W F, efectuada por la Asociaci\u00f3n Cooperadora de la Unidad Sanitaria de Villa Ventana, con destino a la Unidad Sanitaria de Villa Ventana. Estos bienes se incorporan al Patrimonio Municipal.-<\/p>\n<p>&nbsp;<\/p>\n<p><strong><u>Expte. N\u00ba 100\/21: <\/u><\/strong>D.E. Convalida la firma del Anexo \u00danico- Convenio de adhesi\u00f3n al Fondo de Asistencia Municipal para la atenci\u00f3n no hospitalaria de pacientes con Covid-19 celebrado e\/el Ministerio de Salud de la Provincia de Bs. As. y el Municipio de Tornquist.<\/p>\n<p>Este Expediente se trata sobre Tablas.<\/p>\n<p>Se aprueba por unanimidad la Ordenanza con el N\u00ba 3327\/21 por la que se convalida la firma del Anexo \u00danico &#8211; Convenio de Adhesi\u00f3n al Fondo\u00a0 de Asistencia Municipal para la Atenci\u00f3n No Hospitalaria de Pacientes con Covid-19, celebrado entre el Ministerio de Salud de la Provincia de Buenos Aires representado por el Sr. Daniel Goll\u00e1n y el Municipio de Tornquist, representado por el Sr. Intendente Municipal Sergio Fabi\u00e1n Bordoni.-<\/p>\n<p>La Provincia de Buenos Aires es la que presenta la mayor densidad demogr\u00e1fica del pa\u00eds, por lo que se hace necesaria la adopci\u00f3n de medidas de aislamiento en centros de atenci\u00f3n no hospitalaria, que permitan evitar la propagaci\u00f3n descontrolada del virus. El \u201cProtocolo de preparaci\u00f3n para la respuesta ante la contingencia de enfermedad por coronavirus 2019\u201d aprobado por la Resoluci\u00f3n \u00a0N\u00b0 694\/2020 del Ministerio de Salud, contempla la posibilidad de aislamiento en establecimientos extrahospitalarios de pacientes con diagn\u00f3stico de COVID-19 con signosintomatolog\u00eda leve sin criterio de internaci\u00f3n, en aquellos casos en los que no se cumplan los criterios para aislamiento en domicilio. Por ello, \u00a0se propicia la creaci\u00f3n del \u201cFondo de Asistencia Municipal para la Atenci\u00f3n No Hospitalaria de Pacientes con COVID-19\u201d, con el objeto de contribuir financieramente con los Municipios a solventar los gastos que se deriven, exclusivamente, de la atenci\u00f3n de pacientes con COVID19 en los centros asistenciales temporales que al efecto hayan dispuesto y que cumplan con los requisitos de funcionamiento y atenci\u00f3n que establezca el Ministerio de Salud.<\/p>\n<p>&nbsp;<\/p>\n<p><strong><u>Expte. N\u00ba 103\/21: <\/u><\/strong>D.E. Convalida la firma del Contrato de Locaci\u00f3n celebrado e\/Mar\u00eda Teresa Buschi de Catani y el Municipio de Tornquist- Ayudant\u00eda Fiscal.<\/p>\n<p>Este Expediente se trata sobre Tablas.<\/p>\n<p>Se aprueba por unanimidad la Ordenanza con el N\u00ba 3328\/21 por la que se convalida la firma del Contrato de Locaci\u00f3n celebrado entre\u00a0 la Sra. Mar\u00eda Teresa Buschi de Catani y el Sr. Intendente Municipal Sergio Fabi\u00e1n Bordoni en representaci\u00f3n de la Municipalidad de Tornquist, por el inmueble sito en calle 9 de Julio N\u00ba 552\u00a0 de la ciudad de Tornquist, con destino al funcionamiento de la Ayudant\u00eda Fiscal de Tornquist, Oficinas de la Patrulla Rural y dependencias municipales.-<\/p>\n<p>&nbsp;<\/p>\n<p><strong><u>Expte.\u00a0N\u00ba 113\/21:<\/u><\/strong>\u00a0D.E. Convalida la firma del Convenio Urban\u00edstico celebrado e\/la Administraci\u00f3n de Infraestructuras Ferroviarias Sociedad del Estado (ADIF) y el Municipio de Tornquist.<\/p>\n<p>Este Expediente se trata sobre Tablas.<\/p>\n<p>Se aprueba por unanimidad la Ordenanza con el N\u00ba 3329\/21 por lo que se convalida la firma del Convenio Urban\u00edstico celebrado entre\u00a0 la Administraci\u00f3n de Infraestructuras Ferroviarias Sociedad Estado representada por su Presidente Sr. Jos\u00e9 Ramos Mej\u00eda y la Municipalidad de Tornquist representada por su Intendente Municipal Sr. Sergio Fabi\u00e1n Bordoni.- Por este Convenio, ADIF entrega en custodia de la Municipalidad el inmueble ubicado en el Edificio de Pasajeros, y su entorno, correspondiente al cuadro de la Estaci\u00f3n Ferroviaria de Saldungaray, del Ramal Olavarr\u00eda \u2013 Empalme Gr\u00fcnbein (R.16) de la L\u00ednea Roca, situado en el Partido de Tornquist. El terreno total aproximado tiene una superficie de TRES MIL NOVECIENTOS SESENTA Y CUATRO METROS CUADRADOS (3.964 M\u00b2), conforme al Plano correspondiente.-<\/p>\n<p>&nbsp;<\/p>\n<p><strong><u>Expte. N\u00ba 116\/21:<\/u><\/strong> D.E. R\u00e9gimen de regularizaci\u00f3n de deudas y facilidades de pago a\u00f1o 2021.<\/p>\n<p>Este Expediente se trata sobre Tablas.<\/p>\n<p>Se aprueba por unanimidad la Ordenanza con el N\u00ba 3330\/21 por la que se establece un r\u00e9gimen de regularizaci\u00f3n y facilidades de pago para los contribuyentes y responsables de cualquier tasa municipal, derecho, contribuci\u00f3n por mejoras, canon, FO.ME.PRO. Fondos Rotatorios y patente de rodados, por obligaciones vencidas a la fecha de presentaci\u00f3n, correspondientes a tributos determinados o no, recurridos o en estado de ejecuci\u00f3n, que se presenten a regularizar su situaci\u00f3n fiscal, en las condiciones previstas en esta Ordenanza, que regir\u00e1 desde la fecha de promulgaci\u00f3n de la presente norma hasta el d\u00eda 30 de julio de 2021 inclusive.-<\/p>\n<p><strong><u>\u00a0<\/u><\/strong><\/p>\n<p>La incorporaci\u00f3n a los beneficios de la presente Ordenanza ser\u00e1 a\u00a0\u00a0 petici\u00f3n del contribuyente. La deuda por cada uno de los tributos por los que se solicite regularizaci\u00f3n en los t\u00e9rminos de la presente Ordenanza, deber\u00e1 cancelarse en algunas de las siguientes formas:<\/p>\n<ol start=\"3\">\n<li><strong>A)<\/strong> <u>En el caso de deudas con un capital igual o superior a $ 3.000.000<\/u><\/li>\n<\/ol>\n<p>Se realizar\u00e1 un descuento en el importe de los intereses devengados igual al noventa por ciento (90%) de los mismos siempre que se cancele la totalidad de la deuda dentro del presente ejercicio.<\/p>\n<ol start=\"3\">\n<li><strong>B<\/strong><strong>)<\/strong> <u>En el caso de deudas con un capital menor a $ 3.000.000<\/u><\/li>\n<\/ol>\n<p><strong>\u00a0\u00a0\u00a0\u00a0 B.1) Pago al Contado. <\/strong>En el caso de que se cancele parcialmente la deuda, se realizar\u00e1 un descuento en el importe de los intereses devengados igual al treinta por ciento (30%) de los mismos.<\/p>\n<p>En el caso de que se cancele la totalidad de la deuda, el descuento en el importe de los intereses devengados ser\u00e1 igual al setenta por ciento (70%) de los mismos.<\/p>\n<p><strong>\u00a0\u00a0\u00a0\u00a0 B.2) <\/strong><strong>Hasta en tres (3) cuotas mensuales y consecutivas<\/strong>, se realizar\u00e1 un descuento en el importe de los intereses devengados igual al treinta por ciento (30%) de los mismos.<\/p>\n<p>Las cuotas devengaran el inter\u00e9s vigente para planes de facilidades de pago. Para que el Convenio de Pago tenga vigencia, deber\u00e1 cancelarse la primera cuota, a la fecha de su firma, dentro del plazo del presente plan de regularizaci\u00f3n que se indica en el ART\u00cdCULO 1\u00ba.<\/p>\n<p>Para acceder a los beneficios establecidos en el inciso B) apartados 1 y 2 del presente art\u00edculo, a pedido de parte interesada se podr\u00e1 optar por la regularizaci\u00f3n parcial, la cual no podr\u00e1 ser inferior al cincuenta por ciento (50%) del total de la deuda. En los casos de regularizaci\u00f3n parcial de la deuda, deber\u00e1 incluirse la obligaci\u00f3n con vencimiento m\u00e1s antiguo. A la firma del Convenio por la deuda total \u00f3 parcial, implica el reconocimiento de toda la deuda e interrumpe la prescripci\u00f3n del total de la misma.-<\/p>\n<p>&nbsp;<\/p>\n<p><strong><u>Expte. N\u00ba 6911\/16: <\/u><\/strong>N.P.- Comisi\u00f3n Directiva Sociedad Germ\u00e1nica de Tornquist: Solicita declarar de Inter\u00e9s Patrimonial Hist\u00f3rica Cultural al edificio de la Instituci\u00f3n (Sita en Avda. Belgrano N\u00ba 137).<\/p>\n<p>Pasa a las comisiones de Asuntos Municipales y Obras P\u00fablicas.<\/p>\n<p>&nbsp;<\/p>\n<p><strong><u>Expte. N\u00ba 7033\/18: <\/u><\/strong>N.P. \u2013 Mujer Arte y Memoria: Ref. Proyecto de Ordenanza Consejo Municipal de las Mujeres.<\/p>\n<p>Pasa a las comisiones de Asuntos Municipales e Interpretaci\u00f3n y Reglamento.<\/p>\n<p>&nbsp;<\/p>\n<p><strong><u>Expte. N\u00ba 7269\/21: <\/u><\/strong>Bloque Cambiemos Bs. As. y Juntos por el Cambio \u2013 Pedido de Informe: Solicita a la Secretar\u00eda de Turismo Municipal informaci\u00f3n respecto al Parque Tem\u00e1tico \u201cExperimento Ventania\u201d.<\/p>\n<p>Pasa a las comisiones de Obras P\u00fablicas y Asuntos Municipales.<\/p>\n<p>&nbsp;<\/p>\n<p><strong><u>Expte. N\u00ba 7273\/21<\/u><\/strong>: Bloques Cambiemos Bs. As. y Juntos por el Cambio- Minuta de Comunicaci\u00f3n: En ref. a reanudar cumplimiento de Protocolos Sanitarios en la Administraci\u00f3n Municipal.<\/p>\n<p>Pasa a las comisiones de Asuntos Municipales y Salud P\u00fablica.<\/p>\n<p><strong><u>\u00a0<\/u><\/strong><\/p>\n<p><strong><u>Expte. N\u00ba 140\/20: <\/u><\/strong>S.D. Organigrama Departamento Ejecutivo.<\/p>\n<p>Seg\u00fan el dictamen de la \u00a0Comisi\u00f3n de ASUNTOS MUNICIPALES, se aprueba por unanimidad la Ordenanza N\u00ba 3320\/21 por la que se deroga en todos sus t\u00e9rminos la Ordenanza Municipal N\u00ba\u00a0 3263\/20 denominada Organigrama 2021 y sus Anexos.-<\/p>\n<p>Se aprueba el Organigrama del Departamento Ejecutivo, para el\u00a0 funcionamiento Municipal.-<\/p>\n<p>El Secretario ser\u00e1 la autoridad m\u00e1xima de su Secretaria y no podr\u00e1\u00a0 serlo de otra sino en forma interina y en reemplazo del titular por ausencia temporaria o vacancia. En estos supuestos el Intendente determinar\u00e1 la forma en que ser\u00e1n reemplazados transitoriamente y qu\u00e9 cartera ejercer\u00e1 el interinato.-<\/p>\n<p><strong><u>\u00a0<\/u><\/strong><\/p>\n<p>El Intendente podr\u00e1 delegar en los Secretarios, o en los funcionarios u organismos que en cada caso determine, cualquiera de sus competencias en el marco del art\u00edculo 181 de la Ley Org\u00e1nica de las Municipalidades. Asimismo los Secretarios podr\u00e1n delegar las que le son propias en \u00f3rganos de inferior jerarqu\u00eda dentro de su Secretaria. En ning\u00fan caso podr\u00e1n delegarse las atribuciones que se reciban por delegaci\u00f3n, salvo que ello est\u00e9 expresamente autorizado en la norma delegante.-<\/p>\n<p>Son funciones comunes de los Secretarios:<\/p>\n<ol>\n<li>Intervenir en todos aquellos asuntos que el Departamento Ejecutivo someta a su consideraci\u00f3n.<\/li>\n<li>Refrendar los actos del Departamento Ejecutivo Municipal que incidan en el \u00e1mbito de su competencia.<\/li>\n<li>Planificar, coordinar y ejecutar las acciones que se decidan en las materias vinculadas a su competencia.<\/li>\n<li>Confeccionar la agenda mensual de su cartera y su correspondiente presupuesto anual.<\/li>\n<li>Intervenir, elaborando y asesorando, en los proyectos de ordenanza del \u00e1rea de su competencia que el Departamento Ejecutivo propicie ante el Honorable Concejo Deliberante, suscribiendo los proyectos que a tal efecto se remitan.<\/li>\n<li>Proyectar el contenido de los Decretos del Departamento Ejecutivo, as\u00ed como los actos administrativos que \u00e9ste debe expedir para facilitar y asegurar el cumplimiento de sus funciones.<\/li>\n<li>Administrar la respectiva Secretaria, disponiendo todo lo necesario para facilitar su correcto funcionamiento, resolviendo los asuntos que se le presenten; dirigir, controlar y ejercer el contralor de todos los organismos que se encuentren bajo la \u00f3rbita de su cartera, as\u00ed como las relaciones institucionales y con la comunidad que sea menester en el cumplimiento de su funci\u00f3n.<\/li>\n<li>Realizar, promover y auspiciar los estudios e investigaciones para el fomento y protecci\u00f3n de los intereses municipales, en coordinaci\u00f3n con las \u00e1reas competentes.<\/li>\n<li>Adoptar las medidas tendientes a asegurar la legalidad y celeridad de los actos y procedimientos administrativos.<\/li>\n<li>Solicitar y ordenar, ante el organismo competente, la instrucci\u00f3n de sumarios e investigaciones administrativas, de conformidad con lo establecido en el ordenamiento jur\u00eddico vigente a tales efectos.<\/li>\n<li>Asistir a la Asesor\u00eda Letrada en la elaboraci\u00f3n de los pliegos de bases y condiciones para los llamados a concursos y\/o licitaciones, como en lo relativo a procesos licitatorios y contrataciones que se efect\u00faen vinculadas al \u00e1rea de cada Secretar\u00eda.<\/li>\n<\/ol>\n<p><strong><u>\u00a0<\/u><\/strong><\/p>\n<p>Se determina que ser\u00e1n siete (7) las Secretar\u00edas en las que se organizar\u00e1 el organigrama general del Departamento Ejecutivo para la ejecuci\u00f3n de las pol\u00edticas de gobierno. Se establecen las siguientes Secretar\u00edas, ordenadas alfab\u00e9ticamente:<\/p>\n<ul>\n<li>Secretar\u00eda de Desarrollo<\/li>\n<li>Secretar\u00eda de Gobierno y Seguridad<\/li>\n<li>Secretar\u00eda de Hacienda<\/li>\n<li>Secretar\u00eda de Obras y Servicios P\u00fablicos<\/li>\n<li>Secretar\u00eda de Producci\u00f3n, Comercio e Industria<\/li>\n<li>Secretar\u00eda de Salud<\/li>\n<li>Secretar\u00eda de Turismo<\/li>\n<\/ul>\n<p>&nbsp;<\/p>\n<p><strong><u>Expte. N\u00ba 6828\/16: <\/u><\/strong>Bloque F.P.V. \u2013 Proyecto de Ordenanza: Creaci\u00f3n en el Distrito de Tornquist de la Comisi\u00f3n Municipal de Box.<\/p>\n<p>Se aprueba por unanimidad el dictamen de las \u00a0Comisiones de ASUNTOS MUNICIPALES, SALUD P\u00daBLICA, INTERPRETACI\u00d3N Y REGLAMENTO, Y PRESUPUESTO Y HACIENDA, que aconseja enviar el mismo al Archivo.-<\/p>\n<p>&nbsp;<\/p>\n<p><strong><u>Expte. N\u00ba 6938\/17: <\/u><\/strong>Bloque F.P.V.- Pedido de Informe: ref. vuelco de residuos cloacales en un campo cercano a la Localidad de Saldungaray.<\/p>\n<p>Se aprueba por unanimidad el dictamen de las Comisiones de ECOLOG\u00cdA Y MEDIO AMBIENTE, Y ASUNTOS MUNICIPALES, que aconseja enviar el mismo al Archivo, por haber recibido la respuesta por parte de la Autoridad del Agua.-<\/p>\n<p><strong>\u00a0<\/strong><\/p>\n<p><strong><u>Expte. N\u00ba 7064\/18: <\/u><\/strong>N.P. Manuel Gonz\u00e1lez S\u00e1enz: Presenta Proyecto de Ordenanza referente a la realizaci\u00f3n de un Curso de Capacitaci\u00f3n para candidatos a Concejales del Distrito.<\/p>\n<p>Seg\u00fan el dictamen de las Comisiones de ASUNTOS MUNICIPALES E INTERPRETACI\u00d3N Y REGLAMENTO, se aprueba por unanimidad la Ordenanza con el N\u00ba 3321\/21 por la que se convalida la firma del Acta Acuerdo celebrado entre el Sr. Intendente Municipal Sergio Fabi\u00e1n Bordoni en representaci\u00f3n de la Municipalidad de Tornquist y el Dr. Hern\u00e1n Pedro Vigier. Rector de la UPSO (Universidad Provincial del Sudoeste), en representaci\u00f3n de la misma.- Este acuerdo tiene por objeto brindar capacitaci\u00f3n a los candidatos a Concejales que integren listas previo al proceso eleccionario del a\u00f1o 2021.-<\/p>\n<p>Las distintas fuerzas pol\u00edticas del Distrito que participen de los comicios deber\u00e1n instar a sus candidatos a Concejales a realizar el Curso de Capacitaci\u00f3n que dicte la UPSO (Universidad Provincial del Sudoeste).<\/p>\n<p><strong><u>\u00a0<\/u><\/strong><\/p>\n<p><strong><u>Expte. N\u00ba 7192\/20: <\/u><\/strong>Bloques Frente de Todos y Frente Justicialista Cumplir- Proyecto de Ordenanza: Crea Mesa Local Intersectorial- Violencia Familiar y de G\u00e9nero.<\/p>\n<p>De acuerdo al dictamen de las Comisiones de ASUNTOS MUNICIPALES, INTERPRETACI\u00d3N Y REGLAMENTO, Y PRESUPUESTO Y HACIENDA, se aprueba por unanimidad la Ordenanza bajo el N\u00ba 3322\/21 por la que se crea \u00a0en el \u00e1mbito del Municipio de Tornquist la \u201cMESA LOCAL INTERSECTORIAL DE PREVENCI\u00d3N Y ABORDAJE DE LA VIOLENCIA FAMILIAR Y DE LAS VIOLENCIAS POR RAZONES DE G\u00c9NERO\u201d.- Ser\u00e1 objetivo de la Mesa Intersectorial de prevenci\u00f3n y abordaje de la violencia familiar y de las violencias por razones de g\u00e9nero lograr un trabajo articulado entre las diferentes instancias institucionales que la integran con el objeto de analizar, dise\u00f1ar, planear, evaluar e implementar acciones espec\u00edficas y dise\u00f1o de pol\u00edticas p\u00fablicas en relaci\u00f3n al abordaje y la prevenci\u00f3n de la violencia familiar, por razones de g\u00e9nero, identidad de g\u00e9nero y diversidad sexual. La Mesa Intersectorial estar\u00e1 conformada por todas las \u00e1reas del Municipio, Organismos Provinciales en el territorio, Organismos Nacionales, Organizaciones Pol\u00edticas, Culturales, Sociales, ONG, Consejo Municipal de Mujeres. Sindicatos y actores sociales, que propicien un entramado territorial de acci\u00f3n y una planificaci\u00f3n estrat\u00e9gica colectiva que aborden directa o indirectamente las problem\u00e1ticas en el \u00e1mbito del Distrito de Tornquist. La Mesa Local Intersectorial dictar\u00e1 su reglamento, estructura y agenda de trabajo, siendo el \u00e1rea de g\u00e9nero del Municipio de Tornquist quien tiene a cargo la coordinaci\u00f3n.<\/p>\n<p><strong><u>\u00a0<\/u><\/strong><\/p>\n<p><strong><u>Expte. N\u00ba 7266\/21:<\/u><\/strong> &#8211; N.P. \u2013 Hermanos Balbiano: Presentan Proyecto de Ordenanza en ref. a acompa\u00f1amiento de pacientes con Covid-19.<\/p>\n<p>Se aprueba por unanimidad el dictamen de las Comisiones de SALUD P\u00daBLICA, E INTERPRETACI\u00d3N Y REGLAMENTO, que aconseja enviar el mismo al Archivo, por haber sido promulgada la Ordenanza N\u00ba 3309\/21 bajo Decreto N\u00ba 363\/21.-<\/p>\n<p>&nbsp;<\/p>\n<p><strong><u>Expte. N\u00ba 7274\/21:<\/u><\/strong> Bloques Cambiemos Bs. As. y Juntos por el Cambio- Proyecto de Resoluci\u00f3n: Solicita a trav\u00e9s de la D.G.C.Y E. brindar Desayuno\/Merienda a Alumnos de Nivel Inicial, Primario y Secundario.<\/p>\n<p>Seg\u00fan el dictamen de las Comisiones de CULTURA, EDUCACI\u00d3N, CIENCIA Y TECNOLOG\u00cdA; E INTERPRETACI\u00d3N Y REGLAMENTO, se aprueba por unanimidad la Resoluci\u00f3n N\u00ba 05\/21 por la que se solicita al <strong>\u00a0<\/strong>Estado Provincial, a trav\u00e9s de la DGCyE, quien tiene la responsabilidad de proteger y promover las condiciones para el aprendizaje de ni\u00f1os\/as y adolescentes en situaci\u00f3n de vulnerabilidad social y alimentaria,\u00a0\u00a0 arbitrar una partida\u00a0 presupuestaria de emergencia para brindar el SAE desayuno\/merienda con car\u00e1cter de urgencia a todos los alumnos de Nivel Inicial\u00a0 y Primario de la DGCyE y aquellos de Nivel Secundario en situaciones particulares; sosteniendo por otro lado, los m\u00f3dulos alimentarios como se vienen desarrollando en la actualidad.- Se env\u00eda copia a la C\u00e1mara de Diputados y C\u00e1mara de Senadores de la provincia de Buenos Aires, a todos los Concejos Deliberantes de la Provincia de Buenos Aires, a la DGCyE de la provincia de Buenos Aires, al Consejo Escolar y a la Jefatura de Educaci\u00f3n del distrito de Tornquist.-<\/p>\n<p>&nbsp;<\/p>\n<p><strong><u>Expte. N\u00ba 7275\/21: <\/u><\/strong>Bloques Cambiemos Bs. As. y Juntos por el Cambio- Proyecto de Ordenanza: Deroga Ordenanza N\u00ba 2662\/14 y reglamenta la Comercializaci\u00f3n en la V\u00eda P\u00fablica (Venta Ambulante).<\/p>\n<p>Se aprueba por unanimidad el dictamen de las Comisiones de ASUNTOS MUNICIPALES E INTERPRETACI\u00d3N Y REGLAMENTO, que aconseja enviar el mismo a la Secretar\u00eda de Producci\u00f3n, Comercio e Industria para que analicen la viabilidad del Proyecto.-<\/p>\n<p><strong><u>\u00a0<\/u><\/strong><\/p>\n<p><strong><u>Expte. N\u00ba 7276\/21: <\/u><\/strong>Bloques Cambiemos Bs. As. y Juntos por el Cambio- Proyecto de Resoluci\u00f3n: Adhiere al Proyecto de Declaraci\u00f3n del Diputado Provincial Emiliano Balb\u00edn- En ref. apertura de vacunatorios en Sierra de la Ventana y Chasic\u00f3.<\/p>\n<p>ESTE EXPTE. TIENE DOS DICTAMENES:<\/p>\n<p>1\u00ba DICTAMEN: Tornquist, 28 de abril de 2021. Las Comisiones de SALUD P\u00daBLICA (en minor\u00eda), Y ASUNTOS MUNICIPALES (en minor\u00eda), habiendo analizado el Expte. N\u00ba 7276\/21, aconsejan aprobar el Proyecto de Resoluci\u00f3n obrante a fs. 1 y 2.-<\/p>\n<p>DADO EN LA SALA DE COMISIONES DEL H.C.D. DE TORNQUIST, A LOS VEINTISIETE D\u00cdAS DEL MES DE ABRIL DEL A\u00d1O DOS MIL VENTIUNO.- FIRMADO POR: COMISION DE SALUD P\u00daBLICA (EN MINOR\u00cdA), NORI ELISABET. COMISION DE ASUNTOS MUNICIPALES (EN MINOR\u00cdA), MONTIBELLER VIVIANA.<\/p>\n<p>2\u00ba DICTAMEN: Tornquist, 28 de abril de 2021. Las Comisiones de SALUD P\u00daBLICA (en mayor\u00eda), Y ASUNTOS MUNICIPALES (en mayor\u00eda), habiendo analizado el Expte. N\u00ba 7276\/21, aconsejan no acompa\u00f1ar el Proyecto de Resoluci\u00f3n obrante a fs. 1 y 2, ya que vemos inviable la apertura de vacunatorios en las localidades mencionadas.-<\/p>\n<p>Se aprueba por mayor\u00eda (votaci\u00f3n 7 a 5), el primer dictamen, por lo que se aprueba por mayor\u00eda la Resoluci\u00f3n N\u00ba 06\/21 que celebra y adhiere a la iniciativa, al Proyecto de Declaraci\u00f3n presentado por el Diputado Provincial Emiliano, Balb\u00edn, que tramita bajo el Expte. : D 1253 2021-2022 en la Honorable C\u00e1mara de Diputados de la Provincia de Buenos Aires, mediante el cual se propone: \u201cal Poder Ejecutivo Provincial, realice las gestiones para reforzar la vacunaci\u00f3n contra el Covid-19 y logre la apertura de vacunatorios en las localidades de Sierra de la Ventana y Chasic\u00f3 del Distrito de Tornquist\u201d.-<\/p>\n<p>El Honorable Concejo Deliberante de Tornquist solicita al Ministerio de Salud de la Provincia de Buenos Aires implemente un sistema de comunicaci\u00f3n p\u00fablica, accesible y \u00e1gil (medios de comunicaci\u00f3n, paginas, redes sociales oficiales, etc.) que difunda el listado de aquellas personas inscriptas para vacunarse donde figure el d\u00eda, horario y lugar de vacunaci\u00f3n.-<\/p>\n<p>Se Solicita al Ministerio de Salud de la Provincia de Buenos Aires, a trav\u00e9s del \u00e1rea que corresponda, ampl\u00ede los puntos de vacunaci\u00f3n a las localidades del distrito: Sierra de la Ventana y Chasic\u00f3.-<\/p>\n<p>Se env\u00eda copia al Ministerio de Salud de la Provincia de Buenos Aires y Direcci\u00f3n de Tecnolog\u00edas para su conocimiento, a la C\u00e1maras de Diputados y Senadores de la Provincia de Buenos Aires y en especial, al Diputado Provincial Emiliano, Balb\u00edn de la U.C.R.-<\/p>\n<p>&nbsp;<\/p>\n<p><strong><u>Expte. N\u00ba 7277\/21: <\/u><\/strong>Bloques Cambiemos Bs. As. y Juntos por el Cambio- Proyecto de Ordenanza: Crear el \u201cRegistro Municipal de quejas, reclamos y\/o sugerencias para el \u00c1rea de Salud\u201d.<\/p>\n<p>De acuerdo al dictamen de las Comisiones de SALUD P\u00daBLICA Y ASUNTOS MUNICIPALES, se aprueba por unanimidad la Ordenanza con el N\u00ba 3323\/21 por la que se crea en el \u00e1mbito del Honorable Concejo Deliberante el \u201cRegistro Municipal de quejas, reclamos y\/o sugerencias para el \u00e1rea de Salud\u201d. Dicho registro servir\u00e1 como herramienta de an\u00e1lisis e investigaci\u00f3n a las situaciones planteadas por los vecinos, y los Concejales deber\u00e1n proceder en consecuencia.- Se determina \u00a0adem\u00e1s, la creaci\u00f3n de una casilla de correo electr\u00f3nico exclusivamente para tal finalidad. La misma ser\u00e1 de acceso, control y resguardo\u00a0 exclusivo del Presidente y Secretario del H.C.D.-<\/p>\n<p>&nbsp;<\/p>\n<p><strong><u>\u00a0<\/u><\/strong><\/p>\n<p><strong><u>Expte. N\u00ba 7278\/21<\/u><\/strong>: Bloques Cambiemos Bs. As. y Juntos por el Cambio- Proyecto de Resoluci\u00f3n: Declara Actividades Promotoras Esenciales de la Salud a las pr\u00e1cticas de Deportes y a la Actividad F\u00edsica que se realiza en distintos centros, instituciones, etc. debidamente habilitados para tal fin.-<\/p>\n<p>Seg\u00fan el dictamen de las Comisiones de SALUD P\u00daBLICA; INTERPRETACI\u00d3N Y REGLAMENTO; Y CULTURA, EDUCACI\u00d3N, CIENCIA Y TECNOLOG\u00cdA, se aprueba por unanimidad la Resoluci\u00f3n N\u00ba 07\/21 por la que se declaran actividades promotoras esenciales de la salud, complementarias a otras, a la pr\u00e1ctica de deportes y a la actividad f\u00edsica realizada en gimnasios,\u00a0 natatorios, centros de entrenamiento y educaci\u00f3n f\u00edsica y clubes, p\u00fablicos o privados, habilitados y bajo supervisi\u00f3n de profesionales, en el Partido de Tornquist. Se declaran agentes promotores esenciales de la salud a los gimnasios, natatorios, centros de entrenamiento y educaci\u00f3n f\u00edsica y clubes, p\u00fablicos y\/o privados debidamente habilitados, del Partido de Tornquist.- Se env\u00eda copia del mismo al Ministerio de salud de la Provincia, y a todos los Concejos Deliberantes de la Provincia.-<\/p>\n<p>&nbsp;<\/p>\n<p><strong><u>Proyectos Presentados <\/u><\/strong><\/p>\n<p><strong><u>\u00a0<\/u><\/strong><\/p>\n<p><strong><u>Bloques Cambiemos Bs. As. y Juntos por el Cambio<\/u><\/strong> Proyecto de Resoluci\u00f3n: Declara \u00a0esencial la educaci\u00f3n presencial en los niveles: inicial, primaria y secundaria en todo el Distrito de Tornquist.<\/p>\n<p>Se aprueba por unanimidad la formaci\u00f3n de Expediente y el pase a Comisi\u00f3n.-<\/p>\n<p>&nbsp;<\/p>\n<p><strong><u>Bloques Frente de Todos y Frente Justicialista Cumplir<\/u><\/strong>: Pedido de Informes: En ref. predio Ex Club Hotel de Villa Ventana.<\/p>\n<p>Se solicita formaci\u00f3n de Expediente y tratamiento sobre Tablas.<\/p>\n<p>Se forma el Expediente N\u00ba 7280\/21 y se aprueba por unanimidad enviar el mismo al Departamento Ejecutivo para que d\u00e9 respuesta a lo solicitado.-<\/p>\n<p>&nbsp;<\/p>\n<p><strong><u>Bloques Frente de Todos y Frente Justicialista Cumplir:<\/u><\/strong> Proyecto de Resoluci\u00f3n: Solicitar al Departamento Ejecutivo que arbitre los medios necesarios para el efectivo acceso de la comunidad de Tornquist al mentado Programa \u201cAcompa\u00f1ar\u201d, en virtud de que se trata de una instancia para\u00a0 promover la autonom\u00eda de las mujeres y LGBTI+ que se encuentran en riesgo por motivos de g\u00e9nero, a trav\u00e9s de un apoyo econ\u00f3mico por un t\u00e9rmino de seis meses, destinado a contribuir, en el corto y mediano plazo, a la creaci\u00f3n de condiciones b\u00e1sicas para la construcci\u00f3n de un proyecto aut\u00f3nomo y sobre todo, libre de violencias.<\/p>\n<p>Se aprueba por unanimidad la formaci\u00f3n de Expediente y el pase a Comisi\u00f3n.-<\/p>\n<p>&nbsp;<\/p>\n<p><strong><u>Asuntos Particulares <\/u><\/strong><\/p>\n<p><strong><u>\u00a0<\/u><\/strong><\/p>\n<p><strong><u>N.P. Nota Gerente del Banco Provincia, Ileana Renda: <\/u><\/strong>Respuesta en relaci\u00f3n a la instalaci\u00f3n de un cajero autom\u00e1tico en la localidad de Villa Ventana. (En la misiva se compromete a comunicar la inquietud a sus superiores).<\/p>\n<p>Se aprueba por unanimidad enviar copia de la misma a la \u00a0Asociaci\u00f3n de Prestadores Tur\u00edsticos y Comerciantes de Villa Ventana.<\/p>\n<p>&nbsp;<\/p>\n<p><strong><u>N.P. Julio Nicolini, Presidente de la Asociaci\u00f3n Cuerpo de Bomberos Voluntarios de Tornquist:<\/u><\/strong> Asignaci\u00f3n cupo vivienda para personal de Bomberos Voluntarios en ref. Ordenanza N\u00ba 2692\/14.-<\/p>\n<p>Se aprueba por unanimidad formaci\u00f3n de Expte. y pase a Comisi\u00f3n.-<\/p>\n<p>&nbsp;<\/p>\n<p><strong><u>N.P. Espi\u00e9 Jorge- Silvana Cinti vecinos del Barrio San Andr\u00e9s:<\/u><\/strong> Plantean problem\u00e1ticas varias en el Barrio San Andr\u00e9s. Notas de igual tenor de los vecinos: Andrea Morena, Carmen Elisa Palacios, Marcelo Ithurrat, del barrio San Andr\u00e9s de la Sierra.<\/p>\n<p>Se aprueba por unanimidad que se adjuntes todas las notas al \u00a0Expte. N\u00ba 7265\/21, que trata igual tem\u00e1tica\u00a0 de dicho Barrio.-<\/p>\n<p>&nbsp;<\/p>\n<p>Alocuciones de los Concejales:<\/p>\n<p>&nbsp;<\/p>\n<p>Concejal Elisabet Nori:<\/p>\n<p>\u201cBueno yo hoy me voy a referir a una noticia que a todos nos sorprendi\u00f3 y de alguna manera nos afect\u00f3, mal o bien, para algunos mal, para otros bien, es el fallo que hubo de la Corte Suprema de Justicia de la Naci\u00f3n Argentina, en favor de la demanda del Gobierno de la Ciudad respecto a la presencialidad en la educaci\u00f3n. Es un fallo de 91 p\u00e1ginas, que aconsejo, si alguno tiene un tiempito para leerlo est\u00e1 muy bueno para leerlo, porque realmente es una verdadera c\u00e1tedra de justicia el fallo. Yo de all\u00ed rescat\u00e9 dos peque\u00f1os p\u00e1rrafos, uno del Doctor Rosenkrantz que dice \u201cen este contexto cabe recordar que la existencia de una situaci\u00f3n de esta naturaleza habilita la adopci\u00f3n de remedios que en condiciones de normalidad podr\u00edan no ser v\u00e1lidos\u201d (bueno, ah\u00ed menciona varis leyes a las cuales se remite). \u201cDe todos modos, la emergencia no es una franquicia para ignorar el derecho vigente. La emergencia est\u00e1 sujeta al derecho en este pa\u00eds, en tanto tambi\u00e9n es una situaci\u00f3n jur\u00eddicamente regulada y ella no implica en modo alguno que cualquier medida que pudiera representarse como eficaz para atender la situaci\u00f3n sea, por esa sola raz\u00f3n, constitucionalmente admisible. No debe perderse de vista que la emergencia, si bien puede proporcionar la ocasi\u00f3n para ejercer un poder existente, no crea poderes nuevos\u201d. Y tambi\u00e9n voy a leer parte del fallo del Doctor Lorenzetti, que dice \u201cen CABA y en las provincias pueden regular la apertura de las escuelas conforme con las disposiciones de la Ley 26.206 y la Resoluci\u00f3n 387\/21 del Consejo Federal de Educaci\u00f3n, priorizando la apertura y la reanudaci\u00f3n de las clases presenciales. El Estado Nacional solo puede regular el ejercicio del derecho a la educaci\u00f3n de\u00a0 modo concurrente con las provincias (Ley\u00a0 26.206), estableciendo\u00a0 las\u00a0 bases, pero no puede, normalmente, sustituirlas, ni decidir de modo aut\u00f3nomo apart\u00e1ndose del r\u00e9gimen legal vigente\u201d. Yo extraje estos dos p\u00e1rrafos, hay p\u00e1rrafos realmente impecables en este fallo de los Jueces intervinientes, y quiero remarcar que ellos no solo se remitieron a lo que es el \u00e1mbito educativo, sino en este fallo hicieron hincapi\u00e9 en lo que ser\u00eda la autonom\u00eda \u00bfno? y todo lo que implica\u00a0 la autonom\u00eda y que no solamente se concede a CABA sino en el fallo de Lorenzetti tambi\u00e9n est\u00e1 incluyendo a las provincias. Es decir que, bueno, tenemos mucho por aprender, mucho por aprender acerca del poder, yo creo que poder sea en cualquier aspecto, sea provincial, nacional, municipal o cualquier poder de cualquier naturaleza implica humildad, implica consenso, implica justicia, implica amor a la Patria, amor al otro. Y yo quiero decir que todos sabemos que la Patria es el otro. Nada m\u00e1s se\u00f1or Presidente\u201d.<\/p>\n<p>&nbsp;<\/p>\n<p>Concejal Viviana Montibeller:<\/p>\n<p>\u201cBueno, acompa\u00f1ar las palabras de la Concejal Nori. Y tambi\u00e9n quiero hacer menci\u00f3n a una Ordenanza que aprobamos hoy sobre capacitaci\u00f3n a futuros Concejales. Es un proyecto que se gest\u00f3 all\u00e1 por el 2014, y bueno, despu\u00e9s de tantas idas y vueltas lo pudimos aprobar. Me parece que es una herramienta muy importante para los que ocupamos una Banca para nuestro primer per\u00edodo, de aprendizaje, porque muchos venimos al Concejo Deliberante movidos\u00a0 por muchas ideas, por muchas ganas de llevar adelante un trabajo que a veces se nos complica por desconocer el funcionamiento del Concejo Deliberante. Esta herramienta creo que en su momento va a ser una herramienta que va a agilizar\u00a0 ese proceso. As\u00ed que quiero agradecer a todos los Concejales que acompa\u00f1aron, y tambi\u00e9n a parte del Ejecutivo, a muchas personas que ayudaron para que esta Ordenanza hoy se pueda votar. Muchas gracias se\u00f1or Presidente\u201d.<\/p>\n<p>&nbsp;<\/p>\n<p>El d\u00eda 11 de mayo, convocados por Decreto N\u00ba 11\/21 se realiza la Sesi\u00f3n Extraordinaria- Asamblea de Concejales y Mayores Contribuyentes, para tratar el Expediente N\u00ba 092\/21 caratulado: D.E. Autorizar al Municipio de Tornquist a concretar la operaci\u00f3n de cr\u00e9dito y\/o financiamiento p\/la compra de una Retroexcavadora New Holland B90B 0 km. Se aprueba por mayor\u00eda la ORDENANZA DEFINITVA N\u00ba 3331\/21 por la que se autoriza al Municipio de Tornquist, representado por el\u00a0 Intendente Municipal Sr. Sergio Fabi\u00e1n BORDONI, a concretar la operaci\u00f3n de cr\u00e9dito y\/o financiamiento hasta la suma de $ 10.400.000.- (PESOS DIEZ MILLONES CUATROCIENTOS MIL), para la compra de una RETROEXCAVADORA NEW HOLLAND B90B 0 KM. El pr\u00e9stamo que se autoriza a contraer estar\u00e1 sujeto a las \u00a0siguientes condiciones financieras:<\/p>\n<p><strong><u>Tipo de operaci\u00f3n<\/u><\/strong>: pr\u00e9stamo amortizable a inter\u00e9s vencido.<\/p>\n<p><strong><u>Sistema de amortizaci\u00f3n<\/u><\/strong>: alem\u00e1n (cuotas de capital constantes).<\/p>\n<p><strong><u>Periodicidad de los servicios<\/u><\/strong><strong>:<\/strong> mensual.<\/p>\n<p><strong><u>Vencimiento de los servicios<\/u><\/strong><strong>:<\/strong> Las cuotas vencer\u00e1n el mismo d\u00eda de la efectivizaci\u00f3n del pr\u00e9stamo de los meses siguientes.<\/p>\n<p><strong><u>Plazo<\/u><\/strong><strong>: <\/strong>48 meses, con un per\u00edodo de gracia de 6 meses para el pago de capital. Los servicios de intereses ser\u00e1n pagaderos mensualmente desde el primer mes a partir de la efectivizaci\u00f3n.<\/p>\n<p><strong><u>Tasa de inter\u00e9s<\/u><\/strong><strong>: <\/strong>35% TNA vencida.<\/p>\n<p><strong><u>Forma de pago<\/u><\/strong><strong>:<\/strong> d\u00e9bito en cuenta corriente.<\/p>\n<p><strong><u>Garant\u00eda<\/u><\/strong><strong>:<\/strong> cesi\u00f3n de los derechos sobre los fondos provenientes del r\u00e9gimen de coparticipaci\u00f3n impositiva o aquel que lo reemplace, aun antes de su acreditaci\u00f3n en cuenta corriente.<\/p>\n<p>La obligaci\u00f3n de pago que asume la Municipalidad ser\u00e1 \u00a0garantizada mediante la autorizaci\u00f3n del d\u00e9bito de los servicios correspondientes de su cuenta corriente y, en caso de insuficiencia de fondos, autorizar\u00e1 irrevocablemente al Banco a cancelar estos con los fondos provenientes del r\u00e9gimen de coparticipaci\u00f3n impositiva o aquel que lo reemplace, aun antes de su acreditaci\u00f3n en cuenta corriente. Luego de que se efectivicen las retenciones previstas por ley, se autoriza al Banco de la Provincia de Buenos Aires a retener las sumas necesarias para cubrir el pago de amortizaciones, intereses o cualquier otro gasto que se origine con motivo del presente pr\u00e9stamo. A pedido del Banco, esta garant\u00eda podr\u00e1 reemplazarse por la cesi\u00f3n de los derechos de la recaudaci\u00f3n de tasas municipales.<\/p>\n<p>El Departamento Ejecutivo prever\u00e1 en los instrumentos \u00a0presupuestarios vigentes y futuros, los rubros y partidas necesarios para dar ingreso a los recursos referidos y egreso de los fondos para atender los servicios de la deuda hasta su total cancelaci\u00f3n.-<\/p>\n<p>Se autoriza al Departamento Ejecutivo a suscribir los convenios \u00a0y dem\u00e1s documentaci\u00f3n que resulten necesarios a fin de posibilitar la concreci\u00f3n del empr\u00e9stito con el Banco de la Provincia de Buenos Aires.<\/p>\n<p>&nbsp;<\/p>\n<p>Alocuciones de Concejales y Mayores Contribuyentes:<\/p>\n<p>&nbsp;<\/p>\n<p>Concejal V\u00e1zquez Roc\u00edo:<\/p>\n<p>\u201cBueno, en primera instancia aclarar el motivo por el cual la negativa de autorizar al Municipio de Tornquist a concretar la operaci\u00f3n\u00a0 de cr\u00e9dito o financiamiento para\u00a0 la compra de la maquinaria. En un principio nosotros elevamos una nota, el d\u00eda 29 de abril, luego de que ingresara el Expediente para dicho endeudamiento porque cre\u00edamos necesario que por ah\u00ed nos den un par de respuestas. En esa nota que expedimos, le solicitamos al Intendente Municipal un detalle de las maquinarias, el estado en que se encuentran dichas maquinarias y a qu\u00e9 Delegaciones est\u00e1n destinadas. Por otro lado tambi\u00e9n, los responsables de los veh\u00edculos, el mantenimiento y los service realizados de todos estos veh\u00edculos del Municipio. Por qu\u00e9 realizamos este pedido, en primera instancia para ver c\u00f3mo estaba distribuida la maquinaria en todo el Municipio, y por otro lado para saber del estado en que se encuentran dichas maquinarias ya que la incorporaci\u00f3n de esta nueva maquinaria deber\u00eda estar enmarcada dentro de un cuidado como todos los veh\u00edculos de la planta municipal. Por otro lado en el dictamen tambi\u00e9n lo mencionamos, nos preocupa y no queremos ser part\u00edcipes del endeudamiento que est\u00e1 teniendo el Municipio de Tornquist. Nos llegaron los datos del Tribunal de Cuentas, el Distrito de Tornquist es el m\u00e1s endeudado per c\u00e1pita de toda la regi\u00f3n, lo cual me parece que este endeudamiento significar\u00eda un aumento de esa deuda. Y por otro lado la incorporaci\u00f3n de este tipo de maquinarias sabemos que es de mucha importancia para todo el Municipio, para la Delegaci\u00f3n de Villa Ventana que no est\u00e1 en el Expediente pero se supone que esta m\u00e1quina va a esa localidad. Sabemos de la importancia porque ya que estuvimos reunidos con los vecinos de Villa Ventana, ellos manifestaron en un principio la necesidad de una motoniveladora para el arreglo de las calles y de otras maquinarias porque las que est\u00e1n no est\u00e1n en el mejor de los cuidados. En relaci\u00f3n a eso tambi\u00e9n quer\u00edamos manifestar o resaltar, que cuando se quiere incorporar una maquinaria creemos que es necesario que se haga desde una planificaci\u00f3n, desde una gesti\u00f3n. Desde que asumi\u00f3 el Intendente ha tenido seis presupuestos aprobados para poder realizar dicha compra, y si tenemos en cuenta el \u00faltimo presupuesto aprobado la compra de esta maquinaria significar\u00eda menos del 1%, por lo cual creemos que deber\u00eda haber sido planificada dentro del Presupuesto Municipal que fue aprobado oportunamente. Me parece que no me falta m\u00e1s nada, simplemente aclarar esto, que no es que nos oponemos a la compra de la maquina en s\u00ed, sino que creemos necesario que sea a trav\u00e9s de otro m\u00e9todo que no sea el endeudamiento del municipio. Nada m\u00e1s\u201d.<\/p>\n<p>&nbsp;<\/p>\n<p>Concejal Nori Elisabet:<\/p>\n<p>\u201cBueno yo en primera instancia quiero agradecer la presencia de los Mayores Contribuyentes aqu\u00ed que han respondido a la convocatoria, pedirles disculpas por la demora, pero realmente la reuni\u00f3n previa que tuvimos con los Mayores Contribuyentes ha sido fruct\u00edfera creo yo desde todo punto de vista. Creo que ha sido sano poder hablar con los Mayores Contribuyentes y poder poner en la mesa todas las cuestiones que planteamos y pusimos\u00a0 en la balanza \u00bfno? que por un lado vimos que siempre es necesario la renovaci\u00f3n del parque automotor dentro del municipio para realizar los diferentes arreglos dentro de las localidades. Tambi\u00e9n\u00a0 vimos que la compra de esta m\u00e1quina se encuadraba dentro de una l\u00ednea crediticia que era viable pero tambi\u00e9n consideramos, tambi\u00e9n pusimos en la balanza que quiz\u00e1s no es el tiempo adecuado para hacer la compra, tambi\u00e9n lo hablamos, lo pusimos en el debate. Tambi\u00e9n comparto, digamos, lo que dijo la Concejal V\u00e1zquez que el Distrito est\u00e1 muy endeudado y que esto es tomar m\u00e1s deuda, tambi\u00e9n lo pusimos en la balanza. Realmente fue bastante dif\u00edcil llegar a establecer un criterio, de hecho por\u00a0 eso cada uno estableci\u00f3 su criterio y dimos la libertad a los Mayores Contribuyentes para que decidan como ciudadanos que est\u00e1n convocados a esta instancia de participaci\u00f3n ciudadana que insisto es importante que la gente pueda, que sepa que tiene estos lugares, estos espacios para participar, incluso para decidir. Eso es importante que quede claro, porque en el\u00a0 futuro se sigue desarrollando las Asambleas de Mayor Contribuyente y justamente todo tiene que ver con el \u00e1mbito econ\u00f3mico-financiero que se los convoca justamente para eso. S\u00ed concluimos que como Concejo Deliberante cuando llegan estas alternativas que demandan una inversi\u00f3n y un endeudamiento en este caso vamos a tener que hacer m\u00e1s hincapi\u00e9 en pedir los informes y en pedir tambi\u00e9n la proyecci\u00f3n que se le va a dar a cada compra o a cada inversi\u00f3n que se haga de ahora en adelante, vamos a pedir cu\u00e1l va a ser la proyecci\u00f3n, en qu\u00e9 se va a usar a grandes rasgos, porque siempre obviamente la din\u00e1mica de un municipio es muy activa y pueden surgir cosas. Pero lo que vamos a solicitar de ahora en adelante va a ser una proyecci\u00f3n, en qu\u00e9 se van a usar las maquinarias, en qu\u00e9 lugares son, digamos, los m\u00e1s necesarios, cu\u00e1ndo se van a usar y una proyecci\u00f3n en el tiempo. Eso es importante que no solo nosotros, todos como Concejales lo tengamos en claro, sino la poblaci\u00f3n\u00a0 en general. No olvidemos que todo esto sale de la plata del mismo contribuyente. Entonces tenemos que tener en claro la utilidad de cada una de las maquinarias que se encuentran dentro del parque automotor del Municipio, eso por un lado. Y por otro lado, tambi\u00e9n conversamos en la necesidad de tener un contacto previo con los Mayores Contribuyentes antes del d\u00eda de la Asamblea porque todos estos aspectos hay que plantearlos con antelaci\u00f3n \u00a1no cierto? Y hay que conversarlo. As\u00ed que bueno, fue dif\u00edcil, por eso nos tardamos, pero considero que fue un tiempo invertido en participaci\u00f3n y en debate sano. As\u00ed que bueno, agradezco nuevamente la presencia de los Mayores Contribuyentes, y quedamos en el compromiso de mantener contacto y de mantenerlos informados a ellos y a toda la poblaci\u00f3n del Distrito. Nada m\u00e1s se\u00f1or Presidente\u201d.<\/p>\n<p>&nbsp;<\/p>\n<p>Concejal Fonfr\u00eda Jos\u00e9:<\/p>\n<p>\u201cEn primer lugar agradecerles a los Mayores Contribuyentes, y agradecerles y pedirles disculpa por el tiempo que los hicimos demorar, pero en realidad me sumo a las palabras de las dos Concejales que hicieron sus alocuciones antes que yo. En realidad fue una de las mejores Asambleas creo yo, porque todos lo discutimos, todos ten\u00edamos nuestras dudas, todos quer\u00edamos por un lado que el Municipio adquiera esta m\u00e1quina y por el otro las dudas, si es el momento, que estamos en plena pandemia, no sabemos, no lo puede saber nadie cu\u00e1nto dinero, cu\u00e1nto va a durar, cu\u00e1ntos nos va a salir todo esto de la pandemia, y si ese dinero la mejor inversi\u00f3n era una maquinaria o no. S\u00ed nos dieron razones de que era muy buen cr\u00e9dito, de que es en pesos, a tasa cero, no cero no perd\u00f3n, fija quise decir. Y entonces consideramos que s\u00ed, que hab\u00eda que acompa\u00f1ar, y justamente, pedirle al Ejecutivo que administre mejor los recursos que tiene, pedirle al Ejecutivo que nos pase el informe que le pedimos desde el Concejo, lo pidi\u00f3 el otro Bloque, pero realmente hoy se demostr\u00f3 que el Concejo Deliberante cumple una funci\u00f3n. Por parte del Ejecutivo no tuvimos respuesta y tuvimos que aprobar algo convencidos de que era lo mejor, o no tan convencidos pero considerando cada uno por qu\u00e9 lo aceptaba o no. Entonces pedirle al Ejecutivo que nos tenga m\u00e1s en cuenta, que no estamos ac\u00e1 pintados, y que administren mejor los recursos que tienen y despu\u00e9s por ah\u00ed escuchamos al Intendente que dice poco menos que le hacen chichones con la plata. Entonces no s\u00e9 por qu\u00e9 tenemos que endeudarnos si realmente desde Provincia y Naci\u00f3n le pasan tanto dinero. As\u00ed que nada m\u00e1s se\u00f1or Presidente\u201d.<\/p>\n<p>&nbsp;<\/p>\n<p>Mayor Contribuyente Marchione Daniel:<\/p>\n<p>\u201cYo lo que quer\u00eda decir en principio que, bueno, estoy de acuerdo con la compra de\u00a0 la m\u00e1quina, pero lo que s\u00ed me interesar\u00eda y que p\u00fablicamente se sepa es qui\u00e9n lleva el cuidado de la flota que tenemos, en el parque automotor y de la maquinaria. Y bueno, un registro de por qu\u00e9 est\u00e1n tantas m\u00e1quinas paradas. Soy vecino de Villa Ventana y me cans\u00e9 de ver m\u00e1quinas tiradas en el corral\u00f3n de Villa por a\u00f1os, por meses, lo que sea. No solo \u00e9sta m\u00e1quina falta, faltan diez m\u00e1quinas m\u00e1s para mantener lo que es las caracter\u00edsticas propias que tiene el terreno de Villa Ventana. Pero me interesar\u00eda saber qui\u00e9n lleva el control de las m\u00e1quinas, qui\u00e9n lleva los service a las camionetas, veo los veh\u00edculos deteriorados, no s\u00e9, es patrimonio nuestro, lo pagamos nosotros. Creo que m\u00e1s all\u00e1 de\u00a0 cualquier Bloque que lo pida, tambi\u00e9n nosotros necesitamos saber, tener un informe, que haya algo p\u00fablico que diga, bueno, tantos veh\u00edculos tiene el Municipio, est\u00e1n en estas caracter\u00edsticas, hay veh\u00edculos sin VTV, o sea, estamos infringiendo leyes, no s\u00e9, me parece que tendr\u00eda que haber algo un poco m\u00e1s ordenado. Vuelvo a decir, creo que esta m\u00e1quina hace falta por eso vote en afirmativa, pero me parece que tambi\u00e9n hace falta un control de lo que hay y p\u00fablicamente saber. Yo quiero saber c\u00f3mo est\u00e1 la flota, y por qu\u00e9 est\u00e1 as\u00ed y quien. No digo que sea por desidia, creo que es por desinter\u00e9s porque no hay nadie que se preocupe, no hay un responsable del parque automotor entiendo, porque si no, no puede haber,\u00a0\u00a0\u00a0\u00a0\u00a0\u00a0\u00a0\u00a0\u00a0\u00a0\u00a0 se han deteriorado las m\u00e1quinas. Hay una retro que se compr\u00f3 hace tres a\u00f1os si no me equivoco, una china, y bueno, pero est\u00e1 tirada ah\u00ed, se est\u00e1 oxidando, est\u00e1 estropeada, no s\u00e9. Me parece que alguien tiene que responder por esto porque lo pagamos nosotros. Nada m\u00e1s, era eso.\u201d (APLAUSOS)<\/p>\n<p>&nbsp;<\/p>\n<p>Concejal Ibarra Juan Manuel:<\/p>\n<p>\u201cBien, en primer t\u00e9rmino quiero referirme a que hoy los Concejales de Juntos por el Cambio y de Cambiemos votamos en positivo, votamos a favor de comprar esta m\u00e1quina, por lo tanto del endeudamiento. Y que quede en claro, esto ya ser\u00eda la parte pol\u00edtica del tema, que quede en claro que no somos, no coincidimos pol\u00edticamente con el Intendente. Hoy nosotros votamos a favor siendo oposici\u00f3n, porque claramente \u00e9l se ha manifestado en m\u00e1s de una entrevista que est\u00e1 alineado con el Gobierno Provincial y Nacional. Entonces hoy nosotros siendo oposici\u00f3n votamos a favor, con esto no estoy diciendo que los Concejales del Frente de Todos y del Frente Justicialista Cumplir est\u00e9n equivocados o no comparta\u00a0 su postura. Creo que es m\u00e1s que v\u00e1lida, porque de hecho tambi\u00e9n estuvimos en duda y las justificaciones, los argumentos que dijo la Concejal V\u00e1zquez lo tuvimos en cuenta, por lo tanto tambi\u00e9n coincidimos con lo que la Concejal dijo. Pero bueno, a la hora de poner en la balanza si vot\u00e1bamos a favor o en contra tuvimos en cuenta lo que dijo el Concejal Fonfr\u00eda, creo que el cr\u00e9dito era bueno, era un cr\u00e9dito positivo, a cuotas fijas siendo que hay una inflaci\u00f3n bastante elevada, de ac\u00e1 a tres cuatro a\u00f1os realmente la cuota va a ser, no digo insignificante pero va a ser much\u00edsimo menor a lo que valga en ese momento. Por otro lado tambi\u00e9n considero que es importante por los informes y por la deuda que tiene el Municipio, ser un poco m\u00e1s responsable con la plata de los vecinos de Tornquist, porque la plata que administra el Ejecutivo, en su persona el Intendente, es de todos, y la deuda tambi\u00e9n, por lo tanto pedimos que se sea un poquito m\u00e1s responsable a la hora de administrar nuestros recursos. Nada m\u00e1s se\u00f1or Presidente\u201d.<\/p>\n<p>&nbsp;<\/p>\n<p>Mayor Contribuyente Canolik Jorge:<\/p>\n<p>\u201cBueno V\u00e1zquez hoy explic\u00f3 claramente este punto que tiene que ver con el endeudamiento. Mi votaci\u00f3n fue de no apoyo a la compra, no porque\u00a0 no considere que el equipo sea un equipo necesario porque realmente Villa Ventana carece de mucho equipos como dijo el vecino reci\u00e9n aqu\u00ed. Tienen dos palas cargadoras que no funcionan, no tienen motoniveladora, cuando asumi\u00f3 Florencia Testa los camiones estaban sin mantenimiento de hace tres a\u00f1os. Alguien dijo que no es desidia pero me parece que lo que surge como una mirada com\u00fan de este Concejo, y lo celebro, que independientemente del si o no, de las razones que cada uno tenga yo creo que todos coincidimos que bueno, las herramientas de trabajo que se compren es muy importante porque eso permite solucionar problemas de los que habitan y pagan impuestos en este Distrito. As\u00ed que no tengo\u00a0 ninguna duda que Florencia que tiene mucho empuje va seguramente a\u00a0 tratar de\u00a0 darle el mejor cuidado al equipo. Pero todo esto se inscribe en un contexto en el que el parque de equipos del\u00a0 Municipio se ha ido deteriorando durante estos \u00faltimos seis a\u00f1os, tengo que decir. Y bueno, son pocas las localidades que con mucho esfuerzo mantienen en mejores condiciones lo suyo, otras que m\u00e1s o menos, otras que menos menos, pero en definitiva cuando no tenemos ni siquiera la posibilidad de cubrir la ropa de los operarios, porque esto tambi\u00e9n forma parte del escenario, hoy se dice que no hay plata\u00a0 para comprar la ropa\u00a0 a los operarios\u00a0 que tendr\u00eda que tener elementos de seguridad y todas las condiciones de trabajo como corresponde. Bueno, el tema de embarcarse en un cr\u00e9dito porque tenga bondades financieras, s\u00ed, puede ser muy atractivo en un determinado escenario, ahora cuando los chicos tienen las zapatillas con la suela salida comprar un 0Km parece algo un poquito, digamos, fuera del contexto. Yo celebro que esto solucione problemas para Villa Ventana porque tengo clar\u00edsimo que los vecinos de Villa Ventana tienen derecho a tener el mejor equipamiento posible. Pero lo que no puedo celebrar es que cuando me siento con el Delegado de Sierra de la Ventana y me explica que una topadora estuvo sin arreglarse durante dos a\u00f1os, que tienen serias dificultades para manejar el basurero a cielo abierto porque no tienen los equipos adecuados y esto pone en compromiso la salud p\u00fablica porque genera conflictos de medio ambiente a dos localidades creo que el problema de los equipos es\u00a0 un problema serio, grave, que tiene mucho impacto, los que son delegados de Saldungaray lo podr\u00e1n explicar mejor que yo. Est\u00e1n haciendo malabares\u00a0 los Delegados, esto tambi\u00e9n es as\u00ed. Por lo tanto creo que lo que el \u201cno\u201d en mi caso tiene que ver con exigir, pedir, reclamar una mejor administraci\u00f3n de todo el parque de equipos del Municipio, porque realmente ha ido a la baja todos estos a\u00f1os. Y bueno, como tambi\u00e9n dijo el vecino que esto, digamos, los que vivimos ac\u00e1 tenemos que saber d\u00f3nde estamos parados respecto de esto, y tener una planificaci\u00f3n, que realmente se sepa\u00a0 cu\u00e1l es la prioridad, cu\u00e1l es el pr\u00f3ximo equipo que hace falta. Si se resolvi\u00f3 el Presupuesto hace tan poco tiempo esto tendr\u00eda que haberse previsto, entonces si estamos aprovechando solamente un cr\u00e9dito y lo tomamos y compramos un equipo 0Km en s\u00ed mismo parece bueno, pero si lo sacamos, si no lo ponemos en un contexto donde ese equipo 0Km de ac\u00e1 a 48 meses cuando todav\u00eda se est\u00e9 pagando no podemos asegurar si va a estar funcionando operativo porque detr\u00e1s no est\u00e1 la mirada \u00e9sta del control y del cuidado, y, estamos en problemas. Nada m\u00e1s gracias\u201d.<\/p>\n<p>&nbsp;<\/p>\n<p>Concejal Romero Mar\u00eda:<\/p>\n<p>\u201cBueno, en esta oportunidad quiero agradecer a los Mayores Contribuyentes que nos vinieron a acompa\u00f1ar, agradezco la presencia de todos. Y sumarme a todos los dichos por los Concejales y los Mayores Contribuyentes, que es realmente lo que est\u00e1 sucediendo con el parque automotor del Municipio. Hay faltas de herramientas y falta de maquinaria, s\u00ed, lo entendemos. Y nosotros en realidad no nos estamos negando a la compra de este equipamiento, nosotros queremos que se compre y que haya maquinaria en todas las localidades porque cada una requiere de ellas para el arreglo de calles, para el mantenimiento de cada una. No en esta forma, no en esta circunstancia y no en este momento creemos oportuno esta compra, de esta manera, a nosotros nos gustar\u00eda que el se\u00f1or Intendente gestione, y bueno, pueda lograr comprar una motoniveladora que es lo que realmente necesita Villa Ventana, que bueno, en realidad es una promesa que ha hecho en el 2015, la motoniveladora para esa localidad todav\u00eda no la tenemos. As\u00ed que esperemos que en alg\u00fan momento pueda estar. Y bueno, el mensaje para los vecinos de Villa Ventana es ese, que nosotros acompa\u00f1amos todo que sea maquinarias, porque podr\u00eda haber sido para el resultado de cualquier localidad, Sierra de la Ventana, Saldungaray. Creemos que no es el momento ni la forma de c\u00f3mo realizar la compra. Nada m\u00e1s se\u00f1or Presidente\u201d.<\/p>\n<p>&nbsp;<\/p>\n<p>HONORABLE CONCEJO DELIBERANTE<\/p>\n<p>&nbsp;<\/p>\n","protected":false},"excerpt":{"rendered":"<p>Comunicaciones Oficiales y Dict\u00e1menes de las Comisiones:<\/p>\n","protected":false},"author":3,"featured_media":0,"comment_status":"closed","ping_status":"closed","sticky":false,"template":"","format":"standard","meta":{"footnotes":""},"categories":[28],"tags":[],"class_list":["post-56777","post","type-post","status-publish","format-standard","hentry","category-municipales"],"yoast_head":"<!-- This site is optimized with the Yoast SEO plugin v25.9 - https:\/\/yoast.com\/wordpress\/plugins\/seo\/ -->\n<title>Informe sesi\u00f3n ordinaria del d\u00eda 04-05-21 y asamblea de concejales y mayores contribuyentes - Noticias Radio Reflejos<\/title>\n<meta name=\"robots\" content=\"index, follow, max-snippet:-1, max-image-preview:large, max-video-preview:-1\" \/>\n<link rel=\"canonical\" href=\"https:\/\/www.noticiasradioreflejos.com.ar\/2021\/informe-sesion-ordinaria-del-dia-04-05-21-y-asamblea-de-concejales-y-mayores-contribuyentes\/\" \/>\n<meta property=\"og:locale\" content=\"es_ES\" \/>\n<meta property=\"og:type\" content=\"article\" \/>\n<meta property=\"og:title\" content=\"Informe sesi\u00f3n ordinaria del d\u00eda 04-05-21 y asamblea de concejales y mayores contribuyentes - Noticias Radio Reflejos\" \/>\n<meta property=\"og:description\" content=\"Comunicaciones Oficiales y Dict\u00e1menes de las Comisiones:\" \/>\n<meta property=\"og:url\" content=\"https:\/\/www.noticiasradioreflejos.com.ar\/2021\/informe-sesion-ordinaria-del-dia-04-05-21-y-asamblea-de-concejales-y-mayores-contribuyentes\/\" \/>\n<meta property=\"og:site_name\" content=\"Noticias Radio Reflejos\" \/>\n<meta property=\"article:published_time\" content=\"2021-05-13T16:00:36+00:00\" \/>\n<meta property=\"article:modified_time\" content=\"2021-05-13T16:01:01+00:00\" \/>\n<meta property=\"og:image\" content=\"https:\/\/www.noticiasradioreflejos.com.ar\/2021\/wp-content\/uploads\/2021\/07\/logosol300x200.png\" \/>\n\t<meta property=\"og:image:width\" content=\"300\" \/>\n\t<meta property=\"og:image:height\" content=\"200\" \/>\n\t<meta property=\"og:image:type\" content=\"image\/png\" \/>\n<meta name=\"author\" content=\"Arnaldo Botto\" \/>\n<meta name=\"twitter:card\" content=\"summary_large_image\" \/>\n<script type=\"application\/ld+json\" class=\"yoast-schema-graph\">{\"@context\":\"https:\/\/schema.org\",\"@graph\":[{\"@type\":\"WebPage\",\"@id\":\"https:\/\/www.noticiasradioreflejos.com.ar\/2021\/informe-sesion-ordinaria-del-dia-04-05-21-y-asamblea-de-concejales-y-mayores-contribuyentes\/\",\"url\":\"https:\/\/www.noticiasradioreflejos.com.ar\/2021\/informe-sesion-ordinaria-del-dia-04-05-21-y-asamblea-de-concejales-y-mayores-contribuyentes\/\",\"name\":\"Informe sesi\u00f3n ordinaria del d\u00eda 04-05-21 y asamblea de concejales y mayores contribuyentes - Noticias Radio Reflejos\",\"isPartOf\":{\"@id\":\"https:\/\/www.noticiasradioreflejos.com.ar\/2021\/#website\"},\"datePublished\":\"2021-05-13T16:00:36+00:00\",\"dateModified\":\"2021-05-13T16:01:01+00:00\",\"author\":{\"@id\":\"https:\/\/www.noticiasradioreflejos.com.ar\/2021\/#\/schema\/person\/ad82545263dcc5ec0996818884fd5fb1\"},\"breadcrumb\":{\"@id\":\"https:\/\/www.noticiasradioreflejos.com.ar\/2021\/informe-sesion-ordinaria-del-dia-04-05-21-y-asamblea-de-concejales-y-mayores-contribuyentes\/#breadcrumb\"},\"inLanguage\":\"es\",\"potentialAction\":[{\"@type\":\"ReadAction\",\"target\":[\"https:\/\/www.noticiasradioreflejos.com.ar\/2021\/informe-sesion-ordinaria-del-dia-04-05-21-y-asamblea-de-concejales-y-mayores-contribuyentes\/\"]}]},{\"@type\":\"BreadcrumbList\",\"@id\":\"https:\/\/www.noticiasradioreflejos.com.ar\/2021\/informe-sesion-ordinaria-del-dia-04-05-21-y-asamblea-de-concejales-y-mayores-contribuyentes\/#breadcrumb\",\"itemListElement\":[{\"@type\":\"ListItem\",\"position\":1,\"name\":\"Portada\",\"item\":\"https:\/\/www.noticiasradioreflejos.com.ar\/2021\/\"},{\"@type\":\"ListItem\",\"position\":2,\"name\":\"Informe sesi\u00f3n ordinaria del d\u00eda 04-05-21 y asamblea de concejales y mayores contribuyentes\"}]},{\"@type\":\"WebSite\",\"@id\":\"https:\/\/www.noticiasradioreflejos.com.ar\/2021\/#website\",\"url\":\"https:\/\/www.noticiasradioreflejos.com.ar\/2021\/\",\"name\":\"Noticias Radio Reflejos\",\"description\":\"Las noticias de mi comarca\",\"potentialAction\":[{\"@type\":\"SearchAction\",\"target\":{\"@type\":\"EntryPoint\",\"urlTemplate\":\"https:\/\/www.noticiasradioreflejos.com.ar\/2021\/?s={search_term_string}\"},\"query-input\":{\"@type\":\"PropertyValueSpecification\",\"valueRequired\":true,\"valueName\":\"search_term_string\"}}],\"inLanguage\":\"es\"},{\"@type\":\"Person\",\"@id\":\"https:\/\/www.noticiasradioreflejos.com.ar\/2021\/#\/schema\/person\/ad82545263dcc5ec0996818884fd5fb1\",\"name\":\"Arnaldo Botto\",\"image\":{\"@type\":\"ImageObject\",\"inLanguage\":\"es\",\"@id\":\"https:\/\/www.noticiasradioreflejos.com.ar\/2021\/#\/schema\/person\/image\/\",\"url\":\"https:\/\/secure.gravatar.com\/avatar\/55cb5e37c1efa326397366e6974cb338056df65cb50e7d64d1cf314e87504837?s=96&d=mm&r=g\",\"contentUrl\":\"https:\/\/secure.gravatar.com\/avatar\/55cb5e37c1efa326397366e6974cb338056df65cb50e7d64d1cf314e87504837?s=96&d=mm&r=g\",\"caption\":\"Arnaldo Botto\"},\"url\":\"https:\/\/www.noticiasradioreflejos.com.ar\/2021\/author\/arnaldo\/\"}]}<\/script>\n<!-- \/ Yoast SEO plugin. -->","yoast_head_json":{"title":"Informe sesi\u00f3n ordinaria del d\u00eda 04-05-21 y asamblea de concejales y mayores contribuyentes - Noticias Radio Reflejos","robots":{"index":"index","follow":"follow","max-snippet":"max-snippet:-1","max-image-preview":"max-image-preview:large","max-video-preview":"max-video-preview:-1"},"canonical":"https:\/\/www.noticiasradioreflejos.com.ar\/2021\/informe-sesion-ordinaria-del-dia-04-05-21-y-asamblea-de-concejales-y-mayores-contribuyentes\/","og_locale":"es_ES","og_type":"article","og_title":"Informe sesi\u00f3n ordinaria del d\u00eda 04-05-21 y asamblea de concejales y mayores contribuyentes - Noticias Radio Reflejos","og_description":"Comunicaciones Oficiales y Dict\u00e1menes de las Comisiones:","og_url":"https:\/\/www.noticiasradioreflejos.com.ar\/2021\/informe-sesion-ordinaria-del-dia-04-05-21-y-asamblea-de-concejales-y-mayores-contribuyentes\/","og_site_name":"Noticias Radio Reflejos","article_published_time":"2021-05-13T16:00:36+00:00","article_modified_time":"2021-05-13T16:01:01+00:00","og_image":[{"width":300,"height":200,"url":"https:\/\/www.noticiasradioreflejos.com.ar\/2021\/wp-content\/uploads\/2021\/07\/logosol300x200.png","type":"image\/png"}],"author":"Arnaldo Botto","twitter_card":"summary_large_image","schema":{"@context":"https:\/\/schema.org","@graph":[{"@type":"WebPage","@id":"https:\/\/www.noticiasradioreflejos.com.ar\/2021\/informe-sesion-ordinaria-del-dia-04-05-21-y-asamblea-de-concejales-y-mayores-contribuyentes\/","url":"https:\/\/www.noticiasradioreflejos.com.ar\/2021\/informe-sesion-ordinaria-del-dia-04-05-21-y-asamblea-de-concejales-y-mayores-contribuyentes\/","name":"Informe sesi\u00f3n ordinaria del d\u00eda 04-05-21 y asamblea de concejales y mayores contribuyentes - Noticias Radio Reflejos","isPartOf":{"@id":"https:\/\/www.noticiasradioreflejos.com.ar\/2021\/#website"},"datePublished":"2021-05-13T16:00:36+00:00","dateModified":"2021-05-13T16:01:01+00:00","author":{"@id":"https:\/\/www.noticiasradioreflejos.com.ar\/2021\/#\/schema\/person\/ad82545263dcc5ec0996818884fd5fb1"},"breadcrumb":{"@id":"https:\/\/www.noticiasradioreflejos.com.ar\/2021\/informe-sesion-ordinaria-del-dia-04-05-21-y-asamblea-de-concejales-y-mayores-contribuyentes\/#breadcrumb"},"inLanguage":"es","potentialAction":[{"@type":"ReadAction","target":["https:\/\/www.noticiasradioreflejos.com.ar\/2021\/informe-sesion-ordinaria-del-dia-04-05-21-y-asamblea-de-concejales-y-mayores-contribuyentes\/"]}]},{"@type":"BreadcrumbList","@id":"https:\/\/www.noticiasradioreflejos.com.ar\/2021\/informe-sesion-ordinaria-del-dia-04-05-21-y-asamblea-de-concejales-y-mayores-contribuyentes\/#breadcrumb","itemListElement":[{"@type":"ListItem","position":1,"name":"Portada","item":"https:\/\/www.noticiasradioreflejos.com.ar\/2021\/"},{"@type":"ListItem","position":2,"name":"Informe sesi\u00f3n ordinaria del d\u00eda 04-05-21 y asamblea de concejales y mayores contribuyentes"}]},{"@type":"WebSite","@id":"https:\/\/www.noticiasradioreflejos.com.ar\/2021\/#website","url":"https:\/\/www.noticiasradioreflejos.com.ar\/2021\/","name":"Noticias Radio Reflejos","description":"Las noticias de mi comarca","potentialAction":[{"@type":"SearchAction","target":{"@type":"EntryPoint","urlTemplate":"https:\/\/www.noticiasradioreflejos.com.ar\/2021\/?s={search_term_string}"},"query-input":{"@type":"PropertyValueSpecification","valueRequired":true,"valueName":"search_term_string"}}],"inLanguage":"es"},{"@type":"Person","@id":"https:\/\/www.noticiasradioreflejos.com.ar\/2021\/#\/schema\/person\/ad82545263dcc5ec0996818884fd5fb1","name":"Arnaldo Botto","image":{"@type":"ImageObject","inLanguage":"es","@id":"https:\/\/www.noticiasradioreflejos.com.ar\/2021\/#\/schema\/person\/image\/","url":"https:\/\/secure.gravatar.com\/avatar\/55cb5e37c1efa326397366e6974cb338056df65cb50e7d64d1cf314e87504837?s=96&d=mm&r=g","contentUrl":"https:\/\/secure.gravatar.com\/avatar\/55cb5e37c1efa326397366e6974cb338056df65cb50e7d64d1cf314e87504837?s=96&d=mm&r=g","caption":"Arnaldo Botto"},"url":"https:\/\/www.noticiasradioreflejos.com.ar\/2021\/author\/arnaldo\/"}]}},"_links":{"self":[{"href":"https:\/\/www.noticiasradioreflejos.com.ar\/2021\/wp-json\/wp\/v2\/posts\/56777","targetHints":{"allow":["GET"]}}],"collection":[{"href":"https:\/\/www.noticiasradioreflejos.com.ar\/2021\/wp-json\/wp\/v2\/posts"}],"about":[{"href":"https:\/\/www.noticiasradioreflejos.com.ar\/2021\/wp-json\/wp\/v2\/types\/post"}],"author":[{"embeddable":true,"href":"https:\/\/www.noticiasradioreflejos.com.ar\/2021\/wp-json\/wp\/v2\/users\/3"}],"replies":[{"embeddable":true,"href":"https:\/\/www.noticiasradioreflejos.com.ar\/2021\/wp-json\/wp\/v2\/comments?post=56777"}],"version-history":[{"count":2,"href":"https:\/\/www.noticiasradioreflejos.com.ar\/2021\/wp-json\/wp\/v2\/posts\/56777\/revisions"}],"predecessor-version":[{"id":56780,"href":"https:\/\/www.noticiasradioreflejos.com.ar\/2021\/wp-json\/wp\/v2\/posts\/56777\/revisions\/56780"}],"wp:attachment":[{"href":"https:\/\/www.noticiasradioreflejos.com.ar\/2021\/wp-json\/wp\/v2\/media?parent=56777"}],"wp:term":[{"taxonomy":"category","embeddable":true,"href":"https:\/\/www.noticiasradioreflejos.com.ar\/2021\/wp-json\/wp\/v2\/categories?post=56777"},{"taxonomy":"post_tag","embeddable":true,"href":"https:\/\/www.noticiasradioreflejos.com.ar\/2021\/wp-json\/wp\/v2\/tags?post=56777"}],"curies":[{"name":"wp","href":"https:\/\/api.w.org\/{rel}","templated":true}]}}