{"id":56774,"date":"2021-05-13T15:49:47","date_gmt":"2021-05-13T15:49:47","guid":{"rendered":"http:\/\/www.noticiasradioreflejos.com.ar\/2021\/?p=56774"},"modified":"2021-05-13T15:49:47","modified_gmt":"2021-05-13T15:49:47","slug":"soria-reabrio-un-centro-de-acceso-a-la-justicia-en-el-barrio-padre-carlos-mugica","status":"publish","type":"post","link":"https:\/\/www.noticiasradioreflejos.com.ar\/2021\/soria-reabrio-un-centro-de-acceso-a-la-justicia-en-el-barrio-padre-carlos-mugica\/","title":{"rendered":"Soria reabri\u00f3 un Centro de Acceso a la Justicia en el Barrio Padre Carlos Mugica"},"content":{"rendered":"<p>El ministro de Justicia y Derechos Humanos, Mart\u00edn Soria, reabri\u00f3 hoy el\u00a0Centro de Acceso a la Justicia (CAJ)\u00a0que funciona en el sector G\u00fcemes del Barrio Padre Carlos Mugica, quien luch\u00f3 toda su vida por mejorar la vida de la gente del barrio.<!--more--><\/p>\n<p>\u00abA 47 a\u00f1os del asesinato del Padre Mugica, vinimos a este barrio popular que fue el lugar desde donde el Padre sembr\u00f3 la fe, la solidaridad y la justicia social, para hacer un acto de reivindicaci\u00f3n, reabriendo un CAJ que el macrismo cerr\u00f3\u00bb.<\/p>\n<p><img decoding=\"async\" class=\"m_6380556421724138095image_fix CToWUd a6T\" tabindex=\"0\" src=\"https:\/\/ci5.googleusercontent.com\/proxy\/q4bh5c_enGpMf-34FYjd1VlFz8SmVX0oci9p6Dm-d6RvQ4K-ukVq0EmpjrIM9pO-t8yhs00Wavuza9GK3bUnOXyW7DdAkv16Ad2Ks_05SKimQVEP8riKY4aarQJKVK0WQqxc14HfEAexL9MOsaPg7GwqLC6YcLWEV74VCG5q-mCOGNHN5h5ex54=s0-d-e1-ft#http:\/\/mailingdnaj.jus.gob.ar\/wp-content\/uploads\/2017\/08\/185132628_4010007825758874_6221169580253049471_n-600x400.jpeg\" alt=\"\" \/><\/p>\n<p>El CAJ fue bautizado \u201cGladys Arga\u00f1araz\u201d, en homenaje a una hist\u00f3rica vecina de la Villa 31, que comandaba un comedor y muri\u00f3 el a\u00f1o pasado de coronavirus. Gladys era madre de ocho hijos. Su figura fue importante para muchos ni\u00f1os y ni\u00f1as del barrio, que acud\u00edan al comedor que abri\u00f3 en su casa y sostuvo durante treinta a\u00f1os.<\/p>\n<p>Del acto tambi\u00e9n participaron el secretario de Justicia, Juan Mart\u00edn Mena; la titular de la Direcci\u00f3n Nacional de Promoci\u00f3n y Fortalecimiento de Acceso a la Justicia, Gabriela Carpineti; el senador Mariano Recalde y las legisladoras porte\u00f1as Paula Penacca, Luc\u00eda C\u00e1mpora y Maru Bielli.<\/p>\n<p>Soria destac\u00f3 ante los legisladores, militantes barriales y vecinos y vecinas la importancia de tener un nuevo CAJ: \u201cEs importante por la poblaci\u00f3n que tiene la villa 31, por las necesidades de los vecinos y vecinas de este barrio, quienes pueden hacer desde el DNI a sus chiquitos, un asesoramiento legal gratuito o un sinf\u00edn de tr\u00e1mites\u201d, explic\u00f3 el Ministro.<\/p>\n<p><a data-flickr-embed=\"true\" data-header=\"true\" href=\"https:\/\/www.flickr.com\/photos\/182279889@N02\/51177292059\/in\/dateposted-public\/\" title=\"B\u00b0 Mujica\"><img loading=\"lazy\" decoding=\"async\" src=\"https:\/\/live.staticflickr.com\/65535\/51177292059_94c8030e95_o.jpg\" width=\"600\" height=\"400\" alt=\"B\u00b0 Mujica\"><\/a><script async src=\"\/\/embedr.flickr.com\/assets\/client-code.js\" charset=\"utf-8\"><\/script><\/p>\n<p>Los CAJ brindan servicios de atenci\u00f3n legal primaria gratuita y hay 92 oficinas distribuidas en todo el pa\u00eds. All\u00ed, equipos interdisciplinarios de profesionales asisten a los consultantes en temas de seguridad social, familia, trabajo, documentaci\u00f3n, entre otros. M\u00e1s de 145 mil personas fueron asesoradas en el acceso efectivo a sus derechos desde que comenz\u00f3 la pandemia.<\/p>\n<p>Carpineti se\u00f1al\u00f3 que en el Barrio Padre Carlos Mugica funcionan desde hoy dos CAJ que \u201cest\u00e1n trabajando alternadamente de manera presencial\u201d. \u201cLe restituimos a esta parte del barrio el Centro de Acceso a la Justicia. Los reabrimos ac\u00e1 porque es muy importante que el Estado nacional tenga presencia en las villas de la ciudad, que recupere la presencia que perdi\u00f3 durante la gesti\u00f3n anterior\u201d.<\/p>\n<p>El senador Recalde tambi\u00e9n particip\u00f3 de la apertura y record\u00f3 la fecha: \u201cLa fecha es doblemente simb\u00f3lica porque este CAJ fue inaugurado por Cristina Fern\u00e1ndez de Kirchner hace exactamente 11 a\u00f1os, en 2010. Es una fecha muy sensible para todos los argentinos y las argentinas y para los habitantes de la Villa 31\u201d.<\/p>\n<p><img loading=\"lazy\" decoding=\"async\" class=\"m_6380556421724138095image_fix CToWUd a6T\" tabindex=\"0\" src=\"https:\/\/ci5.googleusercontent.com\/proxy\/UUMbt1mFmbeXfu6R6TSit9EIFkKuo8ACIfyM5qceXjpUrttqM_obeJX6vcRka44Q44RrCbf3eANk3ZtHQOVe4qk93MDyPeum6T6r68KTZxJfOSOz1WOA7-oMUVmPKzM9=s0-d-e1-ft#http:\/\/mailingdnaj.jus.gob.ar\/wp-content\/uploads\/2017\/08\/JUS_1468-600x400.jpg\" alt=\"\" width=\"562\" height=\"371\" border=\"0\" \/><\/p>\n","protected":false},"excerpt":{"rendered":"<p>El ministro de Justicia y Derechos Humanos, Mart\u00edn Soria, reabri\u00f3 hoy el\u00a0Centro de Acceso a la Justicia (CAJ)\u00a0que funciona en el sector G\u00fcemes del Barrio Padre Carlos Mugica, quien luch\u00f3 toda su vida por mejorar la vida de la gente del barrio.<\/p>\n","protected":false},"author":3,"featured_media":0,"comment_status":"closed","ping_status":"closed","sticky":false,"template":"","format":"standard","meta":{"footnotes":""},"categories":[24],"tags":[],"class_list":["post-56774","post","type-post","status-publish","format-standard","hentry","category-politica"],"yoast_head":"<!-- This site is optimized with the Yoast SEO plugin v25.9 - https:\/\/yoast.com\/wordpress\/plugins\/seo\/ -->\n<title>Soria reabri\u00f3 un Centro de Acceso a la Justicia en el Barrio Padre Carlos Mugica - Noticias Radio Reflejos<\/title>\n<meta name=\"robots\" content=\"index, follow, max-snippet:-1, max-image-preview:large, max-video-preview:-1\" \/>\n<link rel=\"canonical\" href=\"https:\/\/www.noticiasradioreflejos.com.ar\/2021\/soria-reabrio-un-centro-de-acceso-a-la-justicia-en-el-barrio-padre-carlos-mugica\/\" \/>\n<meta property=\"og:locale\" content=\"es_ES\" \/>\n<meta property=\"og:type\" content=\"article\" \/>\n<meta property=\"og:title\" content=\"Soria reabri\u00f3 un Centro de Acceso a la Justicia en el Barrio Padre Carlos Mugica - Noticias Radio Reflejos\" \/>\n<meta property=\"og:description\" content=\"El ministro de Justicia y Derechos Humanos, Mart\u00edn Soria, reabri\u00f3 hoy el\u00a0Centro de Acceso a la Justicia (CAJ)\u00a0que funciona en el sector G\u00fcemes del Barrio Padre Carlos Mugica, quien luch\u00f3 toda su vida por mejorar la vida de la gente del barrio.\" \/>\n<meta property=\"og:url\" content=\"https:\/\/www.noticiasradioreflejos.com.ar\/2021\/soria-reabrio-un-centro-de-acceso-a-la-justicia-en-el-barrio-padre-carlos-mugica\/\" \/>\n<meta property=\"og:site_name\" content=\"Noticias Radio Reflejos\" \/>\n<meta property=\"article:published_time\" content=\"2021-05-13T15:49:47+00:00\" \/>\n<meta property=\"og:image\" content=\"https:\/\/ci5.googleusercontent.com\/proxy\/q4bh5c_enGpMf-34FYjd1VlFz8SmVX0oci9p6Dm-d6RvQ4K-ukVq0EmpjrIM9pO-t8yhs00Wavuza9GK3bUnOXyW7DdAkv16Ad2Ks_05SKimQVEP8riKY4aarQJKVK0WQqxc14HfEAexL9MOsaPg7GwqLC6YcLWEV74VCG5q-mCOGNHN5h5ex54=s0-d-e1-ft#http:\/\/mailingdnaj.jus.gob.ar\/wp-content\/uploads\/2017\/08\/185132628_4010007825758874_6221169580253049471_n-600x400.jpeg\" \/>\n<meta name=\"author\" content=\"Arnaldo Botto\" \/>\n<meta name=\"twitter:card\" content=\"summary_large_image\" \/>\n<script type=\"application\/ld+json\" class=\"yoast-schema-graph\">{\"@context\":\"https:\/\/schema.org\",\"@graph\":[{\"@type\":\"WebPage\",\"@id\":\"https:\/\/www.noticiasradioreflejos.com.ar\/2021\/soria-reabrio-un-centro-de-acceso-a-la-justicia-en-el-barrio-padre-carlos-mugica\/\",\"url\":\"https:\/\/www.noticiasradioreflejos.com.ar\/2021\/soria-reabrio-un-centro-de-acceso-a-la-justicia-en-el-barrio-padre-carlos-mugica\/\",\"name\":\"Soria reabri\u00f3 un Centro de Acceso a la Justicia en el Barrio Padre Carlos Mugica - Noticias Radio Reflejos\",\"isPartOf\":{\"@id\":\"https:\/\/www.noticiasradioreflejos.com.ar\/2021\/#website\"},\"primaryImageOfPage\":{\"@id\":\"https:\/\/www.noticiasradioreflejos.com.ar\/2021\/soria-reabrio-un-centro-de-acceso-a-la-justicia-en-el-barrio-padre-carlos-mugica\/#primaryimage\"},\"image\":{\"@id\":\"https:\/\/www.noticiasradioreflejos.com.ar\/2021\/soria-reabrio-un-centro-de-acceso-a-la-justicia-en-el-barrio-padre-carlos-mugica\/#primaryimage\"},\"thumbnailUrl\":\"https:\/\/ci5.googleusercontent.com\/proxy\/q4bh5c_enGpMf-34FYjd1VlFz8SmVX0oci9p6Dm-d6RvQ4K-ukVq0EmpjrIM9pO-t8yhs00Wavuza9GK3bUnOXyW7DdAkv16Ad2Ks_05SKimQVEP8riKY4aarQJKVK0WQqxc14HfEAexL9MOsaPg7GwqLC6YcLWEV74VCG5q-mCOGNHN5h5ex54=s0-d-e1-ft#http:\/\/mailingdnaj.jus.gob.ar\/wp-content\/uploads\/2017\/08\/185132628_4010007825758874_6221169580253049471_n-600x400.jpeg\",\"datePublished\":\"2021-05-13T15:49:47+00:00\",\"author\":{\"@id\":\"https:\/\/www.noticiasradioreflejos.com.ar\/2021\/#\/schema\/person\/ad82545263dcc5ec0996818884fd5fb1\"},\"breadcrumb\":{\"@id\":\"https:\/\/www.noticiasradioreflejos.com.ar\/2021\/soria-reabrio-un-centro-de-acceso-a-la-justicia-en-el-barrio-padre-carlos-mugica\/#breadcrumb\"},\"inLanguage\":\"es\",\"potentialAction\":[{\"@type\":\"ReadAction\",\"target\":[\"https:\/\/www.noticiasradioreflejos.com.ar\/2021\/soria-reabrio-un-centro-de-acceso-a-la-justicia-en-el-barrio-padre-carlos-mugica\/\"]}]},{\"@type\":\"ImageObject\",\"inLanguage\":\"es\",\"@id\":\"https:\/\/www.noticiasradioreflejos.com.ar\/2021\/soria-reabrio-un-centro-de-acceso-a-la-justicia-en-el-barrio-padre-carlos-mugica\/#primaryimage\",\"url\":\"https:\/\/ci5.googleusercontent.com\/proxy\/q4bh5c_enGpMf-34FYjd1VlFz8SmVX0oci9p6Dm-d6RvQ4K-ukVq0EmpjrIM9pO-t8yhs00Wavuza9GK3bUnOXyW7DdAkv16Ad2Ks_05SKimQVEP8riKY4aarQJKVK0WQqxc14HfEAexL9MOsaPg7GwqLC6YcLWEV74VCG5q-mCOGNHN5h5ex54=s0-d-e1-ft#http:\/\/mailingdnaj.jus.gob.ar\/wp-content\/uploads\/2017\/08\/185132628_4010007825758874_6221169580253049471_n-600x400.jpeg\",\"contentUrl\":\"https:\/\/ci5.googleusercontent.com\/proxy\/q4bh5c_enGpMf-34FYjd1VlFz8SmVX0oci9p6Dm-d6RvQ4K-ukVq0EmpjrIM9pO-t8yhs00Wavuza9GK3bUnOXyW7DdAkv16Ad2Ks_05SKimQVEP8riKY4aarQJKVK0WQqxc14HfEAexL9MOsaPg7GwqLC6YcLWEV74VCG5q-mCOGNHN5h5ex54=s0-d-e1-ft#http:\/\/mailingdnaj.jus.gob.ar\/wp-content\/uploads\/2017\/08\/185132628_4010007825758874_6221169580253049471_n-600x400.jpeg\"},{\"@type\":\"BreadcrumbList\",\"@id\":\"https:\/\/www.noticiasradioreflejos.com.ar\/2021\/soria-reabrio-un-centro-de-acceso-a-la-justicia-en-el-barrio-padre-carlos-mugica\/#breadcrumb\",\"itemListElement\":[{\"@type\":\"ListItem\",\"position\":1,\"name\":\"Portada\",\"item\":\"https:\/\/www.noticiasradioreflejos.com.ar\/2021\/\"},{\"@type\":\"ListItem\",\"position\":2,\"name\":\"Soria reabri\u00f3 un Centro de Acceso a la Justicia en el Barrio Padre Carlos Mugica\"}]},{\"@type\":\"WebSite\",\"@id\":\"https:\/\/www.noticiasradioreflejos.com.ar\/2021\/#website\",\"url\":\"https:\/\/www.noticiasradioreflejos.com.ar\/2021\/\",\"name\":\"Noticias Radio Reflejos\",\"description\":\"Las noticias de mi comarca\",\"potentialAction\":[{\"@type\":\"SearchAction\",\"target\":{\"@type\":\"EntryPoint\",\"urlTemplate\":\"https:\/\/www.noticiasradioreflejos.com.ar\/2021\/?s={search_term_string}\"},\"query-input\":{\"@type\":\"PropertyValueSpecification\",\"valueRequired\":true,\"valueName\":\"search_term_string\"}}],\"inLanguage\":\"es\"},{\"@type\":\"Person\",\"@id\":\"https:\/\/www.noticiasradioreflejos.com.ar\/2021\/#\/schema\/person\/ad82545263dcc5ec0996818884fd5fb1\",\"name\":\"Arnaldo Botto\",\"image\":{\"@type\":\"ImageObject\",\"inLanguage\":\"es\",\"@id\":\"https:\/\/www.noticiasradioreflejos.com.ar\/2021\/#\/schema\/person\/image\/\",\"url\":\"https:\/\/secure.gravatar.com\/avatar\/55cb5e37c1efa326397366e6974cb338056df65cb50e7d64d1cf314e87504837?s=96&d=mm&r=g\",\"contentUrl\":\"https:\/\/secure.gravatar.com\/avatar\/55cb5e37c1efa326397366e6974cb338056df65cb50e7d64d1cf314e87504837?s=96&d=mm&r=g\",\"caption\":\"Arnaldo Botto\"},\"url\":\"https:\/\/www.noticiasradioreflejos.com.ar\/2021\/author\/arnaldo\/\"}]}<\/script>\n<!-- \/ Yoast SEO plugin. -->","yoast_head_json":{"title":"Soria reabri\u00f3 un Centro de Acceso a la Justicia en el Barrio Padre Carlos Mugica - Noticias Radio Reflejos","robots":{"index":"index","follow":"follow","max-snippet":"max-snippet:-1","max-image-preview":"max-image-preview:large","max-video-preview":"max-video-preview:-1"},"canonical":"https:\/\/www.noticiasradioreflejos.com.ar\/2021\/soria-reabrio-un-centro-de-acceso-a-la-justicia-en-el-barrio-padre-carlos-mugica\/","og_locale":"es_ES","og_type":"article","og_title":"Soria reabri\u00f3 un Centro de Acceso a la Justicia en el Barrio Padre Carlos Mugica - Noticias Radio Reflejos","og_description":"El ministro de Justicia y Derechos Humanos, Mart\u00edn Soria, reabri\u00f3 hoy el\u00a0Centro de Acceso a la Justicia (CAJ)\u00a0que funciona en el sector G\u00fcemes del Barrio Padre Carlos Mugica, quien luch\u00f3 toda su vida por mejorar la vida de la gente del barrio.","og_url":"https:\/\/www.noticiasradioreflejos.com.ar\/2021\/soria-reabrio-un-centro-de-acceso-a-la-justicia-en-el-barrio-padre-carlos-mugica\/","og_site_name":"Noticias Radio Reflejos","article_published_time":"2021-05-13T15:49:47+00:00","og_image":[{"url":"https:\/\/ci5.googleusercontent.com\/proxy\/q4bh5c_enGpMf-34FYjd1VlFz8SmVX0oci9p6Dm-d6RvQ4K-ukVq0EmpjrIM9pO-t8yhs00Wavuza9GK3bUnOXyW7DdAkv16Ad2Ks_05SKimQVEP8riKY4aarQJKVK0WQqxc14HfEAexL9MOsaPg7GwqLC6YcLWEV74VCG5q-mCOGNHN5h5ex54=s0-d-e1-ft#http:\/\/mailingdnaj.jus.gob.ar\/wp-content\/uploads\/2017\/08\/185132628_4010007825758874_6221169580253049471_n-600x400.jpeg","type":"","width":"","height":""}],"author":"Arnaldo Botto","twitter_card":"summary_large_image","schema":{"@context":"https:\/\/schema.org","@graph":[{"@type":"WebPage","@id":"https:\/\/www.noticiasradioreflejos.com.ar\/2021\/soria-reabrio-un-centro-de-acceso-a-la-justicia-en-el-barrio-padre-carlos-mugica\/","url":"https:\/\/www.noticiasradioreflejos.com.ar\/2021\/soria-reabrio-un-centro-de-acceso-a-la-justicia-en-el-barrio-padre-carlos-mugica\/","name":"Soria reabri\u00f3 un Centro de Acceso a la Justicia en el Barrio Padre Carlos Mugica - Noticias Radio Reflejos","isPartOf":{"@id":"https:\/\/www.noticiasradioreflejos.com.ar\/2021\/#website"},"primaryImageOfPage":{"@id":"https:\/\/www.noticiasradioreflejos.com.ar\/2021\/soria-reabrio-un-centro-de-acceso-a-la-justicia-en-el-barrio-padre-carlos-mugica\/#primaryimage"},"image":{"@id":"https:\/\/www.noticiasradioreflejos.com.ar\/2021\/soria-reabrio-un-centro-de-acceso-a-la-justicia-en-el-barrio-padre-carlos-mugica\/#primaryimage"},"thumbnailUrl":"https:\/\/ci5.googleusercontent.com\/proxy\/q4bh5c_enGpMf-34FYjd1VlFz8SmVX0oci9p6Dm-d6RvQ4K-ukVq0EmpjrIM9pO-t8yhs00Wavuza9GK3bUnOXyW7DdAkv16Ad2Ks_05SKimQVEP8riKY4aarQJKVK0WQqxc14HfEAexL9MOsaPg7GwqLC6YcLWEV74VCG5q-mCOGNHN5h5ex54=s0-d-e1-ft#http:\/\/mailingdnaj.jus.gob.ar\/wp-content\/uploads\/2017\/08\/185132628_4010007825758874_6221169580253049471_n-600x400.jpeg","datePublished":"2021-05-13T15:49:47+00:00","author":{"@id":"https:\/\/www.noticiasradioreflejos.com.ar\/2021\/#\/schema\/person\/ad82545263dcc5ec0996818884fd5fb1"},"breadcrumb":{"@id":"https:\/\/www.noticiasradioreflejos.com.ar\/2021\/soria-reabrio-un-centro-de-acceso-a-la-justicia-en-el-barrio-padre-carlos-mugica\/#breadcrumb"},"inLanguage":"es","potentialAction":[{"@type":"ReadAction","target":["https:\/\/www.noticiasradioreflejos.com.ar\/2021\/soria-reabrio-un-centro-de-acceso-a-la-justicia-en-el-barrio-padre-carlos-mugica\/"]}]},{"@type":"ImageObject","inLanguage":"es","@id":"https:\/\/www.noticiasradioreflejos.com.ar\/2021\/soria-reabrio-un-centro-de-acceso-a-la-justicia-en-el-barrio-padre-carlos-mugica\/#primaryimage","url":"https:\/\/ci5.googleusercontent.com\/proxy\/q4bh5c_enGpMf-34FYjd1VlFz8SmVX0oci9p6Dm-d6RvQ4K-ukVq0EmpjrIM9pO-t8yhs00Wavuza9GK3bUnOXyW7DdAkv16Ad2Ks_05SKimQVEP8riKY4aarQJKVK0WQqxc14HfEAexL9MOsaPg7GwqLC6YcLWEV74VCG5q-mCOGNHN5h5ex54=s0-d-e1-ft#http:\/\/mailingdnaj.jus.gob.ar\/wp-content\/uploads\/2017\/08\/185132628_4010007825758874_6221169580253049471_n-600x400.jpeg","contentUrl":"https:\/\/ci5.googleusercontent.com\/proxy\/q4bh5c_enGpMf-34FYjd1VlFz8SmVX0oci9p6Dm-d6RvQ4K-ukVq0EmpjrIM9pO-t8yhs00Wavuza9GK3bUnOXyW7DdAkv16Ad2Ks_05SKimQVEP8riKY4aarQJKVK0WQqxc14HfEAexL9MOsaPg7GwqLC6YcLWEV74VCG5q-mCOGNHN5h5ex54=s0-d-e1-ft#http:\/\/mailingdnaj.jus.gob.ar\/wp-content\/uploads\/2017\/08\/185132628_4010007825758874_6221169580253049471_n-600x400.jpeg"},{"@type":"BreadcrumbList","@id":"https:\/\/www.noticiasradioreflejos.com.ar\/2021\/soria-reabrio-un-centro-de-acceso-a-la-justicia-en-el-barrio-padre-carlos-mugica\/#breadcrumb","itemListElement":[{"@type":"ListItem","position":1,"name":"Portada","item":"https:\/\/www.noticiasradioreflejos.com.ar\/2021\/"},{"@type":"ListItem","position":2,"name":"Soria reabri\u00f3 un Centro de Acceso a la Justicia en el Barrio Padre Carlos Mugica"}]},{"@type":"WebSite","@id":"https:\/\/www.noticiasradioreflejos.com.ar\/2021\/#website","url":"https:\/\/www.noticiasradioreflejos.com.ar\/2021\/","name":"Noticias Radio Reflejos","description":"Las noticias de mi comarca","potentialAction":[{"@type":"SearchAction","target":{"@type":"EntryPoint","urlTemplate":"https:\/\/www.noticiasradioreflejos.com.ar\/2021\/?s={search_term_string}"},"query-input":{"@type":"PropertyValueSpecification","valueRequired":true,"valueName":"search_term_string"}}],"inLanguage":"es"},{"@type":"Person","@id":"https:\/\/www.noticiasradioreflejos.com.ar\/2021\/#\/schema\/person\/ad82545263dcc5ec0996818884fd5fb1","name":"Arnaldo Botto","image":{"@type":"ImageObject","inLanguage":"es","@id":"https:\/\/www.noticiasradioreflejos.com.ar\/2021\/#\/schema\/person\/image\/","url":"https:\/\/secure.gravatar.com\/avatar\/55cb5e37c1efa326397366e6974cb338056df65cb50e7d64d1cf314e87504837?s=96&d=mm&r=g","contentUrl":"https:\/\/secure.gravatar.com\/avatar\/55cb5e37c1efa326397366e6974cb338056df65cb50e7d64d1cf314e87504837?s=96&d=mm&r=g","caption":"Arnaldo Botto"},"url":"https:\/\/www.noticiasradioreflejos.com.ar\/2021\/author\/arnaldo\/"}]}},"_links":{"self":[{"href":"https:\/\/www.noticiasradioreflejos.com.ar\/2021\/wp-json\/wp\/v2\/posts\/56774","targetHints":{"allow":["GET"]}}],"collection":[{"href":"https:\/\/www.noticiasradioreflejos.com.ar\/2021\/wp-json\/wp\/v2\/posts"}],"about":[{"href":"https:\/\/www.noticiasradioreflejos.com.ar\/2021\/wp-json\/wp\/v2\/types\/post"}],"author":[{"embeddable":true,"href":"https:\/\/www.noticiasradioreflejos.com.ar\/2021\/wp-json\/wp\/v2\/users\/3"}],"replies":[{"embeddable":true,"href":"https:\/\/www.noticiasradioreflejos.com.ar\/2021\/wp-json\/wp\/v2\/comments?post=56774"}],"version-history":[{"count":1,"href":"https:\/\/www.noticiasradioreflejos.com.ar\/2021\/wp-json\/wp\/v2\/posts\/56774\/revisions"}],"predecessor-version":[{"id":56776,"href":"https:\/\/www.noticiasradioreflejos.com.ar\/2021\/wp-json\/wp\/v2\/posts\/56774\/revisions\/56776"}],"wp:attachment":[{"href":"https:\/\/www.noticiasradioreflejos.com.ar\/2021\/wp-json\/wp\/v2\/media?parent=56774"}],"wp:term":[{"taxonomy":"category","embeddable":true,"href":"https:\/\/www.noticiasradioreflejos.com.ar\/2021\/wp-json\/wp\/v2\/categories?post=56774"},{"taxonomy":"post_tag","embeddable":true,"href":"https:\/\/www.noticiasradioreflejos.com.ar\/2021\/wp-json\/wp\/v2\/tags?post=56774"}],"curies":[{"name":"wp","href":"https:\/\/api.w.org\/{rel}","templated":true}]}}