{"id":56771,"date":"2021-05-13T15:42:04","date_gmt":"2021-05-13T15:42:04","guid":{"rendered":"http:\/\/www.noticiasradioreflejos.com.ar\/2021\/?p=56771"},"modified":"2021-05-13T15:42:04","modified_gmt":"2021-05-13T15:42:04","slug":"thea-superviso-la-compactacion-de-casi-1-300-vehiculos","status":"publish","type":"post","link":"https:\/\/www.noticiasradioreflejos.com.ar\/2021\/thea-superviso-la-compactacion-de-casi-1-300-vehiculos\/","title":{"rendered":"Thea supervis\u00f3 la compactaci\u00f3n de casi 1.300 veh\u00edculos"},"content":{"rendered":"<p><em>Son automotores judicializados o en desuso que se encontraban en dep\u00f3sitos o en la v\u00eda p\u00fablica. Se estima que en la Provincia hay 75 mil en esta situaci\u00f3n<\/em><!--more--><\/p>\n<p>El secretario general de la Provincia, Federico Thea, acompa\u00f1ado por el intendente de Malvinas Argentinas, Leonardo Nardini, supervis\u00f3 el operativo de compactaci\u00f3n de unos 1.300 veh\u00edculos que ocupaban espacio p\u00fablico en diversas zonas de ese distrito y que generaban riesgo en la poblaci\u00f3n.<\/p>\n<p>\u201cLas compactaciones tienen un efecto inmediato en la comunidad, ya que no solo la acumulaci\u00f3n de chatarra deja de apreciarse a simple vista, sino que tambi\u00e9n evita la contaminaci\u00f3n del suelo, las plagas, y la acumulaci\u00f3n de residuos\u201d, explic\u00f3 Thea quien remarc\u00f3 que \u201ces una importante gesti\u00f3n que estamos llevamos a cabo con el gobierno nacional y en conjunto con algunos municipios y que permitir\u00e1 encarar proyectos a futuro para el bienestar de los ciudadanos y ciudadanas\u201d.<\/p>\n<p>En el caso de Malvinas Argentinas, se compactar\u00e1n unos 1.283 automotores -550 municipales y 783 provinciales- que hab\u00edan sido secuestrados por las dependencias policiales del distrito o se encontraban en desuso.\u00a0 El resultante de la venta del producto final ser\u00e1 donado a entidades de bien p\u00fablico.<\/p>\n<p>El plan de compactaciones se realiza a partir del acuerdo entre la Provincia y la Naci\u00f3n en el marco del \u201cPrograma Nacional de Descontaminaci\u00f3n, compactaci\u00f3n y disposici\u00f3n final de automotores\u201d (<a href=\"http:\/\/pro.na.com\/\" data-saferedirecturl=\"https:\/\/www.google.com\/url?q=http:\/\/PRO.NA.COM&amp;source=gmail&amp;ust=1621006643078000&amp;usg=AFQjCNHYegXBcQIFruhIR4ctsLfam-GzaA\">PRO.NA.COM<\/a>) que dispone de las prensas para la realizaci\u00f3n de las tareas.\u00a0 Se estima que en territorio bonaerense existen m\u00e1s de 75.000 veh\u00edculos, autopartes y chatarra con causa penal diseminados en dep\u00f3sitos policiales o de terceros, en la v\u00eda p\u00fablica y comisar\u00edas.<\/p>\n<p>Participaron adem\u00e1s la subsecretaria de Investigaci\u00f3n Criminal y Cooperaci\u00f3n Judicial, Valentina Novick; el subsecretario de Administraci\u00f3n de la Secretar\u00eda General bonaerense, Marcelo Maff\u00e9; el director Nacional de Investigaci\u00f3n Criminal, Luca Pratti y el director de Automotores Oficiales de la Provincia, de Automotores Oficiales, Santiago Morganti.<\/p>\n","protected":false},"excerpt":{"rendered":"<p>Son automotores judicializados o en desuso que se encontraban en dep\u00f3sitos o en la v\u00eda p\u00fablica. Se estima que en la Provincia hay 75 mil en esta situaci\u00f3n<\/p>\n","protected":false},"author":3,"featured_media":0,"comment_status":"closed","ping_status":"closed","sticky":false,"template":"","format":"standard","meta":{"footnotes":""},"categories":[24],"tags":[],"class_list":["post-56771","post","type-post","status-publish","format-standard","hentry","category-politica"],"yoast_head":"<!-- This site is optimized with the Yoast SEO plugin v25.9 - https:\/\/yoast.com\/wordpress\/plugins\/seo\/ -->\n<title>Thea supervis\u00f3 la compactaci\u00f3n de casi 1.300 veh\u00edculos - Noticias Radio Reflejos<\/title>\n<meta name=\"robots\" content=\"index, follow, max-snippet:-1, max-image-preview:large, max-video-preview:-1\" \/>\n<link rel=\"canonical\" href=\"https:\/\/www.noticiasradioreflejos.com.ar\/2021\/thea-superviso-la-compactacion-de-casi-1-300-vehiculos\/\" \/>\n<meta property=\"og:locale\" content=\"es_ES\" \/>\n<meta property=\"og:type\" content=\"article\" \/>\n<meta property=\"og:title\" content=\"Thea supervis\u00f3 la compactaci\u00f3n de casi 1.300 veh\u00edculos - Noticias Radio Reflejos\" \/>\n<meta property=\"og:description\" content=\"Son automotores judicializados o en desuso que se encontraban en dep\u00f3sitos o en la v\u00eda p\u00fablica. Se estima que en la Provincia hay 75 mil en esta situaci\u00f3n\" \/>\n<meta property=\"og:url\" content=\"https:\/\/www.noticiasradioreflejos.com.ar\/2021\/thea-superviso-la-compactacion-de-casi-1-300-vehiculos\/\" \/>\n<meta property=\"og:site_name\" content=\"Noticias Radio Reflejos\" \/>\n<meta property=\"article:published_time\" content=\"2021-05-13T15:42:04+00:00\" \/>\n<meta property=\"og:image\" content=\"https:\/\/www.noticiasradioreflejos.com.ar\/2021\/wp-content\/uploads\/2021\/07\/logosol300x200.png\" \/>\n\t<meta property=\"og:image:width\" content=\"300\" \/>\n\t<meta property=\"og:image:height\" content=\"200\" \/>\n\t<meta property=\"og:image:type\" content=\"image\/png\" \/>\n<meta name=\"author\" content=\"Arnaldo Botto\" \/>\n<meta name=\"twitter:card\" content=\"summary_large_image\" \/>\n<script type=\"application\/ld+json\" class=\"yoast-schema-graph\">{\"@context\":\"https:\/\/schema.org\",\"@graph\":[{\"@type\":\"WebPage\",\"@id\":\"https:\/\/www.noticiasradioreflejos.com.ar\/2021\/thea-superviso-la-compactacion-de-casi-1-300-vehiculos\/\",\"url\":\"https:\/\/www.noticiasradioreflejos.com.ar\/2021\/thea-superviso-la-compactacion-de-casi-1-300-vehiculos\/\",\"name\":\"Thea supervis\u00f3 la compactaci\u00f3n de casi 1.300 veh\u00edculos - Noticias Radio Reflejos\",\"isPartOf\":{\"@id\":\"https:\/\/www.noticiasradioreflejos.com.ar\/2021\/#website\"},\"datePublished\":\"2021-05-13T15:42:04+00:00\",\"author\":{\"@id\":\"https:\/\/www.noticiasradioreflejos.com.ar\/2021\/#\/schema\/person\/ad82545263dcc5ec0996818884fd5fb1\"},\"breadcrumb\":{\"@id\":\"https:\/\/www.noticiasradioreflejos.com.ar\/2021\/thea-superviso-la-compactacion-de-casi-1-300-vehiculos\/#breadcrumb\"},\"inLanguage\":\"es\",\"potentialAction\":[{\"@type\":\"ReadAction\",\"target\":[\"https:\/\/www.noticiasradioreflejos.com.ar\/2021\/thea-superviso-la-compactacion-de-casi-1-300-vehiculos\/\"]}]},{\"@type\":\"BreadcrumbList\",\"@id\":\"https:\/\/www.noticiasradioreflejos.com.ar\/2021\/thea-superviso-la-compactacion-de-casi-1-300-vehiculos\/#breadcrumb\",\"itemListElement\":[{\"@type\":\"ListItem\",\"position\":1,\"name\":\"Portada\",\"item\":\"https:\/\/www.noticiasradioreflejos.com.ar\/2021\/\"},{\"@type\":\"ListItem\",\"position\":2,\"name\":\"Thea supervis\u00f3 la compactaci\u00f3n de casi 1.300 veh\u00edculos\"}]},{\"@type\":\"WebSite\",\"@id\":\"https:\/\/www.noticiasradioreflejos.com.ar\/2021\/#website\",\"url\":\"https:\/\/www.noticiasradioreflejos.com.ar\/2021\/\",\"name\":\"Noticias Radio Reflejos\",\"description\":\"Las noticias de mi comarca\",\"potentialAction\":[{\"@type\":\"SearchAction\",\"target\":{\"@type\":\"EntryPoint\",\"urlTemplate\":\"https:\/\/www.noticiasradioreflejos.com.ar\/2021\/?s={search_term_string}\"},\"query-input\":{\"@type\":\"PropertyValueSpecification\",\"valueRequired\":true,\"valueName\":\"search_term_string\"}}],\"inLanguage\":\"es\"},{\"@type\":\"Person\",\"@id\":\"https:\/\/www.noticiasradioreflejos.com.ar\/2021\/#\/schema\/person\/ad82545263dcc5ec0996818884fd5fb1\",\"name\":\"Arnaldo Botto\",\"image\":{\"@type\":\"ImageObject\",\"inLanguage\":\"es\",\"@id\":\"https:\/\/www.noticiasradioreflejos.com.ar\/2021\/#\/schema\/person\/image\/\",\"url\":\"https:\/\/secure.gravatar.com\/avatar\/55cb5e37c1efa326397366e6974cb338056df65cb50e7d64d1cf314e87504837?s=96&d=mm&r=g\",\"contentUrl\":\"https:\/\/secure.gravatar.com\/avatar\/55cb5e37c1efa326397366e6974cb338056df65cb50e7d64d1cf314e87504837?s=96&d=mm&r=g\",\"caption\":\"Arnaldo Botto\"},\"url\":\"https:\/\/www.noticiasradioreflejos.com.ar\/2021\/author\/arnaldo\/\"}]}<\/script>\n<!-- \/ Yoast SEO plugin. -->","yoast_head_json":{"title":"Thea supervis\u00f3 la compactaci\u00f3n de casi 1.300 veh\u00edculos - Noticias Radio Reflejos","robots":{"index":"index","follow":"follow","max-snippet":"max-snippet:-1","max-image-preview":"max-image-preview:large","max-video-preview":"max-video-preview:-1"},"canonical":"https:\/\/www.noticiasradioreflejos.com.ar\/2021\/thea-superviso-la-compactacion-de-casi-1-300-vehiculos\/","og_locale":"es_ES","og_type":"article","og_title":"Thea supervis\u00f3 la compactaci\u00f3n de casi 1.300 veh\u00edculos - Noticias Radio Reflejos","og_description":"Son automotores judicializados o en desuso que se encontraban en dep\u00f3sitos o en la v\u00eda p\u00fablica. Se estima que en la Provincia hay 75 mil en esta situaci\u00f3n","og_url":"https:\/\/www.noticiasradioreflejos.com.ar\/2021\/thea-superviso-la-compactacion-de-casi-1-300-vehiculos\/","og_site_name":"Noticias Radio Reflejos","article_published_time":"2021-05-13T15:42:04+00:00","og_image":[{"width":300,"height":200,"url":"https:\/\/www.noticiasradioreflejos.com.ar\/2021\/wp-content\/uploads\/2021\/07\/logosol300x200.png","type":"image\/png"}],"author":"Arnaldo Botto","twitter_card":"summary_large_image","schema":{"@context":"https:\/\/schema.org","@graph":[{"@type":"WebPage","@id":"https:\/\/www.noticiasradioreflejos.com.ar\/2021\/thea-superviso-la-compactacion-de-casi-1-300-vehiculos\/","url":"https:\/\/www.noticiasradioreflejos.com.ar\/2021\/thea-superviso-la-compactacion-de-casi-1-300-vehiculos\/","name":"Thea supervis\u00f3 la compactaci\u00f3n de casi 1.300 veh\u00edculos - Noticias Radio Reflejos","isPartOf":{"@id":"https:\/\/www.noticiasradioreflejos.com.ar\/2021\/#website"},"datePublished":"2021-05-13T15:42:04+00:00","author":{"@id":"https:\/\/www.noticiasradioreflejos.com.ar\/2021\/#\/schema\/person\/ad82545263dcc5ec0996818884fd5fb1"},"breadcrumb":{"@id":"https:\/\/www.noticiasradioreflejos.com.ar\/2021\/thea-superviso-la-compactacion-de-casi-1-300-vehiculos\/#breadcrumb"},"inLanguage":"es","potentialAction":[{"@type":"ReadAction","target":["https:\/\/www.noticiasradioreflejos.com.ar\/2021\/thea-superviso-la-compactacion-de-casi-1-300-vehiculos\/"]}]},{"@type":"BreadcrumbList","@id":"https:\/\/www.noticiasradioreflejos.com.ar\/2021\/thea-superviso-la-compactacion-de-casi-1-300-vehiculos\/#breadcrumb","itemListElement":[{"@type":"ListItem","position":1,"name":"Portada","item":"https:\/\/www.noticiasradioreflejos.com.ar\/2021\/"},{"@type":"ListItem","position":2,"name":"Thea supervis\u00f3 la compactaci\u00f3n de casi 1.300 veh\u00edculos"}]},{"@type":"WebSite","@id":"https:\/\/www.noticiasradioreflejos.com.ar\/2021\/#website","url":"https:\/\/www.noticiasradioreflejos.com.ar\/2021\/","name":"Noticias Radio Reflejos","description":"Las noticias de mi comarca","potentialAction":[{"@type":"SearchAction","target":{"@type":"EntryPoint","urlTemplate":"https:\/\/www.noticiasradioreflejos.com.ar\/2021\/?s={search_term_string}"},"query-input":{"@type":"PropertyValueSpecification","valueRequired":true,"valueName":"search_term_string"}}],"inLanguage":"es"},{"@type":"Person","@id":"https:\/\/www.noticiasradioreflejos.com.ar\/2021\/#\/schema\/person\/ad82545263dcc5ec0996818884fd5fb1","name":"Arnaldo Botto","image":{"@type":"ImageObject","inLanguage":"es","@id":"https:\/\/www.noticiasradioreflejos.com.ar\/2021\/#\/schema\/person\/image\/","url":"https:\/\/secure.gravatar.com\/avatar\/55cb5e37c1efa326397366e6974cb338056df65cb50e7d64d1cf314e87504837?s=96&d=mm&r=g","contentUrl":"https:\/\/secure.gravatar.com\/avatar\/55cb5e37c1efa326397366e6974cb338056df65cb50e7d64d1cf314e87504837?s=96&d=mm&r=g","caption":"Arnaldo Botto"},"url":"https:\/\/www.noticiasradioreflejos.com.ar\/2021\/author\/arnaldo\/"}]}},"_links":{"self":[{"href":"https:\/\/www.noticiasradioreflejos.com.ar\/2021\/wp-json\/wp\/v2\/posts\/56771","targetHints":{"allow":["GET"]}}],"collection":[{"href":"https:\/\/www.noticiasradioreflejos.com.ar\/2021\/wp-json\/wp\/v2\/posts"}],"about":[{"href":"https:\/\/www.noticiasradioreflejos.com.ar\/2021\/wp-json\/wp\/v2\/types\/post"}],"author":[{"embeddable":true,"href":"https:\/\/www.noticiasradioreflejos.com.ar\/2021\/wp-json\/wp\/v2\/users\/3"}],"replies":[{"embeddable":true,"href":"https:\/\/www.noticiasradioreflejos.com.ar\/2021\/wp-json\/wp\/v2\/comments?post=56771"}],"version-history":[{"count":1,"href":"https:\/\/www.noticiasradioreflejos.com.ar\/2021\/wp-json\/wp\/v2\/posts\/56771\/revisions"}],"predecessor-version":[{"id":56773,"href":"https:\/\/www.noticiasradioreflejos.com.ar\/2021\/wp-json\/wp\/v2\/posts\/56771\/revisions\/56773"}],"wp:attachment":[{"href":"https:\/\/www.noticiasradioreflejos.com.ar\/2021\/wp-json\/wp\/v2\/media?parent=56771"}],"wp:term":[{"taxonomy":"category","embeddable":true,"href":"https:\/\/www.noticiasradioreflejos.com.ar\/2021\/wp-json\/wp\/v2\/categories?post=56771"},{"taxonomy":"post_tag","embeddable":true,"href":"https:\/\/www.noticiasradioreflejos.com.ar\/2021\/wp-json\/wp\/v2\/tags?post=56771"}],"curies":[{"name":"wp","href":"https:\/\/api.w.org\/{rel}","templated":true}]}}