{"id":56768,"date":"2021-05-13T15:36:59","date_gmt":"2021-05-13T15:36:59","guid":{"rendered":"http:\/\/www.noticiasradioreflejos.com.ar\/2021\/?p=56768"},"modified":"2021-05-13T15:36:59","modified_gmt":"2021-05-13T15:36:59","slug":"israel-intensifica-su-ofensiva-en-gaza-mientras-enfrenta-una-ola-de-violencia-interna","status":"publish","type":"post","link":"https:\/\/www.noticiasradioreflejos.com.ar\/2021\/israel-intensifica-su-ofensiva-en-gaza-mientras-enfrenta-una-ola-de-violencia-interna\/","title":{"rendered":"Israel intensifica su ofensiva en Gaza mientras enfrenta una ola de violencia interna"},"content":{"rendered":"<div class=\"head-content\">\n<p>El Ministerio de Salud de Gaza elev\u00f3 a 83 la cifra de palestinos muertos, entre ellos 17 ni\u00f1os, y a 487 la de heridos en cuatro d\u00edas de ataques a\u00e9reos israel\u00edes en la franja costera, en la mayor escalada desde una gran ofensiva israel\u00ed contra la regi\u00f3n en 2014.<\/p>\n<\/div>\n<p><!--more--><\/p>\n<div class=\"main-content-block\">\n<div class=\"main-box clearfix\">\n<div class=\"wrapper-main-section clearfix\">\n<div class=\"wrapper-editable-content\">\n<div class=\"editable-content clearfix\">\n<div id=\"image\" class=\"image\">Los palestinos celebraban este jueves un amargo fin del mes sagrado isl\u00e1mico de Ramad\u00e1n, mientras Israel y Hamas intercambiaban m\u00e1s ataques con cohetes y bombardeos desde y contra Gaza y en Israel se extend\u00eda la violencia entre ciudadanos jud\u00edos y palestinos.<\/div>\n<p>El Ministerio de Salud de Gaza elev\u00f3 a 83 la cifra de palestinos muertos, entre ellos 17 ni\u00f1os, y a 487 la de heridos en cuatro d\u00edas de ataques a\u00e9reos israel\u00edes en la franja costera, en la mayor escalada desde una gran ofensiva israel\u00ed contra la regi\u00f3n en 2014.<\/p>\n<p>Voceros militares israel\u00edes dijeron que\u00a0<strong><a href=\"https:\/\/www.telam.com.ar\/notas\/202105\/553934-israel-palestina-gaza-guerra.html\" target=\"_blank\" rel=\"noopener\">la aviaci\u00f3n bombarde\u00f3 Gaza m\u00e1s de 600 veces desde el lunes\u00a0<\/a><\/strong>y que los movimientos armados palestinos Hamas y Yihad Isl\u00e1mica lanzaron m\u00e1s de 1.600 cohetes hacia Israel en ese mismo periodo.<\/p>\n<p>Siete israel\u00edes murieron hasta ahora por los cohetes, entre ellos un ni\u00f1o de seis a\u00f1os y un soldado que fue alcanzado por un misil antitanque.<\/p>\n<div id=\"image\" class=\"image\">\n<p><img decoding=\"async\" title=\"Esta es la mayor escalada desde una gran ofensiva israel\u00ed contra la regi\u00f3n en 2014\" src=\"https:\/\/www.telam.com.ar\/advf\/imagenes\/2021\/05\/609d16ddd2778_1004x565.jpg\" alt=\"Esta es la mayor escalada desde una gran ofensiva israel\u00ed contra la regi\u00f3n en 2014\" \/><\/p>\n<div class=\"epigrafe\">Esta es la mayor escalada desde una gran ofensiva israel\u00ed contra la regi\u00f3n en 2014<\/div>\n<\/div>\n<p>La violencia se ha extendido en Israel como nunca antes desde el levantamiento o Intifada palestina de 2000, con una explosi\u00f3n de choques intercomunitarios que abre un nuevo frente que se suma al de Gaza y constituye una seria amenaza a la paz interna del pa\u00eds.<\/p>\n<p>Palestinos de nacionalidad israel\u00ed e israel\u00edes jud\u00edos est\u00e1n recorriendo las calles desbocados, atac\u00e1ndose entre s\u00ed e incendiado propiedades y autos, lo que oblig\u00f3 al Gobierno a cancelar o desviar vuelos desde el aeropuerto de Tel Aviv.<\/p>\n<p>Mientras que la violencia estuvo mayormente confinada a Gaza en las tres ofensivas previas que Israel lanz\u00f3 contra Hamas en Gaza desde 2007, esta vez -que como la Intifada, comenz\u00f3 en Jerusal\u00e9n- est\u00e1 repercutiendo mucho m\u00e1s all\u00e1 de la regi\u00f3n palestina.<\/p>\n<p>Desde que comenzaron las hostilidades a trav\u00e9s de la frontera entre Gaza e Israel, el lunes, la aviaci\u00f3n israel\u00ed derrib\u00f3 ya tres edificios de departamentos en los que, seg\u00fan dijo, hab\u00eda instalaciones de Hamas, luego de advertir a los civiles que los evacuaran.<\/p>\n<div id=\"image\" class=\"image\">\n<p><img decoding=\"async\" title=\"Esta es la mayor escalada desde una gran ofensiva israel\u00ed contra la regi\u00f3n en 2014\" src=\"https:\/\/www.telam.com.ar\/advf\/imagenes\/2021\/05\/609d16ddcb2bb_1004x565.jpg\" alt=\"Esta es la mayor escalada desde una gran ofensiva israel\u00ed contra la regi\u00f3n en 2014\" \/><\/p>\n<div class=\"epigrafe\">Esta es la mayor escalada desde una gran ofensiva israel\u00ed contra la regi\u00f3n en 2014<\/div>\n<\/div>\n<p>Yihad Isl\u00e1mica dijo que siete de sus milicianos murieron, mientras que Hamas admiti\u00f3 que uno de sus principales comandantes y varios jefes de su brazo armado tambi\u00e9n fueron muertos en los ataques a\u00e9reos israel\u00edes.<\/p>\n<p>Los palestinos celebran el Eid al-Fitr, que marca el fin del mes sagrado isl\u00e1mico de ayuno y oraci\u00f3n del Ramad\u00e1n, una ocasi\u00f3n en la que las familias salen a hacer compras antes de reunirse por la noche para comer.<\/p>\n<p>En su lugar, Hamas urgi\u00f3 a los fieles a celebrar las oraciones del Eid dentro de sus casas o en la mezquita m\u00e1s cercana, en lugar de al aire libre, como es la tradici\u00f3n.<\/p>\n<p>Aunque la ONU y funcionarios egipcios dijeron que hab\u00eda esfuerzos en curso para lograr una tregua, a\u00fan no hab\u00eda signos de progresos.<\/p>\n<p>&nbsp;<\/p>\n<p><iframe loading=\"lazy\" title=\"YouTube video player\" src=\"https:\/\/www.youtube.com\/embed\/RlFOXGSYScY\" width=\"560\" height=\"315\" frameborder=\"0\" allowfullscreen=\"allowfullscreen\"><\/iframe><\/p>\n<p>&nbsp;<\/p>\n<p>Por el contrario, el gabinete de seguridad del primer ministro israel\u00ed, Benjamin Netanyahu, autoriz\u00f3 la noche del mi\u00e9rcoles una ampliaci\u00f3n de la ofensiva contra Gaza, informaron Canal 12 y otros medios israel\u00edes.<\/p>\n<p>La ofensiva comenz\u00f3 luego de varios d\u00edas de violencia en la Ciudad Vieja de Jerusal\u00e9n este, donde palestinos se enfrentaron con colonos y fieles jud\u00edos y con la polic\u00eda israel\u00ed, incluyendo en la mezquita de Al Aqsa, el tercer lugar m\u00e1s sagrado del islam.<\/p>\n<p>Los choques en Jerusal\u00e9n y la ofensiva en Gaza provocaron, a su vez, enfrentamientos en Israel entre su poblaci\u00f3n jud\u00eda y su minor\u00eda de origen palestino, que constituye el 20% de la poblaci\u00f3n del pa\u00eds, que no se ve\u00edan hace m\u00e1s de dos d\u00e9cadas.<\/p>\n<blockquote><p>Al menos 374 personas fueron detenidas y 36 polic\u00edas heridos por la violencia intercomunitaria en Israel<\/p><\/blockquote>\n<p>Netanyahu calific\u00f3 la violencia en las ciudades israel\u00edes de \u00abanarqu\u00eda\u00bb y de intolerable\u00bb y dijo que estaba preparado para combatirla con \u00abpu\u00f1o de hierro\u00bb si fuera necesario, incluyendo con un masivo e in\u00e9dito despliegue militar.<\/p>\n<p>Pero los enfrentamientos no se detuvieron, y la noche del mi\u00e9rcoles grupos palestinos-isreal\u00edes e israel\u00edes libraron peque\u00f1as batallas entre s\u00ed y contra la polic\u00eda en la ciudad central de Lod, pese a un estado de emergencia y un toque de queda nocturno.<\/p>\n<p>Esta ma\u00f1ana, un hombre jud\u00edo fue apu\u00f1alado en Lod, y su mujer dijo que fue atacado por un grupo de \u00ab\u00e1rabes\u00bb que gritaba \u00abAl\u00e1 es el m\u00e1s grande\u00bb.<\/p>\n<p>La polic\u00eda dijo que dos personas fueron baleadas en la ciudad en otro hecho. En Jerusal\u00e9n, un palestino-israel\u00ed fue apu\u00f1alado en un mercado.<\/p>\n<p>La noche del mi\u00e9rcoles, palestinos israel\u00edes hirieron de gravedad a un hombre jud\u00edo al que golpearon en la norte\u00f1a ciudad de Acre y jud\u00edos intentaron linchar a un palestino-israel\u00ed en Bat Yam, al sur de Tel Aviv.<\/p>\n<p>Al menos 374 personas fueron detenidas y 36 polic\u00edas heridos por la violencia intercomunitaria en Israel, inform\u00f3 la polic\u00eda.<\/p>\n<\/div>\n<\/div>\n<div class=\"wrapper-tags\">\n<div class=\"tags-bar clearfix\"><\/div>\n<\/div>\n<\/div>\n<\/div>\n<\/div>\n","protected":false},"excerpt":{"rendered":"<p>El Ministerio de Salud de Gaza elev\u00f3 a 83 la cifra de palestinos muertos, entre ellos 17 ni\u00f1os, y a 487 la de heridos en cuatro d\u00edas de ataques a\u00e9reos israel\u00edes en la franja costera, en la mayor escalada desde una gran ofensiva israel\u00ed contra la regi\u00f3n en 2014.<\/p>\n","protected":false},"author":3,"featured_media":0,"comment_status":"closed","ping_status":"closed","sticky":false,"template":"","format":"standard","meta":{"footnotes":""},"categories":[24],"tags":[],"class_list":["post-56768","post","type-post","status-publish","format-standard","hentry","category-politica"],"yoast_head":"<!-- This site is optimized with the Yoast SEO plugin v25.9 - https:\/\/yoast.com\/wordpress\/plugins\/seo\/ -->\n<title>Israel intensifica su ofensiva en Gaza mientras enfrenta una ola de violencia interna - Noticias Radio Reflejos<\/title>\n<meta name=\"robots\" content=\"index, follow, max-snippet:-1, max-image-preview:large, max-video-preview:-1\" \/>\n<link rel=\"canonical\" href=\"https:\/\/www.noticiasradioreflejos.com.ar\/2021\/israel-intensifica-su-ofensiva-en-gaza-mientras-enfrenta-una-ola-de-violencia-interna\/\" \/>\n<meta property=\"og:locale\" content=\"es_ES\" \/>\n<meta property=\"og:type\" content=\"article\" \/>\n<meta property=\"og:title\" content=\"Israel intensifica su ofensiva en Gaza mientras enfrenta una ola de violencia interna - Noticias Radio Reflejos\" \/>\n<meta property=\"og:description\" content=\"El Ministerio de Salud de Gaza elev\u00f3 a 83 la cifra de palestinos muertos, entre ellos 17 ni\u00f1os, y a 487 la de heridos en cuatro d\u00edas de ataques a\u00e9reos israel\u00edes en la franja costera, en la mayor escalada desde una gran ofensiva israel\u00ed contra la regi\u00f3n en 2014.\" \/>\n<meta property=\"og:url\" content=\"https:\/\/www.noticiasradioreflejos.com.ar\/2021\/israel-intensifica-su-ofensiva-en-gaza-mientras-enfrenta-una-ola-de-violencia-interna\/\" \/>\n<meta property=\"og:site_name\" content=\"Noticias Radio Reflejos\" \/>\n<meta property=\"article:published_time\" content=\"2021-05-13T15:36:59+00:00\" \/>\n<meta property=\"og:image\" content=\"https:\/\/www.telam.com.ar\/advf\/imagenes\/2021\/05\/609d16ddd2778_1004x565.jpg\" \/>\n<meta name=\"author\" content=\"Arnaldo Botto\" \/>\n<meta name=\"twitter:card\" content=\"summary_large_image\" \/>\n<script type=\"application\/ld+json\" class=\"yoast-schema-graph\">{\"@context\":\"https:\/\/schema.org\",\"@graph\":[{\"@type\":\"WebPage\",\"@id\":\"https:\/\/www.noticiasradioreflejos.com.ar\/2021\/israel-intensifica-su-ofensiva-en-gaza-mientras-enfrenta-una-ola-de-violencia-interna\/\",\"url\":\"https:\/\/www.noticiasradioreflejos.com.ar\/2021\/israel-intensifica-su-ofensiva-en-gaza-mientras-enfrenta-una-ola-de-violencia-interna\/\",\"name\":\"Israel intensifica su ofensiva en Gaza mientras enfrenta una ola de violencia interna - Noticias Radio Reflejos\",\"isPartOf\":{\"@id\":\"https:\/\/www.noticiasradioreflejos.com.ar\/2021\/#website\"},\"primaryImageOfPage\":{\"@id\":\"https:\/\/www.noticiasradioreflejos.com.ar\/2021\/israel-intensifica-su-ofensiva-en-gaza-mientras-enfrenta-una-ola-de-violencia-interna\/#primaryimage\"},\"image\":{\"@id\":\"https:\/\/www.noticiasradioreflejos.com.ar\/2021\/israel-intensifica-su-ofensiva-en-gaza-mientras-enfrenta-una-ola-de-violencia-interna\/#primaryimage\"},\"thumbnailUrl\":\"https:\/\/www.telam.com.ar\/advf\/imagenes\/2021\/05\/609d16ddd2778_1004x565.jpg\",\"datePublished\":\"2021-05-13T15:36:59+00:00\",\"author\":{\"@id\":\"https:\/\/www.noticiasradioreflejos.com.ar\/2021\/#\/schema\/person\/ad82545263dcc5ec0996818884fd5fb1\"},\"breadcrumb\":{\"@id\":\"https:\/\/www.noticiasradioreflejos.com.ar\/2021\/israel-intensifica-su-ofensiva-en-gaza-mientras-enfrenta-una-ola-de-violencia-interna\/#breadcrumb\"},\"inLanguage\":\"es\",\"potentialAction\":[{\"@type\":\"ReadAction\",\"target\":[\"https:\/\/www.noticiasradioreflejos.com.ar\/2021\/israel-intensifica-su-ofensiva-en-gaza-mientras-enfrenta-una-ola-de-violencia-interna\/\"]}]},{\"@type\":\"ImageObject\",\"inLanguage\":\"es\",\"@id\":\"https:\/\/www.noticiasradioreflejos.com.ar\/2021\/israel-intensifica-su-ofensiva-en-gaza-mientras-enfrenta-una-ola-de-violencia-interna\/#primaryimage\",\"url\":\"https:\/\/www.telam.com.ar\/advf\/imagenes\/2021\/05\/609d16ddd2778_1004x565.jpg\",\"contentUrl\":\"https:\/\/www.telam.com.ar\/advf\/imagenes\/2021\/05\/609d16ddd2778_1004x565.jpg\"},{\"@type\":\"BreadcrumbList\",\"@id\":\"https:\/\/www.noticiasradioreflejos.com.ar\/2021\/israel-intensifica-su-ofensiva-en-gaza-mientras-enfrenta-una-ola-de-violencia-interna\/#breadcrumb\",\"itemListElement\":[{\"@type\":\"ListItem\",\"position\":1,\"name\":\"Portada\",\"item\":\"https:\/\/www.noticiasradioreflejos.com.ar\/2021\/\"},{\"@type\":\"ListItem\",\"position\":2,\"name\":\"Israel intensifica su ofensiva en Gaza mientras enfrenta una ola de violencia interna\"}]},{\"@type\":\"WebSite\",\"@id\":\"https:\/\/www.noticiasradioreflejos.com.ar\/2021\/#website\",\"url\":\"https:\/\/www.noticiasradioreflejos.com.ar\/2021\/\",\"name\":\"Noticias Radio Reflejos\",\"description\":\"Las noticias de mi comarca\",\"potentialAction\":[{\"@type\":\"SearchAction\",\"target\":{\"@type\":\"EntryPoint\",\"urlTemplate\":\"https:\/\/www.noticiasradioreflejos.com.ar\/2021\/?s={search_term_string}\"},\"query-input\":{\"@type\":\"PropertyValueSpecification\",\"valueRequired\":true,\"valueName\":\"search_term_string\"}}],\"inLanguage\":\"es\"},{\"@type\":\"Person\",\"@id\":\"https:\/\/www.noticiasradioreflejos.com.ar\/2021\/#\/schema\/person\/ad82545263dcc5ec0996818884fd5fb1\",\"name\":\"Arnaldo Botto\",\"image\":{\"@type\":\"ImageObject\",\"inLanguage\":\"es\",\"@id\":\"https:\/\/www.noticiasradioreflejos.com.ar\/2021\/#\/schema\/person\/image\/\",\"url\":\"https:\/\/secure.gravatar.com\/avatar\/55cb5e37c1efa326397366e6974cb338056df65cb50e7d64d1cf314e87504837?s=96&d=mm&r=g\",\"contentUrl\":\"https:\/\/secure.gravatar.com\/avatar\/55cb5e37c1efa326397366e6974cb338056df65cb50e7d64d1cf314e87504837?s=96&d=mm&r=g\",\"caption\":\"Arnaldo Botto\"},\"url\":\"https:\/\/www.noticiasradioreflejos.com.ar\/2021\/author\/arnaldo\/\"}]}<\/script>\n<!-- \/ Yoast SEO plugin. -->","yoast_head_json":{"title":"Israel intensifica su ofensiva en Gaza mientras enfrenta una ola de violencia interna - Noticias Radio Reflejos","robots":{"index":"index","follow":"follow","max-snippet":"max-snippet:-1","max-image-preview":"max-image-preview:large","max-video-preview":"max-video-preview:-1"},"canonical":"https:\/\/www.noticiasradioreflejos.com.ar\/2021\/israel-intensifica-su-ofensiva-en-gaza-mientras-enfrenta-una-ola-de-violencia-interna\/","og_locale":"es_ES","og_type":"article","og_title":"Israel intensifica su ofensiva en Gaza mientras enfrenta una ola de violencia interna - Noticias Radio Reflejos","og_description":"El Ministerio de Salud de Gaza elev\u00f3 a 83 la cifra de palestinos muertos, entre ellos 17 ni\u00f1os, y a 487 la de heridos en cuatro d\u00edas de ataques a\u00e9reos israel\u00edes en la franja costera, en la mayor escalada desde una gran ofensiva israel\u00ed contra la regi\u00f3n en 2014.","og_url":"https:\/\/www.noticiasradioreflejos.com.ar\/2021\/israel-intensifica-su-ofensiva-en-gaza-mientras-enfrenta-una-ola-de-violencia-interna\/","og_site_name":"Noticias Radio Reflejos","article_published_time":"2021-05-13T15:36:59+00:00","og_image":[{"url":"https:\/\/www.telam.com.ar\/advf\/imagenes\/2021\/05\/609d16ddd2778_1004x565.jpg","type":"","width":"","height":""}],"author":"Arnaldo Botto","twitter_card":"summary_large_image","schema":{"@context":"https:\/\/schema.org","@graph":[{"@type":"WebPage","@id":"https:\/\/www.noticiasradioreflejos.com.ar\/2021\/israel-intensifica-su-ofensiva-en-gaza-mientras-enfrenta-una-ola-de-violencia-interna\/","url":"https:\/\/www.noticiasradioreflejos.com.ar\/2021\/israel-intensifica-su-ofensiva-en-gaza-mientras-enfrenta-una-ola-de-violencia-interna\/","name":"Israel intensifica su ofensiva en Gaza mientras enfrenta una ola de violencia interna - Noticias Radio Reflejos","isPartOf":{"@id":"https:\/\/www.noticiasradioreflejos.com.ar\/2021\/#website"},"primaryImageOfPage":{"@id":"https:\/\/www.noticiasradioreflejos.com.ar\/2021\/israel-intensifica-su-ofensiva-en-gaza-mientras-enfrenta-una-ola-de-violencia-interna\/#primaryimage"},"image":{"@id":"https:\/\/www.noticiasradioreflejos.com.ar\/2021\/israel-intensifica-su-ofensiva-en-gaza-mientras-enfrenta-una-ola-de-violencia-interna\/#primaryimage"},"thumbnailUrl":"https:\/\/www.telam.com.ar\/advf\/imagenes\/2021\/05\/609d16ddd2778_1004x565.jpg","datePublished":"2021-05-13T15:36:59+00:00","author":{"@id":"https:\/\/www.noticiasradioreflejos.com.ar\/2021\/#\/schema\/person\/ad82545263dcc5ec0996818884fd5fb1"},"breadcrumb":{"@id":"https:\/\/www.noticiasradioreflejos.com.ar\/2021\/israel-intensifica-su-ofensiva-en-gaza-mientras-enfrenta-una-ola-de-violencia-interna\/#breadcrumb"},"inLanguage":"es","potentialAction":[{"@type":"ReadAction","target":["https:\/\/www.noticiasradioreflejos.com.ar\/2021\/israel-intensifica-su-ofensiva-en-gaza-mientras-enfrenta-una-ola-de-violencia-interna\/"]}]},{"@type":"ImageObject","inLanguage":"es","@id":"https:\/\/www.noticiasradioreflejos.com.ar\/2021\/israel-intensifica-su-ofensiva-en-gaza-mientras-enfrenta-una-ola-de-violencia-interna\/#primaryimage","url":"https:\/\/www.telam.com.ar\/advf\/imagenes\/2021\/05\/609d16ddd2778_1004x565.jpg","contentUrl":"https:\/\/www.telam.com.ar\/advf\/imagenes\/2021\/05\/609d16ddd2778_1004x565.jpg"},{"@type":"BreadcrumbList","@id":"https:\/\/www.noticiasradioreflejos.com.ar\/2021\/israel-intensifica-su-ofensiva-en-gaza-mientras-enfrenta-una-ola-de-violencia-interna\/#breadcrumb","itemListElement":[{"@type":"ListItem","position":1,"name":"Portada","item":"https:\/\/www.noticiasradioreflejos.com.ar\/2021\/"},{"@type":"ListItem","position":2,"name":"Israel intensifica su ofensiva en Gaza mientras enfrenta una ola de violencia interna"}]},{"@type":"WebSite","@id":"https:\/\/www.noticiasradioreflejos.com.ar\/2021\/#website","url":"https:\/\/www.noticiasradioreflejos.com.ar\/2021\/","name":"Noticias Radio Reflejos","description":"Las noticias de mi comarca","potentialAction":[{"@type":"SearchAction","target":{"@type":"EntryPoint","urlTemplate":"https:\/\/www.noticiasradioreflejos.com.ar\/2021\/?s={search_term_string}"},"query-input":{"@type":"PropertyValueSpecification","valueRequired":true,"valueName":"search_term_string"}}],"inLanguage":"es"},{"@type":"Person","@id":"https:\/\/www.noticiasradioreflejos.com.ar\/2021\/#\/schema\/person\/ad82545263dcc5ec0996818884fd5fb1","name":"Arnaldo Botto","image":{"@type":"ImageObject","inLanguage":"es","@id":"https:\/\/www.noticiasradioreflejos.com.ar\/2021\/#\/schema\/person\/image\/","url":"https:\/\/secure.gravatar.com\/avatar\/55cb5e37c1efa326397366e6974cb338056df65cb50e7d64d1cf314e87504837?s=96&d=mm&r=g","contentUrl":"https:\/\/secure.gravatar.com\/avatar\/55cb5e37c1efa326397366e6974cb338056df65cb50e7d64d1cf314e87504837?s=96&d=mm&r=g","caption":"Arnaldo Botto"},"url":"https:\/\/www.noticiasradioreflejos.com.ar\/2021\/author\/arnaldo\/"}]}},"_links":{"self":[{"href":"https:\/\/www.noticiasradioreflejos.com.ar\/2021\/wp-json\/wp\/v2\/posts\/56768","targetHints":{"allow":["GET"]}}],"collection":[{"href":"https:\/\/www.noticiasradioreflejos.com.ar\/2021\/wp-json\/wp\/v2\/posts"}],"about":[{"href":"https:\/\/www.noticiasradioreflejos.com.ar\/2021\/wp-json\/wp\/v2\/types\/post"}],"author":[{"embeddable":true,"href":"https:\/\/www.noticiasradioreflejos.com.ar\/2021\/wp-json\/wp\/v2\/users\/3"}],"replies":[{"embeddable":true,"href":"https:\/\/www.noticiasradioreflejos.com.ar\/2021\/wp-json\/wp\/v2\/comments?post=56768"}],"version-history":[{"count":1,"href":"https:\/\/www.noticiasradioreflejos.com.ar\/2021\/wp-json\/wp\/v2\/posts\/56768\/revisions"}],"predecessor-version":[{"id":56770,"href":"https:\/\/www.noticiasradioreflejos.com.ar\/2021\/wp-json\/wp\/v2\/posts\/56768\/revisions\/56770"}],"wp:attachment":[{"href":"https:\/\/www.noticiasradioreflejos.com.ar\/2021\/wp-json\/wp\/v2\/media?parent=56768"}],"wp:term":[{"taxonomy":"category","embeddable":true,"href":"https:\/\/www.noticiasradioreflejos.com.ar\/2021\/wp-json\/wp\/v2\/categories?post=56768"},{"taxonomy":"post_tag","embeddable":true,"href":"https:\/\/www.noticiasradioreflejos.com.ar\/2021\/wp-json\/wp\/v2\/tags?post=56768"}],"curies":[{"name":"wp","href":"https:\/\/api.w.org\/{rel}","templated":true}]}}