{"id":56760,"date":"2021-05-13T15:20:55","date_gmt":"2021-05-13T15:20:55","guid":{"rendered":"http:\/\/www.noticiasradioreflejos.com.ar\/2021\/?p=56760"},"modified":"2021-05-13T15:20:55","modified_gmt":"2021-05-13T15:20:55","slug":"comenzo-la-pavimentacion-de-las-calles-frontini-y-ernesto-tornquist-de-sierra-de-la-ventana","status":"publish","type":"post","link":"https:\/\/www.noticiasradioreflejos.com.ar\/2021\/comenzo-la-pavimentacion-de-las-calles-frontini-y-ernesto-tornquist-de-sierra-de-la-ventana\/","title":{"rendered":"Comenz\u00f3 la pavimentaci\u00f3n de las calles Frontini y Ernesto Tornquist de Sierra de la Ventana"},"content":{"rendered":"<p>El intendente municipal, Sergio Bordoni, recorri\u00f3 este mi\u00e9rcoles la obra de pavimentaci\u00f3n de Sierra de la Ventana, que se ejecuta en las calles Frontini y Ernesto Tornquist.<!--more--><br \/>\n<a data-flickr-embed=\"true\" data-header=\"true\" href=\"https:\/\/www.flickr.com\/photos\/182279889@N02\/51176673378\/in\/dateposted-public\/\" title=\"Pavimento SDLV (3)\"><img loading=\"lazy\" decoding=\"async\" src=\"https:\/\/live.staticflickr.com\/65535\/51176673378_68b4a230c4_c.jpg\" width=\"800\" height=\"600\" alt=\"Pavimento SDLV (3)\"><\/a><script async src=\"\/\/embedr.flickr.com\/assets\/client-code.js\" charset=\"utf-8\"><\/script><\/p>\n<p>Los trabajos comprenden el asfaltado de E. Tornquist entre Av. San Mart\u00edn y Frontini, y de \u00e9sta \u00faltima entre Galileo Galilei y E. Tornquist, lo que hace un total de 4070 metros cuadrados de pavimento.<\/p>\n<p>El proyecto implica una inversi\u00f3n total de $5.668.300,11 provenientes del Fondo de Infraestructura Municipal 2020, y abarca adem\u00e1s la construcci\u00f3n (ya concluida) de tramos de cord\u00f3n cuneta y badenes pendientes en la zona para el correcto funcionamiento hidr\u00e1ulico.<\/p>\n<p><a data-flickr-embed=\"true\" data-header=\"true\" href=\"https:\/\/www.flickr.com\/photos\/182279889@N02\/51175773672\/in\/dateposted-public\/\" title=\"Pavimento SDLV (2)\"><img loading=\"lazy\" decoding=\"async\" src=\"https:\/\/live.staticflickr.com\/65535\/51175773672_cb9510d552_c.jpg\" width=\"800\" height=\"600\" alt=\"Pavimento SDLV (2)\"><\/a><script async src=\"\/\/embedr.flickr.com\/assets\/client-code.js\" charset=\"utf-8\"><\/script><\/p>\n<p>De esta manera, la pavimentaci\u00f3n marcar\u00e1 la culminaci\u00f3n del plan de obras para las arterias mencionadas, que en la primera etapa tuvieron la instalaci\u00f3n de desag\u00fces pluviales.<\/p>\n<p>En la visita a los trabajos, acompa\u00f1aron al jefe comunal el Secretario de Gobierno y Seguridad, Ezequiel Gabella; el Secretario de Obras y Servicios P\u00fablicos, Germ\u00e1n Mar\u00edn; la Directora de Proyectos Urban\u00edsticos, Rosario Moroncini; y el delegado de Sierra, Hugo Polvara.<\/p>\n<p><a data-flickr-embed=\"true\" data-header=\"true\" href=\"https:\/\/www.flickr.com\/photos\/182279889@N02\/51177240069\/in\/dateposted-public\/\" title=\"Pavimento SDLV (2)\"><img loading=\"lazy\" decoding=\"async\" src=\"https:\/\/live.staticflickr.com\/65535\/51177240069_8d350158c7_c.jpg\" width=\"800\" height=\"600\" alt=\"Pavimento SDLV (2)\"><\/a><script async src=\"\/\/embedr.flickr.com\/assets\/client-code.js\" charset=\"utf-8\"><\/script><\/p>\n<p><a data-flickr-embed=\"true\" data-header=\"true\" href=\"https:\/\/www.flickr.com\/photos\/182279889@N02\/51176453301\/in\/dateposted-public\/\" title=\"Pavimento SDLV (1)\"><img loading=\"lazy\" decoding=\"async\" src=\"https:\/\/live.staticflickr.com\/65535\/51176453301_5be3df2243_c.jpg\" width=\"800\" height=\"600\" alt=\"Pavimento SDLV (1)\"><\/a><script async src=\"\/\/embedr.flickr.com\/assets\/client-code.js\" charset=\"utf-8\"><\/script><\/p>\n<p><a data-flickr-embed=\"true\" data-header=\"true\" href=\"https:\/\/www.flickr.com\/photos\/182279889@N02\/51177542785\/in\/dateposted-public\/\" title=\"Pavimento SDLV (4)\"><img loading=\"lazy\" decoding=\"async\" src=\"https:\/\/live.staticflickr.com\/65535\/51177542785_042388b5c8_c.jpg\" width=\"800\" height=\"600\" alt=\"Pavimento SDLV (4)\"><\/a><script async src=\"\/\/embedr.flickr.com\/assets\/client-code.js\" charset=\"utf-8\"><\/script><\/p>\n","protected":false},"excerpt":{"rendered":"<p>El intendente municipal, Sergio Bordoni, recorri\u00f3 este mi\u00e9rcoles la obra de pavimentaci\u00f3n de Sierra de la Ventana, que se ejecuta en las calles Frontini y Ernesto Tornquist.<\/p>\n","protected":false},"author":3,"featured_media":0,"comment_status":"closed","ping_status":"closed","sticky":false,"template":"","format":"standard","meta":{"footnotes":""},"categories":[28],"tags":[48],"class_list":["post-56760","post","type-post","status-publish","format-standard","hentry","category-municipales","tag-destacada"],"yoast_head":"<!-- This site is optimized with the Yoast SEO plugin v25.9 - https:\/\/yoast.com\/wordpress\/plugins\/seo\/ -->\n<title>Comenz\u00f3 la pavimentaci\u00f3n de las calles Frontini y Ernesto Tornquist de Sierra de la Ventana - Noticias Radio Reflejos<\/title>\n<meta name=\"robots\" content=\"index, follow, max-snippet:-1, max-image-preview:large, max-video-preview:-1\" \/>\n<link rel=\"canonical\" href=\"https:\/\/www.noticiasradioreflejos.com.ar\/2021\/comenzo-la-pavimentacion-de-las-calles-frontini-y-ernesto-tornquist-de-sierra-de-la-ventana\/\" \/>\n<meta property=\"og:locale\" content=\"es_ES\" \/>\n<meta property=\"og:type\" content=\"article\" \/>\n<meta property=\"og:title\" content=\"Comenz\u00f3 la pavimentaci\u00f3n de las calles Frontini y Ernesto Tornquist de Sierra de la Ventana - Noticias Radio Reflejos\" \/>\n<meta property=\"og:description\" content=\"El intendente municipal, Sergio Bordoni, recorri\u00f3 este mi\u00e9rcoles la obra de pavimentaci\u00f3n de Sierra de la Ventana, que se ejecuta en las calles Frontini y Ernesto Tornquist.\" \/>\n<meta property=\"og:url\" content=\"https:\/\/www.noticiasradioreflejos.com.ar\/2021\/comenzo-la-pavimentacion-de-las-calles-frontini-y-ernesto-tornquist-de-sierra-de-la-ventana\/\" \/>\n<meta property=\"og:site_name\" content=\"Noticias Radio Reflejos\" \/>\n<meta property=\"article:published_time\" content=\"2021-05-13T15:20:55+00:00\" \/>\n<meta property=\"og:image\" content=\"https:\/\/live.staticflickr.com\/65535\/51176673378_68b4a230c4_c.jpg\" \/>\n<meta name=\"author\" content=\"Arnaldo Botto\" \/>\n<meta name=\"twitter:card\" content=\"summary_large_image\" \/>\n<script type=\"application\/ld+json\" class=\"yoast-schema-graph\">{\"@context\":\"https:\/\/schema.org\",\"@graph\":[{\"@type\":\"WebPage\",\"@id\":\"https:\/\/www.noticiasradioreflejos.com.ar\/2021\/comenzo-la-pavimentacion-de-las-calles-frontini-y-ernesto-tornquist-de-sierra-de-la-ventana\/\",\"url\":\"https:\/\/www.noticiasradioreflejos.com.ar\/2021\/comenzo-la-pavimentacion-de-las-calles-frontini-y-ernesto-tornquist-de-sierra-de-la-ventana\/\",\"name\":\"Comenz\u00f3 la pavimentaci\u00f3n de las calles Frontini y Ernesto Tornquist de Sierra de la Ventana - Noticias Radio Reflejos\",\"isPartOf\":{\"@id\":\"https:\/\/www.noticiasradioreflejos.com.ar\/2021\/#website\"},\"primaryImageOfPage\":{\"@id\":\"https:\/\/www.noticiasradioreflejos.com.ar\/2021\/comenzo-la-pavimentacion-de-las-calles-frontini-y-ernesto-tornquist-de-sierra-de-la-ventana\/#primaryimage\"},\"image\":{\"@id\":\"https:\/\/www.noticiasradioreflejos.com.ar\/2021\/comenzo-la-pavimentacion-de-las-calles-frontini-y-ernesto-tornquist-de-sierra-de-la-ventana\/#primaryimage\"},\"thumbnailUrl\":\"https:\/\/live.staticflickr.com\/65535\/51176673378_68b4a230c4_c.jpg\",\"datePublished\":\"2021-05-13T15:20:55+00:00\",\"author\":{\"@id\":\"https:\/\/www.noticiasradioreflejos.com.ar\/2021\/#\/schema\/person\/ad82545263dcc5ec0996818884fd5fb1\"},\"breadcrumb\":{\"@id\":\"https:\/\/www.noticiasradioreflejos.com.ar\/2021\/comenzo-la-pavimentacion-de-las-calles-frontini-y-ernesto-tornquist-de-sierra-de-la-ventana\/#breadcrumb\"},\"inLanguage\":\"es\",\"potentialAction\":[{\"@type\":\"ReadAction\",\"target\":[\"https:\/\/www.noticiasradioreflejos.com.ar\/2021\/comenzo-la-pavimentacion-de-las-calles-frontini-y-ernesto-tornquist-de-sierra-de-la-ventana\/\"]}]},{\"@type\":\"ImageObject\",\"inLanguage\":\"es\",\"@id\":\"https:\/\/www.noticiasradioreflejos.com.ar\/2021\/comenzo-la-pavimentacion-de-las-calles-frontini-y-ernesto-tornquist-de-sierra-de-la-ventana\/#primaryimage\",\"url\":\"https:\/\/live.staticflickr.com\/65535\/51176673378_68b4a230c4_c.jpg\",\"contentUrl\":\"https:\/\/live.staticflickr.com\/65535\/51176673378_68b4a230c4_c.jpg\"},{\"@type\":\"BreadcrumbList\",\"@id\":\"https:\/\/www.noticiasradioreflejos.com.ar\/2021\/comenzo-la-pavimentacion-de-las-calles-frontini-y-ernesto-tornquist-de-sierra-de-la-ventana\/#breadcrumb\",\"itemListElement\":[{\"@type\":\"ListItem\",\"position\":1,\"name\":\"Portada\",\"item\":\"https:\/\/www.noticiasradioreflejos.com.ar\/2021\/\"},{\"@type\":\"ListItem\",\"position\":2,\"name\":\"Comenz\u00f3 la pavimentaci\u00f3n de las calles Frontini y Ernesto Tornquist de Sierra de la Ventana\"}]},{\"@type\":\"WebSite\",\"@id\":\"https:\/\/www.noticiasradioreflejos.com.ar\/2021\/#website\",\"url\":\"https:\/\/www.noticiasradioreflejos.com.ar\/2021\/\",\"name\":\"Noticias Radio Reflejos\",\"description\":\"Las noticias de mi comarca\",\"potentialAction\":[{\"@type\":\"SearchAction\",\"target\":{\"@type\":\"EntryPoint\",\"urlTemplate\":\"https:\/\/www.noticiasradioreflejos.com.ar\/2021\/?s={search_term_string}\"},\"query-input\":{\"@type\":\"PropertyValueSpecification\",\"valueRequired\":true,\"valueName\":\"search_term_string\"}}],\"inLanguage\":\"es\"},{\"@type\":\"Person\",\"@id\":\"https:\/\/www.noticiasradioreflejos.com.ar\/2021\/#\/schema\/person\/ad82545263dcc5ec0996818884fd5fb1\",\"name\":\"Arnaldo Botto\",\"image\":{\"@type\":\"ImageObject\",\"inLanguage\":\"es\",\"@id\":\"https:\/\/www.noticiasradioreflejos.com.ar\/2021\/#\/schema\/person\/image\/\",\"url\":\"https:\/\/secure.gravatar.com\/avatar\/55cb5e37c1efa326397366e6974cb338056df65cb50e7d64d1cf314e87504837?s=96&d=mm&r=g\",\"contentUrl\":\"https:\/\/secure.gravatar.com\/avatar\/55cb5e37c1efa326397366e6974cb338056df65cb50e7d64d1cf314e87504837?s=96&d=mm&r=g\",\"caption\":\"Arnaldo Botto\"},\"url\":\"https:\/\/www.noticiasradioreflejos.com.ar\/2021\/author\/arnaldo\/\"}]}<\/script>\n<!-- \/ Yoast SEO plugin. -->","yoast_head_json":{"title":"Comenz\u00f3 la pavimentaci\u00f3n de las calles Frontini y Ernesto Tornquist de Sierra de la Ventana - Noticias Radio Reflejos","robots":{"index":"index","follow":"follow","max-snippet":"max-snippet:-1","max-image-preview":"max-image-preview:large","max-video-preview":"max-video-preview:-1"},"canonical":"https:\/\/www.noticiasradioreflejos.com.ar\/2021\/comenzo-la-pavimentacion-de-las-calles-frontini-y-ernesto-tornquist-de-sierra-de-la-ventana\/","og_locale":"es_ES","og_type":"article","og_title":"Comenz\u00f3 la pavimentaci\u00f3n de las calles Frontini y Ernesto Tornquist de Sierra de la Ventana - Noticias Radio Reflejos","og_description":"El intendente municipal, Sergio Bordoni, recorri\u00f3 este mi\u00e9rcoles la obra de pavimentaci\u00f3n de Sierra de la Ventana, que se ejecuta en las calles Frontini y Ernesto Tornquist.","og_url":"https:\/\/www.noticiasradioreflejos.com.ar\/2021\/comenzo-la-pavimentacion-de-las-calles-frontini-y-ernesto-tornquist-de-sierra-de-la-ventana\/","og_site_name":"Noticias Radio Reflejos","article_published_time":"2021-05-13T15:20:55+00:00","og_image":[{"url":"https:\/\/live.staticflickr.com\/65535\/51176673378_68b4a230c4_c.jpg","type":"","width":"","height":""}],"author":"Arnaldo Botto","twitter_card":"summary_large_image","schema":{"@context":"https:\/\/schema.org","@graph":[{"@type":"WebPage","@id":"https:\/\/www.noticiasradioreflejos.com.ar\/2021\/comenzo-la-pavimentacion-de-las-calles-frontini-y-ernesto-tornquist-de-sierra-de-la-ventana\/","url":"https:\/\/www.noticiasradioreflejos.com.ar\/2021\/comenzo-la-pavimentacion-de-las-calles-frontini-y-ernesto-tornquist-de-sierra-de-la-ventana\/","name":"Comenz\u00f3 la pavimentaci\u00f3n de las calles Frontini y Ernesto Tornquist de Sierra de la Ventana - Noticias Radio Reflejos","isPartOf":{"@id":"https:\/\/www.noticiasradioreflejos.com.ar\/2021\/#website"},"primaryImageOfPage":{"@id":"https:\/\/www.noticiasradioreflejos.com.ar\/2021\/comenzo-la-pavimentacion-de-las-calles-frontini-y-ernesto-tornquist-de-sierra-de-la-ventana\/#primaryimage"},"image":{"@id":"https:\/\/www.noticiasradioreflejos.com.ar\/2021\/comenzo-la-pavimentacion-de-las-calles-frontini-y-ernesto-tornquist-de-sierra-de-la-ventana\/#primaryimage"},"thumbnailUrl":"https:\/\/live.staticflickr.com\/65535\/51176673378_68b4a230c4_c.jpg","datePublished":"2021-05-13T15:20:55+00:00","author":{"@id":"https:\/\/www.noticiasradioreflejos.com.ar\/2021\/#\/schema\/person\/ad82545263dcc5ec0996818884fd5fb1"},"breadcrumb":{"@id":"https:\/\/www.noticiasradioreflejos.com.ar\/2021\/comenzo-la-pavimentacion-de-las-calles-frontini-y-ernesto-tornquist-de-sierra-de-la-ventana\/#breadcrumb"},"inLanguage":"es","potentialAction":[{"@type":"ReadAction","target":["https:\/\/www.noticiasradioreflejos.com.ar\/2021\/comenzo-la-pavimentacion-de-las-calles-frontini-y-ernesto-tornquist-de-sierra-de-la-ventana\/"]}]},{"@type":"ImageObject","inLanguage":"es","@id":"https:\/\/www.noticiasradioreflejos.com.ar\/2021\/comenzo-la-pavimentacion-de-las-calles-frontini-y-ernesto-tornquist-de-sierra-de-la-ventana\/#primaryimage","url":"https:\/\/live.staticflickr.com\/65535\/51176673378_68b4a230c4_c.jpg","contentUrl":"https:\/\/live.staticflickr.com\/65535\/51176673378_68b4a230c4_c.jpg"},{"@type":"BreadcrumbList","@id":"https:\/\/www.noticiasradioreflejos.com.ar\/2021\/comenzo-la-pavimentacion-de-las-calles-frontini-y-ernesto-tornquist-de-sierra-de-la-ventana\/#breadcrumb","itemListElement":[{"@type":"ListItem","position":1,"name":"Portada","item":"https:\/\/www.noticiasradioreflejos.com.ar\/2021\/"},{"@type":"ListItem","position":2,"name":"Comenz\u00f3 la pavimentaci\u00f3n de las calles Frontini y Ernesto Tornquist de Sierra de la Ventana"}]},{"@type":"WebSite","@id":"https:\/\/www.noticiasradioreflejos.com.ar\/2021\/#website","url":"https:\/\/www.noticiasradioreflejos.com.ar\/2021\/","name":"Noticias Radio Reflejos","description":"Las noticias de mi comarca","potentialAction":[{"@type":"SearchAction","target":{"@type":"EntryPoint","urlTemplate":"https:\/\/www.noticiasradioreflejos.com.ar\/2021\/?s={search_term_string}"},"query-input":{"@type":"PropertyValueSpecification","valueRequired":true,"valueName":"search_term_string"}}],"inLanguage":"es"},{"@type":"Person","@id":"https:\/\/www.noticiasradioreflejos.com.ar\/2021\/#\/schema\/person\/ad82545263dcc5ec0996818884fd5fb1","name":"Arnaldo Botto","image":{"@type":"ImageObject","inLanguage":"es","@id":"https:\/\/www.noticiasradioreflejos.com.ar\/2021\/#\/schema\/person\/image\/","url":"https:\/\/secure.gravatar.com\/avatar\/55cb5e37c1efa326397366e6974cb338056df65cb50e7d64d1cf314e87504837?s=96&d=mm&r=g","contentUrl":"https:\/\/secure.gravatar.com\/avatar\/55cb5e37c1efa326397366e6974cb338056df65cb50e7d64d1cf314e87504837?s=96&d=mm&r=g","caption":"Arnaldo Botto"},"url":"https:\/\/www.noticiasradioreflejos.com.ar\/2021\/author\/arnaldo\/"}]}},"_links":{"self":[{"href":"https:\/\/www.noticiasradioreflejos.com.ar\/2021\/wp-json\/wp\/v2\/posts\/56760","targetHints":{"allow":["GET"]}}],"collection":[{"href":"https:\/\/www.noticiasradioreflejos.com.ar\/2021\/wp-json\/wp\/v2\/posts"}],"about":[{"href":"https:\/\/www.noticiasradioreflejos.com.ar\/2021\/wp-json\/wp\/v2\/types\/post"}],"author":[{"embeddable":true,"href":"https:\/\/www.noticiasradioreflejos.com.ar\/2021\/wp-json\/wp\/v2\/users\/3"}],"replies":[{"embeddable":true,"href":"https:\/\/www.noticiasradioreflejos.com.ar\/2021\/wp-json\/wp\/v2\/comments?post=56760"}],"version-history":[{"count":1,"href":"https:\/\/www.noticiasradioreflejos.com.ar\/2021\/wp-json\/wp\/v2\/posts\/56760\/revisions"}],"predecessor-version":[{"id":56762,"href":"https:\/\/www.noticiasradioreflejos.com.ar\/2021\/wp-json\/wp\/v2\/posts\/56760\/revisions\/56762"}],"wp:attachment":[{"href":"https:\/\/www.noticiasradioreflejos.com.ar\/2021\/wp-json\/wp\/v2\/media?parent=56760"}],"wp:term":[{"taxonomy":"category","embeddable":true,"href":"https:\/\/www.noticiasradioreflejos.com.ar\/2021\/wp-json\/wp\/v2\/categories?post=56760"},{"taxonomy":"post_tag","embeddable":true,"href":"https:\/\/www.noticiasradioreflejos.com.ar\/2021\/wp-json\/wp\/v2\/tags?post=56760"}],"curies":[{"name":"wp","href":"https:\/\/api.w.org\/{rel}","templated":true}]}}