{"id":56757,"date":"2021-05-13T15:10:48","date_gmt":"2021-05-13T15:10:48","guid":{"rendered":"http:\/\/www.noticiasradioreflejos.com.ar\/2021\/?p=56757"},"modified":"2021-05-13T15:10:48","modified_gmt":"2021-05-13T15:10:48","slug":"el-presidente-almorzo-con-mattarella-y-se-reune-con-draghi","status":"publish","type":"post","link":"https:\/\/www.noticiasradioreflejos.com.ar\/2021\/el-presidente-almorzo-con-mattarella-y-se-reune-con-draghi\/","title":{"rendered":"El Presidente almorz\u00f3 con Mattarella y se re\u00fane con Draghi"},"content":{"rendered":"<div class=\"head-content\">\n<p>La comida se realiz\u00f3 en el Palacio del Quirinal, de la capital italiana. Tras el almuerzo, Fern\u00e1ndez se dirigi\u00f3 al Palacio Chigi, para mantener una reuni\u00f3n de trabajo con Draghi.<\/p>\n<\/div>\n<p><!--more--><\/p>\n<div class=\"main-content-block\">\n<div class=\"main-box clearfix\">\n<div class=\"wrapper-main-section clearfix\">\n<div class=\"wrapper-editable-content\">\n<div class=\"editable-content clearfix\">\n<div id=\"image\" class=\"image\"><img decoding=\"async\" title=\"Fern\u00e1ndez particip\u00f3 de un almuerzo organizado en su honor\" src=\"https:\/\/www.telam.com.ar\/advf\/imagenes\/2021\/05\/609d27c88cda5_1004x565.jpg\" alt=\"Fern\u00e1ndez particip\u00f3 de un almuerzo organizado en su honor\" \/><\/p>\n<div class=\"epigrafe\">Fern\u00e1ndez particip\u00f3 de un almuerzo organizado en su honor<\/div>\n<\/div>\n<p>El presidente Alberto Fern\u00e1ndez particip\u00f3 este jueves de un almuerzo organizado en su honor por su par de Italia, Sergio Mattarella, y manten\u00eda luego una reuni\u00f3n de trabajo con el presidente del Consejo de Ministros,\u00a0<a href=\"https:\/\/www.telam.com.ar\/notas\/202105\/554054-mario-draghi-italia-alberto-fernandez.html\" target=\"_blank\" rel=\"noopener\">Mario Draghi<\/a>.<\/p>\n<p>La comida se realiz\u00f3 en el Palacio del Quirinal, de la capital italiana, informaron fuentes oficiales. Tras el almuerzo, Fern\u00e1ndez se dirigi\u00f3 al Palacio Chigi, para mantener una reuni\u00f3n de trabajo con Draghi.<\/p>\n<p>Con esta actividad concluye la gira presidencial por Europa, que incluy\u00f3 reuniones con los mandatarios de Portugal, Espa\u00f1a, Francia y el Vaticano, donde se encontr\u00f3 esta ma\u00f1ana con el papa Francisco.<\/p>\n<p>La delegaci\u00f3n argentina partir\u00e1 el viernes a las 23, hora local (18 de la Argentina) desde el aeropuerto de Roma hacia Buenos Aires, a\u00f1adieron las fuentes oficiales.<\/p><\/div>\n<\/div>\n<\/div>\n<\/div>\n<\/div>\n","protected":false},"excerpt":{"rendered":"<p>La comida se realiz\u00f3 en el Palacio del Quirinal, de la capital italiana. Tras el almuerzo, Fern\u00e1ndez se dirigi\u00f3 al Palacio Chigi, para mantener una reuni\u00f3n de trabajo con Draghi.<\/p>\n","protected":false},"author":3,"featured_media":0,"comment_status":"closed","ping_status":"closed","sticky":false,"template":"","format":"standard","meta":{"footnotes":""},"categories":[24],"tags":[],"class_list":["post-56757","post","type-post","status-publish","format-standard","hentry","category-politica"],"yoast_head":"<!-- This site is optimized with the Yoast SEO plugin v25.9 - https:\/\/yoast.com\/wordpress\/plugins\/seo\/ -->\n<title>El Presidente almorz\u00f3 con Mattarella y se re\u00fane con Draghi - Noticias Radio Reflejos<\/title>\n<meta name=\"robots\" content=\"index, follow, max-snippet:-1, max-image-preview:large, max-video-preview:-1\" \/>\n<link rel=\"canonical\" href=\"https:\/\/www.noticiasradioreflejos.com.ar\/2021\/el-presidente-almorzo-con-mattarella-y-se-reune-con-draghi\/\" \/>\n<meta property=\"og:locale\" content=\"es_ES\" \/>\n<meta property=\"og:type\" content=\"article\" \/>\n<meta property=\"og:title\" content=\"El Presidente almorz\u00f3 con Mattarella y se re\u00fane con Draghi - Noticias Radio Reflejos\" \/>\n<meta property=\"og:description\" content=\"La comida se realiz\u00f3 en el Palacio del Quirinal, de la capital italiana. Tras el almuerzo, Fern\u00e1ndez se dirigi\u00f3 al Palacio Chigi, para mantener una reuni\u00f3n de trabajo con Draghi.\" \/>\n<meta property=\"og:url\" content=\"https:\/\/www.noticiasradioreflejos.com.ar\/2021\/el-presidente-almorzo-con-mattarella-y-se-reune-con-draghi\/\" \/>\n<meta property=\"og:site_name\" content=\"Noticias Radio Reflejos\" \/>\n<meta property=\"article:published_time\" content=\"2021-05-13T15:10:48+00:00\" \/>\n<meta property=\"og:image\" content=\"https:\/\/www.telam.com.ar\/advf\/imagenes\/2021\/05\/609d27c88cda5_1004x565.jpg\" \/>\n<meta name=\"author\" content=\"Arnaldo Botto\" \/>\n<meta name=\"twitter:card\" content=\"summary_large_image\" \/>\n<script type=\"application\/ld+json\" class=\"yoast-schema-graph\">{\"@context\":\"https:\/\/schema.org\",\"@graph\":[{\"@type\":\"WebPage\",\"@id\":\"https:\/\/www.noticiasradioreflejos.com.ar\/2021\/el-presidente-almorzo-con-mattarella-y-se-reune-con-draghi\/\",\"url\":\"https:\/\/www.noticiasradioreflejos.com.ar\/2021\/el-presidente-almorzo-con-mattarella-y-se-reune-con-draghi\/\",\"name\":\"El Presidente almorz\u00f3 con Mattarella y se re\u00fane con Draghi - Noticias Radio Reflejos\",\"isPartOf\":{\"@id\":\"https:\/\/www.noticiasradioreflejos.com.ar\/2021\/#website\"},\"primaryImageOfPage\":{\"@id\":\"https:\/\/www.noticiasradioreflejos.com.ar\/2021\/el-presidente-almorzo-con-mattarella-y-se-reune-con-draghi\/#primaryimage\"},\"image\":{\"@id\":\"https:\/\/www.noticiasradioreflejos.com.ar\/2021\/el-presidente-almorzo-con-mattarella-y-se-reune-con-draghi\/#primaryimage\"},\"thumbnailUrl\":\"https:\/\/www.telam.com.ar\/advf\/imagenes\/2021\/05\/609d27c88cda5_1004x565.jpg\",\"datePublished\":\"2021-05-13T15:10:48+00:00\",\"author\":{\"@id\":\"https:\/\/www.noticiasradioreflejos.com.ar\/2021\/#\/schema\/person\/ad82545263dcc5ec0996818884fd5fb1\"},\"breadcrumb\":{\"@id\":\"https:\/\/www.noticiasradioreflejos.com.ar\/2021\/el-presidente-almorzo-con-mattarella-y-se-reune-con-draghi\/#breadcrumb\"},\"inLanguage\":\"es\",\"potentialAction\":[{\"@type\":\"ReadAction\",\"target\":[\"https:\/\/www.noticiasradioreflejos.com.ar\/2021\/el-presidente-almorzo-con-mattarella-y-se-reune-con-draghi\/\"]}]},{\"@type\":\"ImageObject\",\"inLanguage\":\"es\",\"@id\":\"https:\/\/www.noticiasradioreflejos.com.ar\/2021\/el-presidente-almorzo-con-mattarella-y-se-reune-con-draghi\/#primaryimage\",\"url\":\"https:\/\/www.telam.com.ar\/advf\/imagenes\/2021\/05\/609d27c88cda5_1004x565.jpg\",\"contentUrl\":\"https:\/\/www.telam.com.ar\/advf\/imagenes\/2021\/05\/609d27c88cda5_1004x565.jpg\"},{\"@type\":\"BreadcrumbList\",\"@id\":\"https:\/\/www.noticiasradioreflejos.com.ar\/2021\/el-presidente-almorzo-con-mattarella-y-se-reune-con-draghi\/#breadcrumb\",\"itemListElement\":[{\"@type\":\"ListItem\",\"position\":1,\"name\":\"Portada\",\"item\":\"https:\/\/www.noticiasradioreflejos.com.ar\/2021\/\"},{\"@type\":\"ListItem\",\"position\":2,\"name\":\"El Presidente almorz\u00f3 con Mattarella y se re\u00fane con Draghi\"}]},{\"@type\":\"WebSite\",\"@id\":\"https:\/\/www.noticiasradioreflejos.com.ar\/2021\/#website\",\"url\":\"https:\/\/www.noticiasradioreflejos.com.ar\/2021\/\",\"name\":\"Noticias Radio Reflejos\",\"description\":\"Las noticias de mi comarca\",\"potentialAction\":[{\"@type\":\"SearchAction\",\"target\":{\"@type\":\"EntryPoint\",\"urlTemplate\":\"https:\/\/www.noticiasradioreflejos.com.ar\/2021\/?s={search_term_string}\"},\"query-input\":{\"@type\":\"PropertyValueSpecification\",\"valueRequired\":true,\"valueName\":\"search_term_string\"}}],\"inLanguage\":\"es\"},{\"@type\":\"Person\",\"@id\":\"https:\/\/www.noticiasradioreflejos.com.ar\/2021\/#\/schema\/person\/ad82545263dcc5ec0996818884fd5fb1\",\"name\":\"Arnaldo Botto\",\"image\":{\"@type\":\"ImageObject\",\"inLanguage\":\"es\",\"@id\":\"https:\/\/www.noticiasradioreflejos.com.ar\/2021\/#\/schema\/person\/image\/\",\"url\":\"https:\/\/secure.gravatar.com\/avatar\/55cb5e37c1efa326397366e6974cb338056df65cb50e7d64d1cf314e87504837?s=96&d=mm&r=g\",\"contentUrl\":\"https:\/\/secure.gravatar.com\/avatar\/55cb5e37c1efa326397366e6974cb338056df65cb50e7d64d1cf314e87504837?s=96&d=mm&r=g\",\"caption\":\"Arnaldo Botto\"},\"url\":\"https:\/\/www.noticiasradioreflejos.com.ar\/2021\/author\/arnaldo\/\"}]}<\/script>\n<!-- \/ Yoast SEO plugin. -->","yoast_head_json":{"title":"El Presidente almorz\u00f3 con Mattarella y se re\u00fane con Draghi - Noticias Radio Reflejos","robots":{"index":"index","follow":"follow","max-snippet":"max-snippet:-1","max-image-preview":"max-image-preview:large","max-video-preview":"max-video-preview:-1"},"canonical":"https:\/\/www.noticiasradioreflejos.com.ar\/2021\/el-presidente-almorzo-con-mattarella-y-se-reune-con-draghi\/","og_locale":"es_ES","og_type":"article","og_title":"El Presidente almorz\u00f3 con Mattarella y se re\u00fane con Draghi - Noticias Radio Reflejos","og_description":"La comida se realiz\u00f3 en el Palacio del Quirinal, de la capital italiana. Tras el almuerzo, Fern\u00e1ndez se dirigi\u00f3 al Palacio Chigi, para mantener una reuni\u00f3n de trabajo con Draghi.","og_url":"https:\/\/www.noticiasradioreflejos.com.ar\/2021\/el-presidente-almorzo-con-mattarella-y-se-reune-con-draghi\/","og_site_name":"Noticias Radio Reflejos","article_published_time":"2021-05-13T15:10:48+00:00","og_image":[{"url":"https:\/\/www.telam.com.ar\/advf\/imagenes\/2021\/05\/609d27c88cda5_1004x565.jpg","type":"","width":"","height":""}],"author":"Arnaldo Botto","twitter_card":"summary_large_image","schema":{"@context":"https:\/\/schema.org","@graph":[{"@type":"WebPage","@id":"https:\/\/www.noticiasradioreflejos.com.ar\/2021\/el-presidente-almorzo-con-mattarella-y-se-reune-con-draghi\/","url":"https:\/\/www.noticiasradioreflejos.com.ar\/2021\/el-presidente-almorzo-con-mattarella-y-se-reune-con-draghi\/","name":"El Presidente almorz\u00f3 con Mattarella y se re\u00fane con Draghi - Noticias Radio Reflejos","isPartOf":{"@id":"https:\/\/www.noticiasradioreflejos.com.ar\/2021\/#website"},"primaryImageOfPage":{"@id":"https:\/\/www.noticiasradioreflejos.com.ar\/2021\/el-presidente-almorzo-con-mattarella-y-se-reune-con-draghi\/#primaryimage"},"image":{"@id":"https:\/\/www.noticiasradioreflejos.com.ar\/2021\/el-presidente-almorzo-con-mattarella-y-se-reune-con-draghi\/#primaryimage"},"thumbnailUrl":"https:\/\/www.telam.com.ar\/advf\/imagenes\/2021\/05\/609d27c88cda5_1004x565.jpg","datePublished":"2021-05-13T15:10:48+00:00","author":{"@id":"https:\/\/www.noticiasradioreflejos.com.ar\/2021\/#\/schema\/person\/ad82545263dcc5ec0996818884fd5fb1"},"breadcrumb":{"@id":"https:\/\/www.noticiasradioreflejos.com.ar\/2021\/el-presidente-almorzo-con-mattarella-y-se-reune-con-draghi\/#breadcrumb"},"inLanguage":"es","potentialAction":[{"@type":"ReadAction","target":["https:\/\/www.noticiasradioreflejos.com.ar\/2021\/el-presidente-almorzo-con-mattarella-y-se-reune-con-draghi\/"]}]},{"@type":"ImageObject","inLanguage":"es","@id":"https:\/\/www.noticiasradioreflejos.com.ar\/2021\/el-presidente-almorzo-con-mattarella-y-se-reune-con-draghi\/#primaryimage","url":"https:\/\/www.telam.com.ar\/advf\/imagenes\/2021\/05\/609d27c88cda5_1004x565.jpg","contentUrl":"https:\/\/www.telam.com.ar\/advf\/imagenes\/2021\/05\/609d27c88cda5_1004x565.jpg"},{"@type":"BreadcrumbList","@id":"https:\/\/www.noticiasradioreflejos.com.ar\/2021\/el-presidente-almorzo-con-mattarella-y-se-reune-con-draghi\/#breadcrumb","itemListElement":[{"@type":"ListItem","position":1,"name":"Portada","item":"https:\/\/www.noticiasradioreflejos.com.ar\/2021\/"},{"@type":"ListItem","position":2,"name":"El Presidente almorz\u00f3 con Mattarella y se re\u00fane con Draghi"}]},{"@type":"WebSite","@id":"https:\/\/www.noticiasradioreflejos.com.ar\/2021\/#website","url":"https:\/\/www.noticiasradioreflejos.com.ar\/2021\/","name":"Noticias Radio Reflejos","description":"Las noticias de mi comarca","potentialAction":[{"@type":"SearchAction","target":{"@type":"EntryPoint","urlTemplate":"https:\/\/www.noticiasradioreflejos.com.ar\/2021\/?s={search_term_string}"},"query-input":{"@type":"PropertyValueSpecification","valueRequired":true,"valueName":"search_term_string"}}],"inLanguage":"es"},{"@type":"Person","@id":"https:\/\/www.noticiasradioreflejos.com.ar\/2021\/#\/schema\/person\/ad82545263dcc5ec0996818884fd5fb1","name":"Arnaldo Botto","image":{"@type":"ImageObject","inLanguage":"es","@id":"https:\/\/www.noticiasradioreflejos.com.ar\/2021\/#\/schema\/person\/image\/","url":"https:\/\/secure.gravatar.com\/avatar\/55cb5e37c1efa326397366e6974cb338056df65cb50e7d64d1cf314e87504837?s=96&d=mm&r=g","contentUrl":"https:\/\/secure.gravatar.com\/avatar\/55cb5e37c1efa326397366e6974cb338056df65cb50e7d64d1cf314e87504837?s=96&d=mm&r=g","caption":"Arnaldo Botto"},"url":"https:\/\/www.noticiasradioreflejos.com.ar\/2021\/author\/arnaldo\/"}]}},"_links":{"self":[{"href":"https:\/\/www.noticiasradioreflejos.com.ar\/2021\/wp-json\/wp\/v2\/posts\/56757","targetHints":{"allow":["GET"]}}],"collection":[{"href":"https:\/\/www.noticiasradioreflejos.com.ar\/2021\/wp-json\/wp\/v2\/posts"}],"about":[{"href":"https:\/\/www.noticiasradioreflejos.com.ar\/2021\/wp-json\/wp\/v2\/types\/post"}],"author":[{"embeddable":true,"href":"https:\/\/www.noticiasradioreflejos.com.ar\/2021\/wp-json\/wp\/v2\/users\/3"}],"replies":[{"embeddable":true,"href":"https:\/\/www.noticiasradioreflejos.com.ar\/2021\/wp-json\/wp\/v2\/comments?post=56757"}],"version-history":[{"count":1,"href":"https:\/\/www.noticiasradioreflejos.com.ar\/2021\/wp-json\/wp\/v2\/posts\/56757\/revisions"}],"predecessor-version":[{"id":56759,"href":"https:\/\/www.noticiasradioreflejos.com.ar\/2021\/wp-json\/wp\/v2\/posts\/56757\/revisions\/56759"}],"wp:attachment":[{"href":"https:\/\/www.noticiasradioreflejos.com.ar\/2021\/wp-json\/wp\/v2\/media?parent=56757"}],"wp:term":[{"taxonomy":"category","embeddable":true,"href":"https:\/\/www.noticiasradioreflejos.com.ar\/2021\/wp-json\/wp\/v2\/categories?post=56757"},{"taxonomy":"post_tag","embeddable":true,"href":"https:\/\/www.noticiasradioreflejos.com.ar\/2021\/wp-json\/wp\/v2\/tags?post=56757"}],"curies":[{"name":"wp","href":"https:\/\/api.w.org\/{rel}","templated":true}]}}