{"id":56732,"date":"2021-05-13T11:54:06","date_gmt":"2021-05-13T11:54:06","guid":{"rendered":"http:\/\/www.noticiasradioreflejos.com.ar\/2021\/?p=56732"},"modified":"2021-05-13T11:54:06","modified_gmt":"2021-05-13T11:54:06","slug":"fin-de-semana-largo-el-gobierno-suspendio-el-feriado-del-24-de-mayo","status":"publish","type":"post","link":"https:\/\/www.noticiasradioreflejos.com.ar\/2021\/fin-de-semana-largo-el-gobierno-suspendio-el-feriado-del-24-de-mayo\/","title":{"rendered":"Fin de semana largo: el Gobierno suspendi\u00f3 el feriado del 24 de mayo"},"content":{"rendered":"<div class=\"section-2-col article-header\">\n<div class=\"col 2-col\">\n<p><span style=\"color: #333333; font-size: 15px;\">El <\/span><strong style=\"color: #333333; font-size: 15px;\">Gobierno\u00a0<\/strong><span style=\"color: #333333; font-size: 15px;\">nacional decidi\u00f3 este mi\u00e9rcoles suspender el feriado puente establecido para el pr\u00f3ximo lunes 24 de mayo, que se sumaba al feriado del D\u00eda de la Revoluci\u00f3n, el martes 25 de mayo. Seg\u00fan trascendi\u00f3, desde el ministerio de Turismo\u00a0<\/span><b style=\"color: #333333; font-size: 15px;\">buscaban cancelar el feriado puente para desincentivar la circulaci\u00f3n y limitar la propagaci\u00f3n del coronavirus por el pa\u00eds.<\/b><\/p>\n<\/div>\n<\/div>\n<p><!--more--><\/p>\n<div class=\"section-2-col article-main-content\">\n<div class=\"col 2-col\">\n<div class=\"article-main-content article-text \">\n<p>En este sentido se espera que la decisi\u00f3n quede firme a trav\u00e9s de la publicaci\u00f3n en el Bolet\u00edn Oficial de los pr\u00f3ximos d\u00edas.\u00a0<b>El feriado inamovible del 25 de mayo permanecer\u00e1 vigente.<\/b><\/p>\n<p>La decisi\u00f3n se enmarca en las medidas del Ejecutivo para amainar la segunda ola de contagios. En el\u00a0<a href=\"https:\/\/www.pagina12.com.ar\/341198-coronavirus-en-argentina-se-registraron-496-muertes-y-24-475\">\u00faltimo reporte del Ministerio de Salud<\/a>, se registraron\u00a0<strong>24.475 nuevos contagios de la covid-19.<\/strong>\u00a0Adem\u00e1s en la cartera que conduce Carla Vizzotti reportaron, en las \u00faltimas 24 horas, 496 muertos: en total son 68.807 los fallecidos por el coronavirus desde que se inici\u00f3 la pandemia.<\/p>\n<p>Vale recordar que\u00a0 el presidente\u00a0<strong>Alberto Fern\u00e1ndez hab\u00eda decretado \u201cd\u00edas feriados con fines tur\u00edsticos\u201d<\/strong>, en el<strong>\u00a0Decreto 947\/2020<\/strong>. Se trataba de una estrategia destinada a promover la actividad tur\u00edstica. Entre los feriados puentes se inclu\u00eda el lunes 24 de mayo, que generaba un fin de semana largo de cuatro d\u00edas.<\/p>\n<\/div>\n<\/div>\n<\/div>\n","protected":false},"excerpt":{"rendered":"<p>El Gobierno\u00a0nacional decidi\u00f3 este mi\u00e9rcoles suspender el feriado puente establecido para el pr\u00f3ximo lunes 24 de mayo, que se sumaba al feriado del D\u00eda de la Revoluci\u00f3n, el martes 25 de mayo. Seg\u00fan trascendi\u00f3, desde el ministerio de Turismo\u00a0buscaban cancelar el feriado puente para desincentivar la circulaci\u00f3n y limitar la propagaci\u00f3n del coronavirus por el [&hellip;]<\/p>\n","protected":false},"author":3,"featured_media":56733,"comment_status":"open","ping_status":"open","sticky":false,"template":"","format":"standard","meta":{"footnotes":""},"categories":[24,33],"tags":[48],"class_list":["post-56732","post","type-post","status-publish","format-standard","has-post-thumbnail","hentry","category-politica","category-turismo","tag-destacada"],"yoast_head":"<!-- This site is optimized with the Yoast SEO plugin v25.9 - https:\/\/yoast.com\/wordpress\/plugins\/seo\/ -->\n<title>Fin de semana largo: el Gobierno suspendi\u00f3 el feriado del 24 de mayo - Noticias Radio Reflejos<\/title>\n<meta name=\"robots\" content=\"index, follow, max-snippet:-1, max-image-preview:large, max-video-preview:-1\" \/>\n<link rel=\"canonical\" href=\"https:\/\/www.noticiasradioreflejos.com.ar\/2021\/fin-de-semana-largo-el-gobierno-suspendio-el-feriado-del-24-de-mayo\/\" \/>\n<meta property=\"og:locale\" content=\"es_ES\" \/>\n<meta property=\"og:type\" content=\"article\" \/>\n<meta property=\"og:title\" content=\"Fin de semana largo: el Gobierno suspendi\u00f3 el feriado del 24 de mayo - Noticias Radio Reflejos\" \/>\n<meta property=\"og:description\" content=\"El Gobierno\u00a0nacional decidi\u00f3 este mi\u00e9rcoles suspender el feriado puente establecido para el pr\u00f3ximo lunes 24 de mayo, que se sumaba al feriado del D\u00eda de la Revoluci\u00f3n, el martes 25 de mayo. Seg\u00fan trascendi\u00f3, desde el ministerio de Turismo\u00a0buscaban cancelar el feriado puente para desincentivar la circulaci\u00f3n y limitar la propagaci\u00f3n del coronavirus por el [&hellip;]\" \/>\n<meta property=\"og:url\" content=\"https:\/\/www.noticiasradioreflejos.com.ar\/2021\/fin-de-semana-largo-el-gobierno-suspendio-el-feriado-del-24-de-mayo\/\" \/>\n<meta property=\"og:site_name\" content=\"Noticias Radio Reflejos\" \/>\n<meta property=\"article:published_time\" content=\"2021-05-13T11:54:06+00:00\" \/>\n<meta property=\"og:image\" content=\"https:\/\/www.noticiasradioreflejos.com.ar\/2021\/wp-content\/uploads\/2021\/05\/Parque-Provincial-Ernesto-Tornquist.jpeg\" \/>\n\t<meta property=\"og:image:width\" content=\"777\" \/>\n\t<meta property=\"og:image:height\" content=\"415\" \/>\n\t<meta property=\"og:image:type\" content=\"image\/jpeg\" \/>\n<meta name=\"author\" content=\"Arnaldo Botto\" \/>\n<meta name=\"twitter:card\" content=\"summary_large_image\" \/>\n<script type=\"application\/ld+json\" class=\"yoast-schema-graph\">{\"@context\":\"https:\/\/schema.org\",\"@graph\":[{\"@type\":\"WebPage\",\"@id\":\"https:\/\/www.noticiasradioreflejos.com.ar\/2021\/fin-de-semana-largo-el-gobierno-suspendio-el-feriado-del-24-de-mayo\/\",\"url\":\"https:\/\/www.noticiasradioreflejos.com.ar\/2021\/fin-de-semana-largo-el-gobierno-suspendio-el-feriado-del-24-de-mayo\/\",\"name\":\"Fin de semana largo: el Gobierno suspendi\u00f3 el feriado del 24 de mayo - Noticias Radio Reflejos\",\"isPartOf\":{\"@id\":\"https:\/\/www.noticiasradioreflejos.com.ar\/2021\/#website\"},\"primaryImageOfPage\":{\"@id\":\"https:\/\/www.noticiasradioreflejos.com.ar\/2021\/fin-de-semana-largo-el-gobierno-suspendio-el-feriado-del-24-de-mayo\/#primaryimage\"},\"image\":{\"@id\":\"https:\/\/www.noticiasradioreflejos.com.ar\/2021\/fin-de-semana-largo-el-gobierno-suspendio-el-feriado-del-24-de-mayo\/#primaryimage\"},\"thumbnailUrl\":\"https:\/\/www.noticiasradioreflejos.com.ar\/2021\/wp-content\/uploads\/2021\/05\/Parque-Provincial-Ernesto-Tornquist.jpeg\",\"datePublished\":\"2021-05-13T11:54:06+00:00\",\"author\":{\"@id\":\"https:\/\/www.noticiasradioreflejos.com.ar\/2021\/#\/schema\/person\/ad82545263dcc5ec0996818884fd5fb1\"},\"breadcrumb\":{\"@id\":\"https:\/\/www.noticiasradioreflejos.com.ar\/2021\/fin-de-semana-largo-el-gobierno-suspendio-el-feriado-del-24-de-mayo\/#breadcrumb\"},\"inLanguage\":\"es\",\"potentialAction\":[{\"@type\":\"ReadAction\",\"target\":[\"https:\/\/www.noticiasradioreflejos.com.ar\/2021\/fin-de-semana-largo-el-gobierno-suspendio-el-feriado-del-24-de-mayo\/\"]}]},{\"@type\":\"ImageObject\",\"inLanguage\":\"es\",\"@id\":\"https:\/\/www.noticiasradioreflejos.com.ar\/2021\/fin-de-semana-largo-el-gobierno-suspendio-el-feriado-del-24-de-mayo\/#primaryimage\",\"url\":\"https:\/\/www.noticiasradioreflejos.com.ar\/2021\/wp-content\/uploads\/2021\/05\/Parque-Provincial-Ernesto-Tornquist.jpeg\",\"contentUrl\":\"https:\/\/www.noticiasradioreflejos.com.ar\/2021\/wp-content\/uploads\/2021\/05\/Parque-Provincial-Ernesto-Tornquist.jpeg\",\"width\":777,\"height\":415},{\"@type\":\"BreadcrumbList\",\"@id\":\"https:\/\/www.noticiasradioreflejos.com.ar\/2021\/fin-de-semana-largo-el-gobierno-suspendio-el-feriado-del-24-de-mayo\/#breadcrumb\",\"itemListElement\":[{\"@type\":\"ListItem\",\"position\":1,\"name\":\"Portada\",\"item\":\"https:\/\/www.noticiasradioreflejos.com.ar\/2021\/\"},{\"@type\":\"ListItem\",\"position\":2,\"name\":\"Fin de semana largo: el Gobierno suspendi\u00f3 el feriado del 24 de mayo\"}]},{\"@type\":\"WebSite\",\"@id\":\"https:\/\/www.noticiasradioreflejos.com.ar\/2021\/#website\",\"url\":\"https:\/\/www.noticiasradioreflejos.com.ar\/2021\/\",\"name\":\"Noticias Radio Reflejos\",\"description\":\"Las noticias de mi comarca\",\"potentialAction\":[{\"@type\":\"SearchAction\",\"target\":{\"@type\":\"EntryPoint\",\"urlTemplate\":\"https:\/\/www.noticiasradioreflejos.com.ar\/2021\/?s={search_term_string}\"},\"query-input\":{\"@type\":\"PropertyValueSpecification\",\"valueRequired\":true,\"valueName\":\"search_term_string\"}}],\"inLanguage\":\"es\"},{\"@type\":\"Person\",\"@id\":\"https:\/\/www.noticiasradioreflejos.com.ar\/2021\/#\/schema\/person\/ad82545263dcc5ec0996818884fd5fb1\",\"name\":\"Arnaldo Botto\",\"image\":{\"@type\":\"ImageObject\",\"inLanguage\":\"es\",\"@id\":\"https:\/\/www.noticiasradioreflejos.com.ar\/2021\/#\/schema\/person\/image\/\",\"url\":\"https:\/\/secure.gravatar.com\/avatar\/55cb5e37c1efa326397366e6974cb338056df65cb50e7d64d1cf314e87504837?s=96&d=mm&r=g\",\"contentUrl\":\"https:\/\/secure.gravatar.com\/avatar\/55cb5e37c1efa326397366e6974cb338056df65cb50e7d64d1cf314e87504837?s=96&d=mm&r=g\",\"caption\":\"Arnaldo Botto\"},\"url\":\"https:\/\/www.noticiasradioreflejos.com.ar\/2021\/author\/arnaldo\/\"}]}<\/script>\n<!-- \/ Yoast SEO plugin. -->","yoast_head_json":{"title":"Fin de semana largo: el Gobierno suspendi\u00f3 el feriado del 24 de mayo - Noticias Radio Reflejos","robots":{"index":"index","follow":"follow","max-snippet":"max-snippet:-1","max-image-preview":"max-image-preview:large","max-video-preview":"max-video-preview:-1"},"canonical":"https:\/\/www.noticiasradioreflejos.com.ar\/2021\/fin-de-semana-largo-el-gobierno-suspendio-el-feriado-del-24-de-mayo\/","og_locale":"es_ES","og_type":"article","og_title":"Fin de semana largo: el Gobierno suspendi\u00f3 el feriado del 24 de mayo - Noticias Radio Reflejos","og_description":"El Gobierno\u00a0nacional decidi\u00f3 este mi\u00e9rcoles suspender el feriado puente establecido para el pr\u00f3ximo lunes 24 de mayo, que se sumaba al feriado del D\u00eda de la Revoluci\u00f3n, el martes 25 de mayo. Seg\u00fan trascendi\u00f3, desde el ministerio de Turismo\u00a0buscaban cancelar el feriado puente para desincentivar la circulaci\u00f3n y limitar la propagaci\u00f3n del coronavirus por el [&hellip;]","og_url":"https:\/\/www.noticiasradioreflejos.com.ar\/2021\/fin-de-semana-largo-el-gobierno-suspendio-el-feriado-del-24-de-mayo\/","og_site_name":"Noticias Radio Reflejos","article_published_time":"2021-05-13T11:54:06+00:00","og_image":[{"width":777,"height":415,"url":"https:\/\/www.noticiasradioreflejos.com.ar\/2021\/wp-content\/uploads\/2021\/05\/Parque-Provincial-Ernesto-Tornquist.jpeg","type":"image\/jpeg"}],"author":"Arnaldo Botto","twitter_card":"summary_large_image","schema":{"@context":"https:\/\/schema.org","@graph":[{"@type":"WebPage","@id":"https:\/\/www.noticiasradioreflejos.com.ar\/2021\/fin-de-semana-largo-el-gobierno-suspendio-el-feriado-del-24-de-mayo\/","url":"https:\/\/www.noticiasradioreflejos.com.ar\/2021\/fin-de-semana-largo-el-gobierno-suspendio-el-feriado-del-24-de-mayo\/","name":"Fin de semana largo: el Gobierno suspendi\u00f3 el feriado del 24 de mayo - Noticias Radio Reflejos","isPartOf":{"@id":"https:\/\/www.noticiasradioreflejos.com.ar\/2021\/#website"},"primaryImageOfPage":{"@id":"https:\/\/www.noticiasradioreflejos.com.ar\/2021\/fin-de-semana-largo-el-gobierno-suspendio-el-feriado-del-24-de-mayo\/#primaryimage"},"image":{"@id":"https:\/\/www.noticiasradioreflejos.com.ar\/2021\/fin-de-semana-largo-el-gobierno-suspendio-el-feriado-del-24-de-mayo\/#primaryimage"},"thumbnailUrl":"https:\/\/www.noticiasradioreflejos.com.ar\/2021\/wp-content\/uploads\/2021\/05\/Parque-Provincial-Ernesto-Tornquist.jpeg","datePublished":"2021-05-13T11:54:06+00:00","author":{"@id":"https:\/\/www.noticiasradioreflejos.com.ar\/2021\/#\/schema\/person\/ad82545263dcc5ec0996818884fd5fb1"},"breadcrumb":{"@id":"https:\/\/www.noticiasradioreflejos.com.ar\/2021\/fin-de-semana-largo-el-gobierno-suspendio-el-feriado-del-24-de-mayo\/#breadcrumb"},"inLanguage":"es","potentialAction":[{"@type":"ReadAction","target":["https:\/\/www.noticiasradioreflejos.com.ar\/2021\/fin-de-semana-largo-el-gobierno-suspendio-el-feriado-del-24-de-mayo\/"]}]},{"@type":"ImageObject","inLanguage":"es","@id":"https:\/\/www.noticiasradioreflejos.com.ar\/2021\/fin-de-semana-largo-el-gobierno-suspendio-el-feriado-del-24-de-mayo\/#primaryimage","url":"https:\/\/www.noticiasradioreflejos.com.ar\/2021\/wp-content\/uploads\/2021\/05\/Parque-Provincial-Ernesto-Tornquist.jpeg","contentUrl":"https:\/\/www.noticiasradioreflejos.com.ar\/2021\/wp-content\/uploads\/2021\/05\/Parque-Provincial-Ernesto-Tornquist.jpeg","width":777,"height":415},{"@type":"BreadcrumbList","@id":"https:\/\/www.noticiasradioreflejos.com.ar\/2021\/fin-de-semana-largo-el-gobierno-suspendio-el-feriado-del-24-de-mayo\/#breadcrumb","itemListElement":[{"@type":"ListItem","position":1,"name":"Portada","item":"https:\/\/www.noticiasradioreflejos.com.ar\/2021\/"},{"@type":"ListItem","position":2,"name":"Fin de semana largo: el Gobierno suspendi\u00f3 el feriado del 24 de mayo"}]},{"@type":"WebSite","@id":"https:\/\/www.noticiasradioreflejos.com.ar\/2021\/#website","url":"https:\/\/www.noticiasradioreflejos.com.ar\/2021\/","name":"Noticias Radio Reflejos","description":"Las noticias de mi comarca","potentialAction":[{"@type":"SearchAction","target":{"@type":"EntryPoint","urlTemplate":"https:\/\/www.noticiasradioreflejos.com.ar\/2021\/?s={search_term_string}"},"query-input":{"@type":"PropertyValueSpecification","valueRequired":true,"valueName":"search_term_string"}}],"inLanguage":"es"},{"@type":"Person","@id":"https:\/\/www.noticiasradioreflejos.com.ar\/2021\/#\/schema\/person\/ad82545263dcc5ec0996818884fd5fb1","name":"Arnaldo Botto","image":{"@type":"ImageObject","inLanguage":"es","@id":"https:\/\/www.noticiasradioreflejos.com.ar\/2021\/#\/schema\/person\/image\/","url":"https:\/\/secure.gravatar.com\/avatar\/55cb5e37c1efa326397366e6974cb338056df65cb50e7d64d1cf314e87504837?s=96&d=mm&r=g","contentUrl":"https:\/\/secure.gravatar.com\/avatar\/55cb5e37c1efa326397366e6974cb338056df65cb50e7d64d1cf314e87504837?s=96&d=mm&r=g","caption":"Arnaldo Botto"},"url":"https:\/\/www.noticiasradioreflejos.com.ar\/2021\/author\/arnaldo\/"}]}},"_links":{"self":[{"href":"https:\/\/www.noticiasradioreflejos.com.ar\/2021\/wp-json\/wp\/v2\/posts\/56732","targetHints":{"allow":["GET"]}}],"collection":[{"href":"https:\/\/www.noticiasradioreflejos.com.ar\/2021\/wp-json\/wp\/v2\/posts"}],"about":[{"href":"https:\/\/www.noticiasradioreflejos.com.ar\/2021\/wp-json\/wp\/v2\/types\/post"}],"author":[{"embeddable":true,"href":"https:\/\/www.noticiasradioreflejos.com.ar\/2021\/wp-json\/wp\/v2\/users\/3"}],"replies":[{"embeddable":true,"href":"https:\/\/www.noticiasradioreflejos.com.ar\/2021\/wp-json\/wp\/v2\/comments?post=56732"}],"version-history":[{"count":1,"href":"https:\/\/www.noticiasradioreflejos.com.ar\/2021\/wp-json\/wp\/v2\/posts\/56732\/revisions"}],"predecessor-version":[{"id":56734,"href":"https:\/\/www.noticiasradioreflejos.com.ar\/2021\/wp-json\/wp\/v2\/posts\/56732\/revisions\/56734"}],"wp:featuredmedia":[{"embeddable":true,"href":"https:\/\/www.noticiasradioreflejos.com.ar\/2021\/wp-json\/wp\/v2\/media\/56733"}],"wp:attachment":[{"href":"https:\/\/www.noticiasradioreflejos.com.ar\/2021\/wp-json\/wp\/v2\/media?parent=56732"}],"wp:term":[{"taxonomy":"category","embeddable":true,"href":"https:\/\/www.noticiasradioreflejos.com.ar\/2021\/wp-json\/wp\/v2\/categories?post=56732"},{"taxonomy":"post_tag","embeddable":true,"href":"https:\/\/www.noticiasradioreflejos.com.ar\/2021\/wp-json\/wp\/v2\/tags?post=56732"}],"curies":[{"name":"wp","href":"https:\/\/api.w.org\/{rel}","templated":true}]}}