{"id":56728,"date":"2021-05-13T11:36:32","date_gmt":"2021-05-13T11:36:32","guid":{"rendered":"http:\/\/www.noticiasradioreflejos.com.ar\/2021\/?p=56728"},"modified":"2021-05-13T11:36:32","modified_gmt":"2021-05-13T11:36:32","slug":"como-usaron-el-dolor-de-matias-almeyda-para-confundir-sobre-las-vacunas","status":"publish","type":"post","link":"https:\/\/www.noticiasradioreflejos.com.ar\/2021\/como-usaron-el-dolor-de-matias-almeyda-para-confundir-sobre-las-vacunas\/","title":{"rendered":"C\u00f3mo usaron el dolor de Mat\u00edas Almeyda para confundir sobre las vacunas"},"content":{"rendered":"<div class=\"section-2-col article-header\">\n<div class=\"col 2-col\">\n<h4><\/h4>\n<h1><\/h1>\n<p>El \u00eddolo de River dirige ahora en EE.UU. Cont\u00f3 que despu\u00e9s de la muerte de su padre por coronavirus quiso comprar all\u00ed 30.000 vacunas para Azul, su pueblo, pero que \u201cun pol\u00edtico amigo\u201d le dijo que el Gobierno no lo autorizaba. Periodistas e intendentes opositores aprovecharon para montar una campa\u00f1a. Toda la historia.<\/p>\n<div class=\"author\"><\/div>\n<\/div>\n<\/div>\n<p><!--more--><\/p>\n<div class=\"section-2-col article-main-image\">\n<div class=\"col 1-col\">\n<div class=\"article-info\">\n<div class=\"social-media\">\n<p>&nbsp;<\/p>\n<\/div>\n<\/div>\n<\/div>\n<div class=\"col 2-col\">\n<div class=\"article-main-media-image__container\">\n<div class=\"image-wrapper\">\n<figure>\n<figure class=\"object-fit-block--contain intrinsic-container intrinsic-container-3x2\"><img decoding=\"async\" class=\" lazyloaded\" src=\"https:\/\/images.pagina12.com.ar\/styles\/focal_3_2_960x640\/public\/2021-05\/162022-mat-c3-adas-20almeyda-0.jpg?itok=xKtAIN7v\" alt=\"Mat\u00edas Almeyda, el recordado mediocampista de River y la Selecci\u00f3n enredado con las vacunas.\" data-src=\"https:\/\/images.pagina12.com.ar\/styles\/focal_3_2_960x640\/public\/2021-05\/162022-mat-c3-adas-20almeyda-0.jpg?itok=xKtAIN7v\" \/><\/figure><figcaption>Mat\u00edas Almeyda, el recordado mediocampista de River y la Selecci\u00f3n enredado con las vacunas.<\/figcaption><\/figure>\n<\/div>\n<\/div>\n<\/div>\n<\/div>\n<div class=\"section-2-col article-main-content\">\n<div class=\"col 1-col\">\n<div id=\"cxense-new-related-articles-341309\">\n<div class=\"article-card\"><\/div>\n<div class=\"article-card\">\n<article class=\"article-item article-item--teaser-vertical\">\n<div class=\"tarticle-item__content-footer-wrapper\">\n<div class=\"article-item__content\">\n<h3 class=\"is-display-inline\"><span style=\"color: #333333; font-size: 15px;\">La historia la dispar\u00f3 un reportaje radial a <\/span><b style=\"color: #333333; font-size: 15px;\">Mat\u00edas Almeyda<\/b><span style=\"color: #333333; font-size: 15px;\">, el recordado mediocampista de River y la Selecci\u00f3n que ahora dirige al San Jose Earthquakes en la Liga Mayor de f\u00fatbol de los Estados Unidos. En esa charla cont\u00f3 que, despu\u00e9s de la muerte de su padre por coronavirus en Azul, hab\u00eda intentado donarle a esa ciudad 30.000 vacunas pero que el Estado lo hab\u00eda impedido.<\/span><\/h3>\n<\/div>\n<\/div>\n<\/article>\n<\/div>\n<\/div>\n<\/div>\n<div class=\"col 2-col\">\n<div class=\"article-main-content article-text \">\n<p>Lo poco usual del relato, en un contexto de faltantes de vacunas a nivel mundial, no despert\u00f3 la curiosidad del periodista que lo entrevistaba ni la de todos sus colegas que la repitieron y ampliaron en los principales medios y mucho menos la de la intendencia de Azul, conducida por\u00a0<b>Hern\u00e1n Bertellys<\/b>\u00a0de Juntos por el Cambio, que sali\u00f3 p\u00fablicamente a reclamar que se viabilice la entrega.<\/p>\n<div class=\"teads-adCall\"><\/div>\n<div id=\"div-gpt-ad-inline\" data-google-query-id=\"COrcue3GxvACFXUGuQYdXAUAdQ\">\n<div id=\"google_ads_iframe_\/349353471\/p12_nota_TEADS_0__container__\">\u00abMat\u00edas las tiene y no podemos perder esta oportunidad. Tiene la posibilidad de comprarlas porque en Estados Unidos las venden. A \u00e9l se las venden\u00bb, afirm\u00f3 Alejandro Vieyra, jefe de Gabinete de la intendencia.<\/div>\n<\/div>\n<p>Seguramente Almeyda no tuvo la intenci\u00f3n de generar confusiones con su generosa iniciativa, ni ninguna obligaci\u00f3n de conocer las normas que rigen el comercio de vacunas, pero, en medio de la pandemia que ya caus\u00f3 68.807 muertos,\u00a0<b>los periodistas y pol\u00edticos que lo usaron deber\u00edan ser m\u00e1s cuidadosos\u00a0<\/b>con las expectativas que generan y, sobre todo, con las campa\u00f1as de desinformaci\u00f3n que llevan adelante ante la menor posibilidad.<\/p>\n<p>\u00bfPor qu\u00e9 no consultaron al Ministerio de Salud o a la Gobernaci\u00f3n de Buenos Aires o a la embajada argentina en Washington? Hacerlo hubiese evitado los equ\u00edvocos, pero tambi\u00e9n la posibilidad de generar un nuevo ataque al plan de vacunaci\u00f3n oficial, justo el d\u00eda en que se anunciaba la llegada de otros 4 millones de dosis. Nada m\u00e1s lejos de sus intenciones.<\/p>\n<h2>C\u00f3mo empez\u00f3 la historia<\/h2>\n<p>En el primer reportaje, Almeyda relat\u00f3 el golpe que hab\u00eda significado para \u00e9l la muerte de su padre el 2 de marzo pasado y, en paralelo, la internaci\u00f3n de su madre, vividas a miles de kil\u00f3metros de distancia. En ese marco le surgi\u00f3 la idea de donar 30.000 vacunas a su pueblo de nacimiento.<\/p>\n<p>\u201cHace 20 d\u00edas llam\u00e9 a un pol\u00edtico importante de Argentina porque quer\u00eda vacunar a toda la ciudad de Azul, quer\u00eda pagar todas las vacunas, no me importaba lo que iba a costar. Si me quedaba sin lo que ten\u00eda no me importaba porque la p\u00e9rdida de mi padre y muchos conocidos me dio mucha tristeza. Ten\u00eda todos los contactos para llevar las vacunas pero lamentablemente no se pudo\u201d, asegur\u00f3 el futbolista, que enseguida ampli\u00f3 su versi\u00f3n sobre lo ocurrido. \u201cTen\u00eda los v\u00ednculos pero cuando habl\u00e9 con este pol\u00edtico me dijo que no se pod\u00eda porque es un tema que lo manejan los Estados. No se puede a nivel privado hacer estas cosas. Es una l\u00e1stima porque hay mucha gente que estar\u00eda dispuesta a invertir dinero para ayudar a la poblaci\u00f3n. El sistema est\u00e1 hecho as\u00ed, lo maneja el Gobierno. El d\u00eda que se abra un poco todo esto, va a haber mucha gente que querr\u00e1 colaborar, pero tambi\u00e9n va a haber mucho negocio. Es dif\u00edcil y entendible. Una l\u00e1stima\u201d, concluy\u00f3 Almeyda.<\/p>\n<h2>\u00bfPor qu\u00e9 no fue posible lo que plante\u00f3 Almeyda?<\/h2>\n<p>La campa\u00f1a sobre la privatizaci\u00f3n del plan de vacunaci\u00f3n\u00a0<a href=\"https:\/\/www.pagina12.com.ar\/329048-juntos-por-el-cambio-blanqueo-que-privatizaria-la-vacuna\">fue lanzada en principio por Patricia Bullrich<\/a>\u00a0y reflotada por Mauricio Macri cuando cont\u00f3 que, contra lo que \u00e9l mismo hab\u00eda prometido p\u00fablicamente (\u201cno lo har\u00e9 hasta que todos los argentinos de riesgo y trabajadores esenciales ya lo hayan hecho\u201d),<a href=\"https:\/\/www.pagina12.com.ar\/340738-coronavirus-mauricio-macri-conto-que-se-aplico-la-vacuna-de-\">\u00a0aprovech\u00f3 un viaje a Miami para recibir su dosis<\/a>.<\/p>\n<p>En su mensaje, el ex presidente daba a entender que cualquiera compra y vende vacunas en Estados Unidos. No es as\u00ed. Hasta las que se aplican en farmacias son entregadas gratuitamente por el Estado.<\/p>\n<p>En una de esas farmacias la recibi\u00f3 Macri, aprovechando que el gobierno de EE.UU. decidi\u00f3 aplicarlas tambi\u00e9n a todos los extranjeros que viven en ese pa\u00eds, sin tomar en cuenta si son indocumentados ni preguntar al respecto. Es la \u00fanica manera de garantizar que los inmigrantes ilegales se inmunicen y no contagien a los dem\u00e1s ciudadanos.<\/p>\n<p>Pero m\u00e1s all\u00e1 de los delirios opositores, que acusaban al Gobierno nacional de prohibir la compra de dosis a las provincias, el jefe de Gabinete Santiago Cafiero dej\u00f3 claro que la ley 23.573, que regula la distribuci\u00f3n de vacunas, permite tambi\u00e9n a los particulares como Almeyda la compra de vacunas. Si las consiguen, claro, y si se trata de alguna de las autorizadas por los organismos reguladores argentinos. En el caso de las de origen norteamericano, hasta ahora s\u00f3lo la fabricada por el laboratorio Pfizer.<\/p>\n<p>Almeyda choc\u00f3 con el gobierno argentino, choc\u00f3 con la realidad.<\/p>\n<p>No porque se lo hayan impedido las autoridades nacionales, como le dijo su \u201cpol\u00edtico amigo\u201d, sino porque el gobierno de Estados Unidos prohibe la exportaci\u00f3n de vacunas.<\/p>\n<p>Desde la embajada argentina en Washington revelaron a\u00a0<b>P\u00e1gina\/12<\/b>\u00a0que\u00a0<b>en los \u00faltimos d\u00edas cuatro grandes empresas nacionales los contactaron para saber si pod\u00edan comprar vacunas<\/b>\u00a0para inmunizar a sus empleados, convencidas de que as\u00ed volver\u00edan a la normalidad productiva.<\/p>\n<p>La embajada hizo la consulta con las autoridades pertinentes y recogi\u00f3 la respuesta esperada: no solo est\u00e1 cerrada la exportaci\u00f3n, porque se considera todo lo relacionado con la inmunizaci\u00f3n \u201cmaterial de seguridad nacional\u201d, sino tambi\u00e9n que para vender vacunas los laboratorios necesitan una autorizaci\u00f3n especial del gobierno de Estados Unidos, que no las est\u00e1 otorgando.<\/p>\n<p>\u201cNo,\u00a0<b>en EE.UU. no hay venta ni compra de vacunas. Todo sigue siendo distribuido por el Estado<\/b>. No hay mercado de vacunas\u201d, respondi\u00f3 a este diario\u00a0<b>Ernesto Resnik<\/b>, un bi\u00f3logo molecular argentino radicado en ese pa\u00eds que se transform\u00f3 en una referencia obligada en la informaci\u00f3n sobre la pandemia.<\/p>\n<p>Ning\u00fan periodista se preocup\u00f3 por verificar esta parte de la historia de Almeyda.<\/p>\n<p>Adem\u00e1s de aparecer reclamando en los medios, tampoco los funcionarios de Azul se tomaron ning\u00fan trabajo.<\/p>\n<p>&nbsp;<\/p>\n<p>Ante la consulta de\u00a0<b>P\u00e1gina\/12<\/b>, en la gobernaci\u00f3n de la provincia de Buenos Aires fueron contundentes: \u201cEs puro humo, ac\u00e1 nadie se los impide. Con nosotros ni siquiera hablaron\u201d.<\/p>\n<\/div>\n<\/div>\n<\/div>\n","protected":false},"excerpt":{"rendered":"<p>El \u00eddolo de River dirige ahora en EE.UU. Cont\u00f3 que despu\u00e9s de la muerte de su padre por coronavirus quiso comprar all\u00ed 30.000 vacunas para Azul, su pueblo, pero que \u201cun pol\u00edtico amigo\u201d le dijo que el Gobierno no lo autorizaba. Periodistas e intendentes opositores aprovecharon para montar una campa\u00f1a. Toda la historia.<\/p>\n","protected":false},"author":3,"featured_media":0,"comment_status":"open","ping_status":"open","sticky":false,"template":"","format":"standard","meta":{"footnotes":""},"categories":[24],"tags":[],"class_list":["post-56728","post","type-post","status-publish","format-standard","hentry","category-politica"],"yoast_head":"<!-- This site is optimized with the Yoast SEO plugin v25.9 - https:\/\/yoast.com\/wordpress\/plugins\/seo\/ -->\n<title>C\u00f3mo usaron el dolor de Mat\u00edas Almeyda para confundir sobre las vacunas - Noticias Radio Reflejos<\/title>\n<meta name=\"robots\" content=\"index, follow, max-snippet:-1, max-image-preview:large, max-video-preview:-1\" \/>\n<link rel=\"canonical\" href=\"https:\/\/www.noticiasradioreflejos.com.ar\/2021\/como-usaron-el-dolor-de-matias-almeyda-para-confundir-sobre-las-vacunas\/\" \/>\n<meta property=\"og:locale\" content=\"es_ES\" \/>\n<meta property=\"og:type\" content=\"article\" \/>\n<meta property=\"og:title\" content=\"C\u00f3mo usaron el dolor de Mat\u00edas Almeyda para confundir sobre las vacunas - Noticias Radio Reflejos\" \/>\n<meta property=\"og:description\" content=\"El \u00eddolo de River dirige ahora en EE.UU. Cont\u00f3 que despu\u00e9s de la muerte de su padre por coronavirus quiso comprar all\u00ed 30.000 vacunas para Azul, su pueblo, pero que \u201cun pol\u00edtico amigo\u201d le dijo que el Gobierno no lo autorizaba. Periodistas e intendentes opositores aprovecharon para montar una campa\u00f1a. Toda la historia.\" \/>\n<meta property=\"og:url\" content=\"https:\/\/www.noticiasradioreflejos.com.ar\/2021\/como-usaron-el-dolor-de-matias-almeyda-para-confundir-sobre-las-vacunas\/\" \/>\n<meta property=\"og:site_name\" content=\"Noticias Radio Reflejos\" \/>\n<meta property=\"article:published_time\" content=\"2021-05-13T11:36:32+00:00\" \/>\n<meta property=\"og:image\" content=\"https:\/\/images.pagina12.com.ar\/styles\/focal_3_2_960x640\/public\/2021-05\/162022-mat-c3-adas-20almeyda-0.jpg?itok=xKtAIN7v\" \/>\n<meta name=\"author\" content=\"Arnaldo Botto\" \/>\n<meta name=\"twitter:card\" content=\"summary_large_image\" \/>\n<script type=\"application\/ld+json\" class=\"yoast-schema-graph\">{\"@context\":\"https:\/\/schema.org\",\"@graph\":[{\"@type\":\"WebPage\",\"@id\":\"https:\/\/www.noticiasradioreflejos.com.ar\/2021\/como-usaron-el-dolor-de-matias-almeyda-para-confundir-sobre-las-vacunas\/\",\"url\":\"https:\/\/www.noticiasradioreflejos.com.ar\/2021\/como-usaron-el-dolor-de-matias-almeyda-para-confundir-sobre-las-vacunas\/\",\"name\":\"C\u00f3mo usaron el dolor de Mat\u00edas Almeyda para confundir sobre las vacunas - Noticias Radio Reflejos\",\"isPartOf\":{\"@id\":\"https:\/\/www.noticiasradioreflejos.com.ar\/2021\/#website\"},\"primaryImageOfPage\":{\"@id\":\"https:\/\/www.noticiasradioreflejos.com.ar\/2021\/como-usaron-el-dolor-de-matias-almeyda-para-confundir-sobre-las-vacunas\/#primaryimage\"},\"image\":{\"@id\":\"https:\/\/www.noticiasradioreflejos.com.ar\/2021\/como-usaron-el-dolor-de-matias-almeyda-para-confundir-sobre-las-vacunas\/#primaryimage\"},\"thumbnailUrl\":\"https:\/\/images.pagina12.com.ar\/styles\/focal_3_2_960x640\/public\/2021-05\/162022-mat-c3-adas-20almeyda-0.jpg?itok=xKtAIN7v\",\"datePublished\":\"2021-05-13T11:36:32+00:00\",\"author\":{\"@id\":\"https:\/\/www.noticiasradioreflejos.com.ar\/2021\/#\/schema\/person\/ad82545263dcc5ec0996818884fd5fb1\"},\"breadcrumb\":{\"@id\":\"https:\/\/www.noticiasradioreflejos.com.ar\/2021\/como-usaron-el-dolor-de-matias-almeyda-para-confundir-sobre-las-vacunas\/#breadcrumb\"},\"inLanguage\":\"es\",\"potentialAction\":[{\"@type\":\"ReadAction\",\"target\":[\"https:\/\/www.noticiasradioreflejos.com.ar\/2021\/como-usaron-el-dolor-de-matias-almeyda-para-confundir-sobre-las-vacunas\/\"]}]},{\"@type\":\"ImageObject\",\"inLanguage\":\"es\",\"@id\":\"https:\/\/www.noticiasradioreflejos.com.ar\/2021\/como-usaron-el-dolor-de-matias-almeyda-para-confundir-sobre-las-vacunas\/#primaryimage\",\"url\":\"https:\/\/images.pagina12.com.ar\/styles\/focal_3_2_960x640\/public\/2021-05\/162022-mat-c3-adas-20almeyda-0.jpg?itok=xKtAIN7v\",\"contentUrl\":\"https:\/\/images.pagina12.com.ar\/styles\/focal_3_2_960x640\/public\/2021-05\/162022-mat-c3-adas-20almeyda-0.jpg?itok=xKtAIN7v\"},{\"@type\":\"BreadcrumbList\",\"@id\":\"https:\/\/www.noticiasradioreflejos.com.ar\/2021\/como-usaron-el-dolor-de-matias-almeyda-para-confundir-sobre-las-vacunas\/#breadcrumb\",\"itemListElement\":[{\"@type\":\"ListItem\",\"position\":1,\"name\":\"Portada\",\"item\":\"https:\/\/www.noticiasradioreflejos.com.ar\/2021\/\"},{\"@type\":\"ListItem\",\"position\":2,\"name\":\"C\u00f3mo usaron el dolor de Mat\u00edas Almeyda para confundir sobre las vacunas\"}]},{\"@type\":\"WebSite\",\"@id\":\"https:\/\/www.noticiasradioreflejos.com.ar\/2021\/#website\",\"url\":\"https:\/\/www.noticiasradioreflejos.com.ar\/2021\/\",\"name\":\"Noticias Radio Reflejos\",\"description\":\"Las noticias de mi comarca\",\"potentialAction\":[{\"@type\":\"SearchAction\",\"target\":{\"@type\":\"EntryPoint\",\"urlTemplate\":\"https:\/\/www.noticiasradioreflejos.com.ar\/2021\/?s={search_term_string}\"},\"query-input\":{\"@type\":\"PropertyValueSpecification\",\"valueRequired\":true,\"valueName\":\"search_term_string\"}}],\"inLanguage\":\"es\"},{\"@type\":\"Person\",\"@id\":\"https:\/\/www.noticiasradioreflejos.com.ar\/2021\/#\/schema\/person\/ad82545263dcc5ec0996818884fd5fb1\",\"name\":\"Arnaldo Botto\",\"image\":{\"@type\":\"ImageObject\",\"inLanguage\":\"es\",\"@id\":\"https:\/\/www.noticiasradioreflejos.com.ar\/2021\/#\/schema\/person\/image\/\",\"url\":\"https:\/\/secure.gravatar.com\/avatar\/55cb5e37c1efa326397366e6974cb338056df65cb50e7d64d1cf314e87504837?s=96&d=mm&r=g\",\"contentUrl\":\"https:\/\/secure.gravatar.com\/avatar\/55cb5e37c1efa326397366e6974cb338056df65cb50e7d64d1cf314e87504837?s=96&d=mm&r=g\",\"caption\":\"Arnaldo Botto\"},\"url\":\"https:\/\/www.noticiasradioreflejos.com.ar\/2021\/author\/arnaldo\/\"}]}<\/script>\n<!-- \/ Yoast SEO plugin. -->","yoast_head_json":{"title":"C\u00f3mo usaron el dolor de Mat\u00edas Almeyda para confundir sobre las vacunas - Noticias Radio Reflejos","robots":{"index":"index","follow":"follow","max-snippet":"max-snippet:-1","max-image-preview":"max-image-preview:large","max-video-preview":"max-video-preview:-1"},"canonical":"https:\/\/www.noticiasradioreflejos.com.ar\/2021\/como-usaron-el-dolor-de-matias-almeyda-para-confundir-sobre-las-vacunas\/","og_locale":"es_ES","og_type":"article","og_title":"C\u00f3mo usaron el dolor de Mat\u00edas Almeyda para confundir sobre las vacunas - Noticias Radio Reflejos","og_description":"El \u00eddolo de River dirige ahora en EE.UU. Cont\u00f3 que despu\u00e9s de la muerte de su padre por coronavirus quiso comprar all\u00ed 30.000 vacunas para Azul, su pueblo, pero que \u201cun pol\u00edtico amigo\u201d le dijo que el Gobierno no lo autorizaba. Periodistas e intendentes opositores aprovecharon para montar una campa\u00f1a. Toda la historia.","og_url":"https:\/\/www.noticiasradioreflejos.com.ar\/2021\/como-usaron-el-dolor-de-matias-almeyda-para-confundir-sobre-las-vacunas\/","og_site_name":"Noticias Radio Reflejos","article_published_time":"2021-05-13T11:36:32+00:00","og_image":[{"url":"https:\/\/images.pagina12.com.ar\/styles\/focal_3_2_960x640\/public\/2021-05\/162022-mat-c3-adas-20almeyda-0.jpg?itok=xKtAIN7v","type":"","width":"","height":""}],"author":"Arnaldo Botto","twitter_card":"summary_large_image","schema":{"@context":"https:\/\/schema.org","@graph":[{"@type":"WebPage","@id":"https:\/\/www.noticiasradioreflejos.com.ar\/2021\/como-usaron-el-dolor-de-matias-almeyda-para-confundir-sobre-las-vacunas\/","url":"https:\/\/www.noticiasradioreflejos.com.ar\/2021\/como-usaron-el-dolor-de-matias-almeyda-para-confundir-sobre-las-vacunas\/","name":"C\u00f3mo usaron el dolor de Mat\u00edas Almeyda para confundir sobre las vacunas - Noticias Radio Reflejos","isPartOf":{"@id":"https:\/\/www.noticiasradioreflejos.com.ar\/2021\/#website"},"primaryImageOfPage":{"@id":"https:\/\/www.noticiasradioreflejos.com.ar\/2021\/como-usaron-el-dolor-de-matias-almeyda-para-confundir-sobre-las-vacunas\/#primaryimage"},"image":{"@id":"https:\/\/www.noticiasradioreflejos.com.ar\/2021\/como-usaron-el-dolor-de-matias-almeyda-para-confundir-sobre-las-vacunas\/#primaryimage"},"thumbnailUrl":"https:\/\/images.pagina12.com.ar\/styles\/focal_3_2_960x640\/public\/2021-05\/162022-mat-c3-adas-20almeyda-0.jpg?itok=xKtAIN7v","datePublished":"2021-05-13T11:36:32+00:00","author":{"@id":"https:\/\/www.noticiasradioreflejos.com.ar\/2021\/#\/schema\/person\/ad82545263dcc5ec0996818884fd5fb1"},"breadcrumb":{"@id":"https:\/\/www.noticiasradioreflejos.com.ar\/2021\/como-usaron-el-dolor-de-matias-almeyda-para-confundir-sobre-las-vacunas\/#breadcrumb"},"inLanguage":"es","potentialAction":[{"@type":"ReadAction","target":["https:\/\/www.noticiasradioreflejos.com.ar\/2021\/como-usaron-el-dolor-de-matias-almeyda-para-confundir-sobre-las-vacunas\/"]}]},{"@type":"ImageObject","inLanguage":"es","@id":"https:\/\/www.noticiasradioreflejos.com.ar\/2021\/como-usaron-el-dolor-de-matias-almeyda-para-confundir-sobre-las-vacunas\/#primaryimage","url":"https:\/\/images.pagina12.com.ar\/styles\/focal_3_2_960x640\/public\/2021-05\/162022-mat-c3-adas-20almeyda-0.jpg?itok=xKtAIN7v","contentUrl":"https:\/\/images.pagina12.com.ar\/styles\/focal_3_2_960x640\/public\/2021-05\/162022-mat-c3-adas-20almeyda-0.jpg?itok=xKtAIN7v"},{"@type":"BreadcrumbList","@id":"https:\/\/www.noticiasradioreflejos.com.ar\/2021\/como-usaron-el-dolor-de-matias-almeyda-para-confundir-sobre-las-vacunas\/#breadcrumb","itemListElement":[{"@type":"ListItem","position":1,"name":"Portada","item":"https:\/\/www.noticiasradioreflejos.com.ar\/2021\/"},{"@type":"ListItem","position":2,"name":"C\u00f3mo usaron el dolor de Mat\u00edas Almeyda para confundir sobre las vacunas"}]},{"@type":"WebSite","@id":"https:\/\/www.noticiasradioreflejos.com.ar\/2021\/#website","url":"https:\/\/www.noticiasradioreflejos.com.ar\/2021\/","name":"Noticias Radio Reflejos","description":"Las noticias de mi comarca","potentialAction":[{"@type":"SearchAction","target":{"@type":"EntryPoint","urlTemplate":"https:\/\/www.noticiasradioreflejos.com.ar\/2021\/?s={search_term_string}"},"query-input":{"@type":"PropertyValueSpecification","valueRequired":true,"valueName":"search_term_string"}}],"inLanguage":"es"},{"@type":"Person","@id":"https:\/\/www.noticiasradioreflejos.com.ar\/2021\/#\/schema\/person\/ad82545263dcc5ec0996818884fd5fb1","name":"Arnaldo Botto","image":{"@type":"ImageObject","inLanguage":"es","@id":"https:\/\/www.noticiasradioreflejos.com.ar\/2021\/#\/schema\/person\/image\/","url":"https:\/\/secure.gravatar.com\/avatar\/55cb5e37c1efa326397366e6974cb338056df65cb50e7d64d1cf314e87504837?s=96&d=mm&r=g","contentUrl":"https:\/\/secure.gravatar.com\/avatar\/55cb5e37c1efa326397366e6974cb338056df65cb50e7d64d1cf314e87504837?s=96&d=mm&r=g","caption":"Arnaldo Botto"},"url":"https:\/\/www.noticiasradioreflejos.com.ar\/2021\/author\/arnaldo\/"}]}},"_links":{"self":[{"href":"https:\/\/www.noticiasradioreflejos.com.ar\/2021\/wp-json\/wp\/v2\/posts\/56728","targetHints":{"allow":["GET"]}}],"collection":[{"href":"https:\/\/www.noticiasradioreflejos.com.ar\/2021\/wp-json\/wp\/v2\/posts"}],"about":[{"href":"https:\/\/www.noticiasradioreflejos.com.ar\/2021\/wp-json\/wp\/v2\/types\/post"}],"author":[{"embeddable":true,"href":"https:\/\/www.noticiasradioreflejos.com.ar\/2021\/wp-json\/wp\/v2\/users\/3"}],"replies":[{"embeddable":true,"href":"https:\/\/www.noticiasradioreflejos.com.ar\/2021\/wp-json\/wp\/v2\/comments?post=56728"}],"version-history":[{"count":2,"href":"https:\/\/www.noticiasradioreflejos.com.ar\/2021\/wp-json\/wp\/v2\/posts\/56728\/revisions"}],"predecessor-version":[{"id":56731,"href":"https:\/\/www.noticiasradioreflejos.com.ar\/2021\/wp-json\/wp\/v2\/posts\/56728\/revisions\/56731"}],"wp:attachment":[{"href":"https:\/\/www.noticiasradioreflejos.com.ar\/2021\/wp-json\/wp\/v2\/media?parent=56728"}],"wp:term":[{"taxonomy":"category","embeddable":true,"href":"https:\/\/www.noticiasradioreflejos.com.ar\/2021\/wp-json\/wp\/v2\/categories?post=56728"},{"taxonomy":"post_tag","embeddable":true,"href":"https:\/\/www.noticiasradioreflejos.com.ar\/2021\/wp-json\/wp\/v2\/tags?post=56728"}],"curies":[{"name":"wp","href":"https:\/\/api.w.org\/{rel}","templated":true}]}}