{"id":56722,"date":"2021-05-13T11:07:33","date_gmt":"2021-05-13T11:07:33","guid":{"rendered":"http:\/\/www.noticiasradioreflejos.com.ar\/2021\/?p=56722"},"modified":"2021-05-13T11:07:33","modified_gmt":"2021-05-13T11:07:33","slug":"beneficio-para-mas-de-3-millones-de-argentinos-y-argentinas","status":"publish","type":"post","link":"https:\/\/www.noticiasradioreflejos.com.ar\/2021\/beneficio-para-mas-de-3-millones-de-argentinos-y-argentinas\/","title":{"rendered":"Beneficio para m\u00e1s de 3 millones de argentinos y argentinas"},"content":{"rendered":"<div dir=\"auto\">Los Concejales del Frente de Todos PJ queremos agradecer y apoyar la gesti\u00f3n realizada por el ex intendente <strong>Gustavo Trankels<\/strong> y el Diputado Nacional <strong>M\u00e1ximo Kirchner<\/strong> para incorporar a nuestro Distrito en un proyecto de ley que, de aprobarse, beneficiar\u00e1 a m\u00e1s de 3 millones de argentinas y argentinos. En estos momentos tan dif\u00edciles valoramos enormemente la iniciativa legislativa que sin dudas ser\u00e1 important\u00edsima para la inmensa mayor\u00eda de los vecinos de nuestro Distrito.<\/div>\n<p><!--more--><\/p>\n<div dir=\"auto\">La medida ser\u00e1 tratada hoy en la Honorable C\u00e1mara de Diputados de la Naci\u00f3n donde esperamos que todas las fuerzas pol\u00edticas acompa\u00f1en el proyecto que con esta gesti\u00f3n beneficiar\u00e1 al Distrito de Tornquist en un momento muy necesario!<\/div>\n<div dir=\"auto\"><\/div>\n<div dir=\"auto\">A continuaci\u00f3n transcribimos informaci\u00f3n sobre la iniciativa:<\/div>\n<div dir=\"auto\"><strong>Detalles del proyecto<\/strong><\/div>\n<div dir=\"auto\"><strong>Beneficio para m\u00e1s de 3 millones de argentinos y argentinas<\/strong><\/div>\n<div dir=\"auto\"><\/div>\n<div dir=\"auto\">El Proyecto implica una disminuci\u00f3n del 30% y 50% sobre las facturas de gas correspondiente para usuarias y usuarios residenciales, dependiendo su situaci\u00f3n de mayor o menor vulnerabilidad (concretamente se tomaron quienes est\u00e1n comprendidos en el decreto presidencial 311\/20).<\/div>\n<div dir=\"auto\">En las nuevas localidades la tarifa diferencial implica una disminuci\u00f3n del 50% de la factura de gas correspondiente, en el caso de los siguientes usuarios residenciales:<\/div>\n<div dir=\"auto\">\u2022 Beneficiarios y beneficiarias de la Asignaci\u00f3n Universal por Hijo (AUH) y la Asignaci\u00f3n por Embarazo;<\/div>\n<div dir=\"auto\">\u2022 Beneficiarios y beneficiarias de Pensiones no Contributivas que perciban ingresos mensuales brutos no superiores a CUATRO (4) veces el Salario M\u00ednimo Vital y M\u00f3vil;<\/div>\n<div dir=\"auto\">\u2022 Usuarios inscriptos y usuarias inscriptas en el R\u00e9gimen de Monotributo Social;<\/div>\n<div dir=\"auto\">\u2022 Jubilados y jubiladas; pensionadas y pensionados; y trabajadores y trabajadoras en relaci\u00f3n de dependencia que perciban una remuneraci\u00f3n bruta menor o igual a CUATRO (4) Salarios M\u00ednimos Vitales y M\u00f3viles;<\/div>\n<div dir=\"auto\">\u2022 Trabajadores monotributistas inscriptos y trabajadoras monotributistas inscriptas en una categor\u00eda cuyo ingreso anual mensualizado no supere en TRES (3) veces el Salario M\u00ednimo Vital y M\u00f3vil;<\/div>\n<div dir=\"auto\">\u2022 Usuarios y usuarias que perciben seguro de desempleo;<\/div>\n<div dir=\"auto\">\u2022 Electrodependientes, beneficiarios de la Ley N\u00ba 27.351;<\/div>\n<div dir=\"auto\">\u2022 Usuarios incorporados y usuarias incorporadas en el R\u00e9gimen Especial de Seguridad Social para Empleados de Casas Particulares (Ley N\u00ba 26.844);<\/div>\n<div dir=\"auto\">\u2022 Exentos en el pago de ABL o tributos locales de igual naturaleza;<\/div>\n<div dir=\"auto\">\u2022 Ser titular de una Pensi\u00f3n Vitalicia a Veteranos de Guerra del Atl\u00e1ntico Sur.<\/div>\n<div dir=\"auto\">Respecto del resto de las usuarias y usuarios residenciales, la tarifa diferencial implicar\u00e1 una disminuci\u00f3n del 30% de la factura de gas correspondiente.<\/div>\n<div dir=\"auto\"><\/div>\n<div dir=\"auto\">La ampliaci\u00f3n en cuesti\u00f3n incorpora a las localidades actualmente alcanzadas, las comprendidas en el frente mar\u00edtimo y subzonas del sur de la provincia de Buenos Aires.<\/div>\n<div dir=\"auto\"><\/div>\n<div dir=\"auto\">Reivindicaci\u00f3n hist\u00f3rica: Localidades de cinco provincias se suman a la Zona Fr\u00eda<\/div>\n<div dir=\"auto\">Quedar\u00edan abarcadas con el beneficio que ya tiene la regi\u00f3n Patag\u00f3nica:<\/div>\n<div dir=\"auto\">Provincia de Mendoza<\/div>\n<div dir=\"auto\">San Juan: Departamentos de J\u00e1chal, Sarmiento, Ullum, Zonda, Calingasta, Iglesia, Albard\u00f3n, Capital, Chimbas, 9 de Julio, Pocito, Rawson, Rivadavia, San Juan, Santa Luc\u00eda, Sarmiento, San Mart\u00edn, 25 de Mayo, Angaco y Caucete,<\/div>\n<div dir=\"auto\"><\/div>\n<div dir=\"auto\">Salta: Departamentos de Cachi, Cafayate, La Paloma, Los Andes, Rosario de Lerma, San Carlos, la Regi\u00f3n conocida como la \u201cPuna\u201d<\/div>\n<div dir=\"auto\"><\/div>\n<div dir=\"auto\">San Luis: Departamento de General Pedernera<\/div>\n<div dir=\"auto\"><\/div>\n<div dir=\"auto\">Provincia de Buenos Aires: municipios correspondientes al Partido de La Costa, Pinamar, Villa Gesell, Mar Chiquita, General Pueyrred\u00f3n, General Alvarado, Lober\u00eda, Necochea, Tres Arroyos, San Cayetano, Coronel Dorrego, Monte Hermoso, Coronel Rosales, Bah\u00eda Blanca, Villarino, Patagones, Tandil, Olavarr\u00eda, Azul, General La Madrid, Coronel Su\u00e1rez, Saavedra, Tornquist, Coronel Pringles, Laprida, Benito Ju\u00e1rez, Gonz\u00e1les Ch\u00e1ves, General Juan de Madariaga, General Lavalle, Ayacucho, Rauch, Pellegrini, Salliquel\u00f3, Guamin\u00ed, Tres Lomas, Daireaux, Balcarce, Pu\u00e1n, Adolfo Alsina, Tapalqu\u00e9, General Guido,\u00a0 Castelli, Dolores, Maip\u00fa, Tordillo, Bol\u00edvar y Pehuaj\u00f3.<\/div>\n","protected":false},"excerpt":{"rendered":"<p>Los Concejales del Frente de Todos PJ queremos agradecer y apoyar la gesti\u00f3n realizada por el ex intendente Gustavo Trankels y el Diputado Nacional M\u00e1ximo Kirchner para incorporar a nuestro Distrito en un proyecto de ley que, de aprobarse, beneficiar\u00e1 a m\u00e1s de 3 millones de argentinas y argentinos. En estos momentos tan dif\u00edciles valoramos [&hellip;]<\/p>\n","protected":false},"author":3,"featured_media":0,"comment_status":"open","ping_status":"open","sticky":false,"template":"","format":"standard","meta":{"footnotes":""},"categories":[24],"tags":[48],"class_list":["post-56722","post","type-post","status-publish","format-standard","hentry","category-politica","tag-destacada"],"yoast_head":"<!-- This site is optimized with the Yoast SEO plugin v25.9 - https:\/\/yoast.com\/wordpress\/plugins\/seo\/ -->\n<title>Beneficio para m\u00e1s de 3 millones de argentinos y argentinas - Noticias Radio Reflejos<\/title>\n<meta name=\"robots\" content=\"index, follow, max-snippet:-1, max-image-preview:large, max-video-preview:-1\" \/>\n<link rel=\"canonical\" href=\"https:\/\/www.noticiasradioreflejos.com.ar\/2021\/beneficio-para-mas-de-3-millones-de-argentinos-y-argentinas\/\" \/>\n<meta property=\"og:locale\" content=\"es_ES\" \/>\n<meta property=\"og:type\" content=\"article\" \/>\n<meta property=\"og:title\" content=\"Beneficio para m\u00e1s de 3 millones de argentinos y argentinas - Noticias Radio Reflejos\" \/>\n<meta property=\"og:description\" content=\"Los Concejales del Frente de Todos PJ queremos agradecer y apoyar la gesti\u00f3n realizada por el ex intendente Gustavo Trankels y el Diputado Nacional M\u00e1ximo Kirchner para incorporar a nuestro Distrito en un proyecto de ley que, de aprobarse, beneficiar\u00e1 a m\u00e1s de 3 millones de argentinas y argentinos. En estos momentos tan dif\u00edciles valoramos [&hellip;]\" \/>\n<meta property=\"og:url\" content=\"https:\/\/www.noticiasradioreflejos.com.ar\/2021\/beneficio-para-mas-de-3-millones-de-argentinos-y-argentinas\/\" \/>\n<meta property=\"og:site_name\" content=\"Noticias Radio Reflejos\" \/>\n<meta property=\"article:published_time\" content=\"2021-05-13T11:07:33+00:00\" \/>\n<meta property=\"og:image\" content=\"https:\/\/www.noticiasradioreflejos.com.ar\/2021\/wp-content\/uploads\/2021\/07\/logosol300x200.png\" \/>\n\t<meta property=\"og:image:width\" content=\"300\" \/>\n\t<meta property=\"og:image:height\" content=\"200\" \/>\n\t<meta property=\"og:image:type\" content=\"image\/png\" \/>\n<meta name=\"author\" content=\"Arnaldo Botto\" \/>\n<meta name=\"twitter:card\" content=\"summary_large_image\" \/>\n<script type=\"application\/ld+json\" class=\"yoast-schema-graph\">{\"@context\":\"https:\/\/schema.org\",\"@graph\":[{\"@type\":\"WebPage\",\"@id\":\"https:\/\/www.noticiasradioreflejos.com.ar\/2021\/beneficio-para-mas-de-3-millones-de-argentinos-y-argentinas\/\",\"url\":\"https:\/\/www.noticiasradioreflejos.com.ar\/2021\/beneficio-para-mas-de-3-millones-de-argentinos-y-argentinas\/\",\"name\":\"Beneficio para m\u00e1s de 3 millones de argentinos y argentinas - Noticias Radio Reflejos\",\"isPartOf\":{\"@id\":\"https:\/\/www.noticiasradioreflejos.com.ar\/2021\/#website\"},\"datePublished\":\"2021-05-13T11:07:33+00:00\",\"author\":{\"@id\":\"https:\/\/www.noticiasradioreflejos.com.ar\/2021\/#\/schema\/person\/ad82545263dcc5ec0996818884fd5fb1\"},\"breadcrumb\":{\"@id\":\"https:\/\/www.noticiasradioreflejos.com.ar\/2021\/beneficio-para-mas-de-3-millones-de-argentinos-y-argentinas\/#breadcrumb\"},\"inLanguage\":\"es\",\"potentialAction\":[{\"@type\":\"ReadAction\",\"target\":[\"https:\/\/www.noticiasradioreflejos.com.ar\/2021\/beneficio-para-mas-de-3-millones-de-argentinos-y-argentinas\/\"]}]},{\"@type\":\"BreadcrumbList\",\"@id\":\"https:\/\/www.noticiasradioreflejos.com.ar\/2021\/beneficio-para-mas-de-3-millones-de-argentinos-y-argentinas\/#breadcrumb\",\"itemListElement\":[{\"@type\":\"ListItem\",\"position\":1,\"name\":\"Portada\",\"item\":\"https:\/\/www.noticiasradioreflejos.com.ar\/2021\/\"},{\"@type\":\"ListItem\",\"position\":2,\"name\":\"Beneficio para m\u00e1s de 3 millones de argentinos y argentinas\"}]},{\"@type\":\"WebSite\",\"@id\":\"https:\/\/www.noticiasradioreflejos.com.ar\/2021\/#website\",\"url\":\"https:\/\/www.noticiasradioreflejos.com.ar\/2021\/\",\"name\":\"Noticias Radio Reflejos\",\"description\":\"Las noticias de mi comarca\",\"potentialAction\":[{\"@type\":\"SearchAction\",\"target\":{\"@type\":\"EntryPoint\",\"urlTemplate\":\"https:\/\/www.noticiasradioreflejos.com.ar\/2021\/?s={search_term_string}\"},\"query-input\":{\"@type\":\"PropertyValueSpecification\",\"valueRequired\":true,\"valueName\":\"search_term_string\"}}],\"inLanguage\":\"es\"},{\"@type\":\"Person\",\"@id\":\"https:\/\/www.noticiasradioreflejos.com.ar\/2021\/#\/schema\/person\/ad82545263dcc5ec0996818884fd5fb1\",\"name\":\"Arnaldo Botto\",\"image\":{\"@type\":\"ImageObject\",\"inLanguage\":\"es\",\"@id\":\"https:\/\/www.noticiasradioreflejos.com.ar\/2021\/#\/schema\/person\/image\/\",\"url\":\"https:\/\/secure.gravatar.com\/avatar\/55cb5e37c1efa326397366e6974cb338056df65cb50e7d64d1cf314e87504837?s=96&d=mm&r=g\",\"contentUrl\":\"https:\/\/secure.gravatar.com\/avatar\/55cb5e37c1efa326397366e6974cb338056df65cb50e7d64d1cf314e87504837?s=96&d=mm&r=g\",\"caption\":\"Arnaldo Botto\"},\"url\":\"https:\/\/www.noticiasradioreflejos.com.ar\/2021\/author\/arnaldo\/\"}]}<\/script>\n<!-- \/ Yoast SEO plugin. -->","yoast_head_json":{"title":"Beneficio para m\u00e1s de 3 millones de argentinos y argentinas - Noticias Radio Reflejos","robots":{"index":"index","follow":"follow","max-snippet":"max-snippet:-1","max-image-preview":"max-image-preview:large","max-video-preview":"max-video-preview:-1"},"canonical":"https:\/\/www.noticiasradioreflejos.com.ar\/2021\/beneficio-para-mas-de-3-millones-de-argentinos-y-argentinas\/","og_locale":"es_ES","og_type":"article","og_title":"Beneficio para m\u00e1s de 3 millones de argentinos y argentinas - Noticias Radio Reflejos","og_description":"Los Concejales del Frente de Todos PJ queremos agradecer y apoyar la gesti\u00f3n realizada por el ex intendente Gustavo Trankels y el Diputado Nacional M\u00e1ximo Kirchner para incorporar a nuestro Distrito en un proyecto de ley que, de aprobarse, beneficiar\u00e1 a m\u00e1s de 3 millones de argentinas y argentinos. En estos momentos tan dif\u00edciles valoramos [&hellip;]","og_url":"https:\/\/www.noticiasradioreflejos.com.ar\/2021\/beneficio-para-mas-de-3-millones-de-argentinos-y-argentinas\/","og_site_name":"Noticias Radio Reflejos","article_published_time":"2021-05-13T11:07:33+00:00","og_image":[{"width":300,"height":200,"url":"https:\/\/www.noticiasradioreflejos.com.ar\/2021\/wp-content\/uploads\/2021\/07\/logosol300x200.png","type":"image\/png"}],"author":"Arnaldo Botto","twitter_card":"summary_large_image","schema":{"@context":"https:\/\/schema.org","@graph":[{"@type":"WebPage","@id":"https:\/\/www.noticiasradioreflejos.com.ar\/2021\/beneficio-para-mas-de-3-millones-de-argentinos-y-argentinas\/","url":"https:\/\/www.noticiasradioreflejos.com.ar\/2021\/beneficio-para-mas-de-3-millones-de-argentinos-y-argentinas\/","name":"Beneficio para m\u00e1s de 3 millones de argentinos y argentinas - Noticias Radio Reflejos","isPartOf":{"@id":"https:\/\/www.noticiasradioreflejos.com.ar\/2021\/#website"},"datePublished":"2021-05-13T11:07:33+00:00","author":{"@id":"https:\/\/www.noticiasradioreflejos.com.ar\/2021\/#\/schema\/person\/ad82545263dcc5ec0996818884fd5fb1"},"breadcrumb":{"@id":"https:\/\/www.noticiasradioreflejos.com.ar\/2021\/beneficio-para-mas-de-3-millones-de-argentinos-y-argentinas\/#breadcrumb"},"inLanguage":"es","potentialAction":[{"@type":"ReadAction","target":["https:\/\/www.noticiasradioreflejos.com.ar\/2021\/beneficio-para-mas-de-3-millones-de-argentinos-y-argentinas\/"]}]},{"@type":"BreadcrumbList","@id":"https:\/\/www.noticiasradioreflejos.com.ar\/2021\/beneficio-para-mas-de-3-millones-de-argentinos-y-argentinas\/#breadcrumb","itemListElement":[{"@type":"ListItem","position":1,"name":"Portada","item":"https:\/\/www.noticiasradioreflejos.com.ar\/2021\/"},{"@type":"ListItem","position":2,"name":"Beneficio para m\u00e1s de 3 millones de argentinos y argentinas"}]},{"@type":"WebSite","@id":"https:\/\/www.noticiasradioreflejos.com.ar\/2021\/#website","url":"https:\/\/www.noticiasradioreflejos.com.ar\/2021\/","name":"Noticias Radio Reflejos","description":"Las noticias de mi comarca","potentialAction":[{"@type":"SearchAction","target":{"@type":"EntryPoint","urlTemplate":"https:\/\/www.noticiasradioreflejos.com.ar\/2021\/?s={search_term_string}"},"query-input":{"@type":"PropertyValueSpecification","valueRequired":true,"valueName":"search_term_string"}}],"inLanguage":"es"},{"@type":"Person","@id":"https:\/\/www.noticiasradioreflejos.com.ar\/2021\/#\/schema\/person\/ad82545263dcc5ec0996818884fd5fb1","name":"Arnaldo Botto","image":{"@type":"ImageObject","inLanguage":"es","@id":"https:\/\/www.noticiasradioreflejos.com.ar\/2021\/#\/schema\/person\/image\/","url":"https:\/\/secure.gravatar.com\/avatar\/55cb5e37c1efa326397366e6974cb338056df65cb50e7d64d1cf314e87504837?s=96&d=mm&r=g","contentUrl":"https:\/\/secure.gravatar.com\/avatar\/55cb5e37c1efa326397366e6974cb338056df65cb50e7d64d1cf314e87504837?s=96&d=mm&r=g","caption":"Arnaldo Botto"},"url":"https:\/\/www.noticiasradioreflejos.com.ar\/2021\/author\/arnaldo\/"}]}},"_links":{"self":[{"href":"https:\/\/www.noticiasradioreflejos.com.ar\/2021\/wp-json\/wp\/v2\/posts\/56722","targetHints":{"allow":["GET"]}}],"collection":[{"href":"https:\/\/www.noticiasradioreflejos.com.ar\/2021\/wp-json\/wp\/v2\/posts"}],"about":[{"href":"https:\/\/www.noticiasradioreflejos.com.ar\/2021\/wp-json\/wp\/v2\/types\/post"}],"author":[{"embeddable":true,"href":"https:\/\/www.noticiasradioreflejos.com.ar\/2021\/wp-json\/wp\/v2\/users\/3"}],"replies":[{"embeddable":true,"href":"https:\/\/www.noticiasradioreflejos.com.ar\/2021\/wp-json\/wp\/v2\/comments?post=56722"}],"version-history":[{"count":1,"href":"https:\/\/www.noticiasradioreflejos.com.ar\/2021\/wp-json\/wp\/v2\/posts\/56722\/revisions"}],"predecessor-version":[{"id":56724,"href":"https:\/\/www.noticiasradioreflejos.com.ar\/2021\/wp-json\/wp\/v2\/posts\/56722\/revisions\/56724"}],"wp:attachment":[{"href":"https:\/\/www.noticiasradioreflejos.com.ar\/2021\/wp-json\/wp\/v2\/media?parent=56722"}],"wp:term":[{"taxonomy":"category","embeddable":true,"href":"https:\/\/www.noticiasradioreflejos.com.ar\/2021\/wp-json\/wp\/v2\/categories?post=56722"},{"taxonomy":"post_tag","embeddable":true,"href":"https:\/\/www.noticiasradioreflejos.com.ar\/2021\/wp-json\/wp\/v2\/tags?post=56722"}],"curies":[{"name":"wp","href":"https:\/\/api.w.org\/{rel}","templated":true}]}}