{"id":56698,"date":"2021-05-12T21:36:46","date_gmt":"2021-05-12T21:36:46","guid":{"rendered":"http:\/\/www.noticiasradioreflejos.com.ar\/2021\/?p=56698"},"modified":"2021-05-12T21:36:46","modified_gmt":"2021-05-12T21:36:46","slug":"comenzo-el-congreso-internacional-de-turismo-argentino-con-mas-de-4-mil-inscriptos","status":"publish","type":"post","link":"https:\/\/www.noticiasradioreflejos.com.ar\/2021\/comenzo-el-congreso-internacional-de-turismo-argentino-con-mas-de-4-mil-inscriptos\/","title":{"rendered":"Comenz\u00f3 el Congreso Internacional de Turismo Argentino, con m\u00e1s de 4 mil inscriptos"},"content":{"rendered":"<div id=\"div_cuerpo\" class=\"content cable-content\">El Congreso Internacional de Turismo Argentino (CITA) comenz\u00f3 hoy con m\u00e1s de 4.000 inscriptos de los \u00e1mbitos privado y oficial de todo el pa\u00eds, en sus modos presencial y virtual, y se extender\u00e1 hasta el viernes para tratar temas como la econom\u00eda, inclusi\u00f3n, perspectiva de g\u00e9nero, tendencias y sustentabilidad, entre otros, de cara al futuro de la actividad.<\/p>\n<p>El encuentro, organizado por el Ministerio de Turismo y Deportes (Minturdep) y la C\u00e1mara Argentina de Turismo (CAT), cuenta con el acompa\u00f1amiento del Instituto Nacional de Promoci\u00f3n Tur\u00edstica (Inprotur), el Consejo Federal de Turismo (CFT), Aerol\u00edneas Argentinas y c\u00e1maras y federaciones del sector.<\/p>\n<p>\u00abEste congreso que estamos llevando a cabo junto al Ministerio de Turismo de Turismo y Deportes viene a posicionar la actividad tur\u00edstica en un momento bisagra de la historia de esta actividad\u00bb, dijo el presidente de la CAT, Aldo El\u00edas, a modo de presentaci\u00f3n.<\/p>\n<p>El encuentro, asegur\u00f3, es para \u00abposicionar la actividad y para pararnos frente a esta nueva realidad que nos impone la vida y donde vamos a mostrarle al mundo, a los profesionales y a la sociedad toda las enormes posibilidades que el turismo otorga a la econom\u00eda de un pa\u00eds, mucho mas en el caso del nuestro un pa\u00eds, muy golpeado econ\u00f3micamente\u00bb.<\/p>\n<p>En ese sentido, agreg\u00f3 que el congreso, que se realiza en el marco del 55 aniversario de la fundaci\u00f3n de la CAT, plantear\u00e1 las cuestiones que \u00abhoy mandan en la actividad\u00bb.<\/p>\n<p>Entre ellas mencion\u00f3 la econom\u00eda, las tendencias, el desarrollo sustentable, la inclusi\u00f3n, la perspectiva de g\u00e9nero y la innovaci\u00f3n, as\u00ed como \u00abtodo lo significativamente importante que puede ser la Marca Pa\u00eds, y vamos a plantear algo que es central para el turismo que viene: la integraci\u00f3n regional\u00bb.<\/p>\n<p>La presidenta del CFT, Claudia Grynszpan, destac\u00f3 \u00abel trabajo incansable entre los sectores p\u00fablico y privado\u00bb, y remarc\u00f3 que \u00abel turismo no puede suceder si no est\u00e1 el municipio, la provincia, el pa\u00eds, el sector privado, el habitante, el ciudadano, y sin duda, si no est\u00e1 el conocimiento\u00bb.<\/p>\n<p>\u00abLos m\u00e1s de 4.000 inscriptos muestran que el turismo est\u00e1 pensando una manera nueva de consumir, de comportarnos, y para eso tambi\u00e9n se necesita dise\u00f1ar nuevos productos, una innovaci\u00f3n en como pensar los destinos tur\u00edsticos, el rol que tiene el Estado, el privado y la comunidad\u00bb.<\/p>\n<p>Tambi\u00e9n enfatiz\u00f3 en el concepto de movilidad, al que calific\u00f3 como \u00abun elemento trascendental de lo que est\u00e1 sucediendo hoy en el mundo porque el turismo es movilidad, y tenemos que seguir adelante repensando ese concepto\u00bb.<\/p>\n<p>Grynszpan asegur\u00f3 que \u00abeste encuentro ser\u00e1 decisivo para poder pensar el turismo de ahora en adelante y poder mejorar estos productos y corregir errores del pasado en relaci\u00f3n al ambiente, a la masividad y elementos de participaci\u00f3n socio cultural, porque en medio de un conflicto pueden ocurrir oportunidades\u00bb.<\/p>\n<p>Por \u00faltimo, la secretaria de Promoci\u00f3n Tur\u00edstica del Minturdep, Yanina Mart\u00ednez, calific\u00f3 al congreso como \u00abun generador de esperanzas\u00bb y ponder\u00f3 la \u00abalianza estrat\u00e9gica\u00bb de los sectores p\u00fablico, privado y acad\u00e9mico, a los que calific\u00f3 como \u00abpilares fundamentales para la reactivaci\u00f3n del turismo\u00bb.<\/p>\n<p>Tras enumerar los aspectos negativos que deja la pandemia en la actividad, dijo que el prop\u00f3sito ahora es \u00abtratar de sacar esos obst\u00e1culos y empezar a buscar soluciones conjuntas\u00bb.<\/p>\n<p>Martinez afirm\u00f3 que \u00abesta pandemia nos gener\u00f3 estas complicaciones y todav\u00eda no sabemos cu\u00e1l es la dimensi\u00f3n en lo que nos ha colocado, pero aclar\u00f3 que \u00abtambi\u00e9n tenemos la certeza de que ha afectado a los mas vulnerables, y en ese sentido, el compromiso de la actividad tur\u00edstica tiene que ser a\u00fan mayor para salir de esta crisis\u00bb.<\/p>\n<p>Para reconstruir la actividad, puntualiz\u00f3 que se debe hacer de la mejor manera, \u00absin volver a la anterior normalidad\u00bb y advirti\u00f3 que la \u00abnueva normalidad tiene que ser mas positiva\u00bb.<\/p>\n<p>\u00abPara ello -sigui\u00f3- tenemos que preguntarnos c\u00f3mo queremos levantar a las empresas, a los trabajadores, a los destinos, a los consumidores, que est\u00e1n fuertemente golpeados, y este va a ser el debate que tenemos que generar en este congreso, que vamos a tener que ir hacia un turismo sostenible, desde la realidad y no desde la tendencia\u00bb.<\/p>\n<p>Asimismo, distingui\u00f3 la importancia de la actividad como \u00abpilar importante en la econom\u00eda argentina donde genera m\u00e1s de un mill\u00f3n de puestos de trabajo y representa casi el 10% del PBI\u00bb.<\/p>\n<p>\u00abCon esas certezas, lo que tenemos que hacer es trabajar para reconstruir a toda la actividad, la cadena de valor del turismo, y hay que hacerlo dejando de lado las mezquindades, trabajando conjuntamente, codo a codo para que as\u00ed suceda\u00bb, apunt\u00f3.<\/p>\n<p>Y en ese sentido, asegur\u00f3 que desde el Gobierno se quiere \u00abun turismo inclusivo que d\u00e9 oportunidades a toda la sociedad para que se desarrollen los territorios de una manera m\u00e1s equitativa, m\u00e1s justa, donde pensemos en todas aquellas personas que viven de la actividad, que tienen necesidad de que la actividad reviva\u00bb.<\/p><\/div>\n<p><!--more--><\/p>\n","protected":false},"excerpt":{"rendered":"<p>El Congreso Internacional de Turismo Argentino (CITA) comenz\u00f3 hoy con m\u00e1s de 4.000 inscriptos de los \u00e1mbitos privado y oficial de todo el pa\u00eds, en sus modos presencial y virtual, y se extender\u00e1 hasta el viernes para tratar temas como la econom\u00eda, inclusi\u00f3n, perspectiva de g\u00e9nero, tendencias y sustentabilidad, entre otros, de cara al futuro [&hellip;]<\/p>\n","protected":false},"author":3,"featured_media":0,"comment_status":"open","ping_status":"open","sticky":false,"template":"","format":"standard","meta":{"footnotes":""},"categories":[33],"tags":[],"class_list":["post-56698","post","type-post","status-publish","format-standard","hentry","category-turismo"],"yoast_head":"<!-- This site is optimized with the Yoast SEO plugin v25.9 - https:\/\/yoast.com\/wordpress\/plugins\/seo\/ -->\n<title>Comenz\u00f3 el Congreso Internacional de Turismo Argentino, con m\u00e1s de 4 mil inscriptos - Noticias Radio Reflejos<\/title>\n<meta name=\"robots\" content=\"index, follow, max-snippet:-1, max-image-preview:large, max-video-preview:-1\" \/>\n<link rel=\"canonical\" href=\"https:\/\/www.noticiasradioreflejos.com.ar\/2021\/comenzo-el-congreso-internacional-de-turismo-argentino-con-mas-de-4-mil-inscriptos\/\" \/>\n<meta property=\"og:locale\" content=\"es_ES\" \/>\n<meta property=\"og:type\" content=\"article\" \/>\n<meta property=\"og:title\" content=\"Comenz\u00f3 el Congreso Internacional de Turismo Argentino, con m\u00e1s de 4 mil inscriptos - Noticias Radio Reflejos\" \/>\n<meta property=\"og:description\" content=\"El Congreso Internacional de Turismo Argentino (CITA) comenz\u00f3 hoy con m\u00e1s de 4.000 inscriptos de los \u00e1mbitos privado y oficial de todo el pa\u00eds, en sus modos presencial y virtual, y se extender\u00e1 hasta el viernes para tratar temas como la econom\u00eda, inclusi\u00f3n, perspectiva de g\u00e9nero, tendencias y sustentabilidad, entre otros, de cara al futuro [&hellip;]\" \/>\n<meta property=\"og:url\" content=\"https:\/\/www.noticiasradioreflejos.com.ar\/2021\/comenzo-el-congreso-internacional-de-turismo-argentino-con-mas-de-4-mil-inscriptos\/\" \/>\n<meta property=\"og:site_name\" content=\"Noticias Radio Reflejos\" \/>\n<meta property=\"article:published_time\" content=\"2021-05-12T21:36:46+00:00\" \/>\n<meta property=\"og:image\" content=\"https:\/\/www.noticiasradioreflejos.com.ar\/2021\/wp-content\/uploads\/2021\/07\/logosol300x200.png\" \/>\n\t<meta property=\"og:image:width\" content=\"300\" \/>\n\t<meta property=\"og:image:height\" content=\"200\" \/>\n\t<meta property=\"og:image:type\" content=\"image\/png\" \/>\n<meta name=\"author\" content=\"Arnaldo Botto\" \/>\n<meta name=\"twitter:card\" content=\"summary_large_image\" \/>\n<script type=\"application\/ld+json\" class=\"yoast-schema-graph\">{\"@context\":\"https:\/\/schema.org\",\"@graph\":[{\"@type\":\"WebPage\",\"@id\":\"https:\/\/www.noticiasradioreflejos.com.ar\/2021\/comenzo-el-congreso-internacional-de-turismo-argentino-con-mas-de-4-mil-inscriptos\/\",\"url\":\"https:\/\/www.noticiasradioreflejos.com.ar\/2021\/comenzo-el-congreso-internacional-de-turismo-argentino-con-mas-de-4-mil-inscriptos\/\",\"name\":\"Comenz\u00f3 el Congreso Internacional de Turismo Argentino, con m\u00e1s de 4 mil inscriptos - Noticias Radio Reflejos\",\"isPartOf\":{\"@id\":\"https:\/\/www.noticiasradioreflejos.com.ar\/2021\/#website\"},\"datePublished\":\"2021-05-12T21:36:46+00:00\",\"author\":{\"@id\":\"https:\/\/www.noticiasradioreflejos.com.ar\/2021\/#\/schema\/person\/ad82545263dcc5ec0996818884fd5fb1\"},\"breadcrumb\":{\"@id\":\"https:\/\/www.noticiasradioreflejos.com.ar\/2021\/comenzo-el-congreso-internacional-de-turismo-argentino-con-mas-de-4-mil-inscriptos\/#breadcrumb\"},\"inLanguage\":\"es\",\"potentialAction\":[{\"@type\":\"ReadAction\",\"target\":[\"https:\/\/www.noticiasradioreflejos.com.ar\/2021\/comenzo-el-congreso-internacional-de-turismo-argentino-con-mas-de-4-mil-inscriptos\/\"]}]},{\"@type\":\"BreadcrumbList\",\"@id\":\"https:\/\/www.noticiasradioreflejos.com.ar\/2021\/comenzo-el-congreso-internacional-de-turismo-argentino-con-mas-de-4-mil-inscriptos\/#breadcrumb\",\"itemListElement\":[{\"@type\":\"ListItem\",\"position\":1,\"name\":\"Portada\",\"item\":\"https:\/\/www.noticiasradioreflejos.com.ar\/2021\/\"},{\"@type\":\"ListItem\",\"position\":2,\"name\":\"Comenz\u00f3 el Congreso Internacional de Turismo Argentino, con m\u00e1s de 4 mil inscriptos\"}]},{\"@type\":\"WebSite\",\"@id\":\"https:\/\/www.noticiasradioreflejos.com.ar\/2021\/#website\",\"url\":\"https:\/\/www.noticiasradioreflejos.com.ar\/2021\/\",\"name\":\"Noticias Radio Reflejos\",\"description\":\"Las noticias de mi comarca\",\"potentialAction\":[{\"@type\":\"SearchAction\",\"target\":{\"@type\":\"EntryPoint\",\"urlTemplate\":\"https:\/\/www.noticiasradioreflejos.com.ar\/2021\/?s={search_term_string}\"},\"query-input\":{\"@type\":\"PropertyValueSpecification\",\"valueRequired\":true,\"valueName\":\"search_term_string\"}}],\"inLanguage\":\"es\"},{\"@type\":\"Person\",\"@id\":\"https:\/\/www.noticiasradioreflejos.com.ar\/2021\/#\/schema\/person\/ad82545263dcc5ec0996818884fd5fb1\",\"name\":\"Arnaldo Botto\",\"image\":{\"@type\":\"ImageObject\",\"inLanguage\":\"es\",\"@id\":\"https:\/\/www.noticiasradioreflejos.com.ar\/2021\/#\/schema\/person\/image\/\",\"url\":\"https:\/\/secure.gravatar.com\/avatar\/55cb5e37c1efa326397366e6974cb338056df65cb50e7d64d1cf314e87504837?s=96&d=mm&r=g\",\"contentUrl\":\"https:\/\/secure.gravatar.com\/avatar\/55cb5e37c1efa326397366e6974cb338056df65cb50e7d64d1cf314e87504837?s=96&d=mm&r=g\",\"caption\":\"Arnaldo Botto\"},\"url\":\"https:\/\/www.noticiasradioreflejos.com.ar\/2021\/author\/arnaldo\/\"}]}<\/script>\n<!-- \/ Yoast SEO plugin. -->","yoast_head_json":{"title":"Comenz\u00f3 el Congreso Internacional de Turismo Argentino, con m\u00e1s de 4 mil inscriptos - Noticias Radio Reflejos","robots":{"index":"index","follow":"follow","max-snippet":"max-snippet:-1","max-image-preview":"max-image-preview:large","max-video-preview":"max-video-preview:-1"},"canonical":"https:\/\/www.noticiasradioreflejos.com.ar\/2021\/comenzo-el-congreso-internacional-de-turismo-argentino-con-mas-de-4-mil-inscriptos\/","og_locale":"es_ES","og_type":"article","og_title":"Comenz\u00f3 el Congreso Internacional de Turismo Argentino, con m\u00e1s de 4 mil inscriptos - Noticias Radio Reflejos","og_description":"El Congreso Internacional de Turismo Argentino (CITA) comenz\u00f3 hoy con m\u00e1s de 4.000 inscriptos de los \u00e1mbitos privado y oficial de todo el pa\u00eds, en sus modos presencial y virtual, y se extender\u00e1 hasta el viernes para tratar temas como la econom\u00eda, inclusi\u00f3n, perspectiva de g\u00e9nero, tendencias y sustentabilidad, entre otros, de cara al futuro [&hellip;]","og_url":"https:\/\/www.noticiasradioreflejos.com.ar\/2021\/comenzo-el-congreso-internacional-de-turismo-argentino-con-mas-de-4-mil-inscriptos\/","og_site_name":"Noticias Radio Reflejos","article_published_time":"2021-05-12T21:36:46+00:00","og_image":[{"width":300,"height":200,"url":"https:\/\/www.noticiasradioreflejos.com.ar\/2021\/wp-content\/uploads\/2021\/07\/logosol300x200.png","type":"image\/png"}],"author":"Arnaldo Botto","twitter_card":"summary_large_image","schema":{"@context":"https:\/\/schema.org","@graph":[{"@type":"WebPage","@id":"https:\/\/www.noticiasradioreflejos.com.ar\/2021\/comenzo-el-congreso-internacional-de-turismo-argentino-con-mas-de-4-mil-inscriptos\/","url":"https:\/\/www.noticiasradioreflejos.com.ar\/2021\/comenzo-el-congreso-internacional-de-turismo-argentino-con-mas-de-4-mil-inscriptos\/","name":"Comenz\u00f3 el Congreso Internacional de Turismo Argentino, con m\u00e1s de 4 mil inscriptos - Noticias Radio Reflejos","isPartOf":{"@id":"https:\/\/www.noticiasradioreflejos.com.ar\/2021\/#website"},"datePublished":"2021-05-12T21:36:46+00:00","author":{"@id":"https:\/\/www.noticiasradioreflejos.com.ar\/2021\/#\/schema\/person\/ad82545263dcc5ec0996818884fd5fb1"},"breadcrumb":{"@id":"https:\/\/www.noticiasradioreflejos.com.ar\/2021\/comenzo-el-congreso-internacional-de-turismo-argentino-con-mas-de-4-mil-inscriptos\/#breadcrumb"},"inLanguage":"es","potentialAction":[{"@type":"ReadAction","target":["https:\/\/www.noticiasradioreflejos.com.ar\/2021\/comenzo-el-congreso-internacional-de-turismo-argentino-con-mas-de-4-mil-inscriptos\/"]}]},{"@type":"BreadcrumbList","@id":"https:\/\/www.noticiasradioreflejos.com.ar\/2021\/comenzo-el-congreso-internacional-de-turismo-argentino-con-mas-de-4-mil-inscriptos\/#breadcrumb","itemListElement":[{"@type":"ListItem","position":1,"name":"Portada","item":"https:\/\/www.noticiasradioreflejos.com.ar\/2021\/"},{"@type":"ListItem","position":2,"name":"Comenz\u00f3 el Congreso Internacional de Turismo Argentino, con m\u00e1s de 4 mil inscriptos"}]},{"@type":"WebSite","@id":"https:\/\/www.noticiasradioreflejos.com.ar\/2021\/#website","url":"https:\/\/www.noticiasradioreflejos.com.ar\/2021\/","name":"Noticias Radio Reflejos","description":"Las noticias de mi comarca","potentialAction":[{"@type":"SearchAction","target":{"@type":"EntryPoint","urlTemplate":"https:\/\/www.noticiasradioreflejos.com.ar\/2021\/?s={search_term_string}"},"query-input":{"@type":"PropertyValueSpecification","valueRequired":true,"valueName":"search_term_string"}}],"inLanguage":"es"},{"@type":"Person","@id":"https:\/\/www.noticiasradioreflejos.com.ar\/2021\/#\/schema\/person\/ad82545263dcc5ec0996818884fd5fb1","name":"Arnaldo Botto","image":{"@type":"ImageObject","inLanguage":"es","@id":"https:\/\/www.noticiasradioreflejos.com.ar\/2021\/#\/schema\/person\/image\/","url":"https:\/\/secure.gravatar.com\/avatar\/55cb5e37c1efa326397366e6974cb338056df65cb50e7d64d1cf314e87504837?s=96&d=mm&r=g","contentUrl":"https:\/\/secure.gravatar.com\/avatar\/55cb5e37c1efa326397366e6974cb338056df65cb50e7d64d1cf314e87504837?s=96&d=mm&r=g","caption":"Arnaldo Botto"},"url":"https:\/\/www.noticiasradioreflejos.com.ar\/2021\/author\/arnaldo\/"}]}},"_links":{"self":[{"href":"https:\/\/www.noticiasradioreflejos.com.ar\/2021\/wp-json\/wp\/v2\/posts\/56698","targetHints":{"allow":["GET"]}}],"collection":[{"href":"https:\/\/www.noticiasradioreflejos.com.ar\/2021\/wp-json\/wp\/v2\/posts"}],"about":[{"href":"https:\/\/www.noticiasradioreflejos.com.ar\/2021\/wp-json\/wp\/v2\/types\/post"}],"author":[{"embeddable":true,"href":"https:\/\/www.noticiasradioreflejos.com.ar\/2021\/wp-json\/wp\/v2\/users\/3"}],"replies":[{"embeddable":true,"href":"https:\/\/www.noticiasradioreflejos.com.ar\/2021\/wp-json\/wp\/v2\/comments?post=56698"}],"version-history":[{"count":2,"href":"https:\/\/www.noticiasradioreflejos.com.ar\/2021\/wp-json\/wp\/v2\/posts\/56698\/revisions"}],"predecessor-version":[{"id":56701,"href":"https:\/\/www.noticiasradioreflejos.com.ar\/2021\/wp-json\/wp\/v2\/posts\/56698\/revisions\/56701"}],"wp:attachment":[{"href":"https:\/\/www.noticiasradioreflejos.com.ar\/2021\/wp-json\/wp\/v2\/media?parent=56698"}],"wp:term":[{"taxonomy":"category","embeddable":true,"href":"https:\/\/www.noticiasradioreflejos.com.ar\/2021\/wp-json\/wp\/v2\/categories?post=56698"},{"taxonomy":"post_tag","embeddable":true,"href":"https:\/\/www.noticiasradioreflejos.com.ar\/2021\/wp-json\/wp\/v2\/tags?post=56698"}],"curies":[{"name":"wp","href":"https:\/\/api.w.org\/{rel}","templated":true}]}}