{"id":56695,"date":"2021-05-12T21:34:41","date_gmt":"2021-05-12T21:34:41","guid":{"rendered":"http:\/\/www.noticiasradioreflejos.com.ar\/2021\/?p=56695"},"modified":"2021-05-12T21:34:41","modified_gmt":"2021-05-12T21:34:41","slug":"juntos-por-el-cambio-apoyara-el-proyecto-de-kicillof-para-comprar-vacunas","status":"publish","type":"post","link":"https:\/\/www.noticiasradioreflejos.com.ar\/2021\/juntos-por-el-cambio-apoyara-el-proyecto-de-kicillof-para-comprar-vacunas\/","title":{"rendered":"Juntos por el Cambio apoyar\u00e1 el proyecto de Kicillof para comprar vacunas"},"content":{"rendered":"<div class=\"head-content\">\n<p>La iniciativa ingres\u00f3 a la C\u00e1mara de Diputados y no se descarta que pueda ser tratada en la sesi\u00f3n de este jueves si se logra un acuerdo con la oposici\u00f3n.<\/p>\n<\/div>\n<p><!--more--><\/p>\n<div class=\"main-content-block\">\n<div class=\"main-box clearfix\">\n<div class=\"wrapper-main-section clearfix\">\n<div class=\"wrapper-editable-content\">\n<div class=\"editable-content clearfix\">\n<div id=\"image\" class=\"image\"><img decoding=\"async\" title=\"El proyecto faculta al Poder Ejecutivo, a trav\u00e9s de los Ministerios de Salud y Jefatura de Gabinete, durante la vigencia de la emergencia sanitaria declarada mediante Decreto N\u00aa 132\/2020 a adoptar medidas tendientes a la adquisici\u00f3n de vacunas.\" src=\"https:\/\/www.telam.com.ar\/advf\/imagenes\/2019\/01\/5c407e33a2d08_1004x564.jpg\" alt=\"El proyecto faculta al Poder Ejecutivo, a trav\u00e9s de los Ministerios de Salud y Jefatura de Gabinete, durante la vigencia de la emergencia sanitaria declarada mediante Decreto N\u00aa 132\/2020 a adoptar medidas tendientes a la adquisici\u00f3n de vacunas.\" \/><\/p>\n<div class=\"epigrafe\">El proyecto faculta al Poder Ejecutivo, a trav\u00e9s de los Ministerios de Salud y Jefatura de Gabinete, durante la vigencia de la emergencia sanitaria declarada mediante Decreto N\u00aa 132\/2020 a adoptar medidas tendientes a la adquisici\u00f3n de vacunas.<\/div>\n<\/div>\n<p>La diputada provincial de Juntos por el Cambio Alejandra Lorden respald\u00f3 el proyecto del gobernador bonaerense Axel Kicillof para comprar vacunas y afirm\u00f3 que su bloque considera que es una \u00abmedida positiva\u00bb que hace pensar que para el Gobierno provincial \u00abla salud es una prioridad\u00bb.<\/p>\n<p>\u00abSe necesita llegar al invierno con un porcentaje mayor de vacunados para lograr la inmunidad de reba\u00f1o. Queremos que este proceso sea transparente, auditado y seguido por la bicameral que est\u00e1 a cargo de la compra de las vacunas\u00bb, dijo Lorden en declaraciones a Radio Provincia.<\/p>\n<p>Agreg\u00f3 que \u00abla salud de los bonaerenses es prioridad absoluta\u00bb y que por esa raz\u00f3n van a \u00abfacultar al gobernador para que negocie y adquiera vacunas en el exterior\u00bb.<\/p>\n<div class=\"auth\">Garantizar plazos en funci\u00f3n de la emergencia<\/div>\n<p>\u00abNo hay tiempo que perder, la situaci\u00f3n es cr\u00edtica y amerita que todos pongamos nuestro mejor esfuerzo, como lo venimos haciendo desde el comienzo\u00bb, expres\u00f3 la legisladora al tiempo que remarc\u00f3 la necesidad de \u00abdarle al gobernador las herramientas necesarias para que consiga m\u00e1s vacunas\u00bb.<\/p>\n<p>\u00abEs importante que la compra se haga ahora, pero tambi\u00e9n garantizar que los plazos sean r\u00e1pidos\u00bb, complet\u00f3.<\/p>\n<p>El Gobierno bonaerense envi\u00f3 ayer a la Legislatura un proyecto de ley en el que solicita autorizaci\u00f3n para comprar vacunas contra el coronavirus en moneda extranjera y firmar contratos que incluyan acuerdos de confidencialidad.<\/p>\n<div class=\"auth\">El proyecto<\/div>\n<p>La iniciativa, firmada por el gobernador Axel Kicillof, ingres\u00f3 a la C\u00e1mara de Diputados y no se descarta que pueda ser tratada en la sesi\u00f3n de este jueves si se logra un acuerdo con la oposici\u00f3n, confi\u00f3 a T\u00e9lam una fuente legislativa.<\/p>\n<p>El proyecto faculta al Poder Ejecutivo, a trav\u00e9s de los Ministerios de Salud y Jefatura de Gabinete, durante la vigencia de la emergencia sanitaria declarada mediante Decreto N\u00aa 132\/2020, ratificado y prorrogado, a adoptar diferentes medidas tendientes a la adquisici\u00f3n de vacunas.<\/p>\n<p>Por ello, habilita a que los contratos puedan celebrarse en moneda extranjera y que \u201cpodr\u00e1n incluirse cl\u00e1usulas o acuerdos de confidencialidad\u201d.<\/p>\n<div class=\"auth\">Avales<\/div>\n<p>Tambi\u00e9n pueden contener \u201cprescripciones que establezcan condiciones de indemnidad patrimonial respecto de indemnizaciones y otras reclamaciones pecuniarias relacionadas con y en favor de quienes participen de la investigaci\u00f3n, desarrollo, fabricaci\u00f3n, provisi\u00f3n y suministro de las vacunas, con excepci\u00f3n de aquellas originadas en maniobras fraudulentas\u201d.<\/p>\n<p>Establece tambi\u00e9n que los contratos a firmarse deber\u00e1n tener el aval de la Asesor\u00eda General de Gobierno, la Contadur\u00eda y la Fiscal\u00eda de Estado y una vez firmados deber\u00e1n informarse a la Comisi\u00f3n Bicameral de Seguimiento y Fiscalizaci\u00f3n de la Emergencia que funciona en la Legislatura provincial.<\/p><\/div>\n<\/div>\n<\/div>\n<\/div>\n<\/div>\n","protected":false},"excerpt":{"rendered":"<p>La iniciativa ingres\u00f3 a la C\u00e1mara de Diputados y no se descarta que pueda ser tratada en la sesi\u00f3n de este jueves si se logra un acuerdo con la oposici\u00f3n.<\/p>\n","protected":false},"author":3,"featured_media":0,"comment_status":"open","ping_status":"open","sticky":false,"template":"","format":"standard","meta":{"footnotes":""},"categories":[24],"tags":[],"class_list":["post-56695","post","type-post","status-publish","format-standard","hentry","category-politica"],"yoast_head":"<!-- This site is optimized with the Yoast SEO plugin v25.9 - https:\/\/yoast.com\/wordpress\/plugins\/seo\/ -->\n<title>Juntos por el Cambio apoyar\u00e1 el proyecto de Kicillof para comprar vacunas - Noticias Radio Reflejos<\/title>\n<meta name=\"robots\" content=\"index, follow, max-snippet:-1, max-image-preview:large, max-video-preview:-1\" \/>\n<link rel=\"canonical\" href=\"https:\/\/www.noticiasradioreflejos.com.ar\/2021\/juntos-por-el-cambio-apoyara-el-proyecto-de-kicillof-para-comprar-vacunas\/\" \/>\n<meta property=\"og:locale\" content=\"es_ES\" \/>\n<meta property=\"og:type\" content=\"article\" \/>\n<meta property=\"og:title\" content=\"Juntos por el Cambio apoyar\u00e1 el proyecto de Kicillof para comprar vacunas - Noticias Radio Reflejos\" \/>\n<meta property=\"og:description\" content=\"La iniciativa ingres\u00f3 a la C\u00e1mara de Diputados y no se descarta que pueda ser tratada en la sesi\u00f3n de este jueves si se logra un acuerdo con la oposici\u00f3n.\" \/>\n<meta property=\"og:url\" content=\"https:\/\/www.noticiasradioreflejos.com.ar\/2021\/juntos-por-el-cambio-apoyara-el-proyecto-de-kicillof-para-comprar-vacunas\/\" \/>\n<meta property=\"og:site_name\" content=\"Noticias Radio Reflejos\" \/>\n<meta property=\"article:published_time\" content=\"2021-05-12T21:34:41+00:00\" \/>\n<meta property=\"og:image\" content=\"https:\/\/www.telam.com.ar\/advf\/imagenes\/2019\/01\/5c407e33a2d08_1004x564.jpg\" \/>\n<meta name=\"author\" content=\"Arnaldo Botto\" \/>\n<meta name=\"twitter:card\" content=\"summary_large_image\" \/>\n<script type=\"application\/ld+json\" class=\"yoast-schema-graph\">{\"@context\":\"https:\/\/schema.org\",\"@graph\":[{\"@type\":\"WebPage\",\"@id\":\"https:\/\/www.noticiasradioreflejos.com.ar\/2021\/juntos-por-el-cambio-apoyara-el-proyecto-de-kicillof-para-comprar-vacunas\/\",\"url\":\"https:\/\/www.noticiasradioreflejos.com.ar\/2021\/juntos-por-el-cambio-apoyara-el-proyecto-de-kicillof-para-comprar-vacunas\/\",\"name\":\"Juntos por el Cambio apoyar\u00e1 el proyecto de Kicillof para comprar vacunas - Noticias Radio Reflejos\",\"isPartOf\":{\"@id\":\"https:\/\/www.noticiasradioreflejos.com.ar\/2021\/#website\"},\"primaryImageOfPage\":{\"@id\":\"https:\/\/www.noticiasradioreflejos.com.ar\/2021\/juntos-por-el-cambio-apoyara-el-proyecto-de-kicillof-para-comprar-vacunas\/#primaryimage\"},\"image\":{\"@id\":\"https:\/\/www.noticiasradioreflejos.com.ar\/2021\/juntos-por-el-cambio-apoyara-el-proyecto-de-kicillof-para-comprar-vacunas\/#primaryimage\"},\"thumbnailUrl\":\"https:\/\/www.telam.com.ar\/advf\/imagenes\/2019\/01\/5c407e33a2d08_1004x564.jpg\",\"datePublished\":\"2021-05-12T21:34:41+00:00\",\"author\":{\"@id\":\"https:\/\/www.noticiasradioreflejos.com.ar\/2021\/#\/schema\/person\/ad82545263dcc5ec0996818884fd5fb1\"},\"breadcrumb\":{\"@id\":\"https:\/\/www.noticiasradioreflejos.com.ar\/2021\/juntos-por-el-cambio-apoyara-el-proyecto-de-kicillof-para-comprar-vacunas\/#breadcrumb\"},\"inLanguage\":\"es\",\"potentialAction\":[{\"@type\":\"ReadAction\",\"target\":[\"https:\/\/www.noticiasradioreflejos.com.ar\/2021\/juntos-por-el-cambio-apoyara-el-proyecto-de-kicillof-para-comprar-vacunas\/\"]}]},{\"@type\":\"ImageObject\",\"inLanguage\":\"es\",\"@id\":\"https:\/\/www.noticiasradioreflejos.com.ar\/2021\/juntos-por-el-cambio-apoyara-el-proyecto-de-kicillof-para-comprar-vacunas\/#primaryimage\",\"url\":\"https:\/\/www.telam.com.ar\/advf\/imagenes\/2019\/01\/5c407e33a2d08_1004x564.jpg\",\"contentUrl\":\"https:\/\/www.telam.com.ar\/advf\/imagenes\/2019\/01\/5c407e33a2d08_1004x564.jpg\"},{\"@type\":\"BreadcrumbList\",\"@id\":\"https:\/\/www.noticiasradioreflejos.com.ar\/2021\/juntos-por-el-cambio-apoyara-el-proyecto-de-kicillof-para-comprar-vacunas\/#breadcrumb\",\"itemListElement\":[{\"@type\":\"ListItem\",\"position\":1,\"name\":\"Portada\",\"item\":\"https:\/\/www.noticiasradioreflejos.com.ar\/2021\/\"},{\"@type\":\"ListItem\",\"position\":2,\"name\":\"Juntos por el Cambio apoyar\u00e1 el proyecto de Kicillof para comprar vacunas\"}]},{\"@type\":\"WebSite\",\"@id\":\"https:\/\/www.noticiasradioreflejos.com.ar\/2021\/#website\",\"url\":\"https:\/\/www.noticiasradioreflejos.com.ar\/2021\/\",\"name\":\"Noticias Radio Reflejos\",\"description\":\"Las noticias de mi comarca\",\"potentialAction\":[{\"@type\":\"SearchAction\",\"target\":{\"@type\":\"EntryPoint\",\"urlTemplate\":\"https:\/\/www.noticiasradioreflejos.com.ar\/2021\/?s={search_term_string}\"},\"query-input\":{\"@type\":\"PropertyValueSpecification\",\"valueRequired\":true,\"valueName\":\"search_term_string\"}}],\"inLanguage\":\"es\"},{\"@type\":\"Person\",\"@id\":\"https:\/\/www.noticiasradioreflejos.com.ar\/2021\/#\/schema\/person\/ad82545263dcc5ec0996818884fd5fb1\",\"name\":\"Arnaldo Botto\",\"image\":{\"@type\":\"ImageObject\",\"inLanguage\":\"es\",\"@id\":\"https:\/\/www.noticiasradioreflejos.com.ar\/2021\/#\/schema\/person\/image\/\",\"url\":\"https:\/\/secure.gravatar.com\/avatar\/55cb5e37c1efa326397366e6974cb338056df65cb50e7d64d1cf314e87504837?s=96&d=mm&r=g\",\"contentUrl\":\"https:\/\/secure.gravatar.com\/avatar\/55cb5e37c1efa326397366e6974cb338056df65cb50e7d64d1cf314e87504837?s=96&d=mm&r=g\",\"caption\":\"Arnaldo Botto\"},\"url\":\"https:\/\/www.noticiasradioreflejos.com.ar\/2021\/author\/arnaldo\/\"}]}<\/script>\n<!-- \/ Yoast SEO plugin. -->","yoast_head_json":{"title":"Juntos por el Cambio apoyar\u00e1 el proyecto de Kicillof para comprar vacunas - Noticias Radio Reflejos","robots":{"index":"index","follow":"follow","max-snippet":"max-snippet:-1","max-image-preview":"max-image-preview:large","max-video-preview":"max-video-preview:-1"},"canonical":"https:\/\/www.noticiasradioreflejos.com.ar\/2021\/juntos-por-el-cambio-apoyara-el-proyecto-de-kicillof-para-comprar-vacunas\/","og_locale":"es_ES","og_type":"article","og_title":"Juntos por el Cambio apoyar\u00e1 el proyecto de Kicillof para comprar vacunas - Noticias Radio Reflejos","og_description":"La iniciativa ingres\u00f3 a la C\u00e1mara de Diputados y no se descarta que pueda ser tratada en la sesi\u00f3n de este jueves si se logra un acuerdo con la oposici\u00f3n.","og_url":"https:\/\/www.noticiasradioreflejos.com.ar\/2021\/juntos-por-el-cambio-apoyara-el-proyecto-de-kicillof-para-comprar-vacunas\/","og_site_name":"Noticias Radio Reflejos","article_published_time":"2021-05-12T21:34:41+00:00","og_image":[{"url":"https:\/\/www.telam.com.ar\/advf\/imagenes\/2019\/01\/5c407e33a2d08_1004x564.jpg","type":"","width":"","height":""}],"author":"Arnaldo Botto","twitter_card":"summary_large_image","schema":{"@context":"https:\/\/schema.org","@graph":[{"@type":"WebPage","@id":"https:\/\/www.noticiasradioreflejos.com.ar\/2021\/juntos-por-el-cambio-apoyara-el-proyecto-de-kicillof-para-comprar-vacunas\/","url":"https:\/\/www.noticiasradioreflejos.com.ar\/2021\/juntos-por-el-cambio-apoyara-el-proyecto-de-kicillof-para-comprar-vacunas\/","name":"Juntos por el Cambio apoyar\u00e1 el proyecto de Kicillof para comprar vacunas - Noticias Radio Reflejos","isPartOf":{"@id":"https:\/\/www.noticiasradioreflejos.com.ar\/2021\/#website"},"primaryImageOfPage":{"@id":"https:\/\/www.noticiasradioreflejos.com.ar\/2021\/juntos-por-el-cambio-apoyara-el-proyecto-de-kicillof-para-comprar-vacunas\/#primaryimage"},"image":{"@id":"https:\/\/www.noticiasradioreflejos.com.ar\/2021\/juntos-por-el-cambio-apoyara-el-proyecto-de-kicillof-para-comprar-vacunas\/#primaryimage"},"thumbnailUrl":"https:\/\/www.telam.com.ar\/advf\/imagenes\/2019\/01\/5c407e33a2d08_1004x564.jpg","datePublished":"2021-05-12T21:34:41+00:00","author":{"@id":"https:\/\/www.noticiasradioreflejos.com.ar\/2021\/#\/schema\/person\/ad82545263dcc5ec0996818884fd5fb1"},"breadcrumb":{"@id":"https:\/\/www.noticiasradioreflejos.com.ar\/2021\/juntos-por-el-cambio-apoyara-el-proyecto-de-kicillof-para-comprar-vacunas\/#breadcrumb"},"inLanguage":"es","potentialAction":[{"@type":"ReadAction","target":["https:\/\/www.noticiasradioreflejos.com.ar\/2021\/juntos-por-el-cambio-apoyara-el-proyecto-de-kicillof-para-comprar-vacunas\/"]}]},{"@type":"ImageObject","inLanguage":"es","@id":"https:\/\/www.noticiasradioreflejos.com.ar\/2021\/juntos-por-el-cambio-apoyara-el-proyecto-de-kicillof-para-comprar-vacunas\/#primaryimage","url":"https:\/\/www.telam.com.ar\/advf\/imagenes\/2019\/01\/5c407e33a2d08_1004x564.jpg","contentUrl":"https:\/\/www.telam.com.ar\/advf\/imagenes\/2019\/01\/5c407e33a2d08_1004x564.jpg"},{"@type":"BreadcrumbList","@id":"https:\/\/www.noticiasradioreflejos.com.ar\/2021\/juntos-por-el-cambio-apoyara-el-proyecto-de-kicillof-para-comprar-vacunas\/#breadcrumb","itemListElement":[{"@type":"ListItem","position":1,"name":"Portada","item":"https:\/\/www.noticiasradioreflejos.com.ar\/2021\/"},{"@type":"ListItem","position":2,"name":"Juntos por el Cambio apoyar\u00e1 el proyecto de Kicillof para comprar vacunas"}]},{"@type":"WebSite","@id":"https:\/\/www.noticiasradioreflejos.com.ar\/2021\/#website","url":"https:\/\/www.noticiasradioreflejos.com.ar\/2021\/","name":"Noticias Radio Reflejos","description":"Las noticias de mi comarca","potentialAction":[{"@type":"SearchAction","target":{"@type":"EntryPoint","urlTemplate":"https:\/\/www.noticiasradioreflejos.com.ar\/2021\/?s={search_term_string}"},"query-input":{"@type":"PropertyValueSpecification","valueRequired":true,"valueName":"search_term_string"}}],"inLanguage":"es"},{"@type":"Person","@id":"https:\/\/www.noticiasradioreflejos.com.ar\/2021\/#\/schema\/person\/ad82545263dcc5ec0996818884fd5fb1","name":"Arnaldo Botto","image":{"@type":"ImageObject","inLanguage":"es","@id":"https:\/\/www.noticiasradioreflejos.com.ar\/2021\/#\/schema\/person\/image\/","url":"https:\/\/secure.gravatar.com\/avatar\/55cb5e37c1efa326397366e6974cb338056df65cb50e7d64d1cf314e87504837?s=96&d=mm&r=g","contentUrl":"https:\/\/secure.gravatar.com\/avatar\/55cb5e37c1efa326397366e6974cb338056df65cb50e7d64d1cf314e87504837?s=96&d=mm&r=g","caption":"Arnaldo Botto"},"url":"https:\/\/www.noticiasradioreflejos.com.ar\/2021\/author\/arnaldo\/"}]}},"_links":{"self":[{"href":"https:\/\/www.noticiasradioreflejos.com.ar\/2021\/wp-json\/wp\/v2\/posts\/56695","targetHints":{"allow":["GET"]}}],"collection":[{"href":"https:\/\/www.noticiasradioreflejos.com.ar\/2021\/wp-json\/wp\/v2\/posts"}],"about":[{"href":"https:\/\/www.noticiasradioreflejos.com.ar\/2021\/wp-json\/wp\/v2\/types\/post"}],"author":[{"embeddable":true,"href":"https:\/\/www.noticiasradioreflejos.com.ar\/2021\/wp-json\/wp\/v2\/users\/3"}],"replies":[{"embeddable":true,"href":"https:\/\/www.noticiasradioreflejos.com.ar\/2021\/wp-json\/wp\/v2\/comments?post=56695"}],"version-history":[{"count":1,"href":"https:\/\/www.noticiasradioreflejos.com.ar\/2021\/wp-json\/wp\/v2\/posts\/56695\/revisions"}],"predecessor-version":[{"id":56697,"href":"https:\/\/www.noticiasradioreflejos.com.ar\/2021\/wp-json\/wp\/v2\/posts\/56695\/revisions\/56697"}],"wp:attachment":[{"href":"https:\/\/www.noticiasradioreflejos.com.ar\/2021\/wp-json\/wp\/v2\/media?parent=56695"}],"wp:term":[{"taxonomy":"category","embeddable":true,"href":"https:\/\/www.noticiasradioreflejos.com.ar\/2021\/wp-json\/wp\/v2\/categories?post=56695"},{"taxonomy":"post_tag","embeddable":true,"href":"https:\/\/www.noticiasradioreflejos.com.ar\/2021\/wp-json\/wp\/v2\/tags?post=56695"}],"curies":[{"name":"wp","href":"https:\/\/api.w.org\/{rel}","templated":true}]}}