{"id":56692,"date":"2021-05-12T21:32:58","date_gmt":"2021-05-12T21:32:58","guid":{"rendered":"http:\/\/www.noticiasradioreflejos.com.ar\/2021\/?p=56692"},"modified":"2021-05-12T21:32:58","modified_gmt":"2021-05-12T21:32:58","slug":"probaron-el-efecto-de-los-agroquimicos-en-el-sistema-reproductor-y-el-higado-de-los-anfibios","status":"publish","type":"post","link":"https:\/\/www.noticiasradioreflejos.com.ar\/2021\/probaron-el-efecto-de-los-agroquimicos-en-el-sistema-reproductor-y-el-higado-de-los-anfibios\/","title":{"rendered":"Probaron el efecto de los agroqu\u00edmicos en el sistema reproductor y el h\u00edgado de los anfibios"},"content":{"rendered":"<div class=\"head-content\">\n<p>Los dos \u00f3rganos que se estudiaron son especialmente sensibles a la exposici\u00f3n a esas sustancias. Esto da indicios de lo que podr\u00eda ocurrir en el ser humano.<\/p>\n<div class=\"addthis_custom_sharing\" data-url=\"https:\/\/www.telam.com.ar\/notas\/202105\/553995-investigacion-conicet-impacto-de-los-agroquimicos-en-anfibios.html\" data-title=\"Probaron el efecto de los agroqu\u00edmicos en el sistema reproductor y el h\u00edgado de los anfibios\" data-description=\"Los dos \u00f3rganos que se estudiaron son especialmente sensibles a la exposici\u00f3n a esas sustancias. Esto da indicios de lo que podr\u00eda ocurrir en el ser humano.\">\n<div id=\"atstbx\" class=\"at-resp-share-element at-style-responsive addthis-smartlayers addthis-animated at4-show\" role=\"region\" aria-labelledby=\"at-6987e7db-c921-44d7-b7f5-070a05b258b1\"><\/div>\n<\/div>\n<\/div>\n<p><!--more--><\/p>\n<div class=\"main-content-block\">\n<div class=\"main-box clearfix\">\n<div class=\"wrapper-main-section clearfix\">\n<div class=\"wrapper-editable-content\">\n<div class=\"editable-content clearfix\">\n<div id=\"image\" class=\"image\"><img decoding=\"async\" title=\"Los anfibios son \u2018especies centinelas\u2019, son capaces de acumular contaminantes en sus tejidos y ser utilizada para detectar riesgos para los seres humanos.\" src=\"https:\/\/www.telam.com.ar\/advf\/imagenes\/2021\/05\/609c364d537a4_1004x565.jpg\" alt=\"Los anfibios son \u2018especies centinelas\u2019, son capaces de acumular contaminantes en sus tejidos y ser utilizada para detectar riesgos para los seres humanos.\" \/><\/p>\n<div class=\"epigrafe\">Los anfibios son \u2018especies centinelas\u2019, son capaces de acumular contaminantes en sus tejidos y ser utilizada para detectar riesgos para los seres humanos.<\/div>\n<\/div>\n<p>Investigadores e investigadoras de Conicet comprobaron que los agroqu\u00edmicos impactaron en el sistema reproductor y el h\u00edgado de ranas y sapos, estado que da indicios de lo que podr\u00eda ocurrir en otros animales e, incluso, en el ser humano.<\/p>\n<p>El estudio que se public\u00f3 en la revista cient\u00edfica Water Air &amp; Soil Pollution fue realizado por cient\u00edficos y cient\u00edficas la Universidad del Litoral (FBCB-UNL) y la Universidad Nacional del Nordeste.<\/p>\n<p>Los cient\u00edficos evaluaron los efectos de la\u00a0<strong>exposici\u00f3n cr\u00f3nica a agroqu\u00edmicos en dos especies de anfibios que habitan en arroceras de las provincias de Santa Fe y Chaco<\/strong>, indic\u00f3 la agencia Ciencia, Tecnolog\u00eda y Sociedad (CTyS).<\/p>\n<p>Para la investigaci\u00f3n eligieron, en cada provincia, un campo arrocero y ambiente natural sin contaminantes donde se colectaron ejemplares machos adultos de dos especies de ranas y sapos.<\/p>\n<p>Los investigadores estudiaron dos \u00f3rganos especialmente sensibles a la exposici\u00f3n con agroqu\u00edmicos: las g\u00f3nadas (gl\u00e1ndula genital, masculina o femenina) y el h\u00edgado.<\/p>\n<p>En Santa Fe seleccionaron una especie de rana (Lysapsus limellum) que cumple todo su ciclo vital, desde la fase de renacuajo hasta adulto, en ambientes acu\u00e1ticos como los que se generan en las arroceras.<\/p>\n<p>En tanto, en los campos de Chaco recolectaron ejemplares de un sapo (Rhinella bergi) que inicia su etapa larval en el agua pero que luego, ya en su etapa adulta, se traslada a la tierra.<\/p>\n<p>En ambos casos,\u00a0<strong>se trata de animales altamente susceptibles que habitan en dichos cultivos y que, por ese motivo, se encuentran cr\u00f3nicamente expuestos a sustancias<\/strong>\u00a0como bentazon, molinato, propanil, clomazone, 2,4-D y al herbicida m\u00e1s conocido y estudiado en el territorio, el glifosato, entre otros qu\u00edmicos.<\/p>\n<blockquote><p>\u201cLos anfibios brindan servicios ecol\u00f3gicos, cumplen funciones muy importantes en los ecosistemas porque son controladores biol\u00f3gicos de plagas\u201d<\/p>\n<div class=\"sign\">RAFAEL LAJMANOVICH, INVESTIGADOR<\/div>\n<\/blockquote>\n<p>Las dos especies presentaron anomal\u00edas por exposici\u00f3n a los agroqu\u00edmicos: la especie presente en los arrozales de Santa Fe mostr\u00f3 alteraciones m\u00e1s visibles en los test\u00edculos.<\/p>\n<p>Ambas especies tambi\u00e9n mostraron alteraciones en el h\u00edgado, pero estas fueron m\u00e1s pronunciadas en los ejemplares nativos de las arroceras de Chaco.<\/p>\n<p>Rafael Lajmanovich, integrante del equipo de investigaci\u00f3n, explic\u00f3 en di\u00e1logo con T\u00e9lam que \u201c<strong>los anfibios son considerados \u2018especies centinelas\u2019\u00a0<\/strong>(bioindicadores), son especies que tienen la piel muy sensible y muy permeable, lo que quiere decir que los t\u00f3xicos penetran muy f\u00e1cilmente en ellos\u201d.<\/p>\n<p>Una especie centinela es aquella que es capaz de acumular contaminantes en sus tejidos y ser utilizada para detectar riesgos para los seres humanos y anticipar un peligro.<\/p>\n<p>\u201cOtros estudios indican que el desarrollo hormonal, sobre todo de las tiroides de los anfibios, tiene muchas similitudes con las hormonas del hombres\u201d, sostuvo.<\/p>\n<p>Aunque\u00a0<strong>se realizaron paralelismo entre los anfibios y el ser humano<\/strong>, Lajmanovich explic\u00f3 que \u201cla exposici\u00f3n a los agrot\u00f3xicos es totalmente distinta, pero las alteraciones que se producen son comparables, esto est\u00e1 demostrado\u201d.<\/p>\n<p>\u201cEn la actualidad se discute la distancia a la que se debe estar para que la exposici\u00f3n de agroqu\u00edmicos no haga da\u00f1o y no el modelo productivo; ya nadie pone en duda de que se est\u00e1n usando sustancias t\u00f3xicas\u201d, se\u00f1al\u00f3 el especialista.<\/p>\n<p>A\u00f1adi\u00f3 que\u00a0<strong>desde el punto de vista de la fauna \u201ces un estado de alarma\u201d<\/strong>\u00a0y \u201csi lo queremos trasladar a la poblaci\u00f3n humana, ser\u00eda un incremento del riesgo\u201d.<\/p>\n<p>\u201cLos anfibios brindan servicios ecol\u00f3gicos, cumplen funciones muy importantes en los ecosistemas porque son controladores biol\u00f3gicos de plagas\u201d, precis\u00f3 y agreg\u00f3: \u201cLos pesticidas matan a los anfibios e indirectamente generan que haya m\u00e1s insectos\u201d.<\/p>\n<blockquote><p>\u201cEn la actualidad se discute la distancia a la que se debe estar para que la exposici\u00f3n de agroqu\u00edmicos no haga da\u00f1o y no el modelo productivo\u00bb<\/p>\n<div class=\"sign\">RAFAEL LAJMANOVICH<\/div>\n<\/blockquote>\n<p><strong>El equipo de investigaci\u00f3n estuvo integrado por Lucila Curi, Paola Peltzer, Maximiliano Attademo y Lajmanovich.<\/strong><\/p>\n<p>Por su parte, Curi expres\u00f3 que \u201cen el campo, para el cultivo de arroz se utilizan fungicidas, pesticidas e insecticidas, con lo que las distintas especies est\u00e1n expuestas a una mezcla de compuestos durante toda su vida\u201d.<\/p>\n<p>\u201cHay agroqu\u00edmicos -explic\u00f3 la autora- que tienen la capacidad de actuar como disruptores endocrinos, de manera que pueden alterar las v\u00edas de se\u00f1alizaci\u00f3n que regulan la reproducci\u00f3n de estas especies\u201d.<\/p>\n<p>Por otro lado, Curi agreg\u00f3 que el an\u00e1lisis del h\u00edgado tambi\u00e9n fue relevante porque ese \u00f3rgano cumple el rol detoxificante en el organismo, de ah\u00ed que, si los ejemplares de las arroceras estuvieron cr\u00f3nicamente expuestos, el h\u00edgado podr\u00eda verse m\u00e1s exigido que en ejemplares de ambientes no contaminados\u00bb.<\/p><\/div>\n<\/div>\n<\/div>\n<\/div>\n<\/div>\n","protected":false},"excerpt":{"rendered":"<p>Los dos \u00f3rganos que se estudiaron son especialmente sensibles a la exposici\u00f3n a esas sustancias. Esto da indicios de lo que podr\u00eda ocurrir en el ser humano.<\/p>\n","protected":false},"author":3,"featured_media":0,"comment_status":"open","ping_status":"open","sticky":false,"template":"","format":"standard","meta":{"footnotes":""},"categories":[46],"tags":[],"class_list":["post-56692","post","type-post","status-publish","format-standard","hentry","category-ciencia-y-tecnologia"],"yoast_head":"<!-- This site is optimized with the Yoast SEO plugin v25.9 - https:\/\/yoast.com\/wordpress\/plugins\/seo\/ -->\n<title>Probaron el efecto de los agroqu\u00edmicos en el sistema reproductor y el h\u00edgado de los anfibios - Noticias Radio Reflejos<\/title>\n<meta name=\"robots\" content=\"index, follow, max-snippet:-1, max-image-preview:large, max-video-preview:-1\" \/>\n<link rel=\"canonical\" href=\"https:\/\/www.noticiasradioreflejos.com.ar\/2021\/probaron-el-efecto-de-los-agroquimicos-en-el-sistema-reproductor-y-el-higado-de-los-anfibios\/\" \/>\n<meta property=\"og:locale\" content=\"es_ES\" \/>\n<meta property=\"og:type\" content=\"article\" \/>\n<meta property=\"og:title\" content=\"Probaron el efecto de los agroqu\u00edmicos en el sistema reproductor y el h\u00edgado de los anfibios - Noticias Radio Reflejos\" \/>\n<meta property=\"og:description\" content=\"Los dos \u00f3rganos que se estudiaron son especialmente sensibles a la exposici\u00f3n a esas sustancias. Esto da indicios de lo que podr\u00eda ocurrir en el ser humano.\" \/>\n<meta property=\"og:url\" content=\"https:\/\/www.noticiasradioreflejos.com.ar\/2021\/probaron-el-efecto-de-los-agroquimicos-en-el-sistema-reproductor-y-el-higado-de-los-anfibios\/\" \/>\n<meta property=\"og:site_name\" content=\"Noticias Radio Reflejos\" \/>\n<meta property=\"article:published_time\" content=\"2021-05-12T21:32:58+00:00\" \/>\n<meta property=\"og:image\" content=\"https:\/\/www.telam.com.ar\/advf\/imagenes\/2021\/05\/609c364d537a4_1004x565.jpg\" \/>\n<meta name=\"author\" content=\"Arnaldo Botto\" \/>\n<meta name=\"twitter:card\" content=\"summary_large_image\" \/>\n<script type=\"application\/ld+json\" class=\"yoast-schema-graph\">{\"@context\":\"https:\/\/schema.org\",\"@graph\":[{\"@type\":\"WebPage\",\"@id\":\"https:\/\/www.noticiasradioreflejos.com.ar\/2021\/probaron-el-efecto-de-los-agroquimicos-en-el-sistema-reproductor-y-el-higado-de-los-anfibios\/\",\"url\":\"https:\/\/www.noticiasradioreflejos.com.ar\/2021\/probaron-el-efecto-de-los-agroquimicos-en-el-sistema-reproductor-y-el-higado-de-los-anfibios\/\",\"name\":\"Probaron el efecto de los agroqu\u00edmicos en el sistema reproductor y el h\u00edgado de los anfibios - Noticias Radio Reflejos\",\"isPartOf\":{\"@id\":\"https:\/\/www.noticiasradioreflejos.com.ar\/2021\/#website\"},\"primaryImageOfPage\":{\"@id\":\"https:\/\/www.noticiasradioreflejos.com.ar\/2021\/probaron-el-efecto-de-los-agroquimicos-en-el-sistema-reproductor-y-el-higado-de-los-anfibios\/#primaryimage\"},\"image\":{\"@id\":\"https:\/\/www.noticiasradioreflejos.com.ar\/2021\/probaron-el-efecto-de-los-agroquimicos-en-el-sistema-reproductor-y-el-higado-de-los-anfibios\/#primaryimage\"},\"thumbnailUrl\":\"https:\/\/www.telam.com.ar\/advf\/imagenes\/2021\/05\/609c364d537a4_1004x565.jpg\",\"datePublished\":\"2021-05-12T21:32:58+00:00\",\"author\":{\"@id\":\"https:\/\/www.noticiasradioreflejos.com.ar\/2021\/#\/schema\/person\/ad82545263dcc5ec0996818884fd5fb1\"},\"breadcrumb\":{\"@id\":\"https:\/\/www.noticiasradioreflejos.com.ar\/2021\/probaron-el-efecto-de-los-agroquimicos-en-el-sistema-reproductor-y-el-higado-de-los-anfibios\/#breadcrumb\"},\"inLanguage\":\"es\",\"potentialAction\":[{\"@type\":\"ReadAction\",\"target\":[\"https:\/\/www.noticiasradioreflejos.com.ar\/2021\/probaron-el-efecto-de-los-agroquimicos-en-el-sistema-reproductor-y-el-higado-de-los-anfibios\/\"]}]},{\"@type\":\"ImageObject\",\"inLanguage\":\"es\",\"@id\":\"https:\/\/www.noticiasradioreflejos.com.ar\/2021\/probaron-el-efecto-de-los-agroquimicos-en-el-sistema-reproductor-y-el-higado-de-los-anfibios\/#primaryimage\",\"url\":\"https:\/\/www.telam.com.ar\/advf\/imagenes\/2021\/05\/609c364d537a4_1004x565.jpg\",\"contentUrl\":\"https:\/\/www.telam.com.ar\/advf\/imagenes\/2021\/05\/609c364d537a4_1004x565.jpg\"},{\"@type\":\"BreadcrumbList\",\"@id\":\"https:\/\/www.noticiasradioreflejos.com.ar\/2021\/probaron-el-efecto-de-los-agroquimicos-en-el-sistema-reproductor-y-el-higado-de-los-anfibios\/#breadcrumb\",\"itemListElement\":[{\"@type\":\"ListItem\",\"position\":1,\"name\":\"Portada\",\"item\":\"https:\/\/www.noticiasradioreflejos.com.ar\/2021\/\"},{\"@type\":\"ListItem\",\"position\":2,\"name\":\"Probaron el efecto de los agroqu\u00edmicos en el sistema reproductor y el h\u00edgado de los anfibios\"}]},{\"@type\":\"WebSite\",\"@id\":\"https:\/\/www.noticiasradioreflejos.com.ar\/2021\/#website\",\"url\":\"https:\/\/www.noticiasradioreflejos.com.ar\/2021\/\",\"name\":\"Noticias Radio Reflejos\",\"description\":\"Las noticias de mi comarca\",\"potentialAction\":[{\"@type\":\"SearchAction\",\"target\":{\"@type\":\"EntryPoint\",\"urlTemplate\":\"https:\/\/www.noticiasradioreflejos.com.ar\/2021\/?s={search_term_string}\"},\"query-input\":{\"@type\":\"PropertyValueSpecification\",\"valueRequired\":true,\"valueName\":\"search_term_string\"}}],\"inLanguage\":\"es\"},{\"@type\":\"Person\",\"@id\":\"https:\/\/www.noticiasradioreflejos.com.ar\/2021\/#\/schema\/person\/ad82545263dcc5ec0996818884fd5fb1\",\"name\":\"Arnaldo Botto\",\"image\":{\"@type\":\"ImageObject\",\"inLanguage\":\"es\",\"@id\":\"https:\/\/www.noticiasradioreflejos.com.ar\/2021\/#\/schema\/person\/image\/\",\"url\":\"https:\/\/secure.gravatar.com\/avatar\/55cb5e37c1efa326397366e6974cb338056df65cb50e7d64d1cf314e87504837?s=96&d=mm&r=g\",\"contentUrl\":\"https:\/\/secure.gravatar.com\/avatar\/55cb5e37c1efa326397366e6974cb338056df65cb50e7d64d1cf314e87504837?s=96&d=mm&r=g\",\"caption\":\"Arnaldo Botto\"},\"url\":\"https:\/\/www.noticiasradioreflejos.com.ar\/2021\/author\/arnaldo\/\"}]}<\/script>\n<!-- \/ Yoast SEO plugin. -->","yoast_head_json":{"title":"Probaron el efecto de los agroqu\u00edmicos en el sistema reproductor y el h\u00edgado de los anfibios - Noticias Radio Reflejos","robots":{"index":"index","follow":"follow","max-snippet":"max-snippet:-1","max-image-preview":"max-image-preview:large","max-video-preview":"max-video-preview:-1"},"canonical":"https:\/\/www.noticiasradioreflejos.com.ar\/2021\/probaron-el-efecto-de-los-agroquimicos-en-el-sistema-reproductor-y-el-higado-de-los-anfibios\/","og_locale":"es_ES","og_type":"article","og_title":"Probaron el efecto de los agroqu\u00edmicos en el sistema reproductor y el h\u00edgado de los anfibios - Noticias Radio Reflejos","og_description":"Los dos \u00f3rganos que se estudiaron son especialmente sensibles a la exposici\u00f3n a esas sustancias. Esto da indicios de lo que podr\u00eda ocurrir en el ser humano.","og_url":"https:\/\/www.noticiasradioreflejos.com.ar\/2021\/probaron-el-efecto-de-los-agroquimicos-en-el-sistema-reproductor-y-el-higado-de-los-anfibios\/","og_site_name":"Noticias Radio Reflejos","article_published_time":"2021-05-12T21:32:58+00:00","og_image":[{"url":"https:\/\/www.telam.com.ar\/advf\/imagenes\/2021\/05\/609c364d537a4_1004x565.jpg","type":"","width":"","height":""}],"author":"Arnaldo Botto","twitter_card":"summary_large_image","schema":{"@context":"https:\/\/schema.org","@graph":[{"@type":"WebPage","@id":"https:\/\/www.noticiasradioreflejos.com.ar\/2021\/probaron-el-efecto-de-los-agroquimicos-en-el-sistema-reproductor-y-el-higado-de-los-anfibios\/","url":"https:\/\/www.noticiasradioreflejos.com.ar\/2021\/probaron-el-efecto-de-los-agroquimicos-en-el-sistema-reproductor-y-el-higado-de-los-anfibios\/","name":"Probaron el efecto de los agroqu\u00edmicos en el sistema reproductor y el h\u00edgado de los anfibios - Noticias Radio Reflejos","isPartOf":{"@id":"https:\/\/www.noticiasradioreflejos.com.ar\/2021\/#website"},"primaryImageOfPage":{"@id":"https:\/\/www.noticiasradioreflejos.com.ar\/2021\/probaron-el-efecto-de-los-agroquimicos-en-el-sistema-reproductor-y-el-higado-de-los-anfibios\/#primaryimage"},"image":{"@id":"https:\/\/www.noticiasradioreflejos.com.ar\/2021\/probaron-el-efecto-de-los-agroquimicos-en-el-sistema-reproductor-y-el-higado-de-los-anfibios\/#primaryimage"},"thumbnailUrl":"https:\/\/www.telam.com.ar\/advf\/imagenes\/2021\/05\/609c364d537a4_1004x565.jpg","datePublished":"2021-05-12T21:32:58+00:00","author":{"@id":"https:\/\/www.noticiasradioreflejos.com.ar\/2021\/#\/schema\/person\/ad82545263dcc5ec0996818884fd5fb1"},"breadcrumb":{"@id":"https:\/\/www.noticiasradioreflejos.com.ar\/2021\/probaron-el-efecto-de-los-agroquimicos-en-el-sistema-reproductor-y-el-higado-de-los-anfibios\/#breadcrumb"},"inLanguage":"es","potentialAction":[{"@type":"ReadAction","target":["https:\/\/www.noticiasradioreflejos.com.ar\/2021\/probaron-el-efecto-de-los-agroquimicos-en-el-sistema-reproductor-y-el-higado-de-los-anfibios\/"]}]},{"@type":"ImageObject","inLanguage":"es","@id":"https:\/\/www.noticiasradioreflejos.com.ar\/2021\/probaron-el-efecto-de-los-agroquimicos-en-el-sistema-reproductor-y-el-higado-de-los-anfibios\/#primaryimage","url":"https:\/\/www.telam.com.ar\/advf\/imagenes\/2021\/05\/609c364d537a4_1004x565.jpg","contentUrl":"https:\/\/www.telam.com.ar\/advf\/imagenes\/2021\/05\/609c364d537a4_1004x565.jpg"},{"@type":"BreadcrumbList","@id":"https:\/\/www.noticiasradioreflejos.com.ar\/2021\/probaron-el-efecto-de-los-agroquimicos-en-el-sistema-reproductor-y-el-higado-de-los-anfibios\/#breadcrumb","itemListElement":[{"@type":"ListItem","position":1,"name":"Portada","item":"https:\/\/www.noticiasradioreflejos.com.ar\/2021\/"},{"@type":"ListItem","position":2,"name":"Probaron el efecto de los agroqu\u00edmicos en el sistema reproductor y el h\u00edgado de los anfibios"}]},{"@type":"WebSite","@id":"https:\/\/www.noticiasradioreflejos.com.ar\/2021\/#website","url":"https:\/\/www.noticiasradioreflejos.com.ar\/2021\/","name":"Noticias Radio Reflejos","description":"Las noticias de mi comarca","potentialAction":[{"@type":"SearchAction","target":{"@type":"EntryPoint","urlTemplate":"https:\/\/www.noticiasradioreflejos.com.ar\/2021\/?s={search_term_string}"},"query-input":{"@type":"PropertyValueSpecification","valueRequired":true,"valueName":"search_term_string"}}],"inLanguage":"es"},{"@type":"Person","@id":"https:\/\/www.noticiasradioreflejos.com.ar\/2021\/#\/schema\/person\/ad82545263dcc5ec0996818884fd5fb1","name":"Arnaldo Botto","image":{"@type":"ImageObject","inLanguage":"es","@id":"https:\/\/www.noticiasradioreflejos.com.ar\/2021\/#\/schema\/person\/image\/","url":"https:\/\/secure.gravatar.com\/avatar\/55cb5e37c1efa326397366e6974cb338056df65cb50e7d64d1cf314e87504837?s=96&d=mm&r=g","contentUrl":"https:\/\/secure.gravatar.com\/avatar\/55cb5e37c1efa326397366e6974cb338056df65cb50e7d64d1cf314e87504837?s=96&d=mm&r=g","caption":"Arnaldo Botto"},"url":"https:\/\/www.noticiasradioreflejos.com.ar\/2021\/author\/arnaldo\/"}]}},"_links":{"self":[{"href":"https:\/\/www.noticiasradioreflejos.com.ar\/2021\/wp-json\/wp\/v2\/posts\/56692","targetHints":{"allow":["GET"]}}],"collection":[{"href":"https:\/\/www.noticiasradioreflejos.com.ar\/2021\/wp-json\/wp\/v2\/posts"}],"about":[{"href":"https:\/\/www.noticiasradioreflejos.com.ar\/2021\/wp-json\/wp\/v2\/types\/post"}],"author":[{"embeddable":true,"href":"https:\/\/www.noticiasradioreflejos.com.ar\/2021\/wp-json\/wp\/v2\/users\/3"}],"replies":[{"embeddable":true,"href":"https:\/\/www.noticiasradioreflejos.com.ar\/2021\/wp-json\/wp\/v2\/comments?post=56692"}],"version-history":[{"count":1,"href":"https:\/\/www.noticiasradioreflejos.com.ar\/2021\/wp-json\/wp\/v2\/posts\/56692\/revisions"}],"predecessor-version":[{"id":56694,"href":"https:\/\/www.noticiasradioreflejos.com.ar\/2021\/wp-json\/wp\/v2\/posts\/56692\/revisions\/56694"}],"wp:attachment":[{"href":"https:\/\/www.noticiasradioreflejos.com.ar\/2021\/wp-json\/wp\/v2\/media?parent=56692"}],"wp:term":[{"taxonomy":"category","embeddable":true,"href":"https:\/\/www.noticiasradioreflejos.com.ar\/2021\/wp-json\/wp\/v2\/categories?post=56692"},{"taxonomy":"post_tag","embeddable":true,"href":"https:\/\/www.noticiasradioreflejos.com.ar\/2021\/wp-json\/wp\/v2\/tags?post=56692"}],"curies":[{"name":"wp","href":"https:\/\/api.w.org\/{rel}","templated":true}]}}