{"id":56686,"date":"2021-05-12T21:27:08","date_gmt":"2021-05-12T21:27:08","guid":{"rendered":"http:\/\/www.noticiasradioreflejos.com.ar\/2021\/?p=56686"},"modified":"2021-05-12T21:27:08","modified_gmt":"2021-05-12T21:27:08","slug":"tres-arroyos-paso-a-fase-2-por-falta-de-camas","status":"publish","type":"post","link":"https:\/\/www.noticiasradioreflejos.com.ar\/2021\/tres-arroyos-paso-a-fase-2-por-falta-de-camas\/","title":{"rendered":"Tres Arroyos pas\u00f3 a Fase 2 por falta de camas."},"content":{"rendered":"<div class=\"head-content\">\n<p>Desde el distrito bonaerense informaron que se encuentra completa la capacidad de las camas de terapia intensiva y m\u00e1s del 90% del resto de las camas de internaci\u00f3n.<\/p>\n<\/div>\n<p><!--more-->El distrito bonaerense de Tres Arroyos pas\u00f3 este mi\u00e9rcoles a la Fase 2 de aislamiento por coronavirus como consecuencia de la situaci\u00f3n epidemiol\u00f3gica, seg\u00fan se inform\u00f3 en el Bolet\u00edn Oficial bonaerense, por lo que se suma a otros distritos de la provincia que lo vienen haciendo en los \u00faltimos d\u00edas.<\/p>\n<div class=\"main-content-block\">\n<div class=\"main-box clearfix\">\n<div class=\"wrapper-main-section clearfix\">\n<div class=\"wrapper-editable-content\">\n<div class=\"editable-content clearfix\">\n<p>A partir de esta medida, se restringe la actividad comercial en el distrito entre las 19 y las 6, lo que incluye tambi\u00e9n a restaurantes y bares, adem\u00e1s de comercios, y la circulaci\u00f3n de personas.<\/p>\n<p>El secretario de Salud de Tres Arroyos, Gabriel Guerra, asumi\u00f3 que se est\u00e1 \u00abviviendo una situaci\u00f3n l\u00edmite\u00bb.<\/p>\n<p>\u00abEn los \u00faltimos 15 d\u00edas hab\u00eda habido una estabilizaci\u00f3n de los contagios. Sin embargo, en la \u00faltima semana muchos pacientes requirieron internaci\u00f3n en terapia intensiva\u00bb, detall\u00f3 el funcionario.<\/p>\n<blockquote><p>\u00abSe va a empezar a morir gente en las casas\u201d<\/p>\n<div class=\"sign\">INTENDENTE CARLOS S\u00c1NCHEZ<\/div>\n<\/blockquote>\n<p>En comunicaci\u00f3n con el canal de noticias C5N, Guerra detall\u00f3 que se encuentra completa la capacidad de las camas de terapia intensiva y m\u00e1s del 90% del resto de las camas de internaci\u00f3n.<\/p>\n<p>Por ese motivo, se est\u00e1 complementando el sistema sanitario con uno de internaci\u00f3n domiciliaria para \u00abtratar de evitar que esos pacientes tengan que arribar tard\u00edamente\u00bb al hospital, poniendo en riesgo su vida.<\/p>\n<p>Por otra parte, fuentes comunales indicaron que, \u00aben el marco de la nueva Fase, se suspender\u00e1n las clases presenciales, situaci\u00f3n que comenzar\u00e1 a aplicarse el pr\u00f3ximo lunes\u00bb.<\/p>\n<blockquote class=\"twitter-tweet\" data-width=\"500\" data-dnt=\"true\">\n<p lang=\"es\" dir=\"ltr\">La segunda semana consecutiva de baja de casos todav\u00eda no impacta en la ocupaci\u00f3n de camas de terapia intensiva, que sigue en niveles muy preocupantes y mantiene al sistema en una tensi\u00f3n que debe descomprimirse con un descenso m\u00e1s pronunciado de los contagios.<a href=\"https:\/\/twitter.com\/BAProvincia?ref_src=twsrc%5Etfw\">@BAProvincia<\/a> <a href=\"https:\/\/t.co\/8tjiUHPsRQ\">pic.twitter.com\/8tjiUHPsRQ<\/a><\/p>\n<p>&mdash; SaludBAP (@SaludBAP) <a href=\"https:\/\/twitter.com\/SaludBAP\/status\/1392444764981768193?ref_src=twsrc%5Etfw\">May 12, 2021<\/a><\/p><\/blockquote>\n<p><script async src=\"https:\/\/platform.twitter.com\/widgets.js\" charset=\"utf-8\"><\/script><\/p>\n<p>El pedido de retroceso de fase hab\u00eda sido solicitado en las \u00faltimas horas por el intendente Carlos S\u00e1nchez debido a que el sistema de salud est\u00e1 en el l\u00edmite de su capacidad.<\/p>\n<p>\u00abHabl\u00e9 anoche con el jefe de Gabinete provincial y me comunic\u00f3 esta decisi\u00f3n de bajar de fase\u00bb, se\u00f1al\u00f3 el jefe comunal.<\/p>\n<p>S\u00e1nchez hab\u00eda se\u00f1alado que \u00abno hay m\u00e1s camas\u00bb y que si la situaci\u00f3n contin\u00faa as\u00ed \u00abse va a empezar a morir gente en las casas\u201d.<\/p>\n<p>El intendente hab\u00eda firmado en la v\u00edspera un decreto con el fin de suspender distintas actividades en el distrito.<\/p>\n<\/div>\n<\/div>\n<\/div>\n<\/div>\n<\/div>\n","protected":false},"excerpt":{"rendered":"<p>Desde el distrito bonaerense informaron que se encuentra completa la capacidad de las camas de terapia intensiva y m\u00e1s del 90% del resto de las camas de internaci\u00f3n.<\/p>\n","protected":false},"author":3,"featured_media":0,"comment_status":"open","ping_status":"open","sticky":false,"template":"","format":"standard","meta":{"footnotes":""},"categories":[30],"tags":[],"class_list":["post-56686","post","type-post","status-publish","format-standard","hentry","category-salud"],"yoast_head":"<!-- This site is optimized with the Yoast SEO plugin v25.9 - https:\/\/yoast.com\/wordpress\/plugins\/seo\/ -->\n<title>Tres Arroyos pas\u00f3 a Fase 2 por falta de camas. - Noticias Radio Reflejos<\/title>\n<meta name=\"robots\" content=\"index, follow, max-snippet:-1, max-image-preview:large, max-video-preview:-1\" \/>\n<link rel=\"canonical\" href=\"https:\/\/www.noticiasradioreflejos.com.ar\/2021\/tres-arroyos-paso-a-fase-2-por-falta-de-camas\/\" \/>\n<meta property=\"og:locale\" content=\"es_ES\" \/>\n<meta property=\"og:type\" content=\"article\" \/>\n<meta property=\"og:title\" content=\"Tres Arroyos pas\u00f3 a Fase 2 por falta de camas. - Noticias Radio Reflejos\" \/>\n<meta property=\"og:description\" content=\"Desde el distrito bonaerense informaron que se encuentra completa la capacidad de las camas de terapia intensiva y m\u00e1s del 90% del resto de las camas de internaci\u00f3n.\" \/>\n<meta property=\"og:url\" content=\"https:\/\/www.noticiasradioreflejos.com.ar\/2021\/tres-arroyos-paso-a-fase-2-por-falta-de-camas\/\" \/>\n<meta property=\"og:site_name\" content=\"Noticias Radio Reflejos\" \/>\n<meta property=\"article:published_time\" content=\"2021-05-12T21:27:08+00:00\" \/>\n<meta property=\"og:image\" content=\"https:\/\/www.noticiasradioreflejos.com.ar\/2021\/wp-content\/uploads\/2021\/07\/logosol300x200.png\" \/>\n\t<meta property=\"og:image:width\" content=\"300\" \/>\n\t<meta property=\"og:image:height\" content=\"200\" \/>\n\t<meta property=\"og:image:type\" content=\"image\/png\" \/>\n<meta name=\"author\" content=\"Arnaldo Botto\" \/>\n<meta name=\"twitter:card\" content=\"summary_large_image\" \/>\n<script type=\"application\/ld+json\" class=\"yoast-schema-graph\">{\"@context\":\"https:\/\/schema.org\",\"@graph\":[{\"@type\":\"WebPage\",\"@id\":\"https:\/\/www.noticiasradioreflejos.com.ar\/2021\/tres-arroyos-paso-a-fase-2-por-falta-de-camas\/\",\"url\":\"https:\/\/www.noticiasradioreflejos.com.ar\/2021\/tres-arroyos-paso-a-fase-2-por-falta-de-camas\/\",\"name\":\"Tres Arroyos pas\u00f3 a Fase 2 por falta de camas. - Noticias Radio Reflejos\",\"isPartOf\":{\"@id\":\"https:\/\/www.noticiasradioreflejos.com.ar\/2021\/#website\"},\"datePublished\":\"2021-05-12T21:27:08+00:00\",\"author\":{\"@id\":\"https:\/\/www.noticiasradioreflejos.com.ar\/2021\/#\/schema\/person\/ad82545263dcc5ec0996818884fd5fb1\"},\"breadcrumb\":{\"@id\":\"https:\/\/www.noticiasradioreflejos.com.ar\/2021\/tres-arroyos-paso-a-fase-2-por-falta-de-camas\/#breadcrumb\"},\"inLanguage\":\"es\",\"potentialAction\":[{\"@type\":\"ReadAction\",\"target\":[\"https:\/\/www.noticiasradioreflejos.com.ar\/2021\/tres-arroyos-paso-a-fase-2-por-falta-de-camas\/\"]}]},{\"@type\":\"BreadcrumbList\",\"@id\":\"https:\/\/www.noticiasradioreflejos.com.ar\/2021\/tres-arroyos-paso-a-fase-2-por-falta-de-camas\/#breadcrumb\",\"itemListElement\":[{\"@type\":\"ListItem\",\"position\":1,\"name\":\"Portada\",\"item\":\"https:\/\/www.noticiasradioreflejos.com.ar\/2021\/\"},{\"@type\":\"ListItem\",\"position\":2,\"name\":\"Tres Arroyos pas\u00f3 a Fase 2 por falta de camas.\"}]},{\"@type\":\"WebSite\",\"@id\":\"https:\/\/www.noticiasradioreflejos.com.ar\/2021\/#website\",\"url\":\"https:\/\/www.noticiasradioreflejos.com.ar\/2021\/\",\"name\":\"Noticias Radio Reflejos\",\"description\":\"Las noticias de mi comarca\",\"potentialAction\":[{\"@type\":\"SearchAction\",\"target\":{\"@type\":\"EntryPoint\",\"urlTemplate\":\"https:\/\/www.noticiasradioreflejos.com.ar\/2021\/?s={search_term_string}\"},\"query-input\":{\"@type\":\"PropertyValueSpecification\",\"valueRequired\":true,\"valueName\":\"search_term_string\"}}],\"inLanguage\":\"es\"},{\"@type\":\"Person\",\"@id\":\"https:\/\/www.noticiasradioreflejos.com.ar\/2021\/#\/schema\/person\/ad82545263dcc5ec0996818884fd5fb1\",\"name\":\"Arnaldo Botto\",\"image\":{\"@type\":\"ImageObject\",\"inLanguage\":\"es\",\"@id\":\"https:\/\/www.noticiasradioreflejos.com.ar\/2021\/#\/schema\/person\/image\/\",\"url\":\"https:\/\/secure.gravatar.com\/avatar\/55cb5e37c1efa326397366e6974cb338056df65cb50e7d64d1cf314e87504837?s=96&d=mm&r=g\",\"contentUrl\":\"https:\/\/secure.gravatar.com\/avatar\/55cb5e37c1efa326397366e6974cb338056df65cb50e7d64d1cf314e87504837?s=96&d=mm&r=g\",\"caption\":\"Arnaldo Botto\"},\"url\":\"https:\/\/www.noticiasradioreflejos.com.ar\/2021\/author\/arnaldo\/\"}]}<\/script>\n<!-- \/ Yoast SEO plugin. -->","yoast_head_json":{"title":"Tres Arroyos pas\u00f3 a Fase 2 por falta de camas. - Noticias Radio Reflejos","robots":{"index":"index","follow":"follow","max-snippet":"max-snippet:-1","max-image-preview":"max-image-preview:large","max-video-preview":"max-video-preview:-1"},"canonical":"https:\/\/www.noticiasradioreflejos.com.ar\/2021\/tres-arroyos-paso-a-fase-2-por-falta-de-camas\/","og_locale":"es_ES","og_type":"article","og_title":"Tres Arroyos pas\u00f3 a Fase 2 por falta de camas. - Noticias Radio Reflejos","og_description":"Desde el distrito bonaerense informaron que se encuentra completa la capacidad de las camas de terapia intensiva y m\u00e1s del 90% del resto de las camas de internaci\u00f3n.","og_url":"https:\/\/www.noticiasradioreflejos.com.ar\/2021\/tres-arroyos-paso-a-fase-2-por-falta-de-camas\/","og_site_name":"Noticias Radio Reflejos","article_published_time":"2021-05-12T21:27:08+00:00","og_image":[{"width":300,"height":200,"url":"https:\/\/www.noticiasradioreflejos.com.ar\/2021\/wp-content\/uploads\/2021\/07\/logosol300x200.png","type":"image\/png"}],"author":"Arnaldo Botto","twitter_card":"summary_large_image","schema":{"@context":"https:\/\/schema.org","@graph":[{"@type":"WebPage","@id":"https:\/\/www.noticiasradioreflejos.com.ar\/2021\/tres-arroyos-paso-a-fase-2-por-falta-de-camas\/","url":"https:\/\/www.noticiasradioreflejos.com.ar\/2021\/tres-arroyos-paso-a-fase-2-por-falta-de-camas\/","name":"Tres Arroyos pas\u00f3 a Fase 2 por falta de camas. - Noticias Radio Reflejos","isPartOf":{"@id":"https:\/\/www.noticiasradioreflejos.com.ar\/2021\/#website"},"datePublished":"2021-05-12T21:27:08+00:00","author":{"@id":"https:\/\/www.noticiasradioreflejos.com.ar\/2021\/#\/schema\/person\/ad82545263dcc5ec0996818884fd5fb1"},"breadcrumb":{"@id":"https:\/\/www.noticiasradioreflejos.com.ar\/2021\/tres-arroyos-paso-a-fase-2-por-falta-de-camas\/#breadcrumb"},"inLanguage":"es","potentialAction":[{"@type":"ReadAction","target":["https:\/\/www.noticiasradioreflejos.com.ar\/2021\/tres-arroyos-paso-a-fase-2-por-falta-de-camas\/"]}]},{"@type":"BreadcrumbList","@id":"https:\/\/www.noticiasradioreflejos.com.ar\/2021\/tres-arroyos-paso-a-fase-2-por-falta-de-camas\/#breadcrumb","itemListElement":[{"@type":"ListItem","position":1,"name":"Portada","item":"https:\/\/www.noticiasradioreflejos.com.ar\/2021\/"},{"@type":"ListItem","position":2,"name":"Tres Arroyos pas\u00f3 a Fase 2 por falta de camas."}]},{"@type":"WebSite","@id":"https:\/\/www.noticiasradioreflejos.com.ar\/2021\/#website","url":"https:\/\/www.noticiasradioreflejos.com.ar\/2021\/","name":"Noticias Radio Reflejos","description":"Las noticias de mi comarca","potentialAction":[{"@type":"SearchAction","target":{"@type":"EntryPoint","urlTemplate":"https:\/\/www.noticiasradioreflejos.com.ar\/2021\/?s={search_term_string}"},"query-input":{"@type":"PropertyValueSpecification","valueRequired":true,"valueName":"search_term_string"}}],"inLanguage":"es"},{"@type":"Person","@id":"https:\/\/www.noticiasradioreflejos.com.ar\/2021\/#\/schema\/person\/ad82545263dcc5ec0996818884fd5fb1","name":"Arnaldo Botto","image":{"@type":"ImageObject","inLanguage":"es","@id":"https:\/\/www.noticiasradioreflejos.com.ar\/2021\/#\/schema\/person\/image\/","url":"https:\/\/secure.gravatar.com\/avatar\/55cb5e37c1efa326397366e6974cb338056df65cb50e7d64d1cf314e87504837?s=96&d=mm&r=g","contentUrl":"https:\/\/secure.gravatar.com\/avatar\/55cb5e37c1efa326397366e6974cb338056df65cb50e7d64d1cf314e87504837?s=96&d=mm&r=g","caption":"Arnaldo Botto"},"url":"https:\/\/www.noticiasradioreflejos.com.ar\/2021\/author\/arnaldo\/"}]}},"_links":{"self":[{"href":"https:\/\/www.noticiasradioreflejos.com.ar\/2021\/wp-json\/wp\/v2\/posts\/56686","targetHints":{"allow":["GET"]}}],"collection":[{"href":"https:\/\/www.noticiasradioreflejos.com.ar\/2021\/wp-json\/wp\/v2\/posts"}],"about":[{"href":"https:\/\/www.noticiasradioreflejos.com.ar\/2021\/wp-json\/wp\/v2\/types\/post"}],"author":[{"embeddable":true,"href":"https:\/\/www.noticiasradioreflejos.com.ar\/2021\/wp-json\/wp\/v2\/users\/3"}],"replies":[{"embeddable":true,"href":"https:\/\/www.noticiasradioreflejos.com.ar\/2021\/wp-json\/wp\/v2\/comments?post=56686"}],"version-history":[{"count":1,"href":"https:\/\/www.noticiasradioreflejos.com.ar\/2021\/wp-json\/wp\/v2\/posts\/56686\/revisions"}],"predecessor-version":[{"id":56688,"href":"https:\/\/www.noticiasradioreflejos.com.ar\/2021\/wp-json\/wp\/v2\/posts\/56686\/revisions\/56688"}],"wp:attachment":[{"href":"https:\/\/www.noticiasradioreflejos.com.ar\/2021\/wp-json\/wp\/v2\/media?parent=56686"}],"wp:term":[{"taxonomy":"category","embeddable":true,"href":"https:\/\/www.noticiasradioreflejos.com.ar\/2021\/wp-json\/wp\/v2\/categories?post=56686"},{"taxonomy":"post_tag","embeddable":true,"href":"https:\/\/www.noticiasradioreflejos.com.ar\/2021\/wp-json\/wp\/v2\/tags?post=56686"}],"curies":[{"name":"wp","href":"https:\/\/api.w.org\/{rel}","templated":true}]}}