{"id":56674,"date":"2021-05-12T17:27:01","date_gmt":"2021-05-12T17:27:01","guid":{"rendered":"http:\/\/www.noticiasradioreflejos.com.ar\/2021\/?p=56674"},"modified":"2021-05-12T17:27:01","modified_gmt":"2021-05-12T17:27:01","slug":"covid-19-el-88-de-los-mayores-de-60-anos-del-distrito-inscriptos-esta-vacunado","status":"publish","type":"post","link":"https:\/\/www.noticiasradioreflejos.com.ar\/2021\/covid-19-el-88-de-los-mayores-de-60-anos-del-distrito-inscriptos-esta-vacunado\/","title":{"rendered":"Covid-19: El 88% de los mayores de 60 a\u00f1os del distrito inscriptos, est\u00e1 vacunado"},"content":{"rendered":"<p>A buen ritmo avanza en el distrito de Tornquist el plan de vacunaci\u00f3n provincial p\u00fablico, gratuito y optativo \u2018Buenos Aires Vacunate\u2019 contra el Covid-19. <!--more--><\/p>\n<p>La campa\u00f1a es organizada por Regi\u00f3n Sanitaria I del Ministerio de Salud de la Provincia de Buenos Aires y cuenta con la colaboraci\u00f3n del municipio de Tornquist, a trav\u00e9s de la Secretar\u00eda de Salud.<br \/>\nEl puesto de vacunaci\u00f3n principal se encuentra instalado en el Centro de Jubilados y Pensionados de la localidad cabecera del distrito, mientras que el Hospital Municipal \u2018Dr. Alberto Castro\u2019 funciona como posta de apoyo.<br \/>\nAl 11 de mayo, la cantidad total de inscriptos es de 6276, de los cuales 3740 ya recibieron, al menos, el primer componente de la vacuna.<br \/>\nUna de las principales cifras de vacunados se da en los mayores de 60 a\u00f1os con y sin enfermedades de riesgo, donde de 2734 registrados, ya fue inoculado el 88%, es decir, 2414.<br \/>\nEn tanto, el personal de salud recibi\u00f3 la inmunidad casi en su totalidad. Se inscribieron 458 y fueron vacunados 532, esto debido a que, por disposici\u00f3n de las autoridades sanitarias provinciales, no era obligatorio que se encuentren registrados. Adem\u00e1s, 473 ya tienen las dos dosis.<br \/>\nRespecto a docentes y auxiliares, de 506 inscriptos, 212 recibieron los dos componentes y 257 el primero.<br \/>\nEn cuanto a menores de 60 a\u00f1os con factores de riesgo (incluidos en la etapa actual de la campa\u00f1a), al momento se registraron 670 personas y fueron vacunados con la primera dosis 304, lo que representa el 45%.<br \/>\nPor \u00faltimo, hay anotadas 1833 personas menores de 60 sin comorbilidades, para quienes la inmunizaci\u00f3n comenzar\u00e1 en etapas posteriores del plan \u2018Buenos Aires Vacunate\u2019.<\/p>\n<p><a href=\"https:\/\/flic.kr\/p\/2kY4GW3\"><img loading=\"lazy\" decoding=\"async\" src=\"https:\/\/live.staticflickr.com\/65535\/51173917942_d7c8de6bd0.jpg\" alt=\"2021-05-12_02-20-27\" width=\"500\" height=\"500\" \/><\/a><\/p>\n<p><a href=\"https:\/\/flic.kr\/p\/2kYcfMF\"><img loading=\"lazy\" decoding=\"async\" src=\"https:\/\/live.staticflickr.com\/65535\/51175390889_a64b051397.jpg\" alt=\"2021-05-12_02-24-29\" width=\"500\" height=\"500\" \/><\/a><\/p>\n","protected":false},"excerpt":{"rendered":"<p>A buen ritmo avanza en el distrito de Tornquist el plan de vacunaci\u00f3n provincial p\u00fablico, gratuito y optativo \u2018Buenos Aires Vacunate\u2019 contra el Covid-19.<\/p>\n","protected":false},"author":3,"featured_media":0,"comment_status":"open","ping_status":"open","sticky":false,"template":"","format":"standard","meta":{"footnotes":""},"categories":[28,30],"tags":[48],"class_list":["post-56674","post","type-post","status-publish","format-standard","hentry","category-municipales","category-salud","tag-destacada"],"yoast_head":"<!-- This site is optimized with the Yoast SEO plugin v25.9 - https:\/\/yoast.com\/wordpress\/plugins\/seo\/ -->\n<title>Covid-19: El 88% de los mayores de 60 a\u00f1os del distrito inscriptos, est\u00e1 vacunado - Noticias Radio Reflejos<\/title>\n<meta name=\"robots\" content=\"index, follow, max-snippet:-1, max-image-preview:large, max-video-preview:-1\" \/>\n<link rel=\"canonical\" href=\"https:\/\/www.noticiasradioreflejos.com.ar\/2021\/covid-19-el-88-de-los-mayores-de-60-anos-del-distrito-inscriptos-esta-vacunado\/\" \/>\n<meta property=\"og:locale\" content=\"es_ES\" \/>\n<meta property=\"og:type\" content=\"article\" \/>\n<meta property=\"og:title\" content=\"Covid-19: El 88% de los mayores de 60 a\u00f1os del distrito inscriptos, est\u00e1 vacunado - Noticias Radio Reflejos\" \/>\n<meta property=\"og:description\" content=\"A buen ritmo avanza en el distrito de Tornquist el plan de vacunaci\u00f3n provincial p\u00fablico, gratuito y optativo \u2018Buenos Aires Vacunate\u2019 contra el Covid-19.\" \/>\n<meta property=\"og:url\" content=\"https:\/\/www.noticiasradioreflejos.com.ar\/2021\/covid-19-el-88-de-los-mayores-de-60-anos-del-distrito-inscriptos-esta-vacunado\/\" \/>\n<meta property=\"og:site_name\" content=\"Noticias Radio Reflejos\" \/>\n<meta property=\"article:published_time\" content=\"2021-05-12T17:27:01+00:00\" \/>\n<meta property=\"og:image\" content=\"https:\/\/www.noticiasradioreflejos.com.ar\/2021\/wp-content\/uploads\/2021\/07\/logosol300x200.png\" \/>\n\t<meta property=\"og:image:width\" content=\"300\" \/>\n\t<meta property=\"og:image:height\" content=\"200\" \/>\n\t<meta property=\"og:image:type\" content=\"image\/png\" \/>\n<meta name=\"author\" content=\"Arnaldo Botto\" \/>\n<meta name=\"twitter:card\" content=\"summary_large_image\" \/>\n<script type=\"application\/ld+json\" class=\"yoast-schema-graph\">{\"@context\":\"https:\/\/schema.org\",\"@graph\":[{\"@type\":\"WebPage\",\"@id\":\"https:\/\/www.noticiasradioreflejos.com.ar\/2021\/covid-19-el-88-de-los-mayores-de-60-anos-del-distrito-inscriptos-esta-vacunado\/\",\"url\":\"https:\/\/www.noticiasradioreflejos.com.ar\/2021\/covid-19-el-88-de-los-mayores-de-60-anos-del-distrito-inscriptos-esta-vacunado\/\",\"name\":\"Covid-19: El 88% de los mayores de 60 a\u00f1os del distrito inscriptos, est\u00e1 vacunado - Noticias Radio Reflejos\",\"isPartOf\":{\"@id\":\"https:\/\/www.noticiasradioreflejos.com.ar\/2021\/#website\"},\"datePublished\":\"2021-05-12T17:27:01+00:00\",\"author\":{\"@id\":\"https:\/\/www.noticiasradioreflejos.com.ar\/2021\/#\/schema\/person\/ad82545263dcc5ec0996818884fd5fb1\"},\"breadcrumb\":{\"@id\":\"https:\/\/www.noticiasradioreflejos.com.ar\/2021\/covid-19-el-88-de-los-mayores-de-60-anos-del-distrito-inscriptos-esta-vacunado\/#breadcrumb\"},\"inLanguage\":\"es\",\"potentialAction\":[{\"@type\":\"ReadAction\",\"target\":[\"https:\/\/www.noticiasradioreflejos.com.ar\/2021\/covid-19-el-88-de-los-mayores-de-60-anos-del-distrito-inscriptos-esta-vacunado\/\"]}]},{\"@type\":\"BreadcrumbList\",\"@id\":\"https:\/\/www.noticiasradioreflejos.com.ar\/2021\/covid-19-el-88-de-los-mayores-de-60-anos-del-distrito-inscriptos-esta-vacunado\/#breadcrumb\",\"itemListElement\":[{\"@type\":\"ListItem\",\"position\":1,\"name\":\"Portada\",\"item\":\"https:\/\/www.noticiasradioreflejos.com.ar\/2021\/\"},{\"@type\":\"ListItem\",\"position\":2,\"name\":\"Covid-19: El 88% de los mayores de 60 a\u00f1os del distrito inscriptos, est\u00e1 vacunado\"}]},{\"@type\":\"WebSite\",\"@id\":\"https:\/\/www.noticiasradioreflejos.com.ar\/2021\/#website\",\"url\":\"https:\/\/www.noticiasradioreflejos.com.ar\/2021\/\",\"name\":\"Noticias Radio Reflejos\",\"description\":\"Las noticias de mi comarca\",\"potentialAction\":[{\"@type\":\"SearchAction\",\"target\":{\"@type\":\"EntryPoint\",\"urlTemplate\":\"https:\/\/www.noticiasradioreflejos.com.ar\/2021\/?s={search_term_string}\"},\"query-input\":{\"@type\":\"PropertyValueSpecification\",\"valueRequired\":true,\"valueName\":\"search_term_string\"}}],\"inLanguage\":\"es\"},{\"@type\":\"Person\",\"@id\":\"https:\/\/www.noticiasradioreflejos.com.ar\/2021\/#\/schema\/person\/ad82545263dcc5ec0996818884fd5fb1\",\"name\":\"Arnaldo Botto\",\"image\":{\"@type\":\"ImageObject\",\"inLanguage\":\"es\",\"@id\":\"https:\/\/www.noticiasradioreflejos.com.ar\/2021\/#\/schema\/person\/image\/\",\"url\":\"https:\/\/secure.gravatar.com\/avatar\/55cb5e37c1efa326397366e6974cb338056df65cb50e7d64d1cf314e87504837?s=96&d=mm&r=g\",\"contentUrl\":\"https:\/\/secure.gravatar.com\/avatar\/55cb5e37c1efa326397366e6974cb338056df65cb50e7d64d1cf314e87504837?s=96&d=mm&r=g\",\"caption\":\"Arnaldo Botto\"},\"url\":\"https:\/\/www.noticiasradioreflejos.com.ar\/2021\/author\/arnaldo\/\"}]}<\/script>\n<!-- \/ Yoast SEO plugin. -->","yoast_head_json":{"title":"Covid-19: El 88% de los mayores de 60 a\u00f1os del distrito inscriptos, est\u00e1 vacunado - Noticias Radio Reflejos","robots":{"index":"index","follow":"follow","max-snippet":"max-snippet:-1","max-image-preview":"max-image-preview:large","max-video-preview":"max-video-preview:-1"},"canonical":"https:\/\/www.noticiasradioreflejos.com.ar\/2021\/covid-19-el-88-de-los-mayores-de-60-anos-del-distrito-inscriptos-esta-vacunado\/","og_locale":"es_ES","og_type":"article","og_title":"Covid-19: El 88% de los mayores de 60 a\u00f1os del distrito inscriptos, est\u00e1 vacunado - Noticias Radio Reflejos","og_description":"A buen ritmo avanza en el distrito de Tornquist el plan de vacunaci\u00f3n provincial p\u00fablico, gratuito y optativo \u2018Buenos Aires Vacunate\u2019 contra el Covid-19.","og_url":"https:\/\/www.noticiasradioreflejos.com.ar\/2021\/covid-19-el-88-de-los-mayores-de-60-anos-del-distrito-inscriptos-esta-vacunado\/","og_site_name":"Noticias Radio Reflejos","article_published_time":"2021-05-12T17:27:01+00:00","og_image":[{"width":300,"height":200,"url":"https:\/\/www.noticiasradioreflejos.com.ar\/2021\/wp-content\/uploads\/2021\/07\/logosol300x200.png","type":"image\/png"}],"author":"Arnaldo Botto","twitter_card":"summary_large_image","schema":{"@context":"https:\/\/schema.org","@graph":[{"@type":"WebPage","@id":"https:\/\/www.noticiasradioreflejos.com.ar\/2021\/covid-19-el-88-de-los-mayores-de-60-anos-del-distrito-inscriptos-esta-vacunado\/","url":"https:\/\/www.noticiasradioreflejos.com.ar\/2021\/covid-19-el-88-de-los-mayores-de-60-anos-del-distrito-inscriptos-esta-vacunado\/","name":"Covid-19: El 88% de los mayores de 60 a\u00f1os del distrito inscriptos, est\u00e1 vacunado - Noticias Radio Reflejos","isPartOf":{"@id":"https:\/\/www.noticiasradioreflejos.com.ar\/2021\/#website"},"datePublished":"2021-05-12T17:27:01+00:00","author":{"@id":"https:\/\/www.noticiasradioreflejos.com.ar\/2021\/#\/schema\/person\/ad82545263dcc5ec0996818884fd5fb1"},"breadcrumb":{"@id":"https:\/\/www.noticiasradioreflejos.com.ar\/2021\/covid-19-el-88-de-los-mayores-de-60-anos-del-distrito-inscriptos-esta-vacunado\/#breadcrumb"},"inLanguage":"es","potentialAction":[{"@type":"ReadAction","target":["https:\/\/www.noticiasradioreflejos.com.ar\/2021\/covid-19-el-88-de-los-mayores-de-60-anos-del-distrito-inscriptos-esta-vacunado\/"]}]},{"@type":"BreadcrumbList","@id":"https:\/\/www.noticiasradioreflejos.com.ar\/2021\/covid-19-el-88-de-los-mayores-de-60-anos-del-distrito-inscriptos-esta-vacunado\/#breadcrumb","itemListElement":[{"@type":"ListItem","position":1,"name":"Portada","item":"https:\/\/www.noticiasradioreflejos.com.ar\/2021\/"},{"@type":"ListItem","position":2,"name":"Covid-19: El 88% de los mayores de 60 a\u00f1os del distrito inscriptos, est\u00e1 vacunado"}]},{"@type":"WebSite","@id":"https:\/\/www.noticiasradioreflejos.com.ar\/2021\/#website","url":"https:\/\/www.noticiasradioreflejos.com.ar\/2021\/","name":"Noticias Radio Reflejos","description":"Las noticias de mi comarca","potentialAction":[{"@type":"SearchAction","target":{"@type":"EntryPoint","urlTemplate":"https:\/\/www.noticiasradioreflejos.com.ar\/2021\/?s={search_term_string}"},"query-input":{"@type":"PropertyValueSpecification","valueRequired":true,"valueName":"search_term_string"}}],"inLanguage":"es"},{"@type":"Person","@id":"https:\/\/www.noticiasradioreflejos.com.ar\/2021\/#\/schema\/person\/ad82545263dcc5ec0996818884fd5fb1","name":"Arnaldo Botto","image":{"@type":"ImageObject","inLanguage":"es","@id":"https:\/\/www.noticiasradioreflejos.com.ar\/2021\/#\/schema\/person\/image\/","url":"https:\/\/secure.gravatar.com\/avatar\/55cb5e37c1efa326397366e6974cb338056df65cb50e7d64d1cf314e87504837?s=96&d=mm&r=g","contentUrl":"https:\/\/secure.gravatar.com\/avatar\/55cb5e37c1efa326397366e6974cb338056df65cb50e7d64d1cf314e87504837?s=96&d=mm&r=g","caption":"Arnaldo Botto"},"url":"https:\/\/www.noticiasradioreflejos.com.ar\/2021\/author\/arnaldo\/"}]}},"_links":{"self":[{"href":"https:\/\/www.noticiasradioreflejos.com.ar\/2021\/wp-json\/wp\/v2\/posts\/56674","targetHints":{"allow":["GET"]}}],"collection":[{"href":"https:\/\/www.noticiasradioreflejos.com.ar\/2021\/wp-json\/wp\/v2\/posts"}],"about":[{"href":"https:\/\/www.noticiasradioreflejos.com.ar\/2021\/wp-json\/wp\/v2\/types\/post"}],"author":[{"embeddable":true,"href":"https:\/\/www.noticiasradioreflejos.com.ar\/2021\/wp-json\/wp\/v2\/users\/3"}],"replies":[{"embeddable":true,"href":"https:\/\/www.noticiasradioreflejos.com.ar\/2021\/wp-json\/wp\/v2\/comments?post=56674"}],"version-history":[{"count":1,"href":"https:\/\/www.noticiasradioreflejos.com.ar\/2021\/wp-json\/wp\/v2\/posts\/56674\/revisions"}],"predecessor-version":[{"id":56675,"href":"https:\/\/www.noticiasradioreflejos.com.ar\/2021\/wp-json\/wp\/v2\/posts\/56674\/revisions\/56675"}],"wp:attachment":[{"href":"https:\/\/www.noticiasradioreflejos.com.ar\/2021\/wp-json\/wp\/v2\/media?parent=56674"}],"wp:term":[{"taxonomy":"category","embeddable":true,"href":"https:\/\/www.noticiasradioreflejos.com.ar\/2021\/wp-json\/wp\/v2\/categories?post=56674"},{"taxonomy":"post_tag","embeddable":true,"href":"https:\/\/www.noticiasradioreflejos.com.ar\/2021\/wp-json\/wp\/v2\/tags?post=56674"}],"curies":[{"name":"wp","href":"https:\/\/api.w.org\/{rel}","templated":true}]}}