{"id":56666,"date":"2021-05-12T16:07:34","date_gmt":"2021-05-12T16:07:34","guid":{"rendered":"http:\/\/www.noticiasradioreflejos.com.ar\/2021\/?p=56666"},"modified":"2021-05-12T16:07:34","modified_gmt":"2021-05-12T16:07:34","slug":"un-internado-critico-y-otro-en-rehabilitacion-se-espera-que-esta-tarde-llegue-desde-quilmes-la-segunda-planta-de-oxigeno-destinada-al-abastecimiento-de-todas-las-salas-del-distrito","status":"publish","type":"post","link":"https:\/\/www.noticiasradioreflejos.com.ar\/2021\/un-internado-critico-y-otro-en-rehabilitacion-se-espera-que-esta-tarde-llegue-desde-quilmes-la-segunda-planta-de-oxigeno-destinada-al-abastecimiento-de-todas-las-salas-del-distrito\/","title":{"rendered":"\u00abUn internado cr\u00edtico y otro en rehabilitaci\u00f3n, se espera que esta tarde llegue desde Quilmes la segunda planta de ox\u00edgeno destinada al abastecimiento de todas las salas del distrito."},"content":{"rendered":"<p>El Intendente Municipal, <strong>Sergio Bordoni,<\/strong> brind\u00f3 detalles a este medio sobre la situaci\u00f3n epidemiol\u00f3gica a nivel distrital, las inoculaciones con el componente B de la vacuna rusa Sputnik V, la ocupaci\u00f3n de las camas UTI, la continuidad de los testeos y el desarrollo de las obras programadas.<!--more--><\/p>\n<p>Al d\u00eda de la fecha el total de casos positivos dentro del distrito ronda los 93 casos, aunque se espera el informe actual que indicar\u00eda una baja num\u00e9rica ante las altas percibidas.<\/p>\n<p>Con 20 casos en la localidad de Tornquist, Villa Ventana mostr\u00f3 16 casos, tambi\u00e9n con total de 20, situando a Sierra de la Ventana con 48(Actualizado).<\/p>\n<p>Evidenciando una \u201csegunda ola m\u00e1s contagiosa\u201d, se espera que los rebrotes puedan seguir contenidos como sucedi\u00f3 en la localidad de Saldungaray, en donde se implementaron testeos r\u00e1pidos y adolescentes se comprometieron a cumplir un aislamiento de diez d\u00edas de manera preventiva. La misma acci\u00f3n se llevar\u00e1 a cabo en Sierra de la Ventana para cortar con la cadena de contagios.<\/p>\n<p>Al momento, el \u00e1rea UTI no se encuentra colapsado; con un internado cr\u00edtico y otro en rehabilitaci\u00f3n, se espera que esta tarde llegue desde Quilmes la segunda planta de ox\u00edgeno destinada al abastecimiento de todas las salas del distrito.<\/p>\n<p>En cuanto a los componentes B de la vacuna rusa Sputnik-V, las inoculaciones se comenzar\u00e1n a aplicar a partir de ma\u00f1ana jueves en el Centro de Jubilados. Respecto a esto, Bordoni expres\u00f3: \u201cLuego de la denuncia realizada por el vecino Domingo Bilbao, se destrabaron m\u00e1s de 200 dosis para aplicarlas. Regi\u00f3n Sanitaria no nos hab\u00eda habilitado las aplicaciones por cuestiones burocr\u00e1ticas, pero por suerte se resolvi\u00f3\u201d.<\/p>\n<p>Dentro del Hospital Municipal contin\u00faan los testeos y se ratific\u00f3 la continuidad de la Fase 3. Asimismo, se comenz\u00f3 el trabajo de las obras cloacales dentro de Tornquist y el asfalto en la Av. Ernesto Tornquist de Sierra de la Ventana, mientras que contin\u00faa la tramitaci\u00f3n de las dem\u00e1s obras asf\u00e1lticas.<\/p>\n<div class=\"text\">\n<p>En cuanto a las viviendas, \u201ca\u00fan no se sabe nada ya que la evaluaci\u00f3n de los posibles aspirantes para la precalificaci\u00f3n es llevada a cabo por el Banco de la Provincia de Buenos Aires\u201d, concluy\u00f3.<\/p>\n<\/div>\n<fieldset class=\"audio\"><audio preload=\"auto\" controls=\"controls\" data-mce-fragment=\"1\"><\/audio><\/fieldset>\n<div><img decoding=\"async\" src=\"https:\/\/www.noticiastornquist.com.ar\/imagen.php?imagen=\/bordoni-6.jpg\" \/><\/div>\n<div>\n<p>&nbsp;<\/p>\n<\/div>\n<p>&nbsp;<\/p>\n","protected":false},"excerpt":{"rendered":"<p>El Intendente Municipal, Sergio Bordoni, brind\u00f3 detalles a este medio sobre la situaci\u00f3n epidemiol\u00f3gica a nivel distrital, las inoculaciones con el componente B de la vacuna rusa Sputnik V, la ocupaci\u00f3n de las camas UTI, la continuidad de los testeos y el desarrollo de las obras programadas.<\/p>\n","protected":false},"author":3,"featured_media":0,"comment_status":"open","ping_status":"open","sticky":false,"template":"","format":"standard","meta":{"footnotes":""},"categories":[28],"tags":[48],"class_list":["post-56666","post","type-post","status-publish","format-standard","hentry","category-municipales","tag-destacada"],"yoast_head":"<!-- This site is optimized with the Yoast SEO plugin v25.9 - https:\/\/yoast.com\/wordpress\/plugins\/seo\/ -->\n<title>&quot;Un internado cr\u00edtico y otro en rehabilitaci\u00f3n, se espera que esta tarde llegue desde Quilmes la segunda planta de ox\u00edgeno destinada al abastecimiento de todas las salas del distrito. - Noticias Radio Reflejos<\/title>\n<meta name=\"robots\" content=\"index, follow, max-snippet:-1, max-image-preview:large, max-video-preview:-1\" \/>\n<link rel=\"canonical\" href=\"https:\/\/www.noticiasradioreflejos.com.ar\/2021\/un-internado-critico-y-otro-en-rehabilitacion-se-espera-que-esta-tarde-llegue-desde-quilmes-la-segunda-planta-de-oxigeno-destinada-al-abastecimiento-de-todas-las-salas-del-distrito\/\" \/>\n<meta property=\"og:locale\" content=\"es_ES\" \/>\n<meta property=\"og:type\" content=\"article\" \/>\n<meta property=\"og:title\" content=\"&quot;Un internado cr\u00edtico y otro en rehabilitaci\u00f3n, se espera que esta tarde llegue desde Quilmes la segunda planta de ox\u00edgeno destinada al abastecimiento de todas las salas del distrito. - Noticias Radio Reflejos\" \/>\n<meta property=\"og:description\" content=\"El Intendente Municipal, Sergio Bordoni, brind\u00f3 detalles a este medio sobre la situaci\u00f3n epidemiol\u00f3gica a nivel distrital, las inoculaciones con el componente B de la vacuna rusa Sputnik V, la ocupaci\u00f3n de las camas UTI, la continuidad de los testeos y el desarrollo de las obras programadas.\" \/>\n<meta property=\"og:url\" content=\"https:\/\/www.noticiasradioreflejos.com.ar\/2021\/un-internado-critico-y-otro-en-rehabilitacion-se-espera-que-esta-tarde-llegue-desde-quilmes-la-segunda-planta-de-oxigeno-destinada-al-abastecimiento-de-todas-las-salas-del-distrito\/\" \/>\n<meta property=\"og:site_name\" content=\"Noticias Radio Reflejos\" \/>\n<meta property=\"article:published_time\" content=\"2021-05-12T16:07:34+00:00\" \/>\n<meta property=\"og:image\" content=\"https:\/\/www.noticiastornquist.com.ar\/imagen.php?imagen=\/bordoni-6.jpg\" \/>\n<meta name=\"author\" content=\"Arnaldo Botto\" \/>\n<meta name=\"twitter:card\" content=\"summary_large_image\" \/>\n<script type=\"application\/ld+json\" class=\"yoast-schema-graph\">{\"@context\":\"https:\/\/schema.org\",\"@graph\":[{\"@type\":\"WebPage\",\"@id\":\"https:\/\/www.noticiasradioreflejos.com.ar\/2021\/un-internado-critico-y-otro-en-rehabilitacion-se-espera-que-esta-tarde-llegue-desde-quilmes-la-segunda-planta-de-oxigeno-destinada-al-abastecimiento-de-todas-las-salas-del-distrito\/\",\"url\":\"https:\/\/www.noticiasradioreflejos.com.ar\/2021\/un-internado-critico-y-otro-en-rehabilitacion-se-espera-que-esta-tarde-llegue-desde-quilmes-la-segunda-planta-de-oxigeno-destinada-al-abastecimiento-de-todas-las-salas-del-distrito\/\",\"name\":\"\\\"Un internado cr\u00edtico y otro en rehabilitaci\u00f3n, se espera que esta tarde llegue desde Quilmes la segunda planta de ox\u00edgeno destinada al abastecimiento de todas las salas del distrito. - Noticias Radio Reflejos\",\"isPartOf\":{\"@id\":\"https:\/\/www.noticiasradioreflejos.com.ar\/2021\/#website\"},\"primaryImageOfPage\":{\"@id\":\"https:\/\/www.noticiasradioreflejos.com.ar\/2021\/un-internado-critico-y-otro-en-rehabilitacion-se-espera-que-esta-tarde-llegue-desde-quilmes-la-segunda-planta-de-oxigeno-destinada-al-abastecimiento-de-todas-las-salas-del-distrito\/#primaryimage\"},\"image\":{\"@id\":\"https:\/\/www.noticiasradioreflejos.com.ar\/2021\/un-internado-critico-y-otro-en-rehabilitacion-se-espera-que-esta-tarde-llegue-desde-quilmes-la-segunda-planta-de-oxigeno-destinada-al-abastecimiento-de-todas-las-salas-del-distrito\/#primaryimage\"},\"thumbnailUrl\":\"https:\/\/www.noticiastornquist.com.ar\/imagen.php?imagen=\/bordoni-6.jpg\",\"datePublished\":\"2021-05-12T16:07:34+00:00\",\"author\":{\"@id\":\"https:\/\/www.noticiasradioreflejos.com.ar\/2021\/#\/schema\/person\/ad82545263dcc5ec0996818884fd5fb1\"},\"breadcrumb\":{\"@id\":\"https:\/\/www.noticiasradioreflejos.com.ar\/2021\/un-internado-critico-y-otro-en-rehabilitacion-se-espera-que-esta-tarde-llegue-desde-quilmes-la-segunda-planta-de-oxigeno-destinada-al-abastecimiento-de-todas-las-salas-del-distrito\/#breadcrumb\"},\"inLanguage\":\"es\",\"potentialAction\":[{\"@type\":\"ReadAction\",\"target\":[\"https:\/\/www.noticiasradioreflejos.com.ar\/2021\/un-internado-critico-y-otro-en-rehabilitacion-se-espera-que-esta-tarde-llegue-desde-quilmes-la-segunda-planta-de-oxigeno-destinada-al-abastecimiento-de-todas-las-salas-del-distrito\/\"]}]},{\"@type\":\"ImageObject\",\"inLanguage\":\"es\",\"@id\":\"https:\/\/www.noticiasradioreflejos.com.ar\/2021\/un-internado-critico-y-otro-en-rehabilitacion-se-espera-que-esta-tarde-llegue-desde-quilmes-la-segunda-planta-de-oxigeno-destinada-al-abastecimiento-de-todas-las-salas-del-distrito\/#primaryimage\",\"url\":\"https:\/\/www.noticiastornquist.com.ar\/imagen.php?imagen=\/bordoni-6.jpg\",\"contentUrl\":\"https:\/\/www.noticiastornquist.com.ar\/imagen.php?imagen=\/bordoni-6.jpg\"},{\"@type\":\"BreadcrumbList\",\"@id\":\"https:\/\/www.noticiasradioreflejos.com.ar\/2021\/un-internado-critico-y-otro-en-rehabilitacion-se-espera-que-esta-tarde-llegue-desde-quilmes-la-segunda-planta-de-oxigeno-destinada-al-abastecimiento-de-todas-las-salas-del-distrito\/#breadcrumb\",\"itemListElement\":[{\"@type\":\"ListItem\",\"position\":1,\"name\":\"Portada\",\"item\":\"https:\/\/www.noticiasradioreflejos.com.ar\/2021\/\"},{\"@type\":\"ListItem\",\"position\":2,\"name\":\"\u00abUn internado cr\u00edtico y otro en rehabilitaci\u00f3n, se espera que esta tarde llegue desde Quilmes la segunda planta de ox\u00edgeno destinada al abastecimiento de todas las salas del distrito.\"}]},{\"@type\":\"WebSite\",\"@id\":\"https:\/\/www.noticiasradioreflejos.com.ar\/2021\/#website\",\"url\":\"https:\/\/www.noticiasradioreflejos.com.ar\/2021\/\",\"name\":\"Noticias Radio Reflejos\",\"description\":\"Las noticias de mi comarca\",\"potentialAction\":[{\"@type\":\"SearchAction\",\"target\":{\"@type\":\"EntryPoint\",\"urlTemplate\":\"https:\/\/www.noticiasradioreflejos.com.ar\/2021\/?s={search_term_string}\"},\"query-input\":{\"@type\":\"PropertyValueSpecification\",\"valueRequired\":true,\"valueName\":\"search_term_string\"}}],\"inLanguage\":\"es\"},{\"@type\":\"Person\",\"@id\":\"https:\/\/www.noticiasradioreflejos.com.ar\/2021\/#\/schema\/person\/ad82545263dcc5ec0996818884fd5fb1\",\"name\":\"Arnaldo Botto\",\"image\":{\"@type\":\"ImageObject\",\"inLanguage\":\"es\",\"@id\":\"https:\/\/www.noticiasradioreflejos.com.ar\/2021\/#\/schema\/person\/image\/\",\"url\":\"https:\/\/secure.gravatar.com\/avatar\/55cb5e37c1efa326397366e6974cb338056df65cb50e7d64d1cf314e87504837?s=96&d=mm&r=g\",\"contentUrl\":\"https:\/\/secure.gravatar.com\/avatar\/55cb5e37c1efa326397366e6974cb338056df65cb50e7d64d1cf314e87504837?s=96&d=mm&r=g\",\"caption\":\"Arnaldo Botto\"},\"url\":\"https:\/\/www.noticiasradioreflejos.com.ar\/2021\/author\/arnaldo\/\"}]}<\/script>\n<!-- \/ Yoast SEO plugin. -->","yoast_head_json":{"title":"\"Un internado cr\u00edtico y otro en rehabilitaci\u00f3n, se espera que esta tarde llegue desde Quilmes la segunda planta de ox\u00edgeno destinada al abastecimiento de todas las salas del distrito. - Noticias Radio Reflejos","robots":{"index":"index","follow":"follow","max-snippet":"max-snippet:-1","max-image-preview":"max-image-preview:large","max-video-preview":"max-video-preview:-1"},"canonical":"https:\/\/www.noticiasradioreflejos.com.ar\/2021\/un-internado-critico-y-otro-en-rehabilitacion-se-espera-que-esta-tarde-llegue-desde-quilmes-la-segunda-planta-de-oxigeno-destinada-al-abastecimiento-de-todas-las-salas-del-distrito\/","og_locale":"es_ES","og_type":"article","og_title":"\"Un internado cr\u00edtico y otro en rehabilitaci\u00f3n, se espera que esta tarde llegue desde Quilmes la segunda planta de ox\u00edgeno destinada al abastecimiento de todas las salas del distrito. - Noticias Radio Reflejos","og_description":"El Intendente Municipal, Sergio Bordoni, brind\u00f3 detalles a este medio sobre la situaci\u00f3n epidemiol\u00f3gica a nivel distrital, las inoculaciones con el componente B de la vacuna rusa Sputnik V, la ocupaci\u00f3n de las camas UTI, la continuidad de los testeos y el desarrollo de las obras programadas.","og_url":"https:\/\/www.noticiasradioreflejos.com.ar\/2021\/un-internado-critico-y-otro-en-rehabilitacion-se-espera-que-esta-tarde-llegue-desde-quilmes-la-segunda-planta-de-oxigeno-destinada-al-abastecimiento-de-todas-las-salas-del-distrito\/","og_site_name":"Noticias Radio Reflejos","article_published_time":"2021-05-12T16:07:34+00:00","og_image":[{"url":"https:\/\/www.noticiastornquist.com.ar\/imagen.php?imagen=\/bordoni-6.jpg","type":"","width":"","height":""}],"author":"Arnaldo Botto","twitter_card":"summary_large_image","schema":{"@context":"https:\/\/schema.org","@graph":[{"@type":"WebPage","@id":"https:\/\/www.noticiasradioreflejos.com.ar\/2021\/un-internado-critico-y-otro-en-rehabilitacion-se-espera-que-esta-tarde-llegue-desde-quilmes-la-segunda-planta-de-oxigeno-destinada-al-abastecimiento-de-todas-las-salas-del-distrito\/","url":"https:\/\/www.noticiasradioreflejos.com.ar\/2021\/un-internado-critico-y-otro-en-rehabilitacion-se-espera-que-esta-tarde-llegue-desde-quilmes-la-segunda-planta-de-oxigeno-destinada-al-abastecimiento-de-todas-las-salas-del-distrito\/","name":"\"Un internado cr\u00edtico y otro en rehabilitaci\u00f3n, se espera que esta tarde llegue desde Quilmes la segunda planta de ox\u00edgeno destinada al abastecimiento de todas las salas del distrito. - Noticias Radio Reflejos","isPartOf":{"@id":"https:\/\/www.noticiasradioreflejos.com.ar\/2021\/#website"},"primaryImageOfPage":{"@id":"https:\/\/www.noticiasradioreflejos.com.ar\/2021\/un-internado-critico-y-otro-en-rehabilitacion-se-espera-que-esta-tarde-llegue-desde-quilmes-la-segunda-planta-de-oxigeno-destinada-al-abastecimiento-de-todas-las-salas-del-distrito\/#primaryimage"},"image":{"@id":"https:\/\/www.noticiasradioreflejos.com.ar\/2021\/un-internado-critico-y-otro-en-rehabilitacion-se-espera-que-esta-tarde-llegue-desde-quilmes-la-segunda-planta-de-oxigeno-destinada-al-abastecimiento-de-todas-las-salas-del-distrito\/#primaryimage"},"thumbnailUrl":"https:\/\/www.noticiastornquist.com.ar\/imagen.php?imagen=\/bordoni-6.jpg","datePublished":"2021-05-12T16:07:34+00:00","author":{"@id":"https:\/\/www.noticiasradioreflejos.com.ar\/2021\/#\/schema\/person\/ad82545263dcc5ec0996818884fd5fb1"},"breadcrumb":{"@id":"https:\/\/www.noticiasradioreflejos.com.ar\/2021\/un-internado-critico-y-otro-en-rehabilitacion-se-espera-que-esta-tarde-llegue-desde-quilmes-la-segunda-planta-de-oxigeno-destinada-al-abastecimiento-de-todas-las-salas-del-distrito\/#breadcrumb"},"inLanguage":"es","potentialAction":[{"@type":"ReadAction","target":["https:\/\/www.noticiasradioreflejos.com.ar\/2021\/un-internado-critico-y-otro-en-rehabilitacion-se-espera-que-esta-tarde-llegue-desde-quilmes-la-segunda-planta-de-oxigeno-destinada-al-abastecimiento-de-todas-las-salas-del-distrito\/"]}]},{"@type":"ImageObject","inLanguage":"es","@id":"https:\/\/www.noticiasradioreflejos.com.ar\/2021\/un-internado-critico-y-otro-en-rehabilitacion-se-espera-que-esta-tarde-llegue-desde-quilmes-la-segunda-planta-de-oxigeno-destinada-al-abastecimiento-de-todas-las-salas-del-distrito\/#primaryimage","url":"https:\/\/www.noticiastornquist.com.ar\/imagen.php?imagen=\/bordoni-6.jpg","contentUrl":"https:\/\/www.noticiastornquist.com.ar\/imagen.php?imagen=\/bordoni-6.jpg"},{"@type":"BreadcrumbList","@id":"https:\/\/www.noticiasradioreflejos.com.ar\/2021\/un-internado-critico-y-otro-en-rehabilitacion-se-espera-que-esta-tarde-llegue-desde-quilmes-la-segunda-planta-de-oxigeno-destinada-al-abastecimiento-de-todas-las-salas-del-distrito\/#breadcrumb","itemListElement":[{"@type":"ListItem","position":1,"name":"Portada","item":"https:\/\/www.noticiasradioreflejos.com.ar\/2021\/"},{"@type":"ListItem","position":2,"name":"\u00abUn internado cr\u00edtico y otro en rehabilitaci\u00f3n, se espera que esta tarde llegue desde Quilmes la segunda planta de ox\u00edgeno destinada al abastecimiento de todas las salas del distrito."}]},{"@type":"WebSite","@id":"https:\/\/www.noticiasradioreflejos.com.ar\/2021\/#website","url":"https:\/\/www.noticiasradioreflejos.com.ar\/2021\/","name":"Noticias Radio Reflejos","description":"Las noticias de mi comarca","potentialAction":[{"@type":"SearchAction","target":{"@type":"EntryPoint","urlTemplate":"https:\/\/www.noticiasradioreflejos.com.ar\/2021\/?s={search_term_string}"},"query-input":{"@type":"PropertyValueSpecification","valueRequired":true,"valueName":"search_term_string"}}],"inLanguage":"es"},{"@type":"Person","@id":"https:\/\/www.noticiasradioreflejos.com.ar\/2021\/#\/schema\/person\/ad82545263dcc5ec0996818884fd5fb1","name":"Arnaldo Botto","image":{"@type":"ImageObject","inLanguage":"es","@id":"https:\/\/www.noticiasradioreflejos.com.ar\/2021\/#\/schema\/person\/image\/","url":"https:\/\/secure.gravatar.com\/avatar\/55cb5e37c1efa326397366e6974cb338056df65cb50e7d64d1cf314e87504837?s=96&d=mm&r=g","contentUrl":"https:\/\/secure.gravatar.com\/avatar\/55cb5e37c1efa326397366e6974cb338056df65cb50e7d64d1cf314e87504837?s=96&d=mm&r=g","caption":"Arnaldo Botto"},"url":"https:\/\/www.noticiasradioreflejos.com.ar\/2021\/author\/arnaldo\/"}]}},"_links":{"self":[{"href":"https:\/\/www.noticiasradioreflejos.com.ar\/2021\/wp-json\/wp\/v2\/posts\/56666","targetHints":{"allow":["GET"]}}],"collection":[{"href":"https:\/\/www.noticiasradioreflejos.com.ar\/2021\/wp-json\/wp\/v2\/posts"}],"about":[{"href":"https:\/\/www.noticiasradioreflejos.com.ar\/2021\/wp-json\/wp\/v2\/types\/post"}],"author":[{"embeddable":true,"href":"https:\/\/www.noticiasradioreflejos.com.ar\/2021\/wp-json\/wp\/v2\/users\/3"}],"replies":[{"embeddable":true,"href":"https:\/\/www.noticiasradioreflejos.com.ar\/2021\/wp-json\/wp\/v2\/comments?post=56666"}],"version-history":[{"count":1,"href":"https:\/\/www.noticiasradioreflejos.com.ar\/2021\/wp-json\/wp\/v2\/posts\/56666\/revisions"}],"predecessor-version":[{"id":56669,"href":"https:\/\/www.noticiasradioreflejos.com.ar\/2021\/wp-json\/wp\/v2\/posts\/56666\/revisions\/56669"}],"wp:attachment":[{"href":"https:\/\/www.noticiasradioreflejos.com.ar\/2021\/wp-json\/wp\/v2\/media?parent=56666"}],"wp:term":[{"taxonomy":"category","embeddable":true,"href":"https:\/\/www.noticiasradioreflejos.com.ar\/2021\/wp-json\/wp\/v2\/categories?post=56666"},{"taxonomy":"post_tag","embeddable":true,"href":"https:\/\/www.noticiasradioreflejos.com.ar\/2021\/wp-json\/wp\/v2\/tags?post=56666"}],"curies":[{"name":"wp","href":"https:\/\/api.w.org\/{rel}","templated":true}]}}