{"id":56659,"date":"2021-05-12T11:38:28","date_gmt":"2021-05-12T11:38:28","guid":{"rendered":"http:\/\/www.noticiasradioreflejos.com.ar\/2021\/?p=56659"},"modified":"2021-05-12T11:38:28","modified_gmt":"2021-05-12T11:38:28","slug":"vida-dura-juan-cruz-chena-esta-naciendo-con-el-rap","status":"publish","type":"post","link":"https:\/\/www.noticiasradioreflejos.com.ar\/2021\/vida-dura-juan-cruz-chena-esta-naciendo-con-el-rap\/","title":{"rendered":"Vida Dura: Juan Cruz Chena esta naciendo con el rap"},"content":{"rendered":"<div class=\"hnoti\"><strong>Juan Cruz Chena, <\/strong>es un joven de nuestra ciudad que est\u00e1 incursionando en el mundo del rap. Tiene 17 a\u00f1os y expresa a trav\u00e9s de sus letras, las vivencias en una vida que para el ha sido dura.<\/div>\n<p><!--more--><\/p>\n<div class=\"text\">\n<p>Rescata que no hay que bajar los brazos pese a que la gente te tilde por lo que creen que sos, \u00a0aunque no sepan mirar su propio ombligo, porque ah\u00ed quiz\u00e1s est\u00e9n sus miserias que no pueden resolver en el presente.<\/p>\n<p>Prefiere el trabajo digno y no delinquir pese a todo la pelea desde su rinc\u00f3n de pibe humilde, por eso es bueno compartir lo que hace con defectos y virtudes pero con ganas.<\/p>\n<p><strong>Su letra en este adelanto que nos acerca<\/strong><\/p>\n<p>\u201cYo me levant\u00e9 y me sent\u00eda mal por todo lo que pasaba, sin ganas de continuar pensando abandonar est\u00e1 dura realidad, pero de repente hu\u00eda \u00a0no me ibas a soltar estoy contigo para darte m\u00ed abrigo y llevarme de tu alma todo ese vac\u00edo, no tengas miedo siempre estar\u00e9 a tu lado, no has perdido la guerra sigue batallando pase lo que pase nunca estar\u00e1s solo cuando venga tu gigante yo estar\u00e9 pa tu socorro, yo e visto cuando tu llorabas sin comprender, yo s\u00e9 que f\u00e1cil no fue pero no pierdas las fe \u00a0aunque la angustia quiera tomar tu coraz\u00f3n esa no es una opci\u00f3n\u201d.<\/p>\n<p>\u201cNo cometas ese error no s\u00e9 la circunstancia por la que estar\u00e1s pasando solo quiero que sepas que siempre estar\u00e9 a tu lado\u201d .<\/p>\n<p>\u201cAndo caminando la poli me est\u00e1 buscando porque dice que un pibe de barrio bajo va activando, demostrando \u00a0el talento de lo mejor, \u00a0me conocen como acido MC me lo dicen as\u00ed, siempre caminando nunca pensando en el rendir levantando la mano\u201d<\/p>\n<p>\u201cY siempre sonre\u00edr ,siempre atento con m\u00ed talento, yo soy un pibe muy inquieto \u00a0no cre\u00edan por m\u00ed aspecto mucha gente habla sin conocer mis sentimientos, por eso de a poco se los demuestro todo lo que tuve lo saqu\u00e9 de m\u00ed trabajo, no soy un pibe que anda afanando ni nada de eso malo, \u00a0porque la c\u00e1rcel es dura como me lo dec\u00edan por eso es mejor andar tranquilo y gan\u00e1ndose el mango y no mancharse como un mal ser humano por 500 o 800 pesos te lo estoy tirando\u201d(Juan C. Chena).<\/p>\n<p><iframe loading=\"lazy\" src=\"https:\/\/www.youtube.com\/embed\/fFF7wRz6ar4\" width=\"560\" height=\"314\" allowfullscreen=\"allowfullscreen\" data-mce-fragment=\"1\"><\/iframe><\/p>\n<\/div>\n<div><img decoding=\"async\" src=\"https:\/\/www.noticiastornquist.com.ar\/imagen.php?imagen=\/juan-cruz.jpg\" \/><\/div>\n","protected":false},"excerpt":{"rendered":"<p>Juan Cruz Chena, es un joven de nuestra ciudad que est\u00e1 incursionando en el mundo del rap. Tiene 17 a\u00f1os y expresa a trav\u00e9s de sus letras, las vivencias en una vida que para el ha sido dura.<\/p>\n","protected":false},"author":3,"featured_media":0,"comment_status":"open","ping_status":"open","sticky":false,"template":"","format":"standard","meta":{"footnotes":""},"categories":[35],"tags":[],"class_list":["post-56659","post","type-post","status-publish","format-standard","hentry","category-cultura"],"yoast_head":"<!-- This site is optimized with the Yoast SEO plugin v25.9 - https:\/\/yoast.com\/wordpress\/plugins\/seo\/ -->\n<title>Vida Dura: Juan Cruz Chena esta naciendo con el rap - Noticias Radio Reflejos<\/title>\n<meta name=\"robots\" content=\"index, follow, max-snippet:-1, max-image-preview:large, max-video-preview:-1\" \/>\n<link rel=\"canonical\" href=\"https:\/\/www.noticiasradioreflejos.com.ar\/2021\/vida-dura-juan-cruz-chena-esta-naciendo-con-el-rap\/\" \/>\n<meta property=\"og:locale\" content=\"es_ES\" \/>\n<meta property=\"og:type\" content=\"article\" \/>\n<meta property=\"og:title\" content=\"Vida Dura: Juan Cruz Chena esta naciendo con el rap - Noticias Radio Reflejos\" \/>\n<meta property=\"og:description\" content=\"Juan Cruz Chena, es un joven de nuestra ciudad que est\u00e1 incursionando en el mundo del rap. Tiene 17 a\u00f1os y expresa a trav\u00e9s de sus letras, las vivencias en una vida que para el ha sido dura.\" \/>\n<meta property=\"og:url\" content=\"https:\/\/www.noticiasradioreflejos.com.ar\/2021\/vida-dura-juan-cruz-chena-esta-naciendo-con-el-rap\/\" \/>\n<meta property=\"og:site_name\" content=\"Noticias Radio Reflejos\" \/>\n<meta property=\"article:published_time\" content=\"2021-05-12T11:38:28+00:00\" \/>\n<meta property=\"og:image\" content=\"https:\/\/www.noticiastornquist.com.ar\/imagen.php?imagen=\/juan-cruz.jpg\" \/>\n<meta name=\"author\" content=\"Arnaldo Botto\" \/>\n<meta name=\"twitter:card\" content=\"summary_large_image\" \/>\n<script type=\"application\/ld+json\" class=\"yoast-schema-graph\">{\"@context\":\"https:\/\/schema.org\",\"@graph\":[{\"@type\":\"WebPage\",\"@id\":\"https:\/\/www.noticiasradioreflejos.com.ar\/2021\/vida-dura-juan-cruz-chena-esta-naciendo-con-el-rap\/\",\"url\":\"https:\/\/www.noticiasradioreflejos.com.ar\/2021\/vida-dura-juan-cruz-chena-esta-naciendo-con-el-rap\/\",\"name\":\"Vida Dura: Juan Cruz Chena esta naciendo con el rap - Noticias Radio Reflejos\",\"isPartOf\":{\"@id\":\"https:\/\/www.noticiasradioreflejos.com.ar\/2021\/#website\"},\"primaryImageOfPage\":{\"@id\":\"https:\/\/www.noticiasradioreflejos.com.ar\/2021\/vida-dura-juan-cruz-chena-esta-naciendo-con-el-rap\/#primaryimage\"},\"image\":{\"@id\":\"https:\/\/www.noticiasradioreflejos.com.ar\/2021\/vida-dura-juan-cruz-chena-esta-naciendo-con-el-rap\/#primaryimage\"},\"thumbnailUrl\":\"https:\/\/www.noticiastornquist.com.ar\/imagen.php?imagen=\/juan-cruz.jpg\",\"datePublished\":\"2021-05-12T11:38:28+00:00\",\"author\":{\"@id\":\"https:\/\/www.noticiasradioreflejos.com.ar\/2021\/#\/schema\/person\/ad82545263dcc5ec0996818884fd5fb1\"},\"breadcrumb\":{\"@id\":\"https:\/\/www.noticiasradioreflejos.com.ar\/2021\/vida-dura-juan-cruz-chena-esta-naciendo-con-el-rap\/#breadcrumb\"},\"inLanguage\":\"es\",\"potentialAction\":[{\"@type\":\"ReadAction\",\"target\":[\"https:\/\/www.noticiasradioreflejos.com.ar\/2021\/vida-dura-juan-cruz-chena-esta-naciendo-con-el-rap\/\"]}]},{\"@type\":\"ImageObject\",\"inLanguage\":\"es\",\"@id\":\"https:\/\/www.noticiasradioreflejos.com.ar\/2021\/vida-dura-juan-cruz-chena-esta-naciendo-con-el-rap\/#primaryimage\",\"url\":\"https:\/\/www.noticiastornquist.com.ar\/imagen.php?imagen=\/juan-cruz.jpg\",\"contentUrl\":\"https:\/\/www.noticiastornquist.com.ar\/imagen.php?imagen=\/juan-cruz.jpg\"},{\"@type\":\"BreadcrumbList\",\"@id\":\"https:\/\/www.noticiasradioreflejos.com.ar\/2021\/vida-dura-juan-cruz-chena-esta-naciendo-con-el-rap\/#breadcrumb\",\"itemListElement\":[{\"@type\":\"ListItem\",\"position\":1,\"name\":\"Portada\",\"item\":\"https:\/\/www.noticiasradioreflejos.com.ar\/2021\/\"},{\"@type\":\"ListItem\",\"position\":2,\"name\":\"Vida Dura: Juan Cruz Chena esta naciendo con el rap\"}]},{\"@type\":\"WebSite\",\"@id\":\"https:\/\/www.noticiasradioreflejos.com.ar\/2021\/#website\",\"url\":\"https:\/\/www.noticiasradioreflejos.com.ar\/2021\/\",\"name\":\"Noticias Radio Reflejos\",\"description\":\"Las noticias de mi comarca\",\"potentialAction\":[{\"@type\":\"SearchAction\",\"target\":{\"@type\":\"EntryPoint\",\"urlTemplate\":\"https:\/\/www.noticiasradioreflejos.com.ar\/2021\/?s={search_term_string}\"},\"query-input\":{\"@type\":\"PropertyValueSpecification\",\"valueRequired\":true,\"valueName\":\"search_term_string\"}}],\"inLanguage\":\"es\"},{\"@type\":\"Person\",\"@id\":\"https:\/\/www.noticiasradioreflejos.com.ar\/2021\/#\/schema\/person\/ad82545263dcc5ec0996818884fd5fb1\",\"name\":\"Arnaldo Botto\",\"image\":{\"@type\":\"ImageObject\",\"inLanguage\":\"es\",\"@id\":\"https:\/\/www.noticiasradioreflejos.com.ar\/2021\/#\/schema\/person\/image\/\",\"url\":\"https:\/\/secure.gravatar.com\/avatar\/55cb5e37c1efa326397366e6974cb338056df65cb50e7d64d1cf314e87504837?s=96&d=mm&r=g\",\"contentUrl\":\"https:\/\/secure.gravatar.com\/avatar\/55cb5e37c1efa326397366e6974cb338056df65cb50e7d64d1cf314e87504837?s=96&d=mm&r=g\",\"caption\":\"Arnaldo Botto\"},\"url\":\"https:\/\/www.noticiasradioreflejos.com.ar\/2021\/author\/arnaldo\/\"}]}<\/script>\n<!-- \/ Yoast SEO plugin. -->","yoast_head_json":{"title":"Vida Dura: Juan Cruz Chena esta naciendo con el rap - Noticias Radio Reflejos","robots":{"index":"index","follow":"follow","max-snippet":"max-snippet:-1","max-image-preview":"max-image-preview:large","max-video-preview":"max-video-preview:-1"},"canonical":"https:\/\/www.noticiasradioreflejos.com.ar\/2021\/vida-dura-juan-cruz-chena-esta-naciendo-con-el-rap\/","og_locale":"es_ES","og_type":"article","og_title":"Vida Dura: Juan Cruz Chena esta naciendo con el rap - Noticias Radio Reflejos","og_description":"Juan Cruz Chena, es un joven de nuestra ciudad que est\u00e1 incursionando en el mundo del rap. Tiene 17 a\u00f1os y expresa a trav\u00e9s de sus letras, las vivencias en una vida que para el ha sido dura.","og_url":"https:\/\/www.noticiasradioreflejos.com.ar\/2021\/vida-dura-juan-cruz-chena-esta-naciendo-con-el-rap\/","og_site_name":"Noticias Radio Reflejos","article_published_time":"2021-05-12T11:38:28+00:00","og_image":[{"url":"https:\/\/www.noticiastornquist.com.ar\/imagen.php?imagen=\/juan-cruz.jpg","type":"","width":"","height":""}],"author":"Arnaldo Botto","twitter_card":"summary_large_image","schema":{"@context":"https:\/\/schema.org","@graph":[{"@type":"WebPage","@id":"https:\/\/www.noticiasradioreflejos.com.ar\/2021\/vida-dura-juan-cruz-chena-esta-naciendo-con-el-rap\/","url":"https:\/\/www.noticiasradioreflejos.com.ar\/2021\/vida-dura-juan-cruz-chena-esta-naciendo-con-el-rap\/","name":"Vida Dura: Juan Cruz Chena esta naciendo con el rap - Noticias Radio Reflejos","isPartOf":{"@id":"https:\/\/www.noticiasradioreflejos.com.ar\/2021\/#website"},"primaryImageOfPage":{"@id":"https:\/\/www.noticiasradioreflejos.com.ar\/2021\/vida-dura-juan-cruz-chena-esta-naciendo-con-el-rap\/#primaryimage"},"image":{"@id":"https:\/\/www.noticiasradioreflejos.com.ar\/2021\/vida-dura-juan-cruz-chena-esta-naciendo-con-el-rap\/#primaryimage"},"thumbnailUrl":"https:\/\/www.noticiastornquist.com.ar\/imagen.php?imagen=\/juan-cruz.jpg","datePublished":"2021-05-12T11:38:28+00:00","author":{"@id":"https:\/\/www.noticiasradioreflejos.com.ar\/2021\/#\/schema\/person\/ad82545263dcc5ec0996818884fd5fb1"},"breadcrumb":{"@id":"https:\/\/www.noticiasradioreflejos.com.ar\/2021\/vida-dura-juan-cruz-chena-esta-naciendo-con-el-rap\/#breadcrumb"},"inLanguage":"es","potentialAction":[{"@type":"ReadAction","target":["https:\/\/www.noticiasradioreflejos.com.ar\/2021\/vida-dura-juan-cruz-chena-esta-naciendo-con-el-rap\/"]}]},{"@type":"ImageObject","inLanguage":"es","@id":"https:\/\/www.noticiasradioreflejos.com.ar\/2021\/vida-dura-juan-cruz-chena-esta-naciendo-con-el-rap\/#primaryimage","url":"https:\/\/www.noticiastornquist.com.ar\/imagen.php?imagen=\/juan-cruz.jpg","contentUrl":"https:\/\/www.noticiastornquist.com.ar\/imagen.php?imagen=\/juan-cruz.jpg"},{"@type":"BreadcrumbList","@id":"https:\/\/www.noticiasradioreflejos.com.ar\/2021\/vida-dura-juan-cruz-chena-esta-naciendo-con-el-rap\/#breadcrumb","itemListElement":[{"@type":"ListItem","position":1,"name":"Portada","item":"https:\/\/www.noticiasradioreflejos.com.ar\/2021\/"},{"@type":"ListItem","position":2,"name":"Vida Dura: Juan Cruz Chena esta naciendo con el rap"}]},{"@type":"WebSite","@id":"https:\/\/www.noticiasradioreflejos.com.ar\/2021\/#website","url":"https:\/\/www.noticiasradioreflejos.com.ar\/2021\/","name":"Noticias Radio Reflejos","description":"Las noticias de mi comarca","potentialAction":[{"@type":"SearchAction","target":{"@type":"EntryPoint","urlTemplate":"https:\/\/www.noticiasradioreflejos.com.ar\/2021\/?s={search_term_string}"},"query-input":{"@type":"PropertyValueSpecification","valueRequired":true,"valueName":"search_term_string"}}],"inLanguage":"es"},{"@type":"Person","@id":"https:\/\/www.noticiasradioreflejos.com.ar\/2021\/#\/schema\/person\/ad82545263dcc5ec0996818884fd5fb1","name":"Arnaldo Botto","image":{"@type":"ImageObject","inLanguage":"es","@id":"https:\/\/www.noticiasradioreflejos.com.ar\/2021\/#\/schema\/person\/image\/","url":"https:\/\/secure.gravatar.com\/avatar\/55cb5e37c1efa326397366e6974cb338056df65cb50e7d64d1cf314e87504837?s=96&d=mm&r=g","contentUrl":"https:\/\/secure.gravatar.com\/avatar\/55cb5e37c1efa326397366e6974cb338056df65cb50e7d64d1cf314e87504837?s=96&d=mm&r=g","caption":"Arnaldo Botto"},"url":"https:\/\/www.noticiasradioreflejos.com.ar\/2021\/author\/arnaldo\/"}]}},"_links":{"self":[{"href":"https:\/\/www.noticiasradioreflejos.com.ar\/2021\/wp-json\/wp\/v2\/posts\/56659","targetHints":{"allow":["GET"]}}],"collection":[{"href":"https:\/\/www.noticiasradioreflejos.com.ar\/2021\/wp-json\/wp\/v2\/posts"}],"about":[{"href":"https:\/\/www.noticiasradioreflejos.com.ar\/2021\/wp-json\/wp\/v2\/types\/post"}],"author":[{"embeddable":true,"href":"https:\/\/www.noticiasradioreflejos.com.ar\/2021\/wp-json\/wp\/v2\/users\/3"}],"replies":[{"embeddable":true,"href":"https:\/\/www.noticiasradioreflejos.com.ar\/2021\/wp-json\/wp\/v2\/comments?post=56659"}],"version-history":[{"count":1,"href":"https:\/\/www.noticiasradioreflejos.com.ar\/2021\/wp-json\/wp\/v2\/posts\/56659\/revisions"}],"predecessor-version":[{"id":56661,"href":"https:\/\/www.noticiasradioreflejos.com.ar\/2021\/wp-json\/wp\/v2\/posts\/56659\/revisions\/56661"}],"wp:attachment":[{"href":"https:\/\/www.noticiasradioreflejos.com.ar\/2021\/wp-json\/wp\/v2\/media?parent=56659"}],"wp:term":[{"taxonomy":"category","embeddable":true,"href":"https:\/\/www.noticiasradioreflejos.com.ar\/2021\/wp-json\/wp\/v2\/categories?post=56659"},{"taxonomy":"post_tag","embeddable":true,"href":"https:\/\/www.noticiasradioreflejos.com.ar\/2021\/wp-json\/wp\/v2\/tags?post=56659"}],"curies":[{"name":"wp","href":"https:\/\/api.w.org\/{rel}","templated":true}]}}