{"id":56655,"date":"2021-05-12T11:25:43","date_gmt":"2021-05-12T11:25:43","guid":{"rendered":"http:\/\/www.noticiasradioreflejos.com.ar\/2021\/?p=56655"},"modified":"2021-05-12T11:26:54","modified_gmt":"2021-05-12T11:26:54","slug":"villa-ventana-nuevas-autoridades-costosas-inversiones-en-refaccionar-su-sede-social-y-muchos-proyectos-en-la-asociacion-de-fomento","status":"publish","type":"post","link":"https:\/\/www.noticiasradioreflejos.com.ar\/2021\/villa-ventana-nuevas-autoridades-costosas-inversiones-en-refaccionar-su-sede-social-y-muchos-proyectos-en-la-asociacion-de-fomento\/","title":{"rendered":"Villa Ventana: Nuevas autoridades, costosas inversiones en refaccionar su sede social y muchos proyectos en la Asociaci\u00f3n de Fomento"},"content":{"rendered":"<p>Luego de la Asamblea realizada en Abril, donde se aprobaron dos ejercicios, esta ma\u00f1ana conversamos con <strong>Mar\u00eda Cristina Cal\u00f3nico<\/strong>, presidente de la Asociaci\u00f3n de Fomento, Cultura y Deportes de Villa Ventana<!--more--><img alt=\"\" \/><\/p>\n<p>\u00abEs una tarea ardua, pero hay vocaci\u00f3n de servicio, hay ganas y eso por suerte est\u00e1 intacto a\u00fan\u00bb fue lo que mencion\u00f3 Mar\u00eda Cristina al comenzar la nota para describir c\u00f3mo se siente en su puesto de trabajo. \u00abEn la comisi\u00f3n se encuentra mucha gente nueva con mucho empuje\u00bb continu\u00f3.<\/p>\n<p>As\u00ec qued\u00f2 constituida la nueva comisi\u00f2n directiva luego de la Asamblea de Abril:<\/p>\n<p>Presidente: Cristina Cal\u00f3nico<br \/>\nVicepresidente: Pablo Balario<br \/>\nSecretario: Mercedes Willich<br \/>\nPro-secretario: Natacha Rahn<br \/>\nTesorero: Nora Ornella<br \/>\nPro-tesorero: Norma Oxar\u00e1n<br \/>\nVocal Titular 1: N\u00e9stor Santiago<br \/>\nVocal Titular 2: Nicol\u00e1s Hipperdinger<br \/>\nVocal Titular 3: Carmen Torres<br \/>\nVocal Suplente 1: Julio Fermani<br \/>\nVocal Suplente 2: Ricardo Garc\u00eda<br \/>\nVocal Suplente 3: H\u00e9ctor Gallardo<br \/>\nRevisor de Cuentas Tit. 1: Gabriela Garc\u00eda<br \/>\nRevisor de Cuentas Tit. 2: Ariel Mazzeo<br \/>\nRevisor de Cuentas Supl.: Yamila Ram\u00edrez<\/p>\n<p><a title=\"Fomento Villa (2)\" href=\"https:\/\/www.flickr.com\/photos\/182279889@N02\/51173344722\/in\/dateposted-public\/\" data-flickr-embed=\"true\" data-footer=\"true\"><img loading=\"lazy\" decoding=\"async\" src=\"https:\/\/live.staticflickr.com\/65535\/51173344722_a402110702_c.jpg\" alt=\"Fomento Villa (2)\" width=\"800\" height=\"450\" \/><\/a><script async src=\"\/\/embedr.flickr.com\/assets\/client-code.js\" charset=\"utf-8\"><\/script><\/p>\n<p>La presidenta confirma que realizaron la aprobaci\u00f3n de dos balances en la Asociaci\u00f3n de Fomento. \u00abLamentablemente por toda esta cuesti\u00f3n de la pandemia se tuvo que esperar. 3 veces tuvimos asamblea fallida y la tercera fue la vencida. Se pudo hacer dentro del marco de todos los requerimientos de tema covid. Todo bien, todos felices, con muchos proyectos que son de la gesti\u00f3n anterior\u00bb desarroll\u00f3 Maria Cristina.<\/p>\n<p>\u00abHab\u00eda algunos problemas estructurales, del techo por ejemplo\u00bb introdujo la presidenta uno de los proyectos que qued\u00f3 pendiente del a\u00f1o pasado. \u00abRecibimos un subsidio de Naci\u00f3n. Para el 26 de mayo ya tenemos el inicio de la obra y va a tardar unos 15 d\u00edas. Gracias a Dios el material ya estaba comprado\u00bb explic\u00f3. Tambi\u00e9n durante la nota coment\u00f3 otras de las remodelaciones de las instalaciones de la Fomento que est\u00e1n pensadas a futuro.<\/p>\n<p><a title=\"Fomento Villa (1)\" href=\"https:\/\/www.flickr.com\/photos\/182279889@N02\/51173344742\/in\/dateposted-public\/\" data-flickr-embed=\"true\" data-footer=\"true\"><img loading=\"lazy\" decoding=\"async\" src=\"https:\/\/live.staticflickr.com\/65535\/51173344742_25850745ba_c.jpg\" alt=\"Fomento Villa (1)\" width=\"800\" height=\"450\" \/><\/a><script async src=\"\/\/embedr.flickr.com\/assets\/client-code.js\" charset=\"utf-8\"><\/script><\/p>\n<p>\u00abSe hab\u00eda comenzado con la instalaci\u00f3n de ca\u00f1er\u00edas de gas\u00bb tambi\u00e9n coment\u00f3. \u00abEstamos en tratativas con eso, que ser\u00edan dos obras muy importantes para nosotros\u00bb mencion\u00f3 a las obras prioritarias de este a\u00f1o.<\/p>\n<p>Adem\u00e1s, cont\u00f3 que la idea desde la Fomento es tener una presencia mucho m\u00e1s activa en las redes sociales, para que la gente pueda tener m\u00e1s contacto con la Asociaci\u00f3n y estar al tanto de las cosas que van haciendo.<\/p>\n<p>Facebook: Fomento Villa Ventana<br \/>\nInstagram: Fomento Villa Ventana<br \/>\nMail:\u00a0<a href=\"mailto:villaventana.fomento@hotmail.com\" target=\"_blank\" rel=\"noopener\">villaventana.fomento@hotmail.<wbr \/>com<\/a><\/p>\n<p>\u00abEs nuestro deseo que la gente nos haga llegar sus inquietudes, proyectos o reclamos y acompa\u00f1arlos en ellas. Fomento nos pertenece a todos\u00bb.<\/p>\n<p>Maria Cristina record\u00f3 los talleres que est\u00e1n funcionando en la Fomento. \u00abTenemos talleres de teatro (infantil y para adultos), magia (infantil y adultos). Los pap\u00e1s est\u00e1n chochos!\u00bb expres\u00f3. Tambi\u00e9n mencion\u00f3 al curso de poda y a las clases de ingl\u00e9s y alem\u00e1n. Aclar\u00f3 que la escuelita de futbol infantil y el taller de gimnasia para tercera edad ya est\u00e1n aprobados pero todav\u00eda no han bajado desde Provincia el &#8216;ok&#8217; para ponerlos en funcionamiento.<\/p>\n<p>Para finalizar, Maria Cristina coment\u00f3 que una de las ideas que se tiene desde la Asociaci\u00f3n es empezar a dar talleres que tengan salida laboral, ya que esta pandemia dejar\u00e1 una huella econ\u00f3mica importante en todas las familias. \u00abLa idea es que cada persona pueda ayudar en la econom\u00eda familiar con lo que le gusta hacer\u00bb.<\/p>\n<p>Nota completa a continuaci\u00f3n:<\/p>\n<p><iframe loading=\"lazy\" src=\"https:\/\/w.soundcloud.com\/player\/?url=https%3A\/\/api.soundcloud.com\/tracks\/1046888398&amp;color=%23ff5500&amp;auto_play=false&amp;hide_related=false&amp;show_comments=true&amp;show_user=true&amp;show_reposts=false&amp;show_teaser=true\" width=\"100%\" height=\"166\" frameborder=\"no\" scrolling=\"no\"><\/iframe><\/p>\n<div style=\"font-size: 10px; color: #cccccc; line-break: anywhere; word-break: normal; overflow: hidden; white-space: nowrap; text-overflow: ellipsis; font-family: Interstate,Lucida Grande,Lucida Sans Unicode,Lucida Sans,Garuda,Verdana,Tahoma,sans-serif; font-weight: 100;\"><a style=\"color: #cccccc; text-decoration: none;\" title=\"fmreflejos 103.7\" href=\"https:\/\/soundcloud.com\/fmreflejos-103-7\" target=\"_blank\" rel=\"noopener\">fmreflejos 103.7<\/a> \u00b7 <a style=\"color: #cccccc; text-decoration: none;\" title=\"Nota Maria Cristina Calonico\" href=\"https:\/\/soundcloud.com\/fmreflejos-103-7\/nota-maria-cristina-calonico\" target=\"_blank\" rel=\"noopener\">Nota Maria Cristina Calonico<\/a><\/div>\n","protected":false},"excerpt":{"rendered":"<p>Luego de la Asamblea realizada en Abril, donde se aprobaron dos ejercicios, esta ma\u00f1ana conversamos con Mar\u00eda Cristina Cal\u00f3nico, presidente de la Asociaci\u00f3n de Fomento, Cultura y Deportes de Villa Ventana<\/p>\n","protected":false},"author":3,"featured_media":56656,"comment_status":"open","ping_status":"open","sticky":false,"template":"","format":"standard","meta":{"footnotes":""},"categories":[1],"tags":[48],"class_list":["post-56655","post","type-post","status-publish","format-standard","has-post-thumbnail","hentry","category-sin-categoria","tag-destacada"],"yoast_head":"<!-- This site is optimized with the Yoast SEO plugin v25.9 - https:\/\/yoast.com\/wordpress\/plugins\/seo\/ -->\n<title>Villa Ventana: Nuevas autoridades, costosas inversiones en refaccionar su sede social y muchos proyectos en la Asociaci\u00f3n de Fomento - Noticias Radio Reflejos<\/title>\n<meta name=\"robots\" content=\"index, follow, max-snippet:-1, max-image-preview:large, max-video-preview:-1\" \/>\n<link rel=\"canonical\" href=\"https:\/\/www.noticiasradioreflejos.com.ar\/2021\/villa-ventana-nuevas-autoridades-costosas-inversiones-en-refaccionar-su-sede-social-y-muchos-proyectos-en-la-asociacion-de-fomento\/\" \/>\n<meta property=\"og:locale\" content=\"es_ES\" \/>\n<meta property=\"og:type\" content=\"article\" \/>\n<meta property=\"og:title\" content=\"Villa Ventana: Nuevas autoridades, costosas inversiones en refaccionar su sede social y muchos proyectos en la Asociaci\u00f3n de Fomento - Noticias Radio Reflejos\" \/>\n<meta property=\"og:description\" content=\"Luego de la Asamblea realizada en Abril, donde se aprobaron dos ejercicios, esta ma\u00f1ana conversamos con Mar\u00eda Cristina Cal\u00f3nico, presidente de la Asociaci\u00f3n de Fomento, Cultura y Deportes de Villa Ventana\" \/>\n<meta property=\"og:url\" content=\"https:\/\/www.noticiasradioreflejos.com.ar\/2021\/villa-ventana-nuevas-autoridades-costosas-inversiones-en-refaccionar-su-sede-social-y-muchos-proyectos-en-la-asociacion-de-fomento\/\" \/>\n<meta property=\"og:site_name\" content=\"Noticias Radio Reflejos\" \/>\n<meta property=\"article:published_time\" content=\"2021-05-12T11:25:43+00:00\" \/>\n<meta property=\"article:modified_time\" content=\"2021-05-12T11:26:54+00:00\" \/>\n<meta property=\"og:image\" content=\"https:\/\/www.noticiasradioreflejos.com.ar\/2021\/wp-content\/uploads\/2021\/05\/Fomento-Villa-1.jpeg\" \/>\n\t<meta property=\"og:image:width\" content=\"777\" \/>\n\t<meta property=\"og:image:height\" content=\"437\" \/>\n\t<meta property=\"og:image:type\" content=\"image\/jpeg\" \/>\n<meta name=\"author\" content=\"Arnaldo Botto\" \/>\n<meta name=\"twitter:card\" content=\"summary_large_image\" \/>\n<script type=\"application\/ld+json\" class=\"yoast-schema-graph\">{\"@context\":\"https:\/\/schema.org\",\"@graph\":[{\"@type\":\"WebPage\",\"@id\":\"https:\/\/www.noticiasradioreflejos.com.ar\/2021\/villa-ventana-nuevas-autoridades-costosas-inversiones-en-refaccionar-su-sede-social-y-muchos-proyectos-en-la-asociacion-de-fomento\/\",\"url\":\"https:\/\/www.noticiasradioreflejos.com.ar\/2021\/villa-ventana-nuevas-autoridades-costosas-inversiones-en-refaccionar-su-sede-social-y-muchos-proyectos-en-la-asociacion-de-fomento\/\",\"name\":\"Villa Ventana: Nuevas autoridades, costosas inversiones en refaccionar su sede social y muchos proyectos en la Asociaci\u00f3n de Fomento - Noticias Radio Reflejos\",\"isPartOf\":{\"@id\":\"https:\/\/www.noticiasradioreflejos.com.ar\/2021\/#website\"},\"primaryImageOfPage\":{\"@id\":\"https:\/\/www.noticiasradioreflejos.com.ar\/2021\/villa-ventana-nuevas-autoridades-costosas-inversiones-en-refaccionar-su-sede-social-y-muchos-proyectos-en-la-asociacion-de-fomento\/#primaryimage\"},\"image\":{\"@id\":\"https:\/\/www.noticiasradioreflejos.com.ar\/2021\/villa-ventana-nuevas-autoridades-costosas-inversiones-en-refaccionar-su-sede-social-y-muchos-proyectos-en-la-asociacion-de-fomento\/#primaryimage\"},\"thumbnailUrl\":\"https:\/\/www.noticiasradioreflejos.com.ar\/2021\/wp-content\/uploads\/2021\/05\/Fomento-Villa-1.jpeg\",\"datePublished\":\"2021-05-12T11:25:43+00:00\",\"dateModified\":\"2021-05-12T11:26:54+00:00\",\"author\":{\"@id\":\"https:\/\/www.noticiasradioreflejos.com.ar\/2021\/#\/schema\/person\/ad82545263dcc5ec0996818884fd5fb1\"},\"breadcrumb\":{\"@id\":\"https:\/\/www.noticiasradioreflejos.com.ar\/2021\/villa-ventana-nuevas-autoridades-costosas-inversiones-en-refaccionar-su-sede-social-y-muchos-proyectos-en-la-asociacion-de-fomento\/#breadcrumb\"},\"inLanguage\":\"es\",\"potentialAction\":[{\"@type\":\"ReadAction\",\"target\":[\"https:\/\/www.noticiasradioreflejos.com.ar\/2021\/villa-ventana-nuevas-autoridades-costosas-inversiones-en-refaccionar-su-sede-social-y-muchos-proyectos-en-la-asociacion-de-fomento\/\"]}]},{\"@type\":\"ImageObject\",\"inLanguage\":\"es\",\"@id\":\"https:\/\/www.noticiasradioreflejos.com.ar\/2021\/villa-ventana-nuevas-autoridades-costosas-inversiones-en-refaccionar-su-sede-social-y-muchos-proyectos-en-la-asociacion-de-fomento\/#primaryimage\",\"url\":\"https:\/\/www.noticiasradioreflejos.com.ar\/2021\/wp-content\/uploads\/2021\/05\/Fomento-Villa-1.jpeg\",\"contentUrl\":\"https:\/\/www.noticiasradioreflejos.com.ar\/2021\/wp-content\/uploads\/2021\/05\/Fomento-Villa-1.jpeg\",\"width\":777,\"height\":437},{\"@type\":\"BreadcrumbList\",\"@id\":\"https:\/\/www.noticiasradioreflejos.com.ar\/2021\/villa-ventana-nuevas-autoridades-costosas-inversiones-en-refaccionar-su-sede-social-y-muchos-proyectos-en-la-asociacion-de-fomento\/#breadcrumb\",\"itemListElement\":[{\"@type\":\"ListItem\",\"position\":1,\"name\":\"Portada\",\"item\":\"https:\/\/www.noticiasradioreflejos.com.ar\/2021\/\"},{\"@type\":\"ListItem\",\"position\":2,\"name\":\"Villa Ventana: Nuevas autoridades, costosas inversiones en refaccionar su sede social y muchos proyectos en la Asociaci\u00f3n de Fomento\"}]},{\"@type\":\"WebSite\",\"@id\":\"https:\/\/www.noticiasradioreflejos.com.ar\/2021\/#website\",\"url\":\"https:\/\/www.noticiasradioreflejos.com.ar\/2021\/\",\"name\":\"Noticias Radio Reflejos\",\"description\":\"Las noticias de mi comarca\",\"potentialAction\":[{\"@type\":\"SearchAction\",\"target\":{\"@type\":\"EntryPoint\",\"urlTemplate\":\"https:\/\/www.noticiasradioreflejos.com.ar\/2021\/?s={search_term_string}\"},\"query-input\":{\"@type\":\"PropertyValueSpecification\",\"valueRequired\":true,\"valueName\":\"search_term_string\"}}],\"inLanguage\":\"es\"},{\"@type\":\"Person\",\"@id\":\"https:\/\/www.noticiasradioreflejos.com.ar\/2021\/#\/schema\/person\/ad82545263dcc5ec0996818884fd5fb1\",\"name\":\"Arnaldo Botto\",\"image\":{\"@type\":\"ImageObject\",\"inLanguage\":\"es\",\"@id\":\"https:\/\/www.noticiasradioreflejos.com.ar\/2021\/#\/schema\/person\/image\/\",\"url\":\"https:\/\/secure.gravatar.com\/avatar\/55cb5e37c1efa326397366e6974cb338056df65cb50e7d64d1cf314e87504837?s=96&d=mm&r=g\",\"contentUrl\":\"https:\/\/secure.gravatar.com\/avatar\/55cb5e37c1efa326397366e6974cb338056df65cb50e7d64d1cf314e87504837?s=96&d=mm&r=g\",\"caption\":\"Arnaldo Botto\"},\"url\":\"https:\/\/www.noticiasradioreflejos.com.ar\/2021\/author\/arnaldo\/\"}]}<\/script>\n<!-- \/ Yoast SEO plugin. -->","yoast_head_json":{"title":"Villa Ventana: Nuevas autoridades, costosas inversiones en refaccionar su sede social y muchos proyectos en la Asociaci\u00f3n de Fomento - Noticias Radio Reflejos","robots":{"index":"index","follow":"follow","max-snippet":"max-snippet:-1","max-image-preview":"max-image-preview:large","max-video-preview":"max-video-preview:-1"},"canonical":"https:\/\/www.noticiasradioreflejos.com.ar\/2021\/villa-ventana-nuevas-autoridades-costosas-inversiones-en-refaccionar-su-sede-social-y-muchos-proyectos-en-la-asociacion-de-fomento\/","og_locale":"es_ES","og_type":"article","og_title":"Villa Ventana: Nuevas autoridades, costosas inversiones en refaccionar su sede social y muchos proyectos en la Asociaci\u00f3n de Fomento - Noticias Radio Reflejos","og_description":"Luego de la Asamblea realizada en Abril, donde se aprobaron dos ejercicios, esta ma\u00f1ana conversamos con Mar\u00eda Cristina Cal\u00f3nico, presidente de la Asociaci\u00f3n de Fomento, Cultura y Deportes de Villa Ventana","og_url":"https:\/\/www.noticiasradioreflejos.com.ar\/2021\/villa-ventana-nuevas-autoridades-costosas-inversiones-en-refaccionar-su-sede-social-y-muchos-proyectos-en-la-asociacion-de-fomento\/","og_site_name":"Noticias Radio Reflejos","article_published_time":"2021-05-12T11:25:43+00:00","article_modified_time":"2021-05-12T11:26:54+00:00","og_image":[{"width":777,"height":437,"url":"https:\/\/www.noticiasradioreflejos.com.ar\/2021\/wp-content\/uploads\/2021\/05\/Fomento-Villa-1.jpeg","type":"image\/jpeg"}],"author":"Arnaldo Botto","twitter_card":"summary_large_image","schema":{"@context":"https:\/\/schema.org","@graph":[{"@type":"WebPage","@id":"https:\/\/www.noticiasradioreflejos.com.ar\/2021\/villa-ventana-nuevas-autoridades-costosas-inversiones-en-refaccionar-su-sede-social-y-muchos-proyectos-en-la-asociacion-de-fomento\/","url":"https:\/\/www.noticiasradioreflejos.com.ar\/2021\/villa-ventana-nuevas-autoridades-costosas-inversiones-en-refaccionar-su-sede-social-y-muchos-proyectos-en-la-asociacion-de-fomento\/","name":"Villa Ventana: Nuevas autoridades, costosas inversiones en refaccionar su sede social y muchos proyectos en la Asociaci\u00f3n de Fomento - Noticias Radio Reflejos","isPartOf":{"@id":"https:\/\/www.noticiasradioreflejos.com.ar\/2021\/#website"},"primaryImageOfPage":{"@id":"https:\/\/www.noticiasradioreflejos.com.ar\/2021\/villa-ventana-nuevas-autoridades-costosas-inversiones-en-refaccionar-su-sede-social-y-muchos-proyectos-en-la-asociacion-de-fomento\/#primaryimage"},"image":{"@id":"https:\/\/www.noticiasradioreflejos.com.ar\/2021\/villa-ventana-nuevas-autoridades-costosas-inversiones-en-refaccionar-su-sede-social-y-muchos-proyectos-en-la-asociacion-de-fomento\/#primaryimage"},"thumbnailUrl":"https:\/\/www.noticiasradioreflejos.com.ar\/2021\/wp-content\/uploads\/2021\/05\/Fomento-Villa-1.jpeg","datePublished":"2021-05-12T11:25:43+00:00","dateModified":"2021-05-12T11:26:54+00:00","author":{"@id":"https:\/\/www.noticiasradioreflejos.com.ar\/2021\/#\/schema\/person\/ad82545263dcc5ec0996818884fd5fb1"},"breadcrumb":{"@id":"https:\/\/www.noticiasradioreflejos.com.ar\/2021\/villa-ventana-nuevas-autoridades-costosas-inversiones-en-refaccionar-su-sede-social-y-muchos-proyectos-en-la-asociacion-de-fomento\/#breadcrumb"},"inLanguage":"es","potentialAction":[{"@type":"ReadAction","target":["https:\/\/www.noticiasradioreflejos.com.ar\/2021\/villa-ventana-nuevas-autoridades-costosas-inversiones-en-refaccionar-su-sede-social-y-muchos-proyectos-en-la-asociacion-de-fomento\/"]}]},{"@type":"ImageObject","inLanguage":"es","@id":"https:\/\/www.noticiasradioreflejos.com.ar\/2021\/villa-ventana-nuevas-autoridades-costosas-inversiones-en-refaccionar-su-sede-social-y-muchos-proyectos-en-la-asociacion-de-fomento\/#primaryimage","url":"https:\/\/www.noticiasradioreflejos.com.ar\/2021\/wp-content\/uploads\/2021\/05\/Fomento-Villa-1.jpeg","contentUrl":"https:\/\/www.noticiasradioreflejos.com.ar\/2021\/wp-content\/uploads\/2021\/05\/Fomento-Villa-1.jpeg","width":777,"height":437},{"@type":"BreadcrumbList","@id":"https:\/\/www.noticiasradioreflejos.com.ar\/2021\/villa-ventana-nuevas-autoridades-costosas-inversiones-en-refaccionar-su-sede-social-y-muchos-proyectos-en-la-asociacion-de-fomento\/#breadcrumb","itemListElement":[{"@type":"ListItem","position":1,"name":"Portada","item":"https:\/\/www.noticiasradioreflejos.com.ar\/2021\/"},{"@type":"ListItem","position":2,"name":"Villa Ventana: Nuevas autoridades, costosas inversiones en refaccionar su sede social y muchos proyectos en la Asociaci\u00f3n de Fomento"}]},{"@type":"WebSite","@id":"https:\/\/www.noticiasradioreflejos.com.ar\/2021\/#website","url":"https:\/\/www.noticiasradioreflejos.com.ar\/2021\/","name":"Noticias Radio Reflejos","description":"Las noticias de mi comarca","potentialAction":[{"@type":"SearchAction","target":{"@type":"EntryPoint","urlTemplate":"https:\/\/www.noticiasradioreflejos.com.ar\/2021\/?s={search_term_string}"},"query-input":{"@type":"PropertyValueSpecification","valueRequired":true,"valueName":"search_term_string"}}],"inLanguage":"es"},{"@type":"Person","@id":"https:\/\/www.noticiasradioreflejos.com.ar\/2021\/#\/schema\/person\/ad82545263dcc5ec0996818884fd5fb1","name":"Arnaldo Botto","image":{"@type":"ImageObject","inLanguage":"es","@id":"https:\/\/www.noticiasradioreflejos.com.ar\/2021\/#\/schema\/person\/image\/","url":"https:\/\/secure.gravatar.com\/avatar\/55cb5e37c1efa326397366e6974cb338056df65cb50e7d64d1cf314e87504837?s=96&d=mm&r=g","contentUrl":"https:\/\/secure.gravatar.com\/avatar\/55cb5e37c1efa326397366e6974cb338056df65cb50e7d64d1cf314e87504837?s=96&d=mm&r=g","caption":"Arnaldo Botto"},"url":"https:\/\/www.noticiasradioreflejos.com.ar\/2021\/author\/arnaldo\/"}]}},"_links":{"self":[{"href":"https:\/\/www.noticiasradioreflejos.com.ar\/2021\/wp-json\/wp\/v2\/posts\/56655","targetHints":{"allow":["GET"]}}],"collection":[{"href":"https:\/\/www.noticiasradioreflejos.com.ar\/2021\/wp-json\/wp\/v2\/posts"}],"about":[{"href":"https:\/\/www.noticiasradioreflejos.com.ar\/2021\/wp-json\/wp\/v2\/types\/post"}],"author":[{"embeddable":true,"href":"https:\/\/www.noticiasradioreflejos.com.ar\/2021\/wp-json\/wp\/v2\/users\/3"}],"replies":[{"embeddable":true,"href":"https:\/\/www.noticiasradioreflejos.com.ar\/2021\/wp-json\/wp\/v2\/comments?post=56655"}],"version-history":[{"count":2,"href":"https:\/\/www.noticiasradioreflejos.com.ar\/2021\/wp-json\/wp\/v2\/posts\/56655\/revisions"}],"predecessor-version":[{"id":56658,"href":"https:\/\/www.noticiasradioreflejos.com.ar\/2021\/wp-json\/wp\/v2\/posts\/56655\/revisions\/56658"}],"wp:featuredmedia":[{"embeddable":true,"href":"https:\/\/www.noticiasradioreflejos.com.ar\/2021\/wp-json\/wp\/v2\/media\/56656"}],"wp:attachment":[{"href":"https:\/\/www.noticiasradioreflejos.com.ar\/2021\/wp-json\/wp\/v2\/media?parent=56655"}],"wp:term":[{"taxonomy":"category","embeddable":true,"href":"https:\/\/www.noticiasradioreflejos.com.ar\/2021\/wp-json\/wp\/v2\/categories?post=56655"},{"taxonomy":"post_tag","embeddable":true,"href":"https:\/\/www.noticiasradioreflejos.com.ar\/2021\/wp-json\/wp\/v2\/tags?post=56655"}],"curies":[{"name":"wp","href":"https:\/\/api.w.org\/{rel}","templated":true}]}}