{"id":56647,"date":"2021-05-12T11:00:29","date_gmt":"2021-05-12T11:00:29","guid":{"rendered":"http:\/\/www.noticiasradioreflejos.com.ar\/2021\/?p=56647"},"modified":"2021-05-12T11:00:29","modified_gmt":"2021-05-12T11:00:29","slug":"el-senado-debate-el-proyecto-oficial-sobre-criterios-para-combatir-la-pandemia","status":"publish","type":"post","link":"https:\/\/www.noticiasradioreflejos.com.ar\/2021\/el-senado-debate-el-proyecto-oficial-sobre-criterios-para-combatir-la-pandemia\/","title":{"rendered":"El Senado debate el proyecto oficial sobre criterios para combatir la pandemia"},"content":{"rendered":"<div class=\"head-content\">\n<p>El expediente dispone un marco normativo sobre par\u00e1metros de riesgo epidemiol\u00f3gico y sanitario para combatir el contagio de coronavirus y tiene como finalidad \u00abproteger la salud p\u00fablica\u00bb y \u00abestablecer medidas sanitarias generales\u00bb en todo el pa\u00eds.<\/p>\n<div class=\"addthis_custom_sharing\" data-url=\"https:\/\/www.telam.com.ar\/notas\/202105\/553843-senado-debate-del-proyecto-oficial-sobre-criterios-para-combatir-la-pandemia.html\" data-title=\"El Senado debate el proyecto oficial sobre criterios para combatir la pandemia\" data-description=\"El expediente dispone un marco normativo sobre par\u00e1metros de riesgo epidemiol\u00f3gico y sanitario para combatir el contagio de coronavirus y tiene como finalidad &quot;proteger la salud p\u00fablica&quot; y &quot;establecer medidas sanitarias generales&quot; en todo el pa\u00eds.\">\n<div id=\"atstbx\" class=\"at-resp-share-element at-style-responsive addthis-smartlayers addthis-animated at4-show\" role=\"region\" aria-labelledby=\"at-ded78b3b-150e-4f17-b68f-8d5419744523\"><span id=\"at-ded78b3b-150e-4f17-b68f-8d5419744523\" class=\"at4-visually-hidden\"><\/span><\/p>\n<div class=\"at-share-btn-elements\"><\/div>\n<\/div>\n<\/div>\n<\/div>\n<p><!--more--><\/p>\n<div class=\"main-content-block\">\n<div class=\"main-box clearfix\">\n<div class=\"wrapper-main-section clearfix\">\n<div class=\"wrapper-editable-content\">\n<div class=\"editable-content clearfix\">\n<div id=\"image\" class=\"image\"><img decoding=\"async\" title=\"El Gobierno nacional pretende que la iniciativa sea convertida en ley antes del 22 de mayo.\" src=\"https:\/\/www.telam.com.ar\/advf\/imagenes\/editadas\/5fa45388b57ac_1004x564.jpg\" alt=\"El Gobierno nacional pretende que la iniciativa sea convertida en ley antes del 22 de mayo.\" \/><\/p>\n<div class=\"epigrafe\">El Gobierno nacional pretende que la iniciativa sea convertida en ley antes del 22 de mayo.<\/div>\n<\/div>\n<p>El proyecto de ley oficial sobre criterios epidemiol\u00f3gicos para combatir la pandemia de coronavirus en todo el pa\u00eds comenzar\u00e1 a ser debatido este mi\u00e9rcoles, en un plenario de las comisiones de Asuntos Constitucionales y de Salud de la C\u00e1mara de Senadores, c<strong>on el objetivo de llevarlo al recinto la semana pr\u00f3xima.<\/strong><\/p>\n<p>Seg\u00fan se inform\u00f3 oficialmente, la reuni\u00f3n est\u00e1 convocada para las 10 por el sistema de videoconferencia, de acuerdo con lo conversado entre los presidentes de las comisiones de Salud, Mario Fiad; y de Asuntos Constitucionales Mar\u00eda de los \u00c1ngeles Sacnun.<\/p>\n<p>Asimismo, desde el despacho de la senadora santafecina tambi\u00e9n confirmaron la presencia de la ministra de Salud de la Naci\u00f3n, Carla Vizzotti; y de la secretaria Legal y T\u00e9cnica de la Presidencia, Vilma Ibarra.<strong>Ambas funcionarias defender\u00e1n el proyecto ante los legisladores y luego se someter\u00e1n a preguntas.<\/strong><\/p>\n<p>La intenci\u00f3n del oficialismo es emitir dictamen este mi\u00e9rcoles, con el objetivo de llevar el tema al recinto la semana que viene y que Diputados lo convierta en ley antes del 22 de mayo, cuando caduca el actual Decreto de Necesidad y Urgencia (DNU) firmado por el presidente Alberto Fern\u00e1ndez y que faculta a los gobernadores a adoptar restricciones, seg\u00fan el riesgo epidemiol\u00f3gico de los distritos.<\/p>\n<p><strong>La discusi\u00f3n en comisi\u00f3n del asunto hab\u00eda sido anticipada este martes por el jefe bloque de senadores del Frente de Todos, Jos\u00e9 Mayans.<\/strong><\/p>\n<p>\u00abSeguramente lo vamos a tratar y vamos a invitar a la gente de la Jefatura de Gabinete y a la gente de Salud. Lo que se est\u00e1 tratando de aclarar son los riesgos sanitarios de cada provincia o de cada localidad y tomar las medidas como consecuencia de eso\u00bb, adelant\u00f3 el senador en declaraciones formuladas el martes a Radio 10.<\/p>\n<p>El legislador formose\u00f1o se\u00f1al\u00f3 que la idea es que tras el tratamiento en comisi\u00f3n se le d\u00e9 \u201cel despacho favorable\u201d para \u201ctratarlo la semana que viene\u201d en el recinto de la C\u00e1mara alta, \u201cuna vez que se cumplan los siete d\u00edas y pasarlo para Diputados\u201d para completar su proceso parlamentario.<\/p>\n<blockquote><p>La Casa Rosada insiste con la posibilidad de que el debate parlamentario genere cambios en el proyecto, en el marco de un \u00abdi\u00e1logo siempre buscado\u00bb con la oposici\u00f3n.<\/p><\/blockquote>\n<p>El expediente dispone un marco normativo sobre par\u00e1metros de riesgo epidemiol\u00f3gico y sanitario para combatir el contagio de coronavirus y tiene como finalidad \u00abproteger la salud p\u00fablica\u00bb y \u00abestablecer medidas sanitarias generales que se aplicar\u00e1n en todo el pa\u00eds\u00bb.<\/p>\n<p><strong>La iniciativa re\u00fane los criterios sostenidos en los DNU firmados por el Poder Ejecutivo desde el inicio de la pandemia<\/strong>, y hace hincapi\u00e9 en las reuniones sociales, el teletrabajo y el dictado de clases presenciales, aunque cada restricci\u00f3n debe ser consensuada con autoridades provinciales.<\/p>\n<p>El senador nacional Alfredo Luenzo (Chubut somos Todos) asegur\u00f3 el martes que el proyecto de ley enviado por el Ejecutivo para establecer un criterio federal respecto a las medidas restrictivas ante el coronavirus \u00abes un modo de estandarizar qu\u00e9 es lo que cada uno debe hacer,\u00a0<strong>siempre respetando la decisi\u00f3n de cada uno de los Gobiernos provinciales<\/strong>\u00ab.<\/p>\n<p>Luenzo exhort\u00f3 al Congreso a tratar la iniciativa de manera urgente, dado que \u00abhay m\u00e1s de 500 argentinos que se mueren todos los d\u00edas en Argentina\u00bb en el medio de \u00abpicos de contagios en una segunda ola, donde el mundo lleva un aprendizaje constante de qu\u00e9 hacer y c\u00f3mo enfrentarlo\u00bb, remarc\u00f3.<\/p>\n<blockquote><p>\u00abLo que se est\u00e1 tratando de aclarar son los riesgos sanitarios de cada provincia o de cada localidad y tomar las medidas como consecuencia de eso\u00bb<\/p>\n<div class=\"sign\">JOS\u00c9 MAYANS<\/div>\n<\/blockquote>\n<p>El abogado constitucionalista Andr\u00e9s Gil Dom\u00ednguez sostuvo que el proyecto \u00abno otorga ninguna clase de superpoderes\u00bb al Ejecutivo sino que incluso implica una \u00abdelegaci\u00f3n legislativa\u00bb, a la vez que \u00abcumple con las exigencias argumentales\u00bb establecidas por la Corte Suprema de Justicia sobre la autonom\u00eda de los distritos.<\/p>\n<p>El lunes, tras el env\u00edo de la normativa al Congreso, el jefe de Gabinete, Santiago Cafiero, destac\u00f3 que busca \u00abdefinir con criterios objetivos las diferentes instancias epidemiol\u00f3gicas\u00bb y \u00abpar\u00e1metros\u00bb que permitan que la actividad econ\u00f3mica contin\u00fae en las distintas jurisdicciones del pa\u00eds.<\/p>\n<p><strong>Cafiero tambi\u00e9n le respondi\u00f3 a Juntos por el Cambio por su rechazo al proyecto oficial<\/strong>\u00a0y sostuvo que \u00absi ellos tienen que cumplir con alg\u00fan mandato desde Miami, es un problema que lo tendr\u00e1n que resolver con su conciencia y con el pueblo argentino\u00bb.<\/p>\n<p>La Casa Rosada insiste con la posibilidad de que el debate parlamentario genere cambios en el proyecto, en el marco de un \u00abdi\u00e1logo siempre buscado\u00bb con la oposici\u00f3n.<\/p>\n<div class=\"auth\">El proyecto de ley<\/div>\n<p>La propuesta del Ejecutivo propone \u00abreglas generales para todo el pa\u00eds en las que se incluyen medidas de prevenci\u00f3n, como uso obligatorio de barbijo, ventilaci\u00f3n; y luego, la segmentaci\u00f3n por riesgo epidemiol\u00f3gico\u00bb.<\/p>\n<p>En las zonas de bajo riesgo \u00abse aplican las conductas generales de prevenci\u00f3n\u00bb y luego, de acuerdo con diversos criterios sanitarios, que contemplan -entre otros puntos- la incidencia de casos, se va subiendo en la escala de las medidas.<\/p>\n<p><strong>En lugares designados como \u00abriesgo medio\u00bb, aparecen otras restricciones como las reuniones en casas particulares.<\/strong><\/p>\n<p>En aquellos que est\u00e9n en \u00abalto riesgo, se agrega por ley, la prohibici\u00f3n de las reuniones familiares, el cierre de salones de fiesta y de salones gastron\u00f3micos, pr\u00e1cticas recreativas en lugares cerrados, bingos, reuniones religiosas y restricciones adicionales de circulaci\u00f3n\u00bb.<\/p>\n<p>\u00abTambi\u00e9n se plantea medidas adicionales por parte de los gobernadores. Si las medidas no funcionan tras 21 d\u00edas, se da potestad al Gobierno nacional para tomar medidas para evitar pasar a alerta\u00bb, se\u00f1alaron las fuentes.<\/p>\n<p>El estado de \u00abalarma\u00bb es caracterizado por la cercan\u00eda de una saturaci\u00f3n del sistema sanitario.<\/p>\n<\/div>\n<\/div>\n<\/div>\n<\/div>\n<\/div>\n","protected":false},"excerpt":{"rendered":"<p>El expediente dispone un marco normativo sobre par\u00e1metros de riesgo epidemiol\u00f3gico y sanitario para combatir el contagio de coronavirus y tiene como finalidad \u00abproteger la salud p\u00fablica\u00bb y \u00abestablecer medidas sanitarias generales\u00bb en todo el pa\u00eds.<\/p>\n","protected":false},"author":3,"featured_media":0,"comment_status":"open","ping_status":"open","sticky":false,"template":"","format":"standard","meta":{"footnotes":""},"categories":[24],"tags":[],"class_list":["post-56647","post","type-post","status-publish","format-standard","hentry","category-politica"],"yoast_head":"<!-- This site is optimized with the Yoast SEO plugin v25.9 - https:\/\/yoast.com\/wordpress\/plugins\/seo\/ -->\n<title>El Senado debate el proyecto oficial sobre criterios para combatir la pandemia - Noticias Radio Reflejos<\/title>\n<meta name=\"robots\" content=\"index, follow, max-snippet:-1, max-image-preview:large, max-video-preview:-1\" \/>\n<link rel=\"canonical\" href=\"https:\/\/www.noticiasradioreflejos.com.ar\/2021\/el-senado-debate-el-proyecto-oficial-sobre-criterios-para-combatir-la-pandemia\/\" \/>\n<meta property=\"og:locale\" content=\"es_ES\" \/>\n<meta property=\"og:type\" content=\"article\" \/>\n<meta property=\"og:title\" content=\"El Senado debate el proyecto oficial sobre criterios para combatir la pandemia - Noticias Radio Reflejos\" \/>\n<meta property=\"og:description\" content=\"El expediente dispone un marco normativo sobre par\u00e1metros de riesgo epidemiol\u00f3gico y sanitario para combatir el contagio de coronavirus y tiene como finalidad \u00abproteger la salud p\u00fablica\u00bb y \u00abestablecer medidas sanitarias generales\u00bb en todo el pa\u00eds.\" \/>\n<meta property=\"og:url\" content=\"https:\/\/www.noticiasradioreflejos.com.ar\/2021\/el-senado-debate-el-proyecto-oficial-sobre-criterios-para-combatir-la-pandemia\/\" \/>\n<meta property=\"og:site_name\" content=\"Noticias Radio Reflejos\" \/>\n<meta property=\"article:published_time\" content=\"2021-05-12T11:00:29+00:00\" \/>\n<meta property=\"og:image\" content=\"https:\/\/www.telam.com.ar\/advf\/imagenes\/editadas\/5fa45388b57ac_1004x564.jpg\" \/>\n<meta name=\"author\" content=\"Arnaldo Botto\" \/>\n<meta name=\"twitter:card\" content=\"summary_large_image\" \/>\n<script type=\"application\/ld+json\" class=\"yoast-schema-graph\">{\"@context\":\"https:\/\/schema.org\",\"@graph\":[{\"@type\":\"WebPage\",\"@id\":\"https:\/\/www.noticiasradioreflejos.com.ar\/2021\/el-senado-debate-el-proyecto-oficial-sobre-criterios-para-combatir-la-pandemia\/\",\"url\":\"https:\/\/www.noticiasradioreflejos.com.ar\/2021\/el-senado-debate-el-proyecto-oficial-sobre-criterios-para-combatir-la-pandemia\/\",\"name\":\"El Senado debate el proyecto oficial sobre criterios para combatir la pandemia - Noticias Radio Reflejos\",\"isPartOf\":{\"@id\":\"https:\/\/www.noticiasradioreflejos.com.ar\/2021\/#website\"},\"primaryImageOfPage\":{\"@id\":\"https:\/\/www.noticiasradioreflejos.com.ar\/2021\/el-senado-debate-el-proyecto-oficial-sobre-criterios-para-combatir-la-pandemia\/#primaryimage\"},\"image\":{\"@id\":\"https:\/\/www.noticiasradioreflejos.com.ar\/2021\/el-senado-debate-el-proyecto-oficial-sobre-criterios-para-combatir-la-pandemia\/#primaryimage\"},\"thumbnailUrl\":\"https:\/\/www.telam.com.ar\/advf\/imagenes\/editadas\/5fa45388b57ac_1004x564.jpg\",\"datePublished\":\"2021-05-12T11:00:29+00:00\",\"author\":{\"@id\":\"https:\/\/www.noticiasradioreflejos.com.ar\/2021\/#\/schema\/person\/ad82545263dcc5ec0996818884fd5fb1\"},\"breadcrumb\":{\"@id\":\"https:\/\/www.noticiasradioreflejos.com.ar\/2021\/el-senado-debate-el-proyecto-oficial-sobre-criterios-para-combatir-la-pandemia\/#breadcrumb\"},\"inLanguage\":\"es\",\"potentialAction\":[{\"@type\":\"ReadAction\",\"target\":[\"https:\/\/www.noticiasradioreflejos.com.ar\/2021\/el-senado-debate-el-proyecto-oficial-sobre-criterios-para-combatir-la-pandemia\/\"]}]},{\"@type\":\"ImageObject\",\"inLanguage\":\"es\",\"@id\":\"https:\/\/www.noticiasradioreflejos.com.ar\/2021\/el-senado-debate-el-proyecto-oficial-sobre-criterios-para-combatir-la-pandemia\/#primaryimage\",\"url\":\"https:\/\/www.telam.com.ar\/advf\/imagenes\/editadas\/5fa45388b57ac_1004x564.jpg\",\"contentUrl\":\"https:\/\/www.telam.com.ar\/advf\/imagenes\/editadas\/5fa45388b57ac_1004x564.jpg\"},{\"@type\":\"BreadcrumbList\",\"@id\":\"https:\/\/www.noticiasradioreflejos.com.ar\/2021\/el-senado-debate-el-proyecto-oficial-sobre-criterios-para-combatir-la-pandemia\/#breadcrumb\",\"itemListElement\":[{\"@type\":\"ListItem\",\"position\":1,\"name\":\"Portada\",\"item\":\"https:\/\/www.noticiasradioreflejos.com.ar\/2021\/\"},{\"@type\":\"ListItem\",\"position\":2,\"name\":\"El Senado debate el proyecto oficial sobre criterios para combatir la pandemia\"}]},{\"@type\":\"WebSite\",\"@id\":\"https:\/\/www.noticiasradioreflejos.com.ar\/2021\/#website\",\"url\":\"https:\/\/www.noticiasradioreflejos.com.ar\/2021\/\",\"name\":\"Noticias Radio Reflejos\",\"description\":\"Las noticias de mi comarca\",\"potentialAction\":[{\"@type\":\"SearchAction\",\"target\":{\"@type\":\"EntryPoint\",\"urlTemplate\":\"https:\/\/www.noticiasradioreflejos.com.ar\/2021\/?s={search_term_string}\"},\"query-input\":{\"@type\":\"PropertyValueSpecification\",\"valueRequired\":true,\"valueName\":\"search_term_string\"}}],\"inLanguage\":\"es\"},{\"@type\":\"Person\",\"@id\":\"https:\/\/www.noticiasradioreflejos.com.ar\/2021\/#\/schema\/person\/ad82545263dcc5ec0996818884fd5fb1\",\"name\":\"Arnaldo Botto\",\"image\":{\"@type\":\"ImageObject\",\"inLanguage\":\"es\",\"@id\":\"https:\/\/www.noticiasradioreflejos.com.ar\/2021\/#\/schema\/person\/image\/\",\"url\":\"https:\/\/secure.gravatar.com\/avatar\/55cb5e37c1efa326397366e6974cb338056df65cb50e7d64d1cf314e87504837?s=96&d=mm&r=g\",\"contentUrl\":\"https:\/\/secure.gravatar.com\/avatar\/55cb5e37c1efa326397366e6974cb338056df65cb50e7d64d1cf314e87504837?s=96&d=mm&r=g\",\"caption\":\"Arnaldo Botto\"},\"url\":\"https:\/\/www.noticiasradioreflejos.com.ar\/2021\/author\/arnaldo\/\"}]}<\/script>\n<!-- \/ Yoast SEO plugin. -->","yoast_head_json":{"title":"El Senado debate el proyecto oficial sobre criterios para combatir la pandemia - Noticias Radio Reflejos","robots":{"index":"index","follow":"follow","max-snippet":"max-snippet:-1","max-image-preview":"max-image-preview:large","max-video-preview":"max-video-preview:-1"},"canonical":"https:\/\/www.noticiasradioreflejos.com.ar\/2021\/el-senado-debate-el-proyecto-oficial-sobre-criterios-para-combatir-la-pandemia\/","og_locale":"es_ES","og_type":"article","og_title":"El Senado debate el proyecto oficial sobre criterios para combatir la pandemia - Noticias Radio Reflejos","og_description":"El expediente dispone un marco normativo sobre par\u00e1metros de riesgo epidemiol\u00f3gico y sanitario para combatir el contagio de coronavirus y tiene como finalidad \u00abproteger la salud p\u00fablica\u00bb y \u00abestablecer medidas sanitarias generales\u00bb en todo el pa\u00eds.","og_url":"https:\/\/www.noticiasradioreflejos.com.ar\/2021\/el-senado-debate-el-proyecto-oficial-sobre-criterios-para-combatir-la-pandemia\/","og_site_name":"Noticias Radio Reflejos","article_published_time":"2021-05-12T11:00:29+00:00","og_image":[{"url":"https:\/\/www.telam.com.ar\/advf\/imagenes\/editadas\/5fa45388b57ac_1004x564.jpg","type":"","width":"","height":""}],"author":"Arnaldo Botto","twitter_card":"summary_large_image","schema":{"@context":"https:\/\/schema.org","@graph":[{"@type":"WebPage","@id":"https:\/\/www.noticiasradioreflejos.com.ar\/2021\/el-senado-debate-el-proyecto-oficial-sobre-criterios-para-combatir-la-pandemia\/","url":"https:\/\/www.noticiasradioreflejos.com.ar\/2021\/el-senado-debate-el-proyecto-oficial-sobre-criterios-para-combatir-la-pandemia\/","name":"El Senado debate el proyecto oficial sobre criterios para combatir la pandemia - Noticias Radio Reflejos","isPartOf":{"@id":"https:\/\/www.noticiasradioreflejos.com.ar\/2021\/#website"},"primaryImageOfPage":{"@id":"https:\/\/www.noticiasradioreflejos.com.ar\/2021\/el-senado-debate-el-proyecto-oficial-sobre-criterios-para-combatir-la-pandemia\/#primaryimage"},"image":{"@id":"https:\/\/www.noticiasradioreflejos.com.ar\/2021\/el-senado-debate-el-proyecto-oficial-sobre-criterios-para-combatir-la-pandemia\/#primaryimage"},"thumbnailUrl":"https:\/\/www.telam.com.ar\/advf\/imagenes\/editadas\/5fa45388b57ac_1004x564.jpg","datePublished":"2021-05-12T11:00:29+00:00","author":{"@id":"https:\/\/www.noticiasradioreflejos.com.ar\/2021\/#\/schema\/person\/ad82545263dcc5ec0996818884fd5fb1"},"breadcrumb":{"@id":"https:\/\/www.noticiasradioreflejos.com.ar\/2021\/el-senado-debate-el-proyecto-oficial-sobre-criterios-para-combatir-la-pandemia\/#breadcrumb"},"inLanguage":"es","potentialAction":[{"@type":"ReadAction","target":["https:\/\/www.noticiasradioreflejos.com.ar\/2021\/el-senado-debate-el-proyecto-oficial-sobre-criterios-para-combatir-la-pandemia\/"]}]},{"@type":"ImageObject","inLanguage":"es","@id":"https:\/\/www.noticiasradioreflejos.com.ar\/2021\/el-senado-debate-el-proyecto-oficial-sobre-criterios-para-combatir-la-pandemia\/#primaryimage","url":"https:\/\/www.telam.com.ar\/advf\/imagenes\/editadas\/5fa45388b57ac_1004x564.jpg","contentUrl":"https:\/\/www.telam.com.ar\/advf\/imagenes\/editadas\/5fa45388b57ac_1004x564.jpg"},{"@type":"BreadcrumbList","@id":"https:\/\/www.noticiasradioreflejos.com.ar\/2021\/el-senado-debate-el-proyecto-oficial-sobre-criterios-para-combatir-la-pandemia\/#breadcrumb","itemListElement":[{"@type":"ListItem","position":1,"name":"Portada","item":"https:\/\/www.noticiasradioreflejos.com.ar\/2021\/"},{"@type":"ListItem","position":2,"name":"El Senado debate el proyecto oficial sobre criterios para combatir la pandemia"}]},{"@type":"WebSite","@id":"https:\/\/www.noticiasradioreflejos.com.ar\/2021\/#website","url":"https:\/\/www.noticiasradioreflejos.com.ar\/2021\/","name":"Noticias Radio Reflejos","description":"Las noticias de mi comarca","potentialAction":[{"@type":"SearchAction","target":{"@type":"EntryPoint","urlTemplate":"https:\/\/www.noticiasradioreflejos.com.ar\/2021\/?s={search_term_string}"},"query-input":{"@type":"PropertyValueSpecification","valueRequired":true,"valueName":"search_term_string"}}],"inLanguage":"es"},{"@type":"Person","@id":"https:\/\/www.noticiasradioreflejos.com.ar\/2021\/#\/schema\/person\/ad82545263dcc5ec0996818884fd5fb1","name":"Arnaldo Botto","image":{"@type":"ImageObject","inLanguage":"es","@id":"https:\/\/www.noticiasradioreflejos.com.ar\/2021\/#\/schema\/person\/image\/","url":"https:\/\/secure.gravatar.com\/avatar\/55cb5e37c1efa326397366e6974cb338056df65cb50e7d64d1cf314e87504837?s=96&d=mm&r=g","contentUrl":"https:\/\/secure.gravatar.com\/avatar\/55cb5e37c1efa326397366e6974cb338056df65cb50e7d64d1cf314e87504837?s=96&d=mm&r=g","caption":"Arnaldo Botto"},"url":"https:\/\/www.noticiasradioreflejos.com.ar\/2021\/author\/arnaldo\/"}]}},"_links":{"self":[{"href":"https:\/\/www.noticiasradioreflejos.com.ar\/2021\/wp-json\/wp\/v2\/posts\/56647","targetHints":{"allow":["GET"]}}],"collection":[{"href":"https:\/\/www.noticiasradioreflejos.com.ar\/2021\/wp-json\/wp\/v2\/posts"}],"about":[{"href":"https:\/\/www.noticiasradioreflejos.com.ar\/2021\/wp-json\/wp\/v2\/types\/post"}],"author":[{"embeddable":true,"href":"https:\/\/www.noticiasradioreflejos.com.ar\/2021\/wp-json\/wp\/v2\/users\/3"}],"replies":[{"embeddable":true,"href":"https:\/\/www.noticiasradioreflejos.com.ar\/2021\/wp-json\/wp\/v2\/comments?post=56647"}],"version-history":[{"count":1,"href":"https:\/\/www.noticiasradioreflejos.com.ar\/2021\/wp-json\/wp\/v2\/posts\/56647\/revisions"}],"predecessor-version":[{"id":56649,"href":"https:\/\/www.noticiasradioreflejos.com.ar\/2021\/wp-json\/wp\/v2\/posts\/56647\/revisions\/56649"}],"wp:attachment":[{"href":"https:\/\/www.noticiasradioreflejos.com.ar\/2021\/wp-json\/wp\/v2\/media?parent=56647"}],"wp:term":[{"taxonomy":"category","embeddable":true,"href":"https:\/\/www.noticiasradioreflejos.com.ar\/2021\/wp-json\/wp\/v2\/categories?post=56647"},{"taxonomy":"post_tag","embeddable":true,"href":"https:\/\/www.noticiasradioreflejos.com.ar\/2021\/wp-json\/wp\/v2\/tags?post=56647"}],"curies":[{"name":"wp","href":"https:\/\/api.w.org\/{rel}","templated":true}]}}