{"id":56639,"date":"2021-05-12T10:49:25","date_gmt":"2021-05-12T10:49:25","guid":{"rendered":"http:\/\/www.noticiasradioreflejos.com.ar\/2021\/?p=56639"},"modified":"2021-05-12T10:49:25","modified_gmt":"2021-05-12T10:49:25","slug":"extenuados-por-la-segunda-ola-de-coronavirus-los-enfermeros-y-enfermeras-celebran-su-dia","status":"publish","type":"post","link":"https:\/\/www.noticiasradioreflejos.com.ar\/2021\/extenuados-por-la-segunda-ola-de-coronavirus-los-enfermeros-y-enfermeras-celebran-su-dia\/","title":{"rendered":"Extenuados por la segunda ola de coronavirus, los enfermeros y enfermeras celebran su d\u00eda"},"content":{"rendered":"<div class=\"head-content\">\n<p>Angustiados, asistiendo las salas y terapias intensivas desbordadas y, en algunos distritos, reclamando para que se los reconozca como profesionales, los trabajadores celebran el D\u00eda Mundial de la Enfermer\u00eda.<\/p>\n<\/div>\n<p><!--more--><\/p>\n<div class=\"main-content-block\">\n<div class=\"main-box clearfix\">\n<div class=\"clearfix\">\n<div class=\"wrapper-editable-content\">\n<div class=\"editable-content clearfix\">\n<div id=\"image\" class=\"image\"><img decoding=\"async\" title=\"Juliana Torquati, del Hospital de La Plata.\" src=\"https:\/\/www.telam.com.ar\/advf\/imagenes\/2021\/05\/609b0a3d33fdb_1004x565.jpg\" alt=\"Juliana Torquati, del Hospital de La Plata.\" \/><\/p>\n<div class=\"epigrafe\">Juliana Torquati, del Hospital de La Plata.<\/div>\n<\/div>\n<p>Extenuados, angustiados, asistiendo las salas y terapias intensivas desbordadas por la segunda ola de Covid-19 y, en algunos distritos, hasta teniendo que reclamar para que se los reconozca como profesionales, los enfermeros y enfermeras celebran este mi\u00e9rcoles su d\u00eda sosteniendo el compromiso y la lucha frente a una enfermedad que provoc\u00f3 la muerte de centenares de trabajadores de la salud.<\/p>\n<p>\u00abDesde que me recib\u00ed decid\u00ed trabajar en terapia intensiva, lo hago hace diez a\u00f1os, as\u00ed que estoy acostumbrada a estos casos extremos en los que las personas necesitan cuidados intensivos y que, lamentablemente, no siempre tienen un buen final, pero esta pandemia me ha llevado a llorar, a sentirme mal y hasta a pensar en no querer hacer m\u00e1s este trabajo\u00bb, sostuvo con voz quebrada\u00a0<strong>Juliana Torquati, enfermera en dos centros de salud de La Plata.<\/strong><\/p>\n<p>\u00abVer a alguien que se despide de su ser querido y notar en sus ojos el miedo de no saber si lo volver\u00e1 a ver; que te llamen desesperados porque est\u00e1n aislados en sus casas y necesitan noticias de su familiar; que tu paciente, ese al que le dedicaste d\u00edas, y decenas de pr\u00e1cticas distintas para que mejore, ese que en alg\u00fan momento te mir\u00f3 como d\u00e1ndote las gracias ya no est\u00e9, son situaciones que te agotan mentalmente\u00bb, agreg\u00f3.<\/p>\n<p><strong>En el \u00faltimo informe especial<\/strong>\u00a0al respecto, realizado el 31 de marzo, el Ministerio de Salud de la Naci\u00f3n precis\u00f3 que\u00a0<strong>79.806 trabajadores de la salud contrajeron Covid-19, de los cuales 472 murieron.<\/strong><\/p>\n<p><strong>Torquati, de 38 a\u00f1os, fue la primera persona del pa\u00eds en recibir la vacuna Sputnik V\u00a0<\/strong>contra el coronavirus el pasado 29 de diciembre en el hospital San Mart\u00edn, donde desde marzo del a\u00f1o pasado forma parte del equipo de enfermer\u00eda que trabaja en la UTI (Unidad de Terapia Intensiva).<\/p>\n<p>Adem\u00e1s de desempe\u00f1arse en el \u00e1mbito de la salud p\u00fablica, Torquati trabaja en la UTI de una cl\u00ednica privada de la capital bonaerense y afirm\u00f3 que \u00aben los dos lugares se increment\u00f3 la cantidad de personal de salud de cara a esta segunda ola, sin embargo, tambi\u00e9n se increment\u00f3 la cantidad de trabajo por lo que el desgaste es total\u00bb.<\/p>\n<p>Torquati consider\u00f3<strong>\u00a0la situaci\u00f3n como \u00abagotadora\u00bb<\/strong>\u00a0y pidi\u00f3 a\u00a0<strong>\u00abtodos un poco m\u00e1s de conciencia, para cuidarse y cuidar al otro\u00bb,<\/strong>\u00a0adem\u00e1s, asegur\u00f3 que le \u00abcuesta\u00bb ver o enterarse que \u00abhay gente que dice que est\u00e1 cansada del encierro: nosotros estamos cansados de ver situaciones l\u00edmite todos los d\u00edas, s\u00e9 que se quieren juntar y celebrar, yo hoy celebro cuando un familiar me dice que le lleg\u00f3 el turno para vacunarse\u00bb.<\/p>\n<p><strong>Jorge Iglesias es enfermero en el hospital Carlos Durand hace 26 a\u00f1os<\/strong>\u00a0y asegur\u00f3 en di\u00e1logo con T\u00e9lam que \u00abenfrentamos desde el d\u00eda uno a una enfermedad de la que no hab\u00eda bibliograf\u00eda, los m\u00e9dicos no sab\u00edan nada, ni los especialistas y fuimos aprendiendo con el correr del tiempo.\u00a0<strong>Estamos acostumbrados a lidiar con la muerte, pero a eso se le sum\u00f3 la incertidumbre y el miedo\u00bb.<\/strong><\/p>\n<div id=\"image\" class=\"image\"><img decoding=\"async\" title=\"Jorge Iglesias M\u00e9ndez, del Hospital Durand (CABA).\" src=\"https:\/\/www.telam.com.ar\/advf\/imagenes\/2021\/05\/609b0a3d203ff_1004x565.jpg\" alt=\"Jorge Iglesias M\u00e9ndez, del Hospital Durand (CABA).\" \/><\/p>\n<div class=\"epigrafe\">Jorge Iglesias M\u00e9ndez, del Hospital Durand (CABA).<\/div>\n<\/div>\n<p><strong>\u00abHoy mueren entre 300 y 500 personas por d\u00eda, y vos los atend\u00e9s a 30 cent\u00edmetros, es l\u00f3gico tener miedo de contagiarte, de llevar la enfermedad a tu casa y contagiar a los que m\u00e1s quer\u00e9s\u00bb<\/strong>, explic\u00f3 el hombre de 53 a\u00f1os, oriundo de Bol\u00edvar y que hace un a\u00f1o y medio no ve a su madre \u00abpara cuidarla, aunque me lo reprocha y me dice que est\u00e1 triste y eso me parte el alma\u00bb.<\/p>\n<p>Iglesias tambi\u00e9n se refiri\u00f3 a la situaci\u00f3n extrema que atraviesa el colectivo, que lo llega a un agotamiento \u00abf\u00edsico y mental\u00bb.<\/p>\n<p>Los enfermeros, dijo, \u00abgeneramos v\u00ednculos con los pacientes, somos los que estamos todo el tiempo, cada vez que necesitan algo, nos cuentan de sus familias, de sus vidas, r\u00eden y lloran con vos,\u00a0<strong>te piden que los ayudes y que no dejes que se mueran y nosotros tenemos que enfrentar d\u00edas en los que perdemos dos pacientes por turnos, eso destroza a cualquiera\u00bb.<\/strong><\/p>\n<div id=\"image\" class=\"image\"><img decoding=\"async\" title=\"Jorge Iglesias M\u00e9ndez, del Hospital Durand (CABA).\" src=\"https:\/\/www.telam.com.ar\/advf\/imagenes\/2021\/05\/609b0a3d096de_1004x565.jpg\" alt=\"Jorge Iglesias M\u00e9ndez, del Hospital Durand (CABA).\" \/><\/p>\n<div class=\"epigrafe\">Jorge Iglesias M\u00e9ndez, del Hospital Durand (CABA).<\/div>\n<\/div>\n<p><strong>Otro problema<\/strong>\u00a0que enfrentan en un distrito como\u00a0<strong>la ciudad de Buenos Aires es la falta de reconocimiento profesional.<\/strong><\/p>\n<p>En este contexto y \u00abponi\u00e9ndole el cuerpo desde el comienzo, tenemos que encima salir a pelear por un salario digno, el Gobierno de la Ciudad no nos reconoce como trabajadores profesionales y<strong>\u00a0eso no s\u00f3lo nos quita un 30 por ciento del sueldo sino que es un ninguneo hacia nuestro esfuerzo y compromiso\u00bb<\/strong>, sentenci\u00f3 Iglesias.<\/p>\n<p>En este sentido,<strong>\u00a0Melina Paredes, otra enfermera que desempe\u00f1a sus tareas en un hospital p\u00fablico porte\u00f1o,<\/strong>\u00a0afirm\u00f3 que \u00abdesde que empez\u00f3 la pandemia el gobierno de la Ciudad nos ningune\u00f3, al principio ni siquiera nos mandaba Elementos de Protecci\u00f3n Personal (EPP) adecuados para trabajar\u00bb y reconoci\u00f3 que \u00abcon el correr del tiempo eso se fue regulando\u00bb.<\/p>\n<p><strong>En el hospital de Casa Cuna<\/strong>, donde es enfermera hace 15 a\u00f1os, se armaron tres salas para pacientes Covid, pero en enero \u00abse tom\u00f3 la decisi\u00f3n desarmarlas y, por decisi\u00f3n del Ministerio de Salud porte\u00f1o,\u00a0<strong>los pacientes comparten salas, no importa si son positivos, sospechosos o si todav\u00eda son negativos pero uno de sus padres es positivo\u00bb<\/strong>, precis\u00f3 la mujer.<\/p>\n<div id=\"image\" class=\"image\"><img decoding=\"async\" title=\"Melina Paredes, enfermera de Casa Cuna.\" src=\"https:\/\/www.telam.com.ar\/advf\/imagenes\/2021\/05\/609b0a5318424_1004x565.jpg\" alt=\"Melina Paredes, enfermera de Casa Cuna.\" \/><\/p>\n<div class=\"epigrafe\">Melina Paredes, enfermera de Casa Cuna.<\/div>\n<\/div>\n<p>Asimismo, Paredes asegur\u00f3 que\u00a0<strong>\u00abno todo el personal de salud\u00bb\u00a0<\/strong>del centro de salud en el que trabaja\u00a0<strong>\u00abest\u00e1 vacunado, hay algunos que solo tienen una dosis y otros que ni eso.\u00a0<\/strong>Es m\u00e1s, el mes pasado llamaron a los compa\u00f1eros que estaban dentro de las licencias por ser grupos de riesgo y les dijeron que ya ten\u00edan que volver a trabajar, y los compa\u00f1eros lo hacen para cuidar el laburo\u00bb.<\/p>\n<p>Paredes tambi\u00e9n remarc\u00f3 el reclamo que los enfermeros porte\u00f1os llevan desde hace tres a\u00f1os \u00abcuando el gremio oficialista Sutecba, firm\u00f3 un acuerdo con el gobierno de (Horacio Rodr\u00edguez Larreta) para pasar a formar parte del escalaf\u00f3n general y no profesional de los trabajadores del Estado, as\u00ed\u00a0<strong>somos considerados empleados administrativos\u00bb.<\/strong><\/p>\n<div id=\"image\" class=\"image\"><img decoding=\"async\" title=\"Melina Paredes, enfermera de Casa Cuna.\" src=\"https:\/\/www.telam.com.ar\/advf\/imagenes\/2021\/05\/609b0a532ae25_1004x565.jpg\" alt=\"Melina Paredes, enfermera de Casa Cuna.\" \/><\/p>\n<div class=\"epigrafe\">Melina Paredes, enfermera de Casa Cuna.<\/div>\n<\/div>\n<p>\u00abTrabajamos es un hospital pedi\u00e1trico, tenemos que poder contener a los padres y madres, imag\u00ednate que hay ni\u00f1os internados por otras patolog\u00edas y somos nosotros los que estamos con ellos, ten\u00e9s que poder estar entera, aun cuando terminas de despedir a una que muri\u00f3 por covid y ten\u00e9s que seguir, todo el tiempo seguir\u00bb, declar\u00f3.<\/p>\n<p>Este mi\u00e9coles en el marco del D\u00eda Mundial de la Enfermer\u00eda\u00a0<strong>los enfermeros y enfermeras de la ciudad de Buenos Aires realizar\u00e1n una jornada de paro y concentrar\u00e1n a las 12 en Plaza de Mayo<\/strong>\u00a0para movilizar hacia la legislatura porte\u00f1a en reclamo del pase al escalaf\u00f3n profesional.<\/div>\n<\/div>\n<\/div>\n<\/div>\n<\/div>\n","protected":false},"excerpt":{"rendered":"<p>Angustiados, asistiendo las salas y terapias intensivas desbordadas y, en algunos distritos, reclamando para que se los reconozca como profesionales, los trabajadores celebran el D\u00eda Mundial de la Enfermer\u00eda.<\/p>\n","protected":false},"author":3,"featured_media":0,"comment_status":"open","ping_status":"open","sticky":false,"template":"","format":"standard","meta":{"footnotes":""},"categories":[30,26],"tags":[],"class_list":["post-56639","post","type-post","status-publish","format-standard","hentry","category-salud","category-sociedad"],"yoast_head":"<!-- This site is optimized with the Yoast SEO plugin v25.9 - https:\/\/yoast.com\/wordpress\/plugins\/seo\/ -->\n<title>Extenuados por la segunda ola de coronavirus, los enfermeros y enfermeras celebran su d\u00eda - Noticias Radio Reflejos<\/title>\n<meta name=\"robots\" content=\"index, follow, max-snippet:-1, max-image-preview:large, max-video-preview:-1\" \/>\n<link rel=\"canonical\" href=\"https:\/\/www.noticiasradioreflejos.com.ar\/2021\/extenuados-por-la-segunda-ola-de-coronavirus-los-enfermeros-y-enfermeras-celebran-su-dia\/\" \/>\n<meta property=\"og:locale\" content=\"es_ES\" \/>\n<meta property=\"og:type\" content=\"article\" \/>\n<meta property=\"og:title\" content=\"Extenuados por la segunda ola de coronavirus, los enfermeros y enfermeras celebran su d\u00eda - Noticias Radio Reflejos\" \/>\n<meta property=\"og:description\" content=\"Angustiados, asistiendo las salas y terapias intensivas desbordadas y, en algunos distritos, reclamando para que se los reconozca como profesionales, los trabajadores celebran el D\u00eda Mundial de la Enfermer\u00eda.\" \/>\n<meta property=\"og:url\" content=\"https:\/\/www.noticiasradioreflejos.com.ar\/2021\/extenuados-por-la-segunda-ola-de-coronavirus-los-enfermeros-y-enfermeras-celebran-su-dia\/\" \/>\n<meta property=\"og:site_name\" content=\"Noticias Radio Reflejos\" \/>\n<meta property=\"article:published_time\" content=\"2021-05-12T10:49:25+00:00\" \/>\n<meta property=\"og:image\" content=\"https:\/\/www.telam.com.ar\/advf\/imagenes\/2021\/05\/609b0a3d33fdb_1004x565.jpg\" \/>\n<meta name=\"author\" content=\"Arnaldo Botto\" \/>\n<meta name=\"twitter:card\" content=\"summary_large_image\" \/>\n<script type=\"application\/ld+json\" class=\"yoast-schema-graph\">{\"@context\":\"https:\/\/schema.org\",\"@graph\":[{\"@type\":\"WebPage\",\"@id\":\"https:\/\/www.noticiasradioreflejos.com.ar\/2021\/extenuados-por-la-segunda-ola-de-coronavirus-los-enfermeros-y-enfermeras-celebran-su-dia\/\",\"url\":\"https:\/\/www.noticiasradioreflejos.com.ar\/2021\/extenuados-por-la-segunda-ola-de-coronavirus-los-enfermeros-y-enfermeras-celebran-su-dia\/\",\"name\":\"Extenuados por la segunda ola de coronavirus, los enfermeros y enfermeras celebran su d\u00eda - Noticias Radio Reflejos\",\"isPartOf\":{\"@id\":\"https:\/\/www.noticiasradioreflejos.com.ar\/2021\/#website\"},\"primaryImageOfPage\":{\"@id\":\"https:\/\/www.noticiasradioreflejos.com.ar\/2021\/extenuados-por-la-segunda-ola-de-coronavirus-los-enfermeros-y-enfermeras-celebran-su-dia\/#primaryimage\"},\"image\":{\"@id\":\"https:\/\/www.noticiasradioreflejos.com.ar\/2021\/extenuados-por-la-segunda-ola-de-coronavirus-los-enfermeros-y-enfermeras-celebran-su-dia\/#primaryimage\"},\"thumbnailUrl\":\"https:\/\/www.telam.com.ar\/advf\/imagenes\/2021\/05\/609b0a3d33fdb_1004x565.jpg\",\"datePublished\":\"2021-05-12T10:49:25+00:00\",\"author\":{\"@id\":\"https:\/\/www.noticiasradioreflejos.com.ar\/2021\/#\/schema\/person\/ad82545263dcc5ec0996818884fd5fb1\"},\"breadcrumb\":{\"@id\":\"https:\/\/www.noticiasradioreflejos.com.ar\/2021\/extenuados-por-la-segunda-ola-de-coronavirus-los-enfermeros-y-enfermeras-celebran-su-dia\/#breadcrumb\"},\"inLanguage\":\"es\",\"potentialAction\":[{\"@type\":\"ReadAction\",\"target\":[\"https:\/\/www.noticiasradioreflejos.com.ar\/2021\/extenuados-por-la-segunda-ola-de-coronavirus-los-enfermeros-y-enfermeras-celebran-su-dia\/\"]}]},{\"@type\":\"ImageObject\",\"inLanguage\":\"es\",\"@id\":\"https:\/\/www.noticiasradioreflejos.com.ar\/2021\/extenuados-por-la-segunda-ola-de-coronavirus-los-enfermeros-y-enfermeras-celebran-su-dia\/#primaryimage\",\"url\":\"https:\/\/www.telam.com.ar\/advf\/imagenes\/2021\/05\/609b0a3d33fdb_1004x565.jpg\",\"contentUrl\":\"https:\/\/www.telam.com.ar\/advf\/imagenes\/2021\/05\/609b0a3d33fdb_1004x565.jpg\"},{\"@type\":\"BreadcrumbList\",\"@id\":\"https:\/\/www.noticiasradioreflejos.com.ar\/2021\/extenuados-por-la-segunda-ola-de-coronavirus-los-enfermeros-y-enfermeras-celebran-su-dia\/#breadcrumb\",\"itemListElement\":[{\"@type\":\"ListItem\",\"position\":1,\"name\":\"Portada\",\"item\":\"https:\/\/www.noticiasradioreflejos.com.ar\/2021\/\"},{\"@type\":\"ListItem\",\"position\":2,\"name\":\"Extenuados por la segunda ola de coronavirus, los enfermeros y enfermeras celebran su d\u00eda\"}]},{\"@type\":\"WebSite\",\"@id\":\"https:\/\/www.noticiasradioreflejos.com.ar\/2021\/#website\",\"url\":\"https:\/\/www.noticiasradioreflejos.com.ar\/2021\/\",\"name\":\"Noticias Radio Reflejos\",\"description\":\"Las noticias de mi comarca\",\"potentialAction\":[{\"@type\":\"SearchAction\",\"target\":{\"@type\":\"EntryPoint\",\"urlTemplate\":\"https:\/\/www.noticiasradioreflejos.com.ar\/2021\/?s={search_term_string}\"},\"query-input\":{\"@type\":\"PropertyValueSpecification\",\"valueRequired\":true,\"valueName\":\"search_term_string\"}}],\"inLanguage\":\"es\"},{\"@type\":\"Person\",\"@id\":\"https:\/\/www.noticiasradioreflejos.com.ar\/2021\/#\/schema\/person\/ad82545263dcc5ec0996818884fd5fb1\",\"name\":\"Arnaldo Botto\",\"image\":{\"@type\":\"ImageObject\",\"inLanguage\":\"es\",\"@id\":\"https:\/\/www.noticiasradioreflejos.com.ar\/2021\/#\/schema\/person\/image\/\",\"url\":\"https:\/\/secure.gravatar.com\/avatar\/55cb5e37c1efa326397366e6974cb338056df65cb50e7d64d1cf314e87504837?s=96&d=mm&r=g\",\"contentUrl\":\"https:\/\/secure.gravatar.com\/avatar\/55cb5e37c1efa326397366e6974cb338056df65cb50e7d64d1cf314e87504837?s=96&d=mm&r=g\",\"caption\":\"Arnaldo Botto\"},\"url\":\"https:\/\/www.noticiasradioreflejos.com.ar\/2021\/author\/arnaldo\/\"}]}<\/script>\n<!-- \/ Yoast SEO plugin. -->","yoast_head_json":{"title":"Extenuados por la segunda ola de coronavirus, los enfermeros y enfermeras celebran su d\u00eda - Noticias Radio Reflejos","robots":{"index":"index","follow":"follow","max-snippet":"max-snippet:-1","max-image-preview":"max-image-preview:large","max-video-preview":"max-video-preview:-1"},"canonical":"https:\/\/www.noticiasradioreflejos.com.ar\/2021\/extenuados-por-la-segunda-ola-de-coronavirus-los-enfermeros-y-enfermeras-celebran-su-dia\/","og_locale":"es_ES","og_type":"article","og_title":"Extenuados por la segunda ola de coronavirus, los enfermeros y enfermeras celebran su d\u00eda - Noticias Radio Reflejos","og_description":"Angustiados, asistiendo las salas y terapias intensivas desbordadas y, en algunos distritos, reclamando para que se los reconozca como profesionales, los trabajadores celebran el D\u00eda Mundial de la Enfermer\u00eda.","og_url":"https:\/\/www.noticiasradioreflejos.com.ar\/2021\/extenuados-por-la-segunda-ola-de-coronavirus-los-enfermeros-y-enfermeras-celebran-su-dia\/","og_site_name":"Noticias Radio Reflejos","article_published_time":"2021-05-12T10:49:25+00:00","og_image":[{"url":"https:\/\/www.telam.com.ar\/advf\/imagenes\/2021\/05\/609b0a3d33fdb_1004x565.jpg","type":"","width":"","height":""}],"author":"Arnaldo Botto","twitter_card":"summary_large_image","schema":{"@context":"https:\/\/schema.org","@graph":[{"@type":"WebPage","@id":"https:\/\/www.noticiasradioreflejos.com.ar\/2021\/extenuados-por-la-segunda-ola-de-coronavirus-los-enfermeros-y-enfermeras-celebran-su-dia\/","url":"https:\/\/www.noticiasradioreflejos.com.ar\/2021\/extenuados-por-la-segunda-ola-de-coronavirus-los-enfermeros-y-enfermeras-celebran-su-dia\/","name":"Extenuados por la segunda ola de coronavirus, los enfermeros y enfermeras celebran su d\u00eda - Noticias Radio Reflejos","isPartOf":{"@id":"https:\/\/www.noticiasradioreflejos.com.ar\/2021\/#website"},"primaryImageOfPage":{"@id":"https:\/\/www.noticiasradioreflejos.com.ar\/2021\/extenuados-por-la-segunda-ola-de-coronavirus-los-enfermeros-y-enfermeras-celebran-su-dia\/#primaryimage"},"image":{"@id":"https:\/\/www.noticiasradioreflejos.com.ar\/2021\/extenuados-por-la-segunda-ola-de-coronavirus-los-enfermeros-y-enfermeras-celebran-su-dia\/#primaryimage"},"thumbnailUrl":"https:\/\/www.telam.com.ar\/advf\/imagenes\/2021\/05\/609b0a3d33fdb_1004x565.jpg","datePublished":"2021-05-12T10:49:25+00:00","author":{"@id":"https:\/\/www.noticiasradioreflejos.com.ar\/2021\/#\/schema\/person\/ad82545263dcc5ec0996818884fd5fb1"},"breadcrumb":{"@id":"https:\/\/www.noticiasradioreflejos.com.ar\/2021\/extenuados-por-la-segunda-ola-de-coronavirus-los-enfermeros-y-enfermeras-celebran-su-dia\/#breadcrumb"},"inLanguage":"es","potentialAction":[{"@type":"ReadAction","target":["https:\/\/www.noticiasradioreflejos.com.ar\/2021\/extenuados-por-la-segunda-ola-de-coronavirus-los-enfermeros-y-enfermeras-celebran-su-dia\/"]}]},{"@type":"ImageObject","inLanguage":"es","@id":"https:\/\/www.noticiasradioreflejos.com.ar\/2021\/extenuados-por-la-segunda-ola-de-coronavirus-los-enfermeros-y-enfermeras-celebran-su-dia\/#primaryimage","url":"https:\/\/www.telam.com.ar\/advf\/imagenes\/2021\/05\/609b0a3d33fdb_1004x565.jpg","contentUrl":"https:\/\/www.telam.com.ar\/advf\/imagenes\/2021\/05\/609b0a3d33fdb_1004x565.jpg"},{"@type":"BreadcrumbList","@id":"https:\/\/www.noticiasradioreflejos.com.ar\/2021\/extenuados-por-la-segunda-ola-de-coronavirus-los-enfermeros-y-enfermeras-celebran-su-dia\/#breadcrumb","itemListElement":[{"@type":"ListItem","position":1,"name":"Portada","item":"https:\/\/www.noticiasradioreflejos.com.ar\/2021\/"},{"@type":"ListItem","position":2,"name":"Extenuados por la segunda ola de coronavirus, los enfermeros y enfermeras celebran su d\u00eda"}]},{"@type":"WebSite","@id":"https:\/\/www.noticiasradioreflejos.com.ar\/2021\/#website","url":"https:\/\/www.noticiasradioreflejos.com.ar\/2021\/","name":"Noticias Radio Reflejos","description":"Las noticias de mi comarca","potentialAction":[{"@type":"SearchAction","target":{"@type":"EntryPoint","urlTemplate":"https:\/\/www.noticiasradioreflejos.com.ar\/2021\/?s={search_term_string}"},"query-input":{"@type":"PropertyValueSpecification","valueRequired":true,"valueName":"search_term_string"}}],"inLanguage":"es"},{"@type":"Person","@id":"https:\/\/www.noticiasradioreflejos.com.ar\/2021\/#\/schema\/person\/ad82545263dcc5ec0996818884fd5fb1","name":"Arnaldo Botto","image":{"@type":"ImageObject","inLanguage":"es","@id":"https:\/\/www.noticiasradioreflejos.com.ar\/2021\/#\/schema\/person\/image\/","url":"https:\/\/secure.gravatar.com\/avatar\/55cb5e37c1efa326397366e6974cb338056df65cb50e7d64d1cf314e87504837?s=96&d=mm&r=g","contentUrl":"https:\/\/secure.gravatar.com\/avatar\/55cb5e37c1efa326397366e6974cb338056df65cb50e7d64d1cf314e87504837?s=96&d=mm&r=g","caption":"Arnaldo Botto"},"url":"https:\/\/www.noticiasradioreflejos.com.ar\/2021\/author\/arnaldo\/"}]}},"_links":{"self":[{"href":"https:\/\/www.noticiasradioreflejos.com.ar\/2021\/wp-json\/wp\/v2\/posts\/56639","targetHints":{"allow":["GET"]}}],"collection":[{"href":"https:\/\/www.noticiasradioreflejos.com.ar\/2021\/wp-json\/wp\/v2\/posts"}],"about":[{"href":"https:\/\/www.noticiasradioreflejos.com.ar\/2021\/wp-json\/wp\/v2\/types\/post"}],"author":[{"embeddable":true,"href":"https:\/\/www.noticiasradioreflejos.com.ar\/2021\/wp-json\/wp\/v2\/users\/3"}],"replies":[{"embeddable":true,"href":"https:\/\/www.noticiasradioreflejos.com.ar\/2021\/wp-json\/wp\/v2\/comments?post=56639"}],"version-history":[{"count":1,"href":"https:\/\/www.noticiasradioreflejos.com.ar\/2021\/wp-json\/wp\/v2\/posts\/56639\/revisions"}],"predecessor-version":[{"id":56641,"href":"https:\/\/www.noticiasradioreflejos.com.ar\/2021\/wp-json\/wp\/v2\/posts\/56639\/revisions\/56641"}],"wp:attachment":[{"href":"https:\/\/www.noticiasradioreflejos.com.ar\/2021\/wp-json\/wp\/v2\/media?parent=56639"}],"wp:term":[{"taxonomy":"category","embeddable":true,"href":"https:\/\/www.noticiasradioreflejos.com.ar\/2021\/wp-json\/wp\/v2\/categories?post=56639"},{"taxonomy":"post_tag","embeddable":true,"href":"https:\/\/www.noticiasradioreflejos.com.ar\/2021\/wp-json\/wp\/v2\/tags?post=56639"}],"curies":[{"name":"wp","href":"https:\/\/api.w.org\/{rel}","templated":true}]}}