{"id":56632,"date":"2021-05-12T10:42:28","date_gmt":"2021-05-12T10:42:28","guid":{"rendered":"http:\/\/www.noticiasradioreflejos.com.ar\/2021\/?p=56632"},"modified":"2021-05-12T10:42:28","modified_gmt":"2021-05-12T10:42:28","slug":"en-paris-el-presidente-se-reunio-con-empresarios-y-luego-se-vera-con-macron","status":"publish","type":"post","link":"https:\/\/www.noticiasradioreflejos.com.ar\/2021\/en-paris-el-presidente-se-reunio-con-empresarios-y-luego-se-vera-con-macron\/","title":{"rendered":"En Par\u00eds, el Presidente se reuni\u00f3 con empresarios y luego se ver\u00e1 con Macron"},"content":{"rendered":"<p>Alberto Fern\u00e1ndez dio inicio a su actividad en Francia, tercera escala de la gira que realiza por Europa. Tras el encuentro con empresarios, ser\u00e1 recibido en el Palacio del El\u00edseo por el mandatario franc\u00e9s.<!--more--><\/p>\n<p>El presidente\u00a0<strong>Alberto Fern\u00e1ndez<\/strong>\u00a0mantuvo hoy un encuentro con empresarios franceses en la sede de la embajada argentina en Par\u00eds, dando inicio de esta manera a su actividad oficial en Francia, tercera escala de la gira que realiza por Europa.<\/p>\n<p>Seg\u00fan informaron fuentes oficiales, los empresarios que asistieron al encuentro -que se prolong\u00f3 durante una hora- fueron Arnaud Breuillac (Total), Laurent Dassault (Dassault), Eric Scotto (Akuo Energy), Christel Bories (Eramet), David Corchia (Total Eren), Raphael Latz (Louis Dreyfus Company), Jean-Louis Girodolle (Lazard) y Facundo Etchebehere (Danone).<\/p>\n<p>Durante la reuni\u00f3n, el Presidente les cont\u00f3 a los hombres de negocios los motivos de su gira por Europa y \u00ablo que ya habl\u00f3 con (el primer de Portugal, Ant\u00f3nio) Costa y con (el presidente del gobierno de Espa\u00f1a, Pedro) S\u00e1nchez\u00bb, seg\u00fan dijo a T\u00e9lam una fuente que estuvo en la reuni\u00f3n.<\/p>\n<p><strong>Fern\u00e1ndez ya se hab\u00eda reunido con estos mismos ocho empresarios en su anterior estad\u00eda en Francia<\/strong>, antes de la pandemia, en un encuentro que cont\u00f3 con la participaci\u00f3n de 30 l\u00edderes del sector.<\/p>\n<p>Se trata de empresarios que ya tienen inversiones en la Argentina, y durante el encuentro \u00abhablaron de las situaciones de cada negocio\u00bb, a\u00f1adi\u00f3 el informante.<\/p>\n<p>\u00abA algunos le esta yendo muy bien, como Dassault, que tiene vinos, energ\u00eda y negocios diversificados; y otros est\u00e1n con particularidades, como Danone, que es una alimenticia\u00bb, ejemplific\u00f3 la fuente sobre el contenido de las alocuciones de los empresarios.<\/p>\n<p>El mes pasado estos ocho empresarios se reunieron en Francia con el ministro de Econom\u00eda,\u00a0<strong>Mart\u00edn Guzm\u00e1n<\/strong>, en una gira que hab\u00eda hecho por Europa.<\/p>\n<p>Del encuentro tambi\u00e9n participaron Guzm\u00e1n; el canciller\u00a0<strong>Felipe Sol\u00e1<\/strong>; y el secretario general de la Presidencia,\u00a0<strong>Julio Vitobello<\/strong>.<\/p>\n<p>Luego, el mandatario argentino ser\u00e1 recibido en el Palacio del El\u00edseo por el presidente\u00a0<strong>Emmanuel Macron<\/strong>, con quien emitir\u00e1 una declaraci\u00f3n conjunta a la prensa y, luego, participar\u00e1 junto a la comitiva oficial de un almuerzo de trabajo.<\/p>\n<p>Despu\u00e9s de estos encuentros, Fern\u00e1ndez partir\u00e1 hacia Roma, donde tiene previsto llegar a las 15 (hora argentina), junto a la primera dama Fabiola Y\u00e1\u00f1ez y el resto de la comitiva oficial que lo acompa\u00f1a para iniciar la cuarta y \u00faltima escala de su gira europea.<\/p>\n<p>El martes,\u00a0<strong><a href=\"https:\/\/www.telam.com.ar\/notas\/202105\/553881-el-presidente-aseguro-que-se-esta-avanzado-hacia-un-acuerdo-con-el-club-de-paris.html\" target=\"_blank\" rel=\"noopener\">el Presidente asegur\u00f3 que se est\u00e1 \u00abavanzando\u00bb hacia un acuerdo por la deuda con el Club de Par\u00eds<\/a><\/strong>, dentro de una negociaci\u00f3n que est\u00e1 a cargo del ministro de Econom\u00eda, quien \u00abha trabajado mucho\u00bb en ese sentido.<\/p>\n<p>\u00abMart\u00edn (Guzm\u00e1n) ha trabajado mucho en eso y creo que estamos avanzando, despu\u00e9s seguramente hablaremos de ese tema\u00bb, dijo Fern\u00e1ndez en declaraciones a la prensa argentina al ingresar al hotel en el que se aloja en Par\u00eds.<\/p>\n<p>La Argentina apunta posponer los vencimientos con el\u00a0<strong>Club de Par\u00eds<\/strong>\u00a0y dejar temporalmente la discusi\u00f3n de una eventual reprogramaci\u00f3n de las condiciones de la deuda, de US$ 2.400 millones.<\/p>\n<div id=\"image\" class=\"image\">\n<p><img decoding=\"async\" title=\"El martes, el Presidente mantuvo un encuentro con su par espa\u00f1ol, Pedro S\u00e1nchez.\" src=\"https:\/\/www.telam.com.ar\/advf\/imagenes\/2021\/05\/609a90191c195_1004x565.jpg\" alt=\"El martes, el Presidente mantuvo un encuentro con su par espa\u00f1ol, Pedro S\u00e1nchez.\" \/><\/p>\n<div class=\"epigrafe\">El martes, el Presidente mantuvo un encuentro con su par espa\u00f1ol, Pedro S\u00e1nchez.<\/div>\n<\/div>\n<p>En cuanto a las conversaciones con el\u00a0<strong>Fondo Monetario Internacional (FMI)<\/strong>\u00a0por la refinanciaci\u00f3n de la deuda, Fern\u00e1ndez destac\u00f3 que\u00a0<strong><a href=\"https:\/\/www.telam.com.ar\/notas\/202105\/553782-pedro-sanchez-alberto-fernandez-gira-europa.html\" target=\"_blank\" rel=\"noopener\">en el encuentro que mantuvo el martes con su par espa\u00f1ol, Pedro S\u00e1nchez, encontr\u00f3 \u00abapoyo\u00bb al pedido argentino<\/a><\/strong>.<\/p>\n<p>Las negociaciones con el FMI buscan avanzar en un acuerdo para renegociar el endeudamiento de US$ 44.000 millones contra\u00eddo por el gobierno de Mauricio Macri.<\/p>\n<p>\u00abPortugal, Espa\u00f1a, Francia, Italia y Alemania nos han acompa\u00f1ado siempre en nuestros planteos y como ahora estamos haciendo nuevos planteos queremos transmit\u00edrselos, y sabemos que podemos contar con ellos\u00bb, manifest\u00f3 el Presidente.<\/p>\n","protected":false},"excerpt":{"rendered":"<p>Alberto Fern\u00e1ndez dio inicio a su actividad en Francia, tercera escala de la gira que realiza por Europa. Tras el encuentro con empresarios, ser\u00e1 recibido en el Palacio del El\u00edseo por el mandatario franc\u00e9s.<\/p>\n","protected":false},"author":3,"featured_media":0,"comment_status":"open","ping_status":"open","sticky":false,"template":"","format":"standard","meta":{"footnotes":""},"categories":[24],"tags":[],"class_list":["post-56632","post","type-post","status-publish","format-standard","hentry","category-politica"],"yoast_head":"<!-- This site is optimized with the Yoast SEO plugin v25.9 - https:\/\/yoast.com\/wordpress\/plugins\/seo\/ -->\n<title>En Par\u00eds, el Presidente se reuni\u00f3 con empresarios y luego se ver\u00e1 con Macron - Noticias Radio Reflejos<\/title>\n<meta name=\"robots\" content=\"index, follow, max-snippet:-1, max-image-preview:large, max-video-preview:-1\" \/>\n<link rel=\"canonical\" href=\"https:\/\/www.noticiasradioreflejos.com.ar\/2021\/en-paris-el-presidente-se-reunio-con-empresarios-y-luego-se-vera-con-macron\/\" \/>\n<meta property=\"og:locale\" content=\"es_ES\" \/>\n<meta property=\"og:type\" content=\"article\" \/>\n<meta property=\"og:title\" content=\"En Par\u00eds, el Presidente se reuni\u00f3 con empresarios y luego se ver\u00e1 con Macron - Noticias Radio Reflejos\" \/>\n<meta property=\"og:description\" content=\"Alberto Fern\u00e1ndez dio inicio a su actividad en Francia, tercera escala de la gira que realiza por Europa. Tras el encuentro con empresarios, ser\u00e1 recibido en el Palacio del El\u00edseo por el mandatario franc\u00e9s.\" \/>\n<meta property=\"og:url\" content=\"https:\/\/www.noticiasradioreflejos.com.ar\/2021\/en-paris-el-presidente-se-reunio-con-empresarios-y-luego-se-vera-con-macron\/\" \/>\n<meta property=\"og:site_name\" content=\"Noticias Radio Reflejos\" \/>\n<meta property=\"article:published_time\" content=\"2021-05-12T10:42:28+00:00\" \/>\n<meta property=\"og:image\" content=\"https:\/\/www.telam.com.ar\/advf\/imagenes\/2021\/05\/609a90191c195_1004x565.jpg\" \/>\n<meta name=\"author\" content=\"Arnaldo Botto\" \/>\n<meta name=\"twitter:card\" content=\"summary_large_image\" \/>\n<script type=\"application\/ld+json\" class=\"yoast-schema-graph\">{\"@context\":\"https:\/\/schema.org\",\"@graph\":[{\"@type\":\"WebPage\",\"@id\":\"https:\/\/www.noticiasradioreflejos.com.ar\/2021\/en-paris-el-presidente-se-reunio-con-empresarios-y-luego-se-vera-con-macron\/\",\"url\":\"https:\/\/www.noticiasradioreflejos.com.ar\/2021\/en-paris-el-presidente-se-reunio-con-empresarios-y-luego-se-vera-con-macron\/\",\"name\":\"En Par\u00eds, el Presidente se reuni\u00f3 con empresarios y luego se ver\u00e1 con Macron - Noticias Radio Reflejos\",\"isPartOf\":{\"@id\":\"https:\/\/www.noticiasradioreflejos.com.ar\/2021\/#website\"},\"primaryImageOfPage\":{\"@id\":\"https:\/\/www.noticiasradioreflejos.com.ar\/2021\/en-paris-el-presidente-se-reunio-con-empresarios-y-luego-se-vera-con-macron\/#primaryimage\"},\"image\":{\"@id\":\"https:\/\/www.noticiasradioreflejos.com.ar\/2021\/en-paris-el-presidente-se-reunio-con-empresarios-y-luego-se-vera-con-macron\/#primaryimage\"},\"thumbnailUrl\":\"https:\/\/www.telam.com.ar\/advf\/imagenes\/2021\/05\/609a90191c195_1004x565.jpg\",\"datePublished\":\"2021-05-12T10:42:28+00:00\",\"author\":{\"@id\":\"https:\/\/www.noticiasradioreflejos.com.ar\/2021\/#\/schema\/person\/ad82545263dcc5ec0996818884fd5fb1\"},\"breadcrumb\":{\"@id\":\"https:\/\/www.noticiasradioreflejos.com.ar\/2021\/en-paris-el-presidente-se-reunio-con-empresarios-y-luego-se-vera-con-macron\/#breadcrumb\"},\"inLanguage\":\"es\",\"potentialAction\":[{\"@type\":\"ReadAction\",\"target\":[\"https:\/\/www.noticiasradioreflejos.com.ar\/2021\/en-paris-el-presidente-se-reunio-con-empresarios-y-luego-se-vera-con-macron\/\"]}]},{\"@type\":\"ImageObject\",\"inLanguage\":\"es\",\"@id\":\"https:\/\/www.noticiasradioreflejos.com.ar\/2021\/en-paris-el-presidente-se-reunio-con-empresarios-y-luego-se-vera-con-macron\/#primaryimage\",\"url\":\"https:\/\/www.telam.com.ar\/advf\/imagenes\/2021\/05\/609a90191c195_1004x565.jpg\",\"contentUrl\":\"https:\/\/www.telam.com.ar\/advf\/imagenes\/2021\/05\/609a90191c195_1004x565.jpg\"},{\"@type\":\"BreadcrumbList\",\"@id\":\"https:\/\/www.noticiasradioreflejos.com.ar\/2021\/en-paris-el-presidente-se-reunio-con-empresarios-y-luego-se-vera-con-macron\/#breadcrumb\",\"itemListElement\":[{\"@type\":\"ListItem\",\"position\":1,\"name\":\"Portada\",\"item\":\"https:\/\/www.noticiasradioreflejos.com.ar\/2021\/\"},{\"@type\":\"ListItem\",\"position\":2,\"name\":\"En Par\u00eds, el Presidente se reuni\u00f3 con empresarios y luego se ver\u00e1 con Macron\"}]},{\"@type\":\"WebSite\",\"@id\":\"https:\/\/www.noticiasradioreflejos.com.ar\/2021\/#website\",\"url\":\"https:\/\/www.noticiasradioreflejos.com.ar\/2021\/\",\"name\":\"Noticias Radio Reflejos\",\"description\":\"Las noticias de mi comarca\",\"potentialAction\":[{\"@type\":\"SearchAction\",\"target\":{\"@type\":\"EntryPoint\",\"urlTemplate\":\"https:\/\/www.noticiasradioreflejos.com.ar\/2021\/?s={search_term_string}\"},\"query-input\":{\"@type\":\"PropertyValueSpecification\",\"valueRequired\":true,\"valueName\":\"search_term_string\"}}],\"inLanguage\":\"es\"},{\"@type\":\"Person\",\"@id\":\"https:\/\/www.noticiasradioreflejos.com.ar\/2021\/#\/schema\/person\/ad82545263dcc5ec0996818884fd5fb1\",\"name\":\"Arnaldo Botto\",\"image\":{\"@type\":\"ImageObject\",\"inLanguage\":\"es\",\"@id\":\"https:\/\/www.noticiasradioreflejos.com.ar\/2021\/#\/schema\/person\/image\/\",\"url\":\"https:\/\/secure.gravatar.com\/avatar\/55cb5e37c1efa326397366e6974cb338056df65cb50e7d64d1cf314e87504837?s=96&d=mm&r=g\",\"contentUrl\":\"https:\/\/secure.gravatar.com\/avatar\/55cb5e37c1efa326397366e6974cb338056df65cb50e7d64d1cf314e87504837?s=96&d=mm&r=g\",\"caption\":\"Arnaldo Botto\"},\"url\":\"https:\/\/www.noticiasradioreflejos.com.ar\/2021\/author\/arnaldo\/\"}]}<\/script>\n<!-- \/ Yoast SEO plugin. -->","yoast_head_json":{"title":"En Par\u00eds, el Presidente se reuni\u00f3 con empresarios y luego se ver\u00e1 con Macron - Noticias Radio Reflejos","robots":{"index":"index","follow":"follow","max-snippet":"max-snippet:-1","max-image-preview":"max-image-preview:large","max-video-preview":"max-video-preview:-1"},"canonical":"https:\/\/www.noticiasradioreflejos.com.ar\/2021\/en-paris-el-presidente-se-reunio-con-empresarios-y-luego-se-vera-con-macron\/","og_locale":"es_ES","og_type":"article","og_title":"En Par\u00eds, el Presidente se reuni\u00f3 con empresarios y luego se ver\u00e1 con Macron - Noticias Radio Reflejos","og_description":"Alberto Fern\u00e1ndez dio inicio a su actividad en Francia, tercera escala de la gira que realiza por Europa. Tras el encuentro con empresarios, ser\u00e1 recibido en el Palacio del El\u00edseo por el mandatario franc\u00e9s.","og_url":"https:\/\/www.noticiasradioreflejos.com.ar\/2021\/en-paris-el-presidente-se-reunio-con-empresarios-y-luego-se-vera-con-macron\/","og_site_name":"Noticias Radio Reflejos","article_published_time":"2021-05-12T10:42:28+00:00","og_image":[{"url":"https:\/\/www.telam.com.ar\/advf\/imagenes\/2021\/05\/609a90191c195_1004x565.jpg","type":"","width":"","height":""}],"author":"Arnaldo Botto","twitter_card":"summary_large_image","schema":{"@context":"https:\/\/schema.org","@graph":[{"@type":"WebPage","@id":"https:\/\/www.noticiasradioreflejos.com.ar\/2021\/en-paris-el-presidente-se-reunio-con-empresarios-y-luego-se-vera-con-macron\/","url":"https:\/\/www.noticiasradioreflejos.com.ar\/2021\/en-paris-el-presidente-se-reunio-con-empresarios-y-luego-se-vera-con-macron\/","name":"En Par\u00eds, el Presidente se reuni\u00f3 con empresarios y luego se ver\u00e1 con Macron - Noticias Radio Reflejos","isPartOf":{"@id":"https:\/\/www.noticiasradioreflejos.com.ar\/2021\/#website"},"primaryImageOfPage":{"@id":"https:\/\/www.noticiasradioreflejos.com.ar\/2021\/en-paris-el-presidente-se-reunio-con-empresarios-y-luego-se-vera-con-macron\/#primaryimage"},"image":{"@id":"https:\/\/www.noticiasradioreflejos.com.ar\/2021\/en-paris-el-presidente-se-reunio-con-empresarios-y-luego-se-vera-con-macron\/#primaryimage"},"thumbnailUrl":"https:\/\/www.telam.com.ar\/advf\/imagenes\/2021\/05\/609a90191c195_1004x565.jpg","datePublished":"2021-05-12T10:42:28+00:00","author":{"@id":"https:\/\/www.noticiasradioreflejos.com.ar\/2021\/#\/schema\/person\/ad82545263dcc5ec0996818884fd5fb1"},"breadcrumb":{"@id":"https:\/\/www.noticiasradioreflejos.com.ar\/2021\/en-paris-el-presidente-se-reunio-con-empresarios-y-luego-se-vera-con-macron\/#breadcrumb"},"inLanguage":"es","potentialAction":[{"@type":"ReadAction","target":["https:\/\/www.noticiasradioreflejos.com.ar\/2021\/en-paris-el-presidente-se-reunio-con-empresarios-y-luego-se-vera-con-macron\/"]}]},{"@type":"ImageObject","inLanguage":"es","@id":"https:\/\/www.noticiasradioreflejos.com.ar\/2021\/en-paris-el-presidente-se-reunio-con-empresarios-y-luego-se-vera-con-macron\/#primaryimage","url":"https:\/\/www.telam.com.ar\/advf\/imagenes\/2021\/05\/609a90191c195_1004x565.jpg","contentUrl":"https:\/\/www.telam.com.ar\/advf\/imagenes\/2021\/05\/609a90191c195_1004x565.jpg"},{"@type":"BreadcrumbList","@id":"https:\/\/www.noticiasradioreflejos.com.ar\/2021\/en-paris-el-presidente-se-reunio-con-empresarios-y-luego-se-vera-con-macron\/#breadcrumb","itemListElement":[{"@type":"ListItem","position":1,"name":"Portada","item":"https:\/\/www.noticiasradioreflejos.com.ar\/2021\/"},{"@type":"ListItem","position":2,"name":"En Par\u00eds, el Presidente se reuni\u00f3 con empresarios y luego se ver\u00e1 con Macron"}]},{"@type":"WebSite","@id":"https:\/\/www.noticiasradioreflejos.com.ar\/2021\/#website","url":"https:\/\/www.noticiasradioreflejos.com.ar\/2021\/","name":"Noticias Radio Reflejos","description":"Las noticias de mi comarca","potentialAction":[{"@type":"SearchAction","target":{"@type":"EntryPoint","urlTemplate":"https:\/\/www.noticiasradioreflejos.com.ar\/2021\/?s={search_term_string}"},"query-input":{"@type":"PropertyValueSpecification","valueRequired":true,"valueName":"search_term_string"}}],"inLanguage":"es"},{"@type":"Person","@id":"https:\/\/www.noticiasradioreflejos.com.ar\/2021\/#\/schema\/person\/ad82545263dcc5ec0996818884fd5fb1","name":"Arnaldo Botto","image":{"@type":"ImageObject","inLanguage":"es","@id":"https:\/\/www.noticiasradioreflejos.com.ar\/2021\/#\/schema\/person\/image\/","url":"https:\/\/secure.gravatar.com\/avatar\/55cb5e37c1efa326397366e6974cb338056df65cb50e7d64d1cf314e87504837?s=96&d=mm&r=g","contentUrl":"https:\/\/secure.gravatar.com\/avatar\/55cb5e37c1efa326397366e6974cb338056df65cb50e7d64d1cf314e87504837?s=96&d=mm&r=g","caption":"Arnaldo Botto"},"url":"https:\/\/www.noticiasradioreflejos.com.ar\/2021\/author\/arnaldo\/"}]}},"_links":{"self":[{"href":"https:\/\/www.noticiasradioreflejos.com.ar\/2021\/wp-json\/wp\/v2\/posts\/56632","targetHints":{"allow":["GET"]}}],"collection":[{"href":"https:\/\/www.noticiasradioreflejos.com.ar\/2021\/wp-json\/wp\/v2\/posts"}],"about":[{"href":"https:\/\/www.noticiasradioreflejos.com.ar\/2021\/wp-json\/wp\/v2\/types\/post"}],"author":[{"embeddable":true,"href":"https:\/\/www.noticiasradioreflejos.com.ar\/2021\/wp-json\/wp\/v2\/users\/3"}],"replies":[{"embeddable":true,"href":"https:\/\/www.noticiasradioreflejos.com.ar\/2021\/wp-json\/wp\/v2\/comments?post=56632"}],"version-history":[{"count":1,"href":"https:\/\/www.noticiasradioreflejos.com.ar\/2021\/wp-json\/wp\/v2\/posts\/56632\/revisions"}],"predecessor-version":[{"id":56634,"href":"https:\/\/www.noticiasradioreflejos.com.ar\/2021\/wp-json\/wp\/v2\/posts\/56632\/revisions\/56634"}],"wp:attachment":[{"href":"https:\/\/www.noticiasradioreflejos.com.ar\/2021\/wp-json\/wp\/v2\/media?parent=56632"}],"wp:term":[{"taxonomy":"category","embeddable":true,"href":"https:\/\/www.noticiasradioreflejos.com.ar\/2021\/wp-json\/wp\/v2\/categories?post=56632"},{"taxonomy":"post_tag","embeddable":true,"href":"https:\/\/www.noticiasradioreflejos.com.ar\/2021\/wp-json\/wp\/v2\/tags?post=56632"}],"curies":[{"name":"wp","href":"https:\/\/api.w.org\/{rel}","templated":true}]}}