{"id":56629,"date":"2021-05-12T10:39:06","date_gmt":"2021-05-12T10:39:06","guid":{"rendered":"http:\/\/www.noticiasradioreflejos.com.ar\/2021\/?p=56629"},"modified":"2021-05-12T13:49:36","modified_gmt":"2021-05-12T13:49:36","slug":"renovo-autoridades-la-camara-de-comercio-de-villa-ventana","status":"publish","type":"post","link":"https:\/\/www.noticiasradioreflejos.com.ar\/2021\/renovo-autoridades-la-camara-de-comercio-de-villa-ventana\/","title":{"rendered":"Renov\u00f3 autoridades la C\u00e1mara de comercio de Villa Ventana"},"content":{"rendered":"<div>\n<div dir=\"ltr\">El d\u00eda 9 de mayo se realiz\u00f3 la Asamblea anual Ordinaria de nuestra Instituci\u00f3n, en la cual hubo renovaci\u00f3n de Comisi\u00f3n Directiva. Se intent\u00f3 armar un grupo de trabajo con la mayor cantidad de rubros comerciales y servicios posibles.<\/div>\n<div>La nueva Comisi\u00f3n qued\u00f3 conformada de la siguiente forma:<\/div>\n<\/div>\n<div><\/div>\n<div dir=\"ltr\">\n<div>\n<div>Presidente\u00a0 \u00a0Fabian Massa<\/div>\n<div>Vice Presidente\u00a0 \u00a0Marcelo Stancanelli<\/div>\n<div>Tesorera\u00a0 \u00a0 Mariana Saviski<\/div>\n<div>Secretaria\u00a0 \u00a0 Elizabeth Alladio<\/div>\n<div>Vocal titular\u00a0 \u00a0Luciana Dominguez<\/div>\n<div>Vocal titular\u00a0 Gast\u00f3n Dorcazberro<\/div>\n<div>Vocal suplente\u00a0 Maria Eugenia Lopez<\/div>\n<div>\u00a0Vocal suplente\u00a0 Oscar Trespalacios<\/div>\n<div><\/div>\n<div><strong>Comisi\u00f3n revisora de Cuentas<\/strong><\/div>\n<div>\u00a0Revisor de cuentas\u00a0 Romina Lia Petruccii<\/div>\n<div>\u00a0Revisor de cuentas\u00a0 \u00a0 \u00a0Diego Gomez<\/div>\n<div>\u00a0Revisor de cuentas\u00a0 \u00a0 \u00a0Alejandro Bucciantini<\/div>\n<div>\u00a0Revisor de cuentas suplente\u00a0 Santiango Diaz Cantera<\/div>\n<div><\/div>\n<\/div>\n<div><\/div>\n<div><\/div>\n<div>\n<div>En primer lugar queremos agradecer por su participaci\u00f3n y compromiso a los integrantes que culminaron sus mandatos en la gesti\u00f3n anterior, sabiendo que contamos con Ellos para dar seguimiento y continuidad a los proyectos y gestiones en curso.<\/div>\n<div>En los pr\u00f3ximos d\u00edas haremos un resumen de las acciones en las que se ven\u00eda trabajando y las nuevas propuestas.<\/div>\n<div>Como siempre, esperamos poder contar con su acompa\u00f1amiento y participaci\u00f3n.<\/div>\n<div>Desde ya, todos y cada uno de los miembros de comisi\u00f3n seremos receptores de propuestas y sugerencias, para de este modo y en conjunto, lograr las metas y objetivos deseados.<\/div>\n<div>Ser\u00e1n bienvenidas todas aquellas personas que tengan intenci\u00f3n de sumarse y colaborar con los grupos de trabajo para cada una de las acciones a llevar adelante.<\/div>\n<div>Muchas Gracias<\/div>\n<div>Atentamente Comisi\u00f3n Directiva C\u00e1mara de Comercio y Turismo de Villa Ventana<\/div>\n<\/div>\n<\/div>\n","protected":false},"excerpt":{"rendered":"<p>El d\u00eda 9 de mayo se realiz\u00f3 la Asamblea anual Ordinaria de nuestra Instituci\u00f3n, en la cual hubo renovaci\u00f3n de Comisi\u00f3n Directiva. Se intent\u00f3 armar un grupo de trabajo con la mayor cantidad de rubros comerciales y servicios posibles. La nueva Comisi\u00f3n qued\u00f3 conformada de la siguiente forma: Presidente\u00a0 \u00a0Fabian Massa Vice Presidente\u00a0 \u00a0Marcelo Stancanelli [&hellip;]<\/p>\n","protected":false},"author":3,"featured_media":0,"comment_status":"open","ping_status":"open","sticky":false,"template":"","format":"standard","meta":{"footnotes":""},"categories":[26],"tags":[],"class_list":["post-56629","post","type-post","status-publish","format-standard","hentry","category-sociedad"],"yoast_head":"<!-- This site is optimized with the Yoast SEO plugin v25.9 - https:\/\/yoast.com\/wordpress\/plugins\/seo\/ -->\n<title>Renov\u00f3 autoridades la C\u00e1mara de comercio de Villa Ventana - Noticias Radio Reflejos<\/title>\n<meta name=\"robots\" content=\"index, follow, max-snippet:-1, max-image-preview:large, max-video-preview:-1\" \/>\n<link rel=\"canonical\" href=\"https:\/\/www.noticiasradioreflejos.com.ar\/2021\/renovo-autoridades-la-camara-de-comercio-de-villa-ventana\/\" \/>\n<meta property=\"og:locale\" content=\"es_ES\" \/>\n<meta property=\"og:type\" content=\"article\" \/>\n<meta property=\"og:title\" content=\"Renov\u00f3 autoridades la C\u00e1mara de comercio de Villa Ventana - Noticias Radio Reflejos\" \/>\n<meta property=\"og:description\" content=\"El d\u00eda 9 de mayo se realiz\u00f3 la Asamblea anual Ordinaria de nuestra Instituci\u00f3n, en la cual hubo renovaci\u00f3n de Comisi\u00f3n Directiva. Se intent\u00f3 armar un grupo de trabajo con la mayor cantidad de rubros comerciales y servicios posibles. La nueva Comisi\u00f3n qued\u00f3 conformada de la siguiente forma: Presidente\u00a0 \u00a0Fabian Massa Vice Presidente\u00a0 \u00a0Marcelo Stancanelli [&hellip;]\" \/>\n<meta property=\"og:url\" content=\"https:\/\/www.noticiasradioreflejos.com.ar\/2021\/renovo-autoridades-la-camara-de-comercio-de-villa-ventana\/\" \/>\n<meta property=\"og:site_name\" content=\"Noticias Radio Reflejos\" \/>\n<meta property=\"article:published_time\" content=\"2021-05-12T10:39:06+00:00\" \/>\n<meta property=\"article:modified_time\" content=\"2021-05-12T13:49:36+00:00\" \/>\n<meta property=\"og:image\" content=\"https:\/\/www.noticiasradioreflejos.com.ar\/2021\/wp-content\/uploads\/2021\/07\/logosol300x200.png\" \/>\n\t<meta property=\"og:image:width\" content=\"300\" \/>\n\t<meta property=\"og:image:height\" content=\"200\" \/>\n\t<meta property=\"og:image:type\" content=\"image\/png\" \/>\n<meta name=\"author\" content=\"Arnaldo Botto\" \/>\n<meta name=\"twitter:card\" content=\"summary_large_image\" \/>\n<script type=\"application\/ld+json\" class=\"yoast-schema-graph\">{\"@context\":\"https:\/\/schema.org\",\"@graph\":[{\"@type\":\"WebPage\",\"@id\":\"https:\/\/www.noticiasradioreflejos.com.ar\/2021\/renovo-autoridades-la-camara-de-comercio-de-villa-ventana\/\",\"url\":\"https:\/\/www.noticiasradioreflejos.com.ar\/2021\/renovo-autoridades-la-camara-de-comercio-de-villa-ventana\/\",\"name\":\"Renov\u00f3 autoridades la C\u00e1mara de comercio de Villa Ventana - Noticias Radio Reflejos\",\"isPartOf\":{\"@id\":\"https:\/\/www.noticiasradioreflejos.com.ar\/2021\/#website\"},\"datePublished\":\"2021-05-12T10:39:06+00:00\",\"dateModified\":\"2021-05-12T13:49:36+00:00\",\"author\":{\"@id\":\"https:\/\/www.noticiasradioreflejos.com.ar\/2021\/#\/schema\/person\/ad82545263dcc5ec0996818884fd5fb1\"},\"breadcrumb\":{\"@id\":\"https:\/\/www.noticiasradioreflejos.com.ar\/2021\/renovo-autoridades-la-camara-de-comercio-de-villa-ventana\/#breadcrumb\"},\"inLanguage\":\"es\",\"potentialAction\":[{\"@type\":\"ReadAction\",\"target\":[\"https:\/\/www.noticiasradioreflejos.com.ar\/2021\/renovo-autoridades-la-camara-de-comercio-de-villa-ventana\/\"]}]},{\"@type\":\"BreadcrumbList\",\"@id\":\"https:\/\/www.noticiasradioreflejos.com.ar\/2021\/renovo-autoridades-la-camara-de-comercio-de-villa-ventana\/#breadcrumb\",\"itemListElement\":[{\"@type\":\"ListItem\",\"position\":1,\"name\":\"Portada\",\"item\":\"https:\/\/www.noticiasradioreflejos.com.ar\/2021\/\"},{\"@type\":\"ListItem\",\"position\":2,\"name\":\"Renov\u00f3 autoridades la C\u00e1mara de comercio de Villa Ventana\"}]},{\"@type\":\"WebSite\",\"@id\":\"https:\/\/www.noticiasradioreflejos.com.ar\/2021\/#website\",\"url\":\"https:\/\/www.noticiasradioreflejos.com.ar\/2021\/\",\"name\":\"Noticias Radio Reflejos\",\"description\":\"Las noticias de mi comarca\",\"potentialAction\":[{\"@type\":\"SearchAction\",\"target\":{\"@type\":\"EntryPoint\",\"urlTemplate\":\"https:\/\/www.noticiasradioreflejos.com.ar\/2021\/?s={search_term_string}\"},\"query-input\":{\"@type\":\"PropertyValueSpecification\",\"valueRequired\":true,\"valueName\":\"search_term_string\"}}],\"inLanguage\":\"es\"},{\"@type\":\"Person\",\"@id\":\"https:\/\/www.noticiasradioreflejos.com.ar\/2021\/#\/schema\/person\/ad82545263dcc5ec0996818884fd5fb1\",\"name\":\"Arnaldo Botto\",\"image\":{\"@type\":\"ImageObject\",\"inLanguage\":\"es\",\"@id\":\"https:\/\/www.noticiasradioreflejos.com.ar\/2021\/#\/schema\/person\/image\/\",\"url\":\"https:\/\/secure.gravatar.com\/avatar\/55cb5e37c1efa326397366e6974cb338056df65cb50e7d64d1cf314e87504837?s=96&d=mm&r=g\",\"contentUrl\":\"https:\/\/secure.gravatar.com\/avatar\/55cb5e37c1efa326397366e6974cb338056df65cb50e7d64d1cf314e87504837?s=96&d=mm&r=g\",\"caption\":\"Arnaldo Botto\"},\"url\":\"https:\/\/www.noticiasradioreflejos.com.ar\/2021\/author\/arnaldo\/\"}]}<\/script>\n<!-- \/ Yoast SEO plugin. -->","yoast_head_json":{"title":"Renov\u00f3 autoridades la C\u00e1mara de comercio de Villa Ventana - Noticias Radio Reflejos","robots":{"index":"index","follow":"follow","max-snippet":"max-snippet:-1","max-image-preview":"max-image-preview:large","max-video-preview":"max-video-preview:-1"},"canonical":"https:\/\/www.noticiasradioreflejos.com.ar\/2021\/renovo-autoridades-la-camara-de-comercio-de-villa-ventana\/","og_locale":"es_ES","og_type":"article","og_title":"Renov\u00f3 autoridades la C\u00e1mara de comercio de Villa Ventana - Noticias Radio Reflejos","og_description":"El d\u00eda 9 de mayo se realiz\u00f3 la Asamblea anual Ordinaria de nuestra Instituci\u00f3n, en la cual hubo renovaci\u00f3n de Comisi\u00f3n Directiva. Se intent\u00f3 armar un grupo de trabajo con la mayor cantidad de rubros comerciales y servicios posibles. La nueva Comisi\u00f3n qued\u00f3 conformada de la siguiente forma: Presidente\u00a0 \u00a0Fabian Massa Vice Presidente\u00a0 \u00a0Marcelo Stancanelli [&hellip;]","og_url":"https:\/\/www.noticiasradioreflejos.com.ar\/2021\/renovo-autoridades-la-camara-de-comercio-de-villa-ventana\/","og_site_name":"Noticias Radio Reflejos","article_published_time":"2021-05-12T10:39:06+00:00","article_modified_time":"2021-05-12T13:49:36+00:00","og_image":[{"width":300,"height":200,"url":"https:\/\/www.noticiasradioreflejos.com.ar\/2021\/wp-content\/uploads\/2021\/07\/logosol300x200.png","type":"image\/png"}],"author":"Arnaldo Botto","twitter_card":"summary_large_image","schema":{"@context":"https:\/\/schema.org","@graph":[{"@type":"WebPage","@id":"https:\/\/www.noticiasradioreflejos.com.ar\/2021\/renovo-autoridades-la-camara-de-comercio-de-villa-ventana\/","url":"https:\/\/www.noticiasradioreflejos.com.ar\/2021\/renovo-autoridades-la-camara-de-comercio-de-villa-ventana\/","name":"Renov\u00f3 autoridades la C\u00e1mara de comercio de Villa Ventana - Noticias Radio Reflejos","isPartOf":{"@id":"https:\/\/www.noticiasradioreflejos.com.ar\/2021\/#website"},"datePublished":"2021-05-12T10:39:06+00:00","dateModified":"2021-05-12T13:49:36+00:00","author":{"@id":"https:\/\/www.noticiasradioreflejos.com.ar\/2021\/#\/schema\/person\/ad82545263dcc5ec0996818884fd5fb1"},"breadcrumb":{"@id":"https:\/\/www.noticiasradioreflejos.com.ar\/2021\/renovo-autoridades-la-camara-de-comercio-de-villa-ventana\/#breadcrumb"},"inLanguage":"es","potentialAction":[{"@type":"ReadAction","target":["https:\/\/www.noticiasradioreflejos.com.ar\/2021\/renovo-autoridades-la-camara-de-comercio-de-villa-ventana\/"]}]},{"@type":"BreadcrumbList","@id":"https:\/\/www.noticiasradioreflejos.com.ar\/2021\/renovo-autoridades-la-camara-de-comercio-de-villa-ventana\/#breadcrumb","itemListElement":[{"@type":"ListItem","position":1,"name":"Portada","item":"https:\/\/www.noticiasradioreflejos.com.ar\/2021\/"},{"@type":"ListItem","position":2,"name":"Renov\u00f3 autoridades la C\u00e1mara de comercio de Villa Ventana"}]},{"@type":"WebSite","@id":"https:\/\/www.noticiasradioreflejos.com.ar\/2021\/#website","url":"https:\/\/www.noticiasradioreflejos.com.ar\/2021\/","name":"Noticias Radio Reflejos","description":"Las noticias de mi comarca","potentialAction":[{"@type":"SearchAction","target":{"@type":"EntryPoint","urlTemplate":"https:\/\/www.noticiasradioreflejos.com.ar\/2021\/?s={search_term_string}"},"query-input":{"@type":"PropertyValueSpecification","valueRequired":true,"valueName":"search_term_string"}}],"inLanguage":"es"},{"@type":"Person","@id":"https:\/\/www.noticiasradioreflejos.com.ar\/2021\/#\/schema\/person\/ad82545263dcc5ec0996818884fd5fb1","name":"Arnaldo Botto","image":{"@type":"ImageObject","inLanguage":"es","@id":"https:\/\/www.noticiasradioreflejos.com.ar\/2021\/#\/schema\/person\/image\/","url":"https:\/\/secure.gravatar.com\/avatar\/55cb5e37c1efa326397366e6974cb338056df65cb50e7d64d1cf314e87504837?s=96&d=mm&r=g","contentUrl":"https:\/\/secure.gravatar.com\/avatar\/55cb5e37c1efa326397366e6974cb338056df65cb50e7d64d1cf314e87504837?s=96&d=mm&r=g","caption":"Arnaldo Botto"},"url":"https:\/\/www.noticiasradioreflejos.com.ar\/2021\/author\/arnaldo\/"}]}},"_links":{"self":[{"href":"https:\/\/www.noticiasradioreflejos.com.ar\/2021\/wp-json\/wp\/v2\/posts\/56629","targetHints":{"allow":["GET"]}}],"collection":[{"href":"https:\/\/www.noticiasradioreflejos.com.ar\/2021\/wp-json\/wp\/v2\/posts"}],"about":[{"href":"https:\/\/www.noticiasradioreflejos.com.ar\/2021\/wp-json\/wp\/v2\/types\/post"}],"author":[{"embeddable":true,"href":"https:\/\/www.noticiasradioreflejos.com.ar\/2021\/wp-json\/wp\/v2\/users\/3"}],"replies":[{"embeddable":true,"href":"https:\/\/www.noticiasradioreflejos.com.ar\/2021\/wp-json\/wp\/v2\/comments?post=56629"}],"version-history":[{"count":3,"href":"https:\/\/www.noticiasradioreflejos.com.ar\/2021\/wp-json\/wp\/v2\/posts\/56629\/revisions"}],"predecessor-version":[{"id":56662,"href":"https:\/\/www.noticiasradioreflejos.com.ar\/2021\/wp-json\/wp\/v2\/posts\/56629\/revisions\/56662"}],"wp:attachment":[{"href":"https:\/\/www.noticiasradioreflejos.com.ar\/2021\/wp-json\/wp\/v2\/media?parent=56629"}],"wp:term":[{"taxonomy":"category","embeddable":true,"href":"https:\/\/www.noticiasradioreflejos.com.ar\/2021\/wp-json\/wp\/v2\/categories?post=56629"},{"taxonomy":"post_tag","embeddable":true,"href":"https:\/\/www.noticiasradioreflejos.com.ar\/2021\/wp-json\/wp\/v2\/tags?post=56629"}],"curies":[{"name":"wp","href":"https:\/\/api.w.org\/{rel}","templated":true}]}}