{"id":56625,"date":"2021-05-12T01:22:41","date_gmt":"2021-05-12T01:22:41","guid":{"rendered":"http:\/\/www.noticiasradioreflejos.com.ar\/2021\/?p=56625"},"modified":"2021-05-12T01:25:41","modified_gmt":"2021-05-12T01:25:41","slug":"proyectos-federales-de-innovacion-pfi-2021","status":"publish","type":"post","link":"https:\/\/www.noticiasradioreflejos.com.ar\/2021\/proyectos-federales-de-innovacion-pfi-2021\/","title":{"rendered":"Proyectos Federales de Innovaci\u00f3n &#8211; PFI 2021"},"content":{"rendered":"<p>La Secretar\u00eda de Producci\u00f3n, Comercio e Industria informa que el Ministerio de Producci\u00f3n, Ciencia y Tecnolog\u00eda de la Provincia de Buenos Aires, convoca a organismos y empresas p\u00fablicas, universidades, instituciones del sistema cient\u00edfico y tecnol\u00f3gico, organizaciones no gubernamentales, empresas privadas, c\u00e1maras, federaciones y cooperativas, a participar del programa \u201cProyectos Federales de Innovaci\u00f3n- PFI 2021\u201d. <!--more--><\/p>\n<p>Dicha convocatoria tiene como objetivo dar soluci\u00f3n a problemas sociales, productivos y ambientales, a trav\u00e9s de la generaci\u00f3n y transferencia del conocimiento.<\/p>\n<p>Quienes deseen participar deber\u00e1n enviar un mail a convocatoriapfi2021@mincyt.gob.ar.<\/p>\n<p>La convocatoria procura contribuir a la federalizaci\u00f3n de la ciencia y la tecnolog\u00eda promoviendo una cultura innovadora territorial e inclusiva, orientada a disminuir las asimetr\u00edas en el acceso al conocimiento.<\/p>\n<p>Para mayor informaci\u00f3n ingresar a<\/p>\n<p><a href=\"https:\/\/www.argentina.gob.ar\/ciencia\/cofecyt\/convocatorias\/PFI2021\">https:\/\/www.argentina.gob.ar\/ciencia\/cofecyt\/convocatorias\/PFI2021<\/a><\/p>\n<p>&nbsp;<\/p>\n<p>&nbsp;<\/p>\n","protected":false},"excerpt":{"rendered":"<p>La Secretar\u00eda de Producci\u00f3n, Comercio e Industria informa que el Ministerio de Producci\u00f3n, Ciencia y Tecnolog\u00eda de la Provincia de Buenos Aires, convoca a organismos y empresas p\u00fablicas, universidades, instituciones del sistema cient\u00edfico y tecnol\u00f3gico, organizaciones no gubernamentales, empresas privadas, c\u00e1maras, federaciones y cooperativas, a participar del programa \u201cProyectos Federales de Innovaci\u00f3n- PFI 2021\u201d.<\/p>\n","protected":false},"author":3,"featured_media":56628,"comment_status":"open","ping_status":"open","sticky":false,"template":"","format":"standard","meta":{"footnotes":""},"categories":[36,28],"tags":[],"class_list":["post-56625","post","type-post","status-publish","format-standard","has-post-thumbnail","hentry","category-economia","category-municipales"],"yoast_head":"<!-- This site is optimized with the Yoast SEO plugin v25.9 - https:\/\/yoast.com\/wordpress\/plugins\/seo\/ -->\n<title>Proyectos Federales de Innovaci\u00f3n - PFI 2021 - Noticias Radio Reflejos<\/title>\n<meta name=\"robots\" content=\"index, follow, max-snippet:-1, max-image-preview:large, max-video-preview:-1\" \/>\n<link rel=\"canonical\" href=\"https:\/\/www.noticiasradioreflejos.com.ar\/2021\/proyectos-federales-de-innovacion-pfi-2021\/\" \/>\n<meta property=\"og:locale\" content=\"es_ES\" \/>\n<meta property=\"og:type\" content=\"article\" \/>\n<meta property=\"og:title\" content=\"Proyectos Federales de Innovaci\u00f3n - PFI 2021 - Noticias Radio Reflejos\" \/>\n<meta property=\"og:description\" content=\"La Secretar\u00eda de Producci\u00f3n, Comercio e Industria informa que el Ministerio de Producci\u00f3n, Ciencia y Tecnolog\u00eda de la Provincia de Buenos Aires, convoca a organismos y empresas p\u00fablicas, universidades, instituciones del sistema cient\u00edfico y tecnol\u00f3gico, organizaciones no gubernamentales, empresas privadas, c\u00e1maras, federaciones y cooperativas, a participar del programa \u201cProyectos Federales de Innovaci\u00f3n- PFI 2021\u201d.\" \/>\n<meta property=\"og:url\" content=\"https:\/\/www.noticiasradioreflejos.com.ar\/2021\/proyectos-federales-de-innovacion-pfi-2021\/\" \/>\n<meta property=\"og:site_name\" content=\"Noticias Radio Reflejos\" \/>\n<meta property=\"article:published_time\" content=\"2021-05-12T01:22:41+00:00\" \/>\n<meta property=\"article:modified_time\" content=\"2021-05-12T01:25:41+00:00\" \/>\n<meta property=\"og:image\" content=\"https:\/\/www.noticiasradioreflejos.com.ar\/2021\/wp-content\/uploads\/2021\/05\/IMG_20210511_222448.jpg\" \/>\n\t<meta property=\"og:image:width\" content=\"1080\" \/>\n\t<meta property=\"og:image:height\" content=\"513\" \/>\n\t<meta property=\"og:image:type\" content=\"image\/jpeg\" \/>\n<meta name=\"author\" content=\"Arnaldo Botto\" \/>\n<meta name=\"twitter:card\" content=\"summary_large_image\" \/>\n<script type=\"application\/ld+json\" class=\"yoast-schema-graph\">{\"@context\":\"https:\/\/schema.org\",\"@graph\":[{\"@type\":\"WebPage\",\"@id\":\"https:\/\/www.noticiasradioreflejos.com.ar\/2021\/proyectos-federales-de-innovacion-pfi-2021\/\",\"url\":\"https:\/\/www.noticiasradioreflejos.com.ar\/2021\/proyectos-federales-de-innovacion-pfi-2021\/\",\"name\":\"Proyectos Federales de Innovaci\u00f3n - PFI 2021 - Noticias Radio Reflejos\",\"isPartOf\":{\"@id\":\"https:\/\/www.noticiasradioreflejos.com.ar\/2021\/#website\"},\"primaryImageOfPage\":{\"@id\":\"https:\/\/www.noticiasradioreflejos.com.ar\/2021\/proyectos-federales-de-innovacion-pfi-2021\/#primaryimage\"},\"image\":{\"@id\":\"https:\/\/www.noticiasradioreflejos.com.ar\/2021\/proyectos-federales-de-innovacion-pfi-2021\/#primaryimage\"},\"thumbnailUrl\":\"https:\/\/www.noticiasradioreflejos.com.ar\/2021\/wp-content\/uploads\/2021\/05\/IMG_20210511_222448.jpg\",\"datePublished\":\"2021-05-12T01:22:41+00:00\",\"dateModified\":\"2021-05-12T01:25:41+00:00\",\"author\":{\"@id\":\"https:\/\/www.noticiasradioreflejos.com.ar\/2021\/#\/schema\/person\/ad82545263dcc5ec0996818884fd5fb1\"},\"breadcrumb\":{\"@id\":\"https:\/\/www.noticiasradioreflejos.com.ar\/2021\/proyectos-federales-de-innovacion-pfi-2021\/#breadcrumb\"},\"inLanguage\":\"es\",\"potentialAction\":[{\"@type\":\"ReadAction\",\"target\":[\"https:\/\/www.noticiasradioreflejos.com.ar\/2021\/proyectos-federales-de-innovacion-pfi-2021\/\"]}]},{\"@type\":\"ImageObject\",\"inLanguage\":\"es\",\"@id\":\"https:\/\/www.noticiasradioreflejos.com.ar\/2021\/proyectos-federales-de-innovacion-pfi-2021\/#primaryimage\",\"url\":\"https:\/\/www.noticiasradioreflejos.com.ar\/2021\/wp-content\/uploads\/2021\/05\/IMG_20210511_222448.jpg\",\"contentUrl\":\"https:\/\/www.noticiasradioreflejos.com.ar\/2021\/wp-content\/uploads\/2021\/05\/IMG_20210511_222448.jpg\",\"width\":1080,\"height\":513},{\"@type\":\"BreadcrumbList\",\"@id\":\"https:\/\/www.noticiasradioreflejos.com.ar\/2021\/proyectos-federales-de-innovacion-pfi-2021\/#breadcrumb\",\"itemListElement\":[{\"@type\":\"ListItem\",\"position\":1,\"name\":\"Portada\",\"item\":\"https:\/\/www.noticiasradioreflejos.com.ar\/2021\/\"},{\"@type\":\"ListItem\",\"position\":2,\"name\":\"Proyectos Federales de Innovaci\u00f3n &#8211; PFI 2021\"}]},{\"@type\":\"WebSite\",\"@id\":\"https:\/\/www.noticiasradioreflejos.com.ar\/2021\/#website\",\"url\":\"https:\/\/www.noticiasradioreflejos.com.ar\/2021\/\",\"name\":\"Noticias Radio Reflejos\",\"description\":\"Las noticias de mi comarca\",\"potentialAction\":[{\"@type\":\"SearchAction\",\"target\":{\"@type\":\"EntryPoint\",\"urlTemplate\":\"https:\/\/www.noticiasradioreflejos.com.ar\/2021\/?s={search_term_string}\"},\"query-input\":{\"@type\":\"PropertyValueSpecification\",\"valueRequired\":true,\"valueName\":\"search_term_string\"}}],\"inLanguage\":\"es\"},{\"@type\":\"Person\",\"@id\":\"https:\/\/www.noticiasradioreflejos.com.ar\/2021\/#\/schema\/person\/ad82545263dcc5ec0996818884fd5fb1\",\"name\":\"Arnaldo Botto\",\"image\":{\"@type\":\"ImageObject\",\"inLanguage\":\"es\",\"@id\":\"https:\/\/www.noticiasradioreflejos.com.ar\/2021\/#\/schema\/person\/image\/\",\"url\":\"https:\/\/secure.gravatar.com\/avatar\/55cb5e37c1efa326397366e6974cb338056df65cb50e7d64d1cf314e87504837?s=96&d=mm&r=g\",\"contentUrl\":\"https:\/\/secure.gravatar.com\/avatar\/55cb5e37c1efa326397366e6974cb338056df65cb50e7d64d1cf314e87504837?s=96&d=mm&r=g\",\"caption\":\"Arnaldo Botto\"},\"url\":\"https:\/\/www.noticiasradioreflejos.com.ar\/2021\/author\/arnaldo\/\"}]}<\/script>\n<!-- \/ Yoast SEO plugin. -->","yoast_head_json":{"title":"Proyectos Federales de Innovaci\u00f3n - PFI 2021 - Noticias Radio Reflejos","robots":{"index":"index","follow":"follow","max-snippet":"max-snippet:-1","max-image-preview":"max-image-preview:large","max-video-preview":"max-video-preview:-1"},"canonical":"https:\/\/www.noticiasradioreflejos.com.ar\/2021\/proyectos-federales-de-innovacion-pfi-2021\/","og_locale":"es_ES","og_type":"article","og_title":"Proyectos Federales de Innovaci\u00f3n - PFI 2021 - Noticias Radio Reflejos","og_description":"La Secretar\u00eda de Producci\u00f3n, Comercio e Industria informa que el Ministerio de Producci\u00f3n, Ciencia y Tecnolog\u00eda de la Provincia de Buenos Aires, convoca a organismos y empresas p\u00fablicas, universidades, instituciones del sistema cient\u00edfico y tecnol\u00f3gico, organizaciones no gubernamentales, empresas privadas, c\u00e1maras, federaciones y cooperativas, a participar del programa \u201cProyectos Federales de Innovaci\u00f3n- PFI 2021\u201d.","og_url":"https:\/\/www.noticiasradioreflejos.com.ar\/2021\/proyectos-federales-de-innovacion-pfi-2021\/","og_site_name":"Noticias Radio Reflejos","article_published_time":"2021-05-12T01:22:41+00:00","article_modified_time":"2021-05-12T01:25:41+00:00","og_image":[{"width":1080,"height":513,"url":"https:\/\/www.noticiasradioreflejos.com.ar\/2021\/wp-content\/uploads\/2021\/05\/IMG_20210511_222448.jpg","type":"image\/jpeg"}],"author":"Arnaldo Botto","twitter_card":"summary_large_image","schema":{"@context":"https:\/\/schema.org","@graph":[{"@type":"WebPage","@id":"https:\/\/www.noticiasradioreflejos.com.ar\/2021\/proyectos-federales-de-innovacion-pfi-2021\/","url":"https:\/\/www.noticiasradioreflejos.com.ar\/2021\/proyectos-federales-de-innovacion-pfi-2021\/","name":"Proyectos Federales de Innovaci\u00f3n - PFI 2021 - Noticias Radio Reflejos","isPartOf":{"@id":"https:\/\/www.noticiasradioreflejos.com.ar\/2021\/#website"},"primaryImageOfPage":{"@id":"https:\/\/www.noticiasradioreflejos.com.ar\/2021\/proyectos-federales-de-innovacion-pfi-2021\/#primaryimage"},"image":{"@id":"https:\/\/www.noticiasradioreflejos.com.ar\/2021\/proyectos-federales-de-innovacion-pfi-2021\/#primaryimage"},"thumbnailUrl":"https:\/\/www.noticiasradioreflejos.com.ar\/2021\/wp-content\/uploads\/2021\/05\/IMG_20210511_222448.jpg","datePublished":"2021-05-12T01:22:41+00:00","dateModified":"2021-05-12T01:25:41+00:00","author":{"@id":"https:\/\/www.noticiasradioreflejos.com.ar\/2021\/#\/schema\/person\/ad82545263dcc5ec0996818884fd5fb1"},"breadcrumb":{"@id":"https:\/\/www.noticiasradioreflejos.com.ar\/2021\/proyectos-federales-de-innovacion-pfi-2021\/#breadcrumb"},"inLanguage":"es","potentialAction":[{"@type":"ReadAction","target":["https:\/\/www.noticiasradioreflejos.com.ar\/2021\/proyectos-federales-de-innovacion-pfi-2021\/"]}]},{"@type":"ImageObject","inLanguage":"es","@id":"https:\/\/www.noticiasradioreflejos.com.ar\/2021\/proyectos-federales-de-innovacion-pfi-2021\/#primaryimage","url":"https:\/\/www.noticiasradioreflejos.com.ar\/2021\/wp-content\/uploads\/2021\/05\/IMG_20210511_222448.jpg","contentUrl":"https:\/\/www.noticiasradioreflejos.com.ar\/2021\/wp-content\/uploads\/2021\/05\/IMG_20210511_222448.jpg","width":1080,"height":513},{"@type":"BreadcrumbList","@id":"https:\/\/www.noticiasradioreflejos.com.ar\/2021\/proyectos-federales-de-innovacion-pfi-2021\/#breadcrumb","itemListElement":[{"@type":"ListItem","position":1,"name":"Portada","item":"https:\/\/www.noticiasradioreflejos.com.ar\/2021\/"},{"@type":"ListItem","position":2,"name":"Proyectos Federales de Innovaci\u00f3n &#8211; PFI 2021"}]},{"@type":"WebSite","@id":"https:\/\/www.noticiasradioreflejos.com.ar\/2021\/#website","url":"https:\/\/www.noticiasradioreflejos.com.ar\/2021\/","name":"Noticias Radio Reflejos","description":"Las noticias de mi comarca","potentialAction":[{"@type":"SearchAction","target":{"@type":"EntryPoint","urlTemplate":"https:\/\/www.noticiasradioreflejos.com.ar\/2021\/?s={search_term_string}"},"query-input":{"@type":"PropertyValueSpecification","valueRequired":true,"valueName":"search_term_string"}}],"inLanguage":"es"},{"@type":"Person","@id":"https:\/\/www.noticiasradioreflejos.com.ar\/2021\/#\/schema\/person\/ad82545263dcc5ec0996818884fd5fb1","name":"Arnaldo Botto","image":{"@type":"ImageObject","inLanguage":"es","@id":"https:\/\/www.noticiasradioreflejos.com.ar\/2021\/#\/schema\/person\/image\/","url":"https:\/\/secure.gravatar.com\/avatar\/55cb5e37c1efa326397366e6974cb338056df65cb50e7d64d1cf314e87504837?s=96&d=mm&r=g","contentUrl":"https:\/\/secure.gravatar.com\/avatar\/55cb5e37c1efa326397366e6974cb338056df65cb50e7d64d1cf314e87504837?s=96&d=mm&r=g","caption":"Arnaldo Botto"},"url":"https:\/\/www.noticiasradioreflejos.com.ar\/2021\/author\/arnaldo\/"}]}},"_links":{"self":[{"href":"https:\/\/www.noticiasradioreflejos.com.ar\/2021\/wp-json\/wp\/v2\/posts\/56625","targetHints":{"allow":["GET"]}}],"collection":[{"href":"https:\/\/www.noticiasradioreflejos.com.ar\/2021\/wp-json\/wp\/v2\/posts"}],"about":[{"href":"https:\/\/www.noticiasradioreflejos.com.ar\/2021\/wp-json\/wp\/v2\/types\/post"}],"author":[{"embeddable":true,"href":"https:\/\/www.noticiasradioreflejos.com.ar\/2021\/wp-json\/wp\/v2\/users\/3"}],"replies":[{"embeddable":true,"href":"https:\/\/www.noticiasradioreflejos.com.ar\/2021\/wp-json\/wp\/v2\/comments?post=56625"}],"version-history":[{"count":1,"href":"https:\/\/www.noticiasradioreflejos.com.ar\/2021\/wp-json\/wp\/v2\/posts\/56625\/revisions"}],"predecessor-version":[{"id":56627,"href":"https:\/\/www.noticiasradioreflejos.com.ar\/2021\/wp-json\/wp\/v2\/posts\/56625\/revisions\/56627"}],"wp:featuredmedia":[{"embeddable":true,"href":"https:\/\/www.noticiasradioreflejos.com.ar\/2021\/wp-json\/wp\/v2\/media\/56628"}],"wp:attachment":[{"href":"https:\/\/www.noticiasradioreflejos.com.ar\/2021\/wp-json\/wp\/v2\/media?parent=56625"}],"wp:term":[{"taxonomy":"category","embeddable":true,"href":"https:\/\/www.noticiasradioreflejos.com.ar\/2021\/wp-json\/wp\/v2\/categories?post=56625"},{"taxonomy":"post_tag","embeddable":true,"href":"https:\/\/www.noticiasradioreflejos.com.ar\/2021\/wp-json\/wp\/v2\/tags?post=56625"}],"curies":[{"name":"wp","href":"https:\/\/api.w.org\/{rel}","templated":true}]}}