{"id":56582,"date":"2021-05-11T11:57:37","date_gmt":"2021-05-11T11:57:37","guid":{"rendered":"http:\/\/www.noticiasradioreflejos.com.ar\/2021\/?p=56582"},"modified":"2021-05-11T11:57:37","modified_gmt":"2021-05-11T11:57:37","slug":"alberto-fernandez-la-argentina-y-espana-van-a-consolidar-un-acuerdo-estrategico","status":"publish","type":"post","link":"https:\/\/www.noticiasradioreflejos.com.ar\/2021\/alberto-fernandez-la-argentina-y-espana-van-a-consolidar-un-acuerdo-estrategico\/","title":{"rendered":"Alberto Fern\u00e1ndez: \u00abLa Argentina y Espa\u00f1a van a consolidar un acuerdo estrat\u00e9gico\u00bb"},"content":{"rendered":"<div class=\"head-content\">\n<p>El Presidente dijo este martes que tiene \u00abexpectativas muy altas\u00bb sobre la visita que su par espa\u00f1ol Pedro S\u00e1nchez realizar\u00e1 en junio pr\u00f3ximo a la Argentina.<\/p>\n<\/div>\n<p><!--more--><\/p>\n<div class=\"main-content-block\">\n<div class=\"main-box clearfix\">\n<div class=\"wrapper-main-section clearfix\">\n<div class=\"wrapper-editable-content\">\n<div class=\"editable-content clearfix\">\n<div id=\"image\" class=\"image\"><img decoding=\"async\" title=\"Fern\u00e1ndez realiz\u00f3 una Declaraci\u00f3n Conjunta en el Palacio de la Moncloa\" src=\"https:\/\/www.telam.com.ar\/advf\/imagenes\/2021\/05\/609a6cc27677d_1004x565.jpg\" alt=\"Fern\u00e1ndez realiz\u00f3 una Declaraci\u00f3n Conjunta en el Palacio de la Moncloa\" \/><\/p>\n<div class=\"epigrafe\">Fern\u00e1ndez realiz\u00f3 una Declaraci\u00f3n Conjunta en el Palacio de la Moncloa<\/div>\n<\/div>\n<p>El presidente Alberto Fern\u00e1ndez dijo este martes que tiene \u00abexpectativas muy altas\u00bb sobre la visita que su par espa\u00f1ol Pedro S\u00e1nchez realizar\u00e1 en junio pr\u00f3ximo a la Argentina.<\/p>\n<p>\u00abVamos a consolidar un acuerdo estrat\u00e9gico y lo podemos relanzar con su visita y profundizarlo todo lo que haga falta\u00bb, dijo Fern\u00e1ndez en una Declaraci\u00f3n Conjunta en el Palacio de la Moncloa, tras la cual mantendr\u00e1n una reuni\u00f3n de trabajo, en el marco de la segunda escala de su gira por Europa.<br \/>\nFinalmente, a las 13.15, el mandatario, junto a la Primera Dama Fabiola Ya\u00f1ez y la comitiva oficial que lo acompa\u00f1a, arribar\u00e1 a la ciudad de Par\u00eds para la tercera escala de la gira europea.<\/p>\n<p>Este lunes el Presidente recibi\u00f3 el apoyo de Portugal, expresado por su primer ministro Ant\u00f3nio Costa, en las negociaciones que la Argentina mantiene con el Fondo Monetario Internacional (FMI) por la reprogramaci\u00f3n de la deuda por US$ 45.000 millones.<\/p>\n<p>\u00abLa Argentina tiene el apoyo de Portugal en la negociaci\u00f3n con el FMI. Intentaremos sensibilizar al organismo\u00bb, dijo el Primer Ministro de Portugal en una conferencia de prensa que se realiz\u00f3 en el Palacio de Sao Bento, la residencia oficial del primer ministro, en la ciudad de Lisboa, y que sigui\u00f3 a un encuentro que ambos mantuvieron durante dos horas con una agenda que incluy\u00f3 la renegociaci\u00f3n de la deuda argentina con el FMI.<\/p>\n<p>El presidente Alberto Fern\u00e1ndez agradeci\u00f3 el apoyo del premier portugu\u00e9s, con quien durante la posterior conferencia de prensa expres\u00f3 coincidencias en cuanto a aspectos vinculados con la necesidad de \u00abcambiar algunas reglas\u00bb del organismo de cr\u00e9dito internacional para que el pago de la deuda no comprometa el desarrollo del pa\u00eds.<\/p>\n<p>En tanto, en su escala por Francia, Fern\u00e1ndez encabezar\u00e1 un encuentro con empresarios en la Embajada argentina en Par\u00eds, y luego ser\u00e1 recibido en el Palacio del Eliseo por el presidente Emmanuel Macron.<\/p>\n<p>Por otra parte, para el jueves, est\u00e1 previsto que la comitiva visite al Papa Francisco en el Palacio Apost\u00f3lico, donde el Presidente mantendr\u00e1 una audiencia privada con la m\u00e1xima autoridad de la Iglesia Cat\u00f3lica.<\/p>\n<p>Luego, el mandatario almorzar\u00e1 con su par de Italia, Sergio Mattarella, en el Palacio del Quirinale, para luego tener una reuni\u00f3n de trabajo, en el Palacio Chigi, con el presidente del Consejo de Ministros, Mario Draghi.<\/p><\/div>\n<\/div>\n<div class=\"wrapper-tags\">\n<div class=\"tags-bar clearfix\">\n<ul><\/ul>\n<\/div>\n<\/div>\n<\/div>\n<\/div>\n<\/div>\n<p>&nbsp;<\/p>\n","protected":false},"excerpt":{"rendered":"<p>El Presidente dijo este martes que tiene \u00abexpectativas muy altas\u00bb sobre la visita que su par espa\u00f1ol Pedro S\u00e1nchez realizar\u00e1 en junio pr\u00f3ximo a la Argentina.<\/p>\n","protected":false},"author":3,"featured_media":0,"comment_status":"open","ping_status":"open","sticky":false,"template":"","format":"standard","meta":{"footnotes":""},"categories":[24],"tags":[],"class_list":["post-56582","post","type-post","status-publish","format-standard","hentry","category-politica"],"yoast_head":"<!-- This site is optimized with the Yoast SEO plugin v25.9 - https:\/\/yoast.com\/wordpress\/plugins\/seo\/ -->\n<title>Alberto Fern\u00e1ndez: &quot;La Argentina y Espa\u00f1a van a consolidar un acuerdo estrat\u00e9gico&quot; - Noticias Radio Reflejos<\/title>\n<meta name=\"robots\" content=\"index, follow, max-snippet:-1, max-image-preview:large, max-video-preview:-1\" \/>\n<link rel=\"canonical\" href=\"https:\/\/www.noticiasradioreflejos.com.ar\/2021\/alberto-fernandez-la-argentina-y-espana-van-a-consolidar-un-acuerdo-estrategico\/\" \/>\n<meta property=\"og:locale\" content=\"es_ES\" \/>\n<meta property=\"og:type\" content=\"article\" \/>\n<meta property=\"og:title\" content=\"Alberto Fern\u00e1ndez: &quot;La Argentina y Espa\u00f1a van a consolidar un acuerdo estrat\u00e9gico&quot; - Noticias Radio Reflejos\" \/>\n<meta property=\"og:description\" content=\"El Presidente dijo este martes que tiene \u00abexpectativas muy altas\u00bb sobre la visita que su par espa\u00f1ol Pedro S\u00e1nchez realizar\u00e1 en junio pr\u00f3ximo a la Argentina.\" \/>\n<meta property=\"og:url\" content=\"https:\/\/www.noticiasradioreflejos.com.ar\/2021\/alberto-fernandez-la-argentina-y-espana-van-a-consolidar-un-acuerdo-estrategico\/\" \/>\n<meta property=\"og:site_name\" content=\"Noticias Radio Reflejos\" \/>\n<meta property=\"article:published_time\" content=\"2021-05-11T11:57:37+00:00\" \/>\n<meta property=\"og:image\" content=\"https:\/\/www.telam.com.ar\/advf\/imagenes\/2021\/05\/609a6cc27677d_1004x565.jpg\" \/>\n<meta name=\"author\" content=\"Arnaldo Botto\" \/>\n<meta name=\"twitter:card\" content=\"summary_large_image\" \/>\n<script type=\"application\/ld+json\" class=\"yoast-schema-graph\">{\"@context\":\"https:\/\/schema.org\",\"@graph\":[{\"@type\":\"WebPage\",\"@id\":\"https:\/\/www.noticiasradioreflejos.com.ar\/2021\/alberto-fernandez-la-argentina-y-espana-van-a-consolidar-un-acuerdo-estrategico\/\",\"url\":\"https:\/\/www.noticiasradioreflejos.com.ar\/2021\/alberto-fernandez-la-argentina-y-espana-van-a-consolidar-un-acuerdo-estrategico\/\",\"name\":\"Alberto Fern\u00e1ndez: \\\"La Argentina y Espa\u00f1a van a consolidar un acuerdo estrat\u00e9gico\\\" - Noticias Radio Reflejos\",\"isPartOf\":{\"@id\":\"https:\/\/www.noticiasradioreflejos.com.ar\/2021\/#website\"},\"primaryImageOfPage\":{\"@id\":\"https:\/\/www.noticiasradioreflejos.com.ar\/2021\/alberto-fernandez-la-argentina-y-espana-van-a-consolidar-un-acuerdo-estrategico\/#primaryimage\"},\"image\":{\"@id\":\"https:\/\/www.noticiasradioreflejos.com.ar\/2021\/alberto-fernandez-la-argentina-y-espana-van-a-consolidar-un-acuerdo-estrategico\/#primaryimage\"},\"thumbnailUrl\":\"https:\/\/www.telam.com.ar\/advf\/imagenes\/2021\/05\/609a6cc27677d_1004x565.jpg\",\"datePublished\":\"2021-05-11T11:57:37+00:00\",\"author\":{\"@id\":\"https:\/\/www.noticiasradioreflejos.com.ar\/2021\/#\/schema\/person\/ad82545263dcc5ec0996818884fd5fb1\"},\"breadcrumb\":{\"@id\":\"https:\/\/www.noticiasradioreflejos.com.ar\/2021\/alberto-fernandez-la-argentina-y-espana-van-a-consolidar-un-acuerdo-estrategico\/#breadcrumb\"},\"inLanguage\":\"es\",\"potentialAction\":[{\"@type\":\"ReadAction\",\"target\":[\"https:\/\/www.noticiasradioreflejos.com.ar\/2021\/alberto-fernandez-la-argentina-y-espana-van-a-consolidar-un-acuerdo-estrategico\/\"]}]},{\"@type\":\"ImageObject\",\"inLanguage\":\"es\",\"@id\":\"https:\/\/www.noticiasradioreflejos.com.ar\/2021\/alberto-fernandez-la-argentina-y-espana-van-a-consolidar-un-acuerdo-estrategico\/#primaryimage\",\"url\":\"https:\/\/www.telam.com.ar\/advf\/imagenes\/2021\/05\/609a6cc27677d_1004x565.jpg\",\"contentUrl\":\"https:\/\/www.telam.com.ar\/advf\/imagenes\/2021\/05\/609a6cc27677d_1004x565.jpg\"},{\"@type\":\"BreadcrumbList\",\"@id\":\"https:\/\/www.noticiasradioreflejos.com.ar\/2021\/alberto-fernandez-la-argentina-y-espana-van-a-consolidar-un-acuerdo-estrategico\/#breadcrumb\",\"itemListElement\":[{\"@type\":\"ListItem\",\"position\":1,\"name\":\"Portada\",\"item\":\"https:\/\/www.noticiasradioreflejos.com.ar\/2021\/\"},{\"@type\":\"ListItem\",\"position\":2,\"name\":\"Alberto Fern\u00e1ndez: \u00abLa Argentina y Espa\u00f1a van a consolidar un acuerdo estrat\u00e9gico\u00bb\"}]},{\"@type\":\"WebSite\",\"@id\":\"https:\/\/www.noticiasradioreflejos.com.ar\/2021\/#website\",\"url\":\"https:\/\/www.noticiasradioreflejos.com.ar\/2021\/\",\"name\":\"Noticias Radio Reflejos\",\"description\":\"Las noticias de mi comarca\",\"potentialAction\":[{\"@type\":\"SearchAction\",\"target\":{\"@type\":\"EntryPoint\",\"urlTemplate\":\"https:\/\/www.noticiasradioreflejos.com.ar\/2021\/?s={search_term_string}\"},\"query-input\":{\"@type\":\"PropertyValueSpecification\",\"valueRequired\":true,\"valueName\":\"search_term_string\"}}],\"inLanguage\":\"es\"},{\"@type\":\"Person\",\"@id\":\"https:\/\/www.noticiasradioreflejos.com.ar\/2021\/#\/schema\/person\/ad82545263dcc5ec0996818884fd5fb1\",\"name\":\"Arnaldo Botto\",\"image\":{\"@type\":\"ImageObject\",\"inLanguage\":\"es\",\"@id\":\"https:\/\/www.noticiasradioreflejos.com.ar\/2021\/#\/schema\/person\/image\/\",\"url\":\"https:\/\/secure.gravatar.com\/avatar\/55cb5e37c1efa326397366e6974cb338056df65cb50e7d64d1cf314e87504837?s=96&d=mm&r=g\",\"contentUrl\":\"https:\/\/secure.gravatar.com\/avatar\/55cb5e37c1efa326397366e6974cb338056df65cb50e7d64d1cf314e87504837?s=96&d=mm&r=g\",\"caption\":\"Arnaldo Botto\"},\"url\":\"https:\/\/www.noticiasradioreflejos.com.ar\/2021\/author\/arnaldo\/\"}]}<\/script>\n<!-- \/ Yoast SEO plugin. -->","yoast_head_json":{"title":"Alberto Fern\u00e1ndez: \"La Argentina y Espa\u00f1a van a consolidar un acuerdo estrat\u00e9gico\" - Noticias Radio Reflejos","robots":{"index":"index","follow":"follow","max-snippet":"max-snippet:-1","max-image-preview":"max-image-preview:large","max-video-preview":"max-video-preview:-1"},"canonical":"https:\/\/www.noticiasradioreflejos.com.ar\/2021\/alberto-fernandez-la-argentina-y-espana-van-a-consolidar-un-acuerdo-estrategico\/","og_locale":"es_ES","og_type":"article","og_title":"Alberto Fern\u00e1ndez: \"La Argentina y Espa\u00f1a van a consolidar un acuerdo estrat\u00e9gico\" - Noticias Radio Reflejos","og_description":"El Presidente dijo este martes que tiene \u00abexpectativas muy altas\u00bb sobre la visita que su par espa\u00f1ol Pedro S\u00e1nchez realizar\u00e1 en junio pr\u00f3ximo a la Argentina.","og_url":"https:\/\/www.noticiasradioreflejos.com.ar\/2021\/alberto-fernandez-la-argentina-y-espana-van-a-consolidar-un-acuerdo-estrategico\/","og_site_name":"Noticias Radio Reflejos","article_published_time":"2021-05-11T11:57:37+00:00","og_image":[{"url":"https:\/\/www.telam.com.ar\/advf\/imagenes\/2021\/05\/609a6cc27677d_1004x565.jpg","type":"","width":"","height":""}],"author":"Arnaldo Botto","twitter_card":"summary_large_image","schema":{"@context":"https:\/\/schema.org","@graph":[{"@type":"WebPage","@id":"https:\/\/www.noticiasradioreflejos.com.ar\/2021\/alberto-fernandez-la-argentina-y-espana-van-a-consolidar-un-acuerdo-estrategico\/","url":"https:\/\/www.noticiasradioreflejos.com.ar\/2021\/alberto-fernandez-la-argentina-y-espana-van-a-consolidar-un-acuerdo-estrategico\/","name":"Alberto Fern\u00e1ndez: \"La Argentina y Espa\u00f1a van a consolidar un acuerdo estrat\u00e9gico\" - Noticias Radio Reflejos","isPartOf":{"@id":"https:\/\/www.noticiasradioreflejos.com.ar\/2021\/#website"},"primaryImageOfPage":{"@id":"https:\/\/www.noticiasradioreflejos.com.ar\/2021\/alberto-fernandez-la-argentina-y-espana-van-a-consolidar-un-acuerdo-estrategico\/#primaryimage"},"image":{"@id":"https:\/\/www.noticiasradioreflejos.com.ar\/2021\/alberto-fernandez-la-argentina-y-espana-van-a-consolidar-un-acuerdo-estrategico\/#primaryimage"},"thumbnailUrl":"https:\/\/www.telam.com.ar\/advf\/imagenes\/2021\/05\/609a6cc27677d_1004x565.jpg","datePublished":"2021-05-11T11:57:37+00:00","author":{"@id":"https:\/\/www.noticiasradioreflejos.com.ar\/2021\/#\/schema\/person\/ad82545263dcc5ec0996818884fd5fb1"},"breadcrumb":{"@id":"https:\/\/www.noticiasradioreflejos.com.ar\/2021\/alberto-fernandez-la-argentina-y-espana-van-a-consolidar-un-acuerdo-estrategico\/#breadcrumb"},"inLanguage":"es","potentialAction":[{"@type":"ReadAction","target":["https:\/\/www.noticiasradioreflejos.com.ar\/2021\/alberto-fernandez-la-argentina-y-espana-van-a-consolidar-un-acuerdo-estrategico\/"]}]},{"@type":"ImageObject","inLanguage":"es","@id":"https:\/\/www.noticiasradioreflejos.com.ar\/2021\/alberto-fernandez-la-argentina-y-espana-van-a-consolidar-un-acuerdo-estrategico\/#primaryimage","url":"https:\/\/www.telam.com.ar\/advf\/imagenes\/2021\/05\/609a6cc27677d_1004x565.jpg","contentUrl":"https:\/\/www.telam.com.ar\/advf\/imagenes\/2021\/05\/609a6cc27677d_1004x565.jpg"},{"@type":"BreadcrumbList","@id":"https:\/\/www.noticiasradioreflejos.com.ar\/2021\/alberto-fernandez-la-argentina-y-espana-van-a-consolidar-un-acuerdo-estrategico\/#breadcrumb","itemListElement":[{"@type":"ListItem","position":1,"name":"Portada","item":"https:\/\/www.noticiasradioreflejos.com.ar\/2021\/"},{"@type":"ListItem","position":2,"name":"Alberto Fern\u00e1ndez: \u00abLa Argentina y Espa\u00f1a van a consolidar un acuerdo estrat\u00e9gico\u00bb"}]},{"@type":"WebSite","@id":"https:\/\/www.noticiasradioreflejos.com.ar\/2021\/#website","url":"https:\/\/www.noticiasradioreflejos.com.ar\/2021\/","name":"Noticias Radio Reflejos","description":"Las noticias de mi comarca","potentialAction":[{"@type":"SearchAction","target":{"@type":"EntryPoint","urlTemplate":"https:\/\/www.noticiasradioreflejos.com.ar\/2021\/?s={search_term_string}"},"query-input":{"@type":"PropertyValueSpecification","valueRequired":true,"valueName":"search_term_string"}}],"inLanguage":"es"},{"@type":"Person","@id":"https:\/\/www.noticiasradioreflejos.com.ar\/2021\/#\/schema\/person\/ad82545263dcc5ec0996818884fd5fb1","name":"Arnaldo Botto","image":{"@type":"ImageObject","inLanguage":"es","@id":"https:\/\/www.noticiasradioreflejos.com.ar\/2021\/#\/schema\/person\/image\/","url":"https:\/\/secure.gravatar.com\/avatar\/55cb5e37c1efa326397366e6974cb338056df65cb50e7d64d1cf314e87504837?s=96&d=mm&r=g","contentUrl":"https:\/\/secure.gravatar.com\/avatar\/55cb5e37c1efa326397366e6974cb338056df65cb50e7d64d1cf314e87504837?s=96&d=mm&r=g","caption":"Arnaldo Botto"},"url":"https:\/\/www.noticiasradioreflejos.com.ar\/2021\/author\/arnaldo\/"}]}},"_links":{"self":[{"href":"https:\/\/www.noticiasradioreflejos.com.ar\/2021\/wp-json\/wp\/v2\/posts\/56582","targetHints":{"allow":["GET"]}}],"collection":[{"href":"https:\/\/www.noticiasradioreflejos.com.ar\/2021\/wp-json\/wp\/v2\/posts"}],"about":[{"href":"https:\/\/www.noticiasradioreflejos.com.ar\/2021\/wp-json\/wp\/v2\/types\/post"}],"author":[{"embeddable":true,"href":"https:\/\/www.noticiasradioreflejos.com.ar\/2021\/wp-json\/wp\/v2\/users\/3"}],"replies":[{"embeddable":true,"href":"https:\/\/www.noticiasradioreflejos.com.ar\/2021\/wp-json\/wp\/v2\/comments?post=56582"}],"version-history":[{"count":1,"href":"https:\/\/www.noticiasradioreflejos.com.ar\/2021\/wp-json\/wp\/v2\/posts\/56582\/revisions"}],"predecessor-version":[{"id":56584,"href":"https:\/\/www.noticiasradioreflejos.com.ar\/2021\/wp-json\/wp\/v2\/posts\/56582\/revisions\/56584"}],"wp:attachment":[{"href":"https:\/\/www.noticiasradioreflejos.com.ar\/2021\/wp-json\/wp\/v2\/media?parent=56582"}],"wp:term":[{"taxonomy":"category","embeddable":true,"href":"https:\/\/www.noticiasradioreflejos.com.ar\/2021\/wp-json\/wp\/v2\/categories?post=56582"},{"taxonomy":"post_tag","embeddable":true,"href":"https:\/\/www.noticiasradioreflejos.com.ar\/2021\/wp-json\/wp\/v2\/tags?post=56582"}],"curies":[{"name":"wp","href":"https:\/\/api.w.org\/{rel}","templated":true}]}}