{"id":56573,"date":"2021-05-10T22:06:01","date_gmt":"2021-05-10T22:06:01","guid":{"rendered":"http:\/\/www.noticiasradioreflejos.com.ar\/2021\/?p=56573"},"modified":"2021-05-10T22:06:01","modified_gmt":"2021-05-10T22:06:01","slug":"coronavirus-detectaron-por-primera-vez-las-variantes-de-la-india-y-sudafrica-en-la-argentina","status":"publish","type":"post","link":"https:\/\/www.noticiasradioreflejos.com.ar\/2021\/coronavirus-detectaron-por-primera-vez-las-variantes-de-la-india-y-sudafrica-en-la-argentina\/","title":{"rendered":"Coronavirus: detectaron por primera vez las variantes de la India y Sud\u00e1frica en la Argentina"},"content":{"rendered":"<header>\n<div class=\"article-header \">\n<p class=\"article-subheadline\">Los casos fueron derivados para cumplir el aislamiento en hoteles y se inform\u00f3 a las jurisdicciones para que realicen el seguimiento de los contactos estrechos<\/p>\n<\/div>\n<\/header>\n<p><!--more--><\/p>\n<article class=\"article | col widescreen-8 desktop-8 tablet-12 width_full\">\n<div class=\"nd-body-article\">\n<p class=\"paragraph\">El Ministerio de Salud de Naci\u00f3n, a trav\u00e9s del Instituto ANLIS MALBRAN, confirm\u00f3 hoy\u00a0<b>el diagn\u00f3stico de SARS-CoV-2 con secuenciaci\u00f3n de variantes prioritarias en tres viajeros, en dos casos se trata de las variantes B.1.617.2 y B.1.617.1\u00a0<\/b>(originariamente aislada en India)\u00a0<b>y en un tercero de la variante B.1.351\u00a0<\/b>(originariamente aislada en Sud\u00e1frica).<\/p>\n<p class=\"paragraph\">\u201cDesde que iniciamos la vigilancia de secuenciaci\u00f3n gen\u00f3mica en viajeros, hemos identificado variantes denominadas prioritarias en casi el 50% de los casos positivos, pero, esta es la primera vez que encontramos las variantes B.1.617.2 y B.1.617.1 (originariamente aislada en India) y B.1.351 (originariamente aislada en Sud\u00e1frica)\u201d, indic\u00f3\u00a0<b>Anal\u00eda Rearte<\/b>, directora Nacional de Epidemiologia e Informaci\u00f3n Estrat\u00e9gica del Ministerio de Salud de la Naci\u00f3n.<\/p>\n<p class=\"paragraph\">La funcionaria explic\u00f3 que \u201cdentro del protocolo de procedimientos para los ingresos a Ezeiza desde el exterior, a todas las personas se les realiza un test de ant\u00edgenos;\u00a0<b>a los que son positivos se los env\u00eda a un hotel en la Ciudad de Buenos Aires a cumplir el aislamiento, y adem\u00e1s se env\u00edan las muestras a secuenciar al laboratorio\u00a0<\/b>Malbr\u00e1n\u201d.<\/p>\n<div class=\"visual__image  \"><img loading=\"lazy\" decoding=\"async\" src=\"https:\/\/www.infobae.com\/new-resizer\/IN3HTqNw-mCetP25d7uNA6q32Dg=\/420x236\/filters:format(jpg):quality(85)\/cloudfront-us-east-1.images.arcpublishing.com\/infobae\/SXEKA6SMYJELZD3O6GLD67ZOFI\" sizes=\"auto, (min-width: 800px) 50vw, 90vw\" srcset=\"https:\/\/www.infobae.com\/new-resizer\/IN3HTqNw-mCetP25d7uNA6q32Dg=\/420x236\/filters:format(jpg):quality(85)\/cloudfront-us-east-1.images.arcpublishing.com\/infobae\/SXEKA6SMYJELZD3O6GLD67ZOFI 420w,https:\/\/www.infobae.com\/new-resizer\/brWtIAz7cPxZLlkkSXbBXjPvk_w=\/768x432\/filters:format(jpg):quality(85)\/cloudfront-us-east-1.images.arcpublishing.com\/infobae\/SXEKA6SMYJELZD3O6GLD67ZOFI 768w,https:\/\/www.infobae.com\/new-resizer\/oRf6GRkdjhZgJ7D5QywV8W_qZyM=\/992x558\/filters:format(jpg):quality(85)\/cloudfront-us-east-1.images.arcpublishing.com\/infobae\/SXEKA6SMYJELZD3O6GLD67ZOFI 992w,https:\/\/www.infobae.com\/new-resizer\/fkMZ7FNAR9cV1cBbY7Teejg4NUE=\/1200x675\/filters:format(jpg):quality(85)\/cloudfront-us-east-1.images.arcpublishing.com\/infobae\/SXEKA6SMYJELZD3O6GLD67ZOFI 1200w\" alt=\"La funcionaria explic\u00f3 que \u201cdentro del protocolo de procedimientos para los ingresos a Ezeiza desde el exterior, a todas las personas se les realiza un test de ant\u00edgenos REUTERS\/Agustin Marcarian\" width=\"4634\" height=\"2607\" \/>La funcionaria explic\u00f3 que \u201cdentro del protocolo de procedimientos para los ingresos a Ezeiza desde el exterior, a todas las personas se les realiza un test de ant\u00edgenos REUTERS\/Agustin Marcarian<\/div>\n<p class=\"paragraph\"><b>De esa secuenciaci\u00f3n surge que, en los dos primeros casos -en dos menores de edad procedentes de Par\u00eds y residentes de Ciudad de Buenos Aires-, se hall\u00f3 la variante B.1.617.2 y B.1.617.1<\/b>\u00a0(originariamente aislada en India); mientras que\u00a0<b>en el tercero\u00a0<\/b>-en una persona de 58 a\u00f1os, procedente de Espa\u00f1a y residente de la provincia de R\u00edo Negro-\u00a0<b>se aisl\u00f3 la variante B.1.351<\/b>\u00a0(originariamente aislada en Sud\u00e1frica).<\/p>\n<p class=\"paragraph\"><b>Los tres viajeros ingresaron al pa\u00eds el 24 de abril<\/b>, y fueron derivados para la realizaci\u00f3n del asilamiento correspondiente a un hotel de la Ciudad de Buenos Aires. El d\u00eda 26 de abril, se notific\u00f3 a las jurisdicciones para que realicen las acciones de seguimiento de los contactos estrechos.<\/p>\n<p class=\"paragraph\">Seg\u00fan informaron las jurisdicciones a la autoridad sanitaria nacional,\u00a0<b>los ni\u00f1os cumplieron el aislamiento junto a sus padres, aunque estos fueron negativos, y el adulto curs\u00f3 el aislamiento de 10 d\u00edas con s\u00edntomas leves.<\/b><\/p>\n<p class=\"paragraph\">\u201c<b>Los casos de tres personas con las variantes de Sud\u00e1frica y de la India eran viajeros que se estudiaron en Ezeiza.<\/b>\u00a0Hasta el momento, con Proyecto Pa\u00eds, que depende del Ministerio de Ciencia, Tecnolog\u00eda e Innovaci\u00f3n, no hemos detectado esas variantes en la circulaci\u00f3n del virus en la comunidad\u201d, dijo a\u00a0<b>Infobae<\/b>\u00a0<b>Mariana Viegas,\u00a0<\/b>especialista y coordinadora de vigilancia gen\u00f3mica del coronavirus en el Hospital de Ni\u00f1os Ricardo Guti\u00e9rrez.<\/p>\n<p class=\"paragraph\"><b>El rol del Malbr\u00e1n<\/b><\/p>\n<p class=\"paragraph\">El centro de referencia en Argentina responsable de analizar todos los pat\u00f3genos que significan una amenaza para la salud humana es la\u00a0<a href=\"https:\/\/www.argentina.gob.ar\/sites\/default\/files\/info_consultoria_final_anlis.pdf\">Administraci\u00f3n Nacional de Laboratorios e Institutos de Salud \u201cDr. Carlos Malbr\u00e1n\u201d<\/a>, o mejor conocido como\u00a0<b>Instituto ANLIS \u2013 Malbr\u00e1n,<\/b>\u00a0un organismo p\u00fablico descentralizado dependiente del Ministerio de Salud de la Naci\u00f3n.<\/p>\n<p class=\"paragraph\">El Ministerio de Salud adquiri\u00f3 en enero, para el Malbr\u00e1n,\u00a0<b>un nuevo equipamiento de la empresa Illumina, que incluye una plataforma rob\u00f3tica<\/b>, un equipo de secuenciaci\u00f3n de nueva generaci\u00f3n con alta capacidad de generaci\u00f3n de secuencias y una infraestructura inform\u00e1tica para estudios de epidemiolog\u00eda gen\u00f3mica, metagen\u00f3mica e inteligencia artificial a gran escala.<\/p>\n<div class=\"visual__image  \"><img loading=\"lazy\" decoding=\"async\" src=\"https:\/\/www.infobae.com\/new-resizer\/psd-kmwqn-L9inH4ITPV-Nk6pqE=\/420x236\/filters:format(jpg):quality(85)\/cloudfront-us-east-1.images.arcpublishing.com\/infobae\/JRIVE7NGWRH7JABTN5HDLNCGCM.jpg\" sizes=\"auto, (min-width: 800px) 50vw, 90vw\" srcset=\"https:\/\/www.infobae.com\/new-resizer\/psd-kmwqn-L9inH4ITPV-Nk6pqE=\/420x236\/filters:format(jpg):quality(85)\/cloudfront-us-east-1.images.arcpublishing.com\/infobae\/JRIVE7NGWRH7JABTN5HDLNCGCM.jpg 420w,https:\/\/www.infobae.com\/new-resizer\/qn6gehDPaBNwi3G75iYBuJxW7h8=\/768x432\/filters:format(jpg):quality(85)\/cloudfront-us-east-1.images.arcpublishing.com\/infobae\/JRIVE7NGWRH7JABTN5HDLNCGCM.jpg 768w,https:\/\/www.infobae.com\/new-resizer\/1UH2hCmVGnvXDR14GT34HXgxacQ=\/992x558\/filters:format(jpg):quality(85)\/cloudfront-us-east-1.images.arcpublishing.com\/infobae\/JRIVE7NGWRH7JABTN5HDLNCGCM.jpg 992w,https:\/\/www.infobae.com\/new-resizer\/425xMq0rF5PLkkiXNa44wyKnick=\/1200x675\/filters:format(jpg):quality(85)\/cloudfront-us-east-1.images.arcpublishing.com\/infobae\/JRIVE7NGWRH7JABTN5HDLNCGCM.jpg 1200w\" alt=\"El centro de referencia en Argentina responsable de analizar todos los pat\u00f3genos que significan una amenaza para la salud humana es la Administraci\u00f3n Nacional de Laboratorios e Institutos de Salud \u201cDr. Carlos Malbr\u00e1n\u201d\" width=\"1920\" height=\"1080\" \/>El centro de referencia en Argentina responsable de analizar todos los pat\u00f3genos que significan una amenaza para la salud humana es la Administraci\u00f3n Nacional de Laboratorios e Institutos de Salud \u201cDr. Carlos Malbr\u00e1n\u201d<\/div>\n<p class=\"paragraph\"><b>El monto invertido asciende casi al mill\u00f3n de d\u00f3lares (992.600 USD) y es la \u00fanica unidad de estas caracter\u00edsticas en la Regi\u00f3n.<\/b>\u00a0Se trata del dispositivo de secuenciaci\u00f3n Covid Seq, que posibilita la generaci\u00f3n de 360 GB de informaci\u00f3n de secuenciaci\u00f3n en 12 horas. Esto genera, por ejemplo, 3 mil genomas de SARS-CoV-2 en 24 horas de operatividad, lo cual admite el estudio gen\u00f3mico a gran escala y a tiempo real.<\/p>\n<p class=\"paragraph\">Para que estos estudios puedan ser escalables,\u00a0<b>el equipo de secuenciaci\u00f3n est\u00e1 asociado a una plataforma rob\u00f3tica que permite la obtenci\u00f3n de material gen\u00e9tico de distintas muestras cl\u00ednicas y el procesamiento posterior en una etapa pre y post amplificaci\u00f3n del material gen\u00e9tico.<\/b>\u00a0Esta plataforma rob\u00f3tica puede ser programada para diversos usos, que permiten escalar tambi\u00e9n el diagn\u00f3stico molecular de la instituci\u00f3n.<\/p>\n<p class=\"paragraph\">La importancia de tener un equipo de estas caracter\u00edsticas en plena pandemia y con nuevas y amenazantes mutaciones, es que<b>\u00a0la secuenciaci\u00f3n gen\u00f3mica que realiza es la \u00fanica tecnolog\u00eda que permite la confirmaci\u00f3n de reinfecciones.<\/b>\u00a0La magnitud de la pandemia COVID-19 y sus medidas de mitigaci\u00f3n a nivel social, ponen de manifiesto, la urgencia por obtener una vacuna segura y efectiva en tiempo r\u00e9cord.<\/p>\n<p class=\"paragraph\">La directora cient\u00edfico-t\u00e9cnica del Instituto Malbr\u00e1n, Claudia Perandones (M.N. 83.079), en di\u00e1logo con\u00a0<b>Infobae<\/b>, explic\u00f3 que\u00a0<b>\u201cuna de las mejores formas de conocer un organismo es secuenciar su genoma,<\/b>\u00a0que contiene las instrucciones necesarias para hacerlo funcionar. Cuando se produce una pandemia como la de COVID-19,\u00a0<b>conocer el genoma del agente infeccioso responsable proporciona informaci\u00f3n con gran relevancia\u00a0<\/b>para los investigadores. Les permite identificar qu\u00e9 es lo que causa la enfermedad, conocer su origen y evoluci\u00f3n con el tiempo o desarrollar estrategias terap\u00e9uticas para hacerle frente\u201d, se\u00f1ala la experta del Malbr\u00e1n.<\/p>\n<p class=\"paragraph\"><b>La gen\u00f3mica es adem\u00e1s indispensable para el seguimiento de la diversidad de las regiones del genoma\u00a0<\/b>como candidatas vacunales a un nivel de precisi\u00f3n de nucle\u00f3tidos y su comparaci\u00f3n con las variantes emergentes en las distintas zonas geogr\u00e1ficas.<\/p>\n<p class=\"paragraph\">Esta plataforma es la \u00fanica aprobada por Food and Drug Administration (FDA \u2013Estados Unidos) tanto para su uso en diagn\u00f3stico como para secuenciaci\u00f3n gen\u00f3mica de coronavirus y ya est\u00e1 siendo utilizado por laboratorios de referencia en Estados Unidos y en el mundo con esta finalidad.<\/p>\n<\/div>\n<\/article>\n","protected":false},"excerpt":{"rendered":"<p>Los casos fueron derivados para cumplir el aislamiento en hoteles y se inform\u00f3 a las jurisdicciones para que realicen el seguimiento de los contactos estrechos<\/p>\n","protected":false},"author":3,"featured_media":0,"comment_status":"open","ping_status":"open","sticky":false,"template":"","format":"standard","meta":{"footnotes":""},"categories":[30],"tags":[],"class_list":["post-56573","post","type-post","status-publish","format-standard","hentry","category-salud"],"yoast_head":"<!-- This site is optimized with the Yoast SEO plugin v25.9 - https:\/\/yoast.com\/wordpress\/plugins\/seo\/ -->\n<title>Coronavirus: detectaron por primera vez las variantes de la India y Sud\u00e1frica en la Argentina - Noticias Radio Reflejos<\/title>\n<meta name=\"robots\" content=\"index, follow, max-snippet:-1, max-image-preview:large, max-video-preview:-1\" \/>\n<link rel=\"canonical\" href=\"https:\/\/www.noticiasradioreflejos.com.ar\/2021\/coronavirus-detectaron-por-primera-vez-las-variantes-de-la-india-y-sudafrica-en-la-argentina\/\" \/>\n<meta property=\"og:locale\" content=\"es_ES\" \/>\n<meta property=\"og:type\" content=\"article\" \/>\n<meta property=\"og:title\" content=\"Coronavirus: detectaron por primera vez las variantes de la India y Sud\u00e1frica en la Argentina - Noticias Radio Reflejos\" \/>\n<meta property=\"og:description\" content=\"Los casos fueron derivados para cumplir el aislamiento en hoteles y se inform\u00f3 a las jurisdicciones para que realicen el seguimiento de los contactos estrechos\" \/>\n<meta property=\"og:url\" content=\"https:\/\/www.noticiasradioreflejos.com.ar\/2021\/coronavirus-detectaron-por-primera-vez-las-variantes-de-la-india-y-sudafrica-en-la-argentina\/\" \/>\n<meta property=\"og:site_name\" content=\"Noticias Radio Reflejos\" \/>\n<meta property=\"article:published_time\" content=\"2021-05-10T22:06:01+00:00\" \/>\n<meta property=\"og:image\" content=\"https:\/\/www.infobae.com\/new-resizer\/IN3HTqNw-mCetP25d7uNA6q32Dg=\/420x236\/filters:format(jpg):quality(85)\/cloudfront-us-east-1.images.arcpublishing.com\/infobae\/SXEKA6SMYJELZD3O6GLD67ZOFI\" \/>\n<meta name=\"author\" content=\"Arnaldo Botto\" \/>\n<meta name=\"twitter:card\" content=\"summary_large_image\" \/>\n<script type=\"application\/ld+json\" class=\"yoast-schema-graph\">{\"@context\":\"https:\/\/schema.org\",\"@graph\":[{\"@type\":\"WebPage\",\"@id\":\"https:\/\/www.noticiasradioreflejos.com.ar\/2021\/coronavirus-detectaron-por-primera-vez-las-variantes-de-la-india-y-sudafrica-en-la-argentina\/\",\"url\":\"https:\/\/www.noticiasradioreflejos.com.ar\/2021\/coronavirus-detectaron-por-primera-vez-las-variantes-de-la-india-y-sudafrica-en-la-argentina\/\",\"name\":\"Coronavirus: detectaron por primera vez las variantes de la India y Sud\u00e1frica en la Argentina - Noticias Radio Reflejos\",\"isPartOf\":{\"@id\":\"https:\/\/www.noticiasradioreflejos.com.ar\/2021\/#website\"},\"primaryImageOfPage\":{\"@id\":\"https:\/\/www.noticiasradioreflejos.com.ar\/2021\/coronavirus-detectaron-por-primera-vez-las-variantes-de-la-india-y-sudafrica-en-la-argentina\/#primaryimage\"},\"image\":{\"@id\":\"https:\/\/www.noticiasradioreflejos.com.ar\/2021\/coronavirus-detectaron-por-primera-vez-las-variantes-de-la-india-y-sudafrica-en-la-argentina\/#primaryimage\"},\"thumbnailUrl\":\"https:\/\/www.infobae.com\/new-resizer\/IN3HTqNw-mCetP25d7uNA6q32Dg=\/420x236\/filters:format(jpg):quality(85)\/cloudfront-us-east-1.images.arcpublishing.com\/infobae\/SXEKA6SMYJELZD3O6GLD67ZOFI\",\"datePublished\":\"2021-05-10T22:06:01+00:00\",\"author\":{\"@id\":\"https:\/\/www.noticiasradioreflejos.com.ar\/2021\/#\/schema\/person\/ad82545263dcc5ec0996818884fd5fb1\"},\"breadcrumb\":{\"@id\":\"https:\/\/www.noticiasradioreflejos.com.ar\/2021\/coronavirus-detectaron-por-primera-vez-las-variantes-de-la-india-y-sudafrica-en-la-argentina\/#breadcrumb\"},\"inLanguage\":\"es\",\"potentialAction\":[{\"@type\":\"ReadAction\",\"target\":[\"https:\/\/www.noticiasradioreflejos.com.ar\/2021\/coronavirus-detectaron-por-primera-vez-las-variantes-de-la-india-y-sudafrica-en-la-argentina\/\"]}]},{\"@type\":\"ImageObject\",\"inLanguage\":\"es\",\"@id\":\"https:\/\/www.noticiasradioreflejos.com.ar\/2021\/coronavirus-detectaron-por-primera-vez-las-variantes-de-la-india-y-sudafrica-en-la-argentina\/#primaryimage\",\"url\":\"https:\/\/www.infobae.com\/new-resizer\/IN3HTqNw-mCetP25d7uNA6q32Dg=\/420x236\/filters:format(jpg):quality(85)\/cloudfront-us-east-1.images.arcpublishing.com\/infobae\/SXEKA6SMYJELZD3O6GLD67ZOFI\",\"contentUrl\":\"https:\/\/www.infobae.com\/new-resizer\/IN3HTqNw-mCetP25d7uNA6q32Dg=\/420x236\/filters:format(jpg):quality(85)\/cloudfront-us-east-1.images.arcpublishing.com\/infobae\/SXEKA6SMYJELZD3O6GLD67ZOFI\"},{\"@type\":\"BreadcrumbList\",\"@id\":\"https:\/\/www.noticiasradioreflejos.com.ar\/2021\/coronavirus-detectaron-por-primera-vez-las-variantes-de-la-india-y-sudafrica-en-la-argentina\/#breadcrumb\",\"itemListElement\":[{\"@type\":\"ListItem\",\"position\":1,\"name\":\"Portada\",\"item\":\"https:\/\/www.noticiasradioreflejos.com.ar\/2021\/\"},{\"@type\":\"ListItem\",\"position\":2,\"name\":\"Coronavirus: detectaron por primera vez las variantes de la India y Sud\u00e1frica en la Argentina\"}]},{\"@type\":\"WebSite\",\"@id\":\"https:\/\/www.noticiasradioreflejos.com.ar\/2021\/#website\",\"url\":\"https:\/\/www.noticiasradioreflejos.com.ar\/2021\/\",\"name\":\"Noticias Radio Reflejos\",\"description\":\"Las noticias de mi comarca\",\"potentialAction\":[{\"@type\":\"SearchAction\",\"target\":{\"@type\":\"EntryPoint\",\"urlTemplate\":\"https:\/\/www.noticiasradioreflejos.com.ar\/2021\/?s={search_term_string}\"},\"query-input\":{\"@type\":\"PropertyValueSpecification\",\"valueRequired\":true,\"valueName\":\"search_term_string\"}}],\"inLanguage\":\"es\"},{\"@type\":\"Person\",\"@id\":\"https:\/\/www.noticiasradioreflejos.com.ar\/2021\/#\/schema\/person\/ad82545263dcc5ec0996818884fd5fb1\",\"name\":\"Arnaldo Botto\",\"image\":{\"@type\":\"ImageObject\",\"inLanguage\":\"es\",\"@id\":\"https:\/\/www.noticiasradioreflejos.com.ar\/2021\/#\/schema\/person\/image\/\",\"url\":\"https:\/\/secure.gravatar.com\/avatar\/55cb5e37c1efa326397366e6974cb338056df65cb50e7d64d1cf314e87504837?s=96&d=mm&r=g\",\"contentUrl\":\"https:\/\/secure.gravatar.com\/avatar\/55cb5e37c1efa326397366e6974cb338056df65cb50e7d64d1cf314e87504837?s=96&d=mm&r=g\",\"caption\":\"Arnaldo Botto\"},\"url\":\"https:\/\/www.noticiasradioreflejos.com.ar\/2021\/author\/arnaldo\/\"}]}<\/script>\n<!-- \/ Yoast SEO plugin. -->","yoast_head_json":{"title":"Coronavirus: detectaron por primera vez las variantes de la India y Sud\u00e1frica en la Argentina - Noticias Radio Reflejos","robots":{"index":"index","follow":"follow","max-snippet":"max-snippet:-1","max-image-preview":"max-image-preview:large","max-video-preview":"max-video-preview:-1"},"canonical":"https:\/\/www.noticiasradioreflejos.com.ar\/2021\/coronavirus-detectaron-por-primera-vez-las-variantes-de-la-india-y-sudafrica-en-la-argentina\/","og_locale":"es_ES","og_type":"article","og_title":"Coronavirus: detectaron por primera vez las variantes de la India y Sud\u00e1frica en la Argentina - Noticias Radio Reflejos","og_description":"Los casos fueron derivados para cumplir el aislamiento en hoteles y se inform\u00f3 a las jurisdicciones para que realicen el seguimiento de los contactos estrechos","og_url":"https:\/\/www.noticiasradioreflejos.com.ar\/2021\/coronavirus-detectaron-por-primera-vez-las-variantes-de-la-india-y-sudafrica-en-la-argentina\/","og_site_name":"Noticias Radio Reflejos","article_published_time":"2021-05-10T22:06:01+00:00","og_image":[{"url":"https:\/\/www.infobae.com\/new-resizer\/IN3HTqNw-mCetP25d7uNA6q32Dg=\/420x236\/filters:format(jpg):quality(85)\/cloudfront-us-east-1.images.arcpublishing.com\/infobae\/SXEKA6SMYJELZD3O6GLD67ZOFI","type":"","width":"","height":""}],"author":"Arnaldo Botto","twitter_card":"summary_large_image","schema":{"@context":"https:\/\/schema.org","@graph":[{"@type":"WebPage","@id":"https:\/\/www.noticiasradioreflejos.com.ar\/2021\/coronavirus-detectaron-por-primera-vez-las-variantes-de-la-india-y-sudafrica-en-la-argentina\/","url":"https:\/\/www.noticiasradioreflejos.com.ar\/2021\/coronavirus-detectaron-por-primera-vez-las-variantes-de-la-india-y-sudafrica-en-la-argentina\/","name":"Coronavirus: detectaron por primera vez las variantes de la India y Sud\u00e1frica en la Argentina - Noticias Radio Reflejos","isPartOf":{"@id":"https:\/\/www.noticiasradioreflejos.com.ar\/2021\/#website"},"primaryImageOfPage":{"@id":"https:\/\/www.noticiasradioreflejos.com.ar\/2021\/coronavirus-detectaron-por-primera-vez-las-variantes-de-la-india-y-sudafrica-en-la-argentina\/#primaryimage"},"image":{"@id":"https:\/\/www.noticiasradioreflejos.com.ar\/2021\/coronavirus-detectaron-por-primera-vez-las-variantes-de-la-india-y-sudafrica-en-la-argentina\/#primaryimage"},"thumbnailUrl":"https:\/\/www.infobae.com\/new-resizer\/IN3HTqNw-mCetP25d7uNA6q32Dg=\/420x236\/filters:format(jpg):quality(85)\/cloudfront-us-east-1.images.arcpublishing.com\/infobae\/SXEKA6SMYJELZD3O6GLD67ZOFI","datePublished":"2021-05-10T22:06:01+00:00","author":{"@id":"https:\/\/www.noticiasradioreflejos.com.ar\/2021\/#\/schema\/person\/ad82545263dcc5ec0996818884fd5fb1"},"breadcrumb":{"@id":"https:\/\/www.noticiasradioreflejos.com.ar\/2021\/coronavirus-detectaron-por-primera-vez-las-variantes-de-la-india-y-sudafrica-en-la-argentina\/#breadcrumb"},"inLanguage":"es","potentialAction":[{"@type":"ReadAction","target":["https:\/\/www.noticiasradioreflejos.com.ar\/2021\/coronavirus-detectaron-por-primera-vez-las-variantes-de-la-india-y-sudafrica-en-la-argentina\/"]}]},{"@type":"ImageObject","inLanguage":"es","@id":"https:\/\/www.noticiasradioreflejos.com.ar\/2021\/coronavirus-detectaron-por-primera-vez-las-variantes-de-la-india-y-sudafrica-en-la-argentina\/#primaryimage","url":"https:\/\/www.infobae.com\/new-resizer\/IN3HTqNw-mCetP25d7uNA6q32Dg=\/420x236\/filters:format(jpg):quality(85)\/cloudfront-us-east-1.images.arcpublishing.com\/infobae\/SXEKA6SMYJELZD3O6GLD67ZOFI","contentUrl":"https:\/\/www.infobae.com\/new-resizer\/IN3HTqNw-mCetP25d7uNA6q32Dg=\/420x236\/filters:format(jpg):quality(85)\/cloudfront-us-east-1.images.arcpublishing.com\/infobae\/SXEKA6SMYJELZD3O6GLD67ZOFI"},{"@type":"BreadcrumbList","@id":"https:\/\/www.noticiasradioreflejos.com.ar\/2021\/coronavirus-detectaron-por-primera-vez-las-variantes-de-la-india-y-sudafrica-en-la-argentina\/#breadcrumb","itemListElement":[{"@type":"ListItem","position":1,"name":"Portada","item":"https:\/\/www.noticiasradioreflejos.com.ar\/2021\/"},{"@type":"ListItem","position":2,"name":"Coronavirus: detectaron por primera vez las variantes de la India y Sud\u00e1frica en la Argentina"}]},{"@type":"WebSite","@id":"https:\/\/www.noticiasradioreflejos.com.ar\/2021\/#website","url":"https:\/\/www.noticiasradioreflejos.com.ar\/2021\/","name":"Noticias Radio Reflejos","description":"Las noticias de mi comarca","potentialAction":[{"@type":"SearchAction","target":{"@type":"EntryPoint","urlTemplate":"https:\/\/www.noticiasradioreflejos.com.ar\/2021\/?s={search_term_string}"},"query-input":{"@type":"PropertyValueSpecification","valueRequired":true,"valueName":"search_term_string"}}],"inLanguage":"es"},{"@type":"Person","@id":"https:\/\/www.noticiasradioreflejos.com.ar\/2021\/#\/schema\/person\/ad82545263dcc5ec0996818884fd5fb1","name":"Arnaldo Botto","image":{"@type":"ImageObject","inLanguage":"es","@id":"https:\/\/www.noticiasradioreflejos.com.ar\/2021\/#\/schema\/person\/image\/","url":"https:\/\/secure.gravatar.com\/avatar\/55cb5e37c1efa326397366e6974cb338056df65cb50e7d64d1cf314e87504837?s=96&d=mm&r=g","contentUrl":"https:\/\/secure.gravatar.com\/avatar\/55cb5e37c1efa326397366e6974cb338056df65cb50e7d64d1cf314e87504837?s=96&d=mm&r=g","caption":"Arnaldo Botto"},"url":"https:\/\/www.noticiasradioreflejos.com.ar\/2021\/author\/arnaldo\/"}]}},"_links":{"self":[{"href":"https:\/\/www.noticiasradioreflejos.com.ar\/2021\/wp-json\/wp\/v2\/posts\/56573","targetHints":{"allow":["GET"]}}],"collection":[{"href":"https:\/\/www.noticiasradioreflejos.com.ar\/2021\/wp-json\/wp\/v2\/posts"}],"about":[{"href":"https:\/\/www.noticiasradioreflejos.com.ar\/2021\/wp-json\/wp\/v2\/types\/post"}],"author":[{"embeddable":true,"href":"https:\/\/www.noticiasradioreflejos.com.ar\/2021\/wp-json\/wp\/v2\/users\/3"}],"replies":[{"embeddable":true,"href":"https:\/\/www.noticiasradioreflejos.com.ar\/2021\/wp-json\/wp\/v2\/comments?post=56573"}],"version-history":[{"count":1,"href":"https:\/\/www.noticiasradioreflejos.com.ar\/2021\/wp-json\/wp\/v2\/posts\/56573\/revisions"}],"predecessor-version":[{"id":56575,"href":"https:\/\/www.noticiasradioreflejos.com.ar\/2021\/wp-json\/wp\/v2\/posts\/56573\/revisions\/56575"}],"wp:attachment":[{"href":"https:\/\/www.noticiasradioreflejos.com.ar\/2021\/wp-json\/wp\/v2\/media?parent=56573"}],"wp:term":[{"taxonomy":"category","embeddable":true,"href":"https:\/\/www.noticiasradioreflejos.com.ar\/2021\/wp-json\/wp\/v2\/categories?post=56573"},{"taxonomy":"post_tag","embeddable":true,"href":"https:\/\/www.noticiasradioreflejos.com.ar\/2021\/wp-json\/wp\/v2\/tags?post=56573"}],"curies":[{"name":"wp","href":"https:\/\/api.w.org\/{rel}","templated":true}]}}