{"id":56570,"date":"2021-05-10T21:45:04","date_gmt":"2021-05-10T21:45:04","guid":{"rendered":"http:\/\/www.noticiasradioreflejos.com.ar\/2021\/?p=56570"},"modified":"2021-05-10T21:45:04","modified_gmt":"2021-05-10T21:45:04","slug":"cinco-provincias-y-ciudad-con-mas-de-90-de-ocupacion-de-terapias-intensivas-segun-la-sati","status":"publish","type":"post","link":"https:\/\/www.noticiasradioreflejos.com.ar\/2021\/cinco-provincias-y-ciudad-con-mas-de-90-de-ocupacion-de-terapias-intensivas-segun-la-sati\/","title":{"rendered":"Cinco provincias y Ciudad, con m\u00e1s de 90% de ocupaci\u00f3n de terapias intensivas, seg\u00fan la SATI"},"content":{"rendered":"<div class=\"head-content\">\n<p>As\u00ed se desprende de la encuesta semanal que hace la Sociedad Argentina de Terapia Intensiva de la que participaron 181 de terapias del pa\u00eds. Las que registran mayor ocupaci\u00f3n son las de Mendoza, Neuqu\u00e9n, San Juan, Buenos Aires y Entre R\u00edos y la Ciudad.<\/p>\n<div class=\"addthis_custom_sharing\"><\/div>\n<\/div>\n<p><!--more--><\/p>\n<div class=\"main-content-block\">\n<div class=\"main-box clearfix\">\n<div class=\"wrapper-main-section clearfix\">\n<div class=\"wrapper-editable-content\">\n<div class=\"editable-content clearfix\">\n<div id=\"image\" class=\"image\"><img decoding=\"async\" title=\"Otro punto que la SATI viene analizando en estas encuestas es la faltante de insumos y lo que relev\u00f3 al 7 de mayo fue que el 65% de las instituciones manifestaron al menos una carencia.\" src=\"https:\/\/www.telam.com.ar\/advf\/imagenes\/2021\/04\/6079fb600cb6d_1004x565.jpg\" alt=\"Otro punto que la SATI viene analizando en estas encuestas es la faltante de insumos y lo que relev\u00f3 al 7 de mayo fue que el 65% de las instituciones manifestaron al menos una carencia.\" \/><\/p>\n<div class=\"epigrafe\">Otro punto que la SATI viene analizando en estas encuestas es la faltante de insumos y lo que relev\u00f3 al 7 de mayo fue que el 65% de las instituciones manifestaron al menos una carencia.<\/div>\n<\/div>\n<p>Centros de salud de las provincias de Mendoza, Neuqu\u00e9n, San Juan, Buenos Aires y Entre R\u00edos y de la Ciudad de Buenos Aires superaban el 90% de ocupaci\u00f3n en las terapias intensiva al 7 de mayo al responder la encuesta semanal que realiza la Sociedad Argentina de Terapia Intensiva (SATI) a instituciones p\u00fablicas y privadas de todo el pa\u00eds.<\/p>\n<p><strong>De esta encuesta participaron 181 Unidades de Terapia Intensiva con un total de 3.563 camas, y se observ\u00f3 una tasa de ocupaci\u00f3n promedio a nivel nacional del 87%, siendo Covid-19 positivos el 55%; de los cuales el 77% requirieron asistencia respiratoria mec\u00e1nica (ARM)<\/strong>, indic\u00f3 el comunicado con los resultados.<\/p>\n<p>Al viernes, la capacidad de expansi\u00f3n de los centros de salud consultados promediaba un 10%.<\/p>\n<p>El relevamiento, que no contempla el total de las terapias intensivas sino s\u00f3lo aquellas que respondieron la encuesta, revel\u00f3 que esta semana los centros de salud de Mendoza y Neuqu\u00e9n reportaron tener una ocupaci\u00f3n del 100%, seguidas de San Juan donde se inform\u00f3 un 97,92%; provincia de Buenos Aires (PBA), un 93,28%; R\u00edo Negro, un 91,89 y la Ciudad de Buenos Aires (CABA) con un 90,44%.<\/p>\n<p>Respecto al \u00c1rea Metropolitana de Buenos Aires (AMBA), que incluye CABA y municipios de la provincia de Buenos Aires, con 53 UTIs analizadas un total de 1.242 camas, se registr\u00f3 un descenso respecto de la semana pasada del 5% aunque m\u00e1s de la mitad de los centros de salud que respondieron (57%) se\u00f1alaron que no tienen camas disponibles.<\/p>\n<p>En esta oportunidad,\u00a0<strong>el relevamiento consult\u00f3 tambi\u00e9n sobre la internaci\u00f3n en UTIs de embarazadas y se observaron 25 (que constituyen el 1,27% de los pacientes Covid-19) de las cuales el 64% requirieron ventilaci\u00f3n mec\u00e1nica.<\/strong><\/p>\n<p>En referencia a\u00a0<strong>la internaci\u00f3n de j\u00f3venes menores de 40 a\u00f1os, la SATI relev\u00f3 a 244 pacientes ingresados por Covid-19 grave que corresponde a un 12.4% de los pacientes Covid-19 positivos, requiriendo el 75% ventilaci\u00f3n mec\u00e1nica.<\/strong><\/p>\n<p>Otro punto que la SATI viene analizando en estas encuestas es la faltante de insumos y lo que relev\u00f3 al 7 de mayo fue que el 65% de las instituciones manifestaron al menos una carencia.<\/p>\n<p>\u00abSin embargo -alert\u00f3 el comunicado- en aquellas UTIs con faltantes, se observ\u00f3 un incremento del d\u00e9ficit en relaci\u00f3n a la semana previa. Por ejemplo, los sedantes pasaron del 27% al 40%; de bloqueantes neuromusculares del 16% al 28%; de anticoagulaci\u00f3n del 9% al 17%, y de analg\u00e9sicos del 9% al 16%\u00bb.<\/p>\n<p>Finalmente,\u00a0<strong>la SATI record\u00f3 que esta encuesta \u00abes s\u00f3lo una muestra, por lo que no es prudente extraer conclusiones por encima de las estad\u00edsticas oficiales\u00bb.<\/strong><\/div>\n<\/div>\n<\/div>\n<\/div>\n<\/div>\n","protected":false},"excerpt":{"rendered":"<p>As\u00ed se desprende de la encuesta semanal que hace la Sociedad Argentina de Terapia Intensiva de la que participaron 181 de terapias del pa\u00eds. Las que registran mayor ocupaci\u00f3n son las de Mendoza, Neuqu\u00e9n, San Juan, Buenos Aires y Entre R\u00edos y la Ciudad.<\/p>\n","protected":false},"author":3,"featured_media":0,"comment_status":"open","ping_status":"open","sticky":false,"template":"","format":"standard","meta":{"footnotes":""},"categories":[30],"tags":[],"class_list":["post-56570","post","type-post","status-publish","format-standard","hentry","category-salud"],"yoast_head":"<!-- This site is optimized with the Yoast SEO plugin v25.9 - https:\/\/yoast.com\/wordpress\/plugins\/seo\/ -->\n<title>Cinco provincias y Ciudad, con m\u00e1s de 90% de ocupaci\u00f3n de terapias intensivas, seg\u00fan la SATI - Noticias Radio Reflejos<\/title>\n<meta name=\"robots\" content=\"index, follow, max-snippet:-1, max-image-preview:large, max-video-preview:-1\" \/>\n<link rel=\"canonical\" href=\"https:\/\/www.noticiasradioreflejos.com.ar\/2021\/cinco-provincias-y-ciudad-con-mas-de-90-de-ocupacion-de-terapias-intensivas-segun-la-sati\/\" \/>\n<meta property=\"og:locale\" content=\"es_ES\" \/>\n<meta property=\"og:type\" content=\"article\" \/>\n<meta property=\"og:title\" content=\"Cinco provincias y Ciudad, con m\u00e1s de 90% de ocupaci\u00f3n de terapias intensivas, seg\u00fan la SATI - Noticias Radio Reflejos\" \/>\n<meta property=\"og:description\" content=\"As\u00ed se desprende de la encuesta semanal que hace la Sociedad Argentina de Terapia Intensiva de la que participaron 181 de terapias del pa\u00eds. Las que registran mayor ocupaci\u00f3n son las de Mendoza, Neuqu\u00e9n, San Juan, Buenos Aires y Entre R\u00edos y la Ciudad.\" \/>\n<meta property=\"og:url\" content=\"https:\/\/www.noticiasradioreflejos.com.ar\/2021\/cinco-provincias-y-ciudad-con-mas-de-90-de-ocupacion-de-terapias-intensivas-segun-la-sati\/\" \/>\n<meta property=\"og:site_name\" content=\"Noticias Radio Reflejos\" \/>\n<meta property=\"article:published_time\" content=\"2021-05-10T21:45:04+00:00\" \/>\n<meta property=\"og:image\" content=\"https:\/\/www.telam.com.ar\/advf\/imagenes\/2021\/04\/6079fb600cb6d_1004x565.jpg\" \/>\n<meta name=\"author\" content=\"Arnaldo Botto\" \/>\n<meta name=\"twitter:card\" content=\"summary_large_image\" \/>\n<script type=\"application\/ld+json\" class=\"yoast-schema-graph\">{\"@context\":\"https:\/\/schema.org\",\"@graph\":[{\"@type\":\"WebPage\",\"@id\":\"https:\/\/www.noticiasradioreflejos.com.ar\/2021\/cinco-provincias-y-ciudad-con-mas-de-90-de-ocupacion-de-terapias-intensivas-segun-la-sati\/\",\"url\":\"https:\/\/www.noticiasradioreflejos.com.ar\/2021\/cinco-provincias-y-ciudad-con-mas-de-90-de-ocupacion-de-terapias-intensivas-segun-la-sati\/\",\"name\":\"Cinco provincias y Ciudad, con m\u00e1s de 90% de ocupaci\u00f3n de terapias intensivas, seg\u00fan la SATI - Noticias Radio Reflejos\",\"isPartOf\":{\"@id\":\"https:\/\/www.noticiasradioreflejos.com.ar\/2021\/#website\"},\"primaryImageOfPage\":{\"@id\":\"https:\/\/www.noticiasradioreflejos.com.ar\/2021\/cinco-provincias-y-ciudad-con-mas-de-90-de-ocupacion-de-terapias-intensivas-segun-la-sati\/#primaryimage\"},\"image\":{\"@id\":\"https:\/\/www.noticiasradioreflejos.com.ar\/2021\/cinco-provincias-y-ciudad-con-mas-de-90-de-ocupacion-de-terapias-intensivas-segun-la-sati\/#primaryimage\"},\"thumbnailUrl\":\"https:\/\/www.telam.com.ar\/advf\/imagenes\/2021\/04\/6079fb600cb6d_1004x565.jpg\",\"datePublished\":\"2021-05-10T21:45:04+00:00\",\"author\":{\"@id\":\"https:\/\/www.noticiasradioreflejos.com.ar\/2021\/#\/schema\/person\/ad82545263dcc5ec0996818884fd5fb1\"},\"breadcrumb\":{\"@id\":\"https:\/\/www.noticiasradioreflejos.com.ar\/2021\/cinco-provincias-y-ciudad-con-mas-de-90-de-ocupacion-de-terapias-intensivas-segun-la-sati\/#breadcrumb\"},\"inLanguage\":\"es\",\"potentialAction\":[{\"@type\":\"ReadAction\",\"target\":[\"https:\/\/www.noticiasradioreflejos.com.ar\/2021\/cinco-provincias-y-ciudad-con-mas-de-90-de-ocupacion-de-terapias-intensivas-segun-la-sati\/\"]}]},{\"@type\":\"ImageObject\",\"inLanguage\":\"es\",\"@id\":\"https:\/\/www.noticiasradioreflejos.com.ar\/2021\/cinco-provincias-y-ciudad-con-mas-de-90-de-ocupacion-de-terapias-intensivas-segun-la-sati\/#primaryimage\",\"url\":\"https:\/\/www.telam.com.ar\/advf\/imagenes\/2021\/04\/6079fb600cb6d_1004x565.jpg\",\"contentUrl\":\"https:\/\/www.telam.com.ar\/advf\/imagenes\/2021\/04\/6079fb600cb6d_1004x565.jpg\"},{\"@type\":\"BreadcrumbList\",\"@id\":\"https:\/\/www.noticiasradioreflejos.com.ar\/2021\/cinco-provincias-y-ciudad-con-mas-de-90-de-ocupacion-de-terapias-intensivas-segun-la-sati\/#breadcrumb\",\"itemListElement\":[{\"@type\":\"ListItem\",\"position\":1,\"name\":\"Portada\",\"item\":\"https:\/\/www.noticiasradioreflejos.com.ar\/2021\/\"},{\"@type\":\"ListItem\",\"position\":2,\"name\":\"Cinco provincias y Ciudad, con m\u00e1s de 90% de ocupaci\u00f3n de terapias intensivas, seg\u00fan la SATI\"}]},{\"@type\":\"WebSite\",\"@id\":\"https:\/\/www.noticiasradioreflejos.com.ar\/2021\/#website\",\"url\":\"https:\/\/www.noticiasradioreflejos.com.ar\/2021\/\",\"name\":\"Noticias Radio Reflejos\",\"description\":\"Las noticias de mi comarca\",\"potentialAction\":[{\"@type\":\"SearchAction\",\"target\":{\"@type\":\"EntryPoint\",\"urlTemplate\":\"https:\/\/www.noticiasradioreflejos.com.ar\/2021\/?s={search_term_string}\"},\"query-input\":{\"@type\":\"PropertyValueSpecification\",\"valueRequired\":true,\"valueName\":\"search_term_string\"}}],\"inLanguage\":\"es\"},{\"@type\":\"Person\",\"@id\":\"https:\/\/www.noticiasradioreflejos.com.ar\/2021\/#\/schema\/person\/ad82545263dcc5ec0996818884fd5fb1\",\"name\":\"Arnaldo Botto\",\"image\":{\"@type\":\"ImageObject\",\"inLanguage\":\"es\",\"@id\":\"https:\/\/www.noticiasradioreflejos.com.ar\/2021\/#\/schema\/person\/image\/\",\"url\":\"https:\/\/secure.gravatar.com\/avatar\/55cb5e37c1efa326397366e6974cb338056df65cb50e7d64d1cf314e87504837?s=96&d=mm&r=g\",\"contentUrl\":\"https:\/\/secure.gravatar.com\/avatar\/55cb5e37c1efa326397366e6974cb338056df65cb50e7d64d1cf314e87504837?s=96&d=mm&r=g\",\"caption\":\"Arnaldo Botto\"},\"url\":\"https:\/\/www.noticiasradioreflejos.com.ar\/2021\/author\/arnaldo\/\"}]}<\/script>\n<!-- \/ Yoast SEO plugin. -->","yoast_head_json":{"title":"Cinco provincias y Ciudad, con m\u00e1s de 90% de ocupaci\u00f3n de terapias intensivas, seg\u00fan la SATI - Noticias Radio Reflejos","robots":{"index":"index","follow":"follow","max-snippet":"max-snippet:-1","max-image-preview":"max-image-preview:large","max-video-preview":"max-video-preview:-1"},"canonical":"https:\/\/www.noticiasradioreflejos.com.ar\/2021\/cinco-provincias-y-ciudad-con-mas-de-90-de-ocupacion-de-terapias-intensivas-segun-la-sati\/","og_locale":"es_ES","og_type":"article","og_title":"Cinco provincias y Ciudad, con m\u00e1s de 90% de ocupaci\u00f3n de terapias intensivas, seg\u00fan la SATI - Noticias Radio Reflejos","og_description":"As\u00ed se desprende de la encuesta semanal que hace la Sociedad Argentina de Terapia Intensiva de la que participaron 181 de terapias del pa\u00eds. Las que registran mayor ocupaci\u00f3n son las de Mendoza, Neuqu\u00e9n, San Juan, Buenos Aires y Entre R\u00edos y la Ciudad.","og_url":"https:\/\/www.noticiasradioreflejos.com.ar\/2021\/cinco-provincias-y-ciudad-con-mas-de-90-de-ocupacion-de-terapias-intensivas-segun-la-sati\/","og_site_name":"Noticias Radio Reflejos","article_published_time":"2021-05-10T21:45:04+00:00","og_image":[{"url":"https:\/\/www.telam.com.ar\/advf\/imagenes\/2021\/04\/6079fb600cb6d_1004x565.jpg","type":"","width":"","height":""}],"author":"Arnaldo Botto","twitter_card":"summary_large_image","schema":{"@context":"https:\/\/schema.org","@graph":[{"@type":"WebPage","@id":"https:\/\/www.noticiasradioreflejos.com.ar\/2021\/cinco-provincias-y-ciudad-con-mas-de-90-de-ocupacion-de-terapias-intensivas-segun-la-sati\/","url":"https:\/\/www.noticiasradioreflejos.com.ar\/2021\/cinco-provincias-y-ciudad-con-mas-de-90-de-ocupacion-de-terapias-intensivas-segun-la-sati\/","name":"Cinco provincias y Ciudad, con m\u00e1s de 90% de ocupaci\u00f3n de terapias intensivas, seg\u00fan la SATI - Noticias Radio Reflejos","isPartOf":{"@id":"https:\/\/www.noticiasradioreflejos.com.ar\/2021\/#website"},"primaryImageOfPage":{"@id":"https:\/\/www.noticiasradioreflejos.com.ar\/2021\/cinco-provincias-y-ciudad-con-mas-de-90-de-ocupacion-de-terapias-intensivas-segun-la-sati\/#primaryimage"},"image":{"@id":"https:\/\/www.noticiasradioreflejos.com.ar\/2021\/cinco-provincias-y-ciudad-con-mas-de-90-de-ocupacion-de-terapias-intensivas-segun-la-sati\/#primaryimage"},"thumbnailUrl":"https:\/\/www.telam.com.ar\/advf\/imagenes\/2021\/04\/6079fb600cb6d_1004x565.jpg","datePublished":"2021-05-10T21:45:04+00:00","author":{"@id":"https:\/\/www.noticiasradioreflejos.com.ar\/2021\/#\/schema\/person\/ad82545263dcc5ec0996818884fd5fb1"},"breadcrumb":{"@id":"https:\/\/www.noticiasradioreflejos.com.ar\/2021\/cinco-provincias-y-ciudad-con-mas-de-90-de-ocupacion-de-terapias-intensivas-segun-la-sati\/#breadcrumb"},"inLanguage":"es","potentialAction":[{"@type":"ReadAction","target":["https:\/\/www.noticiasradioreflejos.com.ar\/2021\/cinco-provincias-y-ciudad-con-mas-de-90-de-ocupacion-de-terapias-intensivas-segun-la-sati\/"]}]},{"@type":"ImageObject","inLanguage":"es","@id":"https:\/\/www.noticiasradioreflejos.com.ar\/2021\/cinco-provincias-y-ciudad-con-mas-de-90-de-ocupacion-de-terapias-intensivas-segun-la-sati\/#primaryimage","url":"https:\/\/www.telam.com.ar\/advf\/imagenes\/2021\/04\/6079fb600cb6d_1004x565.jpg","contentUrl":"https:\/\/www.telam.com.ar\/advf\/imagenes\/2021\/04\/6079fb600cb6d_1004x565.jpg"},{"@type":"BreadcrumbList","@id":"https:\/\/www.noticiasradioreflejos.com.ar\/2021\/cinco-provincias-y-ciudad-con-mas-de-90-de-ocupacion-de-terapias-intensivas-segun-la-sati\/#breadcrumb","itemListElement":[{"@type":"ListItem","position":1,"name":"Portada","item":"https:\/\/www.noticiasradioreflejos.com.ar\/2021\/"},{"@type":"ListItem","position":2,"name":"Cinco provincias y Ciudad, con m\u00e1s de 90% de ocupaci\u00f3n de terapias intensivas, seg\u00fan la SATI"}]},{"@type":"WebSite","@id":"https:\/\/www.noticiasradioreflejos.com.ar\/2021\/#website","url":"https:\/\/www.noticiasradioreflejos.com.ar\/2021\/","name":"Noticias Radio Reflejos","description":"Las noticias de mi comarca","potentialAction":[{"@type":"SearchAction","target":{"@type":"EntryPoint","urlTemplate":"https:\/\/www.noticiasradioreflejos.com.ar\/2021\/?s={search_term_string}"},"query-input":{"@type":"PropertyValueSpecification","valueRequired":true,"valueName":"search_term_string"}}],"inLanguage":"es"},{"@type":"Person","@id":"https:\/\/www.noticiasradioreflejos.com.ar\/2021\/#\/schema\/person\/ad82545263dcc5ec0996818884fd5fb1","name":"Arnaldo Botto","image":{"@type":"ImageObject","inLanguage":"es","@id":"https:\/\/www.noticiasradioreflejos.com.ar\/2021\/#\/schema\/person\/image\/","url":"https:\/\/secure.gravatar.com\/avatar\/55cb5e37c1efa326397366e6974cb338056df65cb50e7d64d1cf314e87504837?s=96&d=mm&r=g","contentUrl":"https:\/\/secure.gravatar.com\/avatar\/55cb5e37c1efa326397366e6974cb338056df65cb50e7d64d1cf314e87504837?s=96&d=mm&r=g","caption":"Arnaldo Botto"},"url":"https:\/\/www.noticiasradioreflejos.com.ar\/2021\/author\/arnaldo\/"}]}},"_links":{"self":[{"href":"https:\/\/www.noticiasradioreflejos.com.ar\/2021\/wp-json\/wp\/v2\/posts\/56570","targetHints":{"allow":["GET"]}}],"collection":[{"href":"https:\/\/www.noticiasradioreflejos.com.ar\/2021\/wp-json\/wp\/v2\/posts"}],"about":[{"href":"https:\/\/www.noticiasradioreflejos.com.ar\/2021\/wp-json\/wp\/v2\/types\/post"}],"author":[{"embeddable":true,"href":"https:\/\/www.noticiasradioreflejos.com.ar\/2021\/wp-json\/wp\/v2\/users\/3"}],"replies":[{"embeddable":true,"href":"https:\/\/www.noticiasradioreflejos.com.ar\/2021\/wp-json\/wp\/v2\/comments?post=56570"}],"version-history":[{"count":1,"href":"https:\/\/www.noticiasradioreflejos.com.ar\/2021\/wp-json\/wp\/v2\/posts\/56570\/revisions"}],"predecessor-version":[{"id":56572,"href":"https:\/\/www.noticiasradioreflejos.com.ar\/2021\/wp-json\/wp\/v2\/posts\/56570\/revisions\/56572"}],"wp:attachment":[{"href":"https:\/\/www.noticiasradioreflejos.com.ar\/2021\/wp-json\/wp\/v2\/media?parent=56570"}],"wp:term":[{"taxonomy":"category","embeddable":true,"href":"https:\/\/www.noticiasradioreflejos.com.ar\/2021\/wp-json\/wp\/v2\/categories?post=56570"},{"taxonomy":"post_tag","embeddable":true,"href":"https:\/\/www.noticiasradioreflejos.com.ar\/2021\/wp-json\/wp\/v2\/tags?post=56570"}],"curies":[{"name":"wp","href":"https:\/\/api.w.org\/{rel}","templated":true}]}}