{"id":56564,"date":"2021-05-10T21:19:11","date_gmt":"2021-05-10T21:19:11","guid":{"rendered":"http:\/\/www.noticiasradioreflejos.com.ar\/2021\/?p=56564"},"modified":"2021-05-10T21:19:11","modified_gmt":"2021-05-10T21:19:11","slug":"las-jubilaciones-pensiones-y-asignaciones-aumentan-desde-junio-un-1212","status":"publish","type":"post","link":"https:\/\/www.noticiasradioreflejos.com.ar\/2021\/las-jubilaciones-pensiones-y-asignaciones-aumentan-desde-junio-un-1212\/","title":{"rendered":"Las jubilaciones, pensiones y asignaciones aumentan desde junio un 12,12%"},"content":{"rendered":"<div class=\"head-content\">\n<p>Seg\u00fan dio a conocer la Admistraci\u00f3n Nacional de la Seguridad Social (Anses), con los nuevos incrementos el haber jubilatorio m\u00ednimo ascender\u00e1 a $23.064.<\/p>\n<\/div>\n<p><!--more--><\/p>\n<div class=\"main-content-block\">\n<div class=\"main-box clearfix\">\n<div class=\"wrapper-main-section clearfix\">\n<div class=\"wrapper-editable-content\">\n<div class=\"editable-content clearfix\">Las jubilaciones, pensiones y asignaciones tendr\u00e1n un <strong>aumento del 12,12%<\/strong>\u00a0a partir de junio pr\u00f3ximo, por lo que el haber jubilatorio m\u00ednimo ascender\u00e1 a partir del segundo trimestre del a\u00f1o a $ 23.064, inform\u00f3 hoy la Administraci\u00f3n Nacional de la Seguridad Social (Anses).<\/p>\n<p>\u00c9ste es el\u00a0<strong>segundo aumento otorgado tras la sanci\u00f3n -a fines de 2020- de nueva Ley de Movilidad (N\u00b0 27.609),<\/strong>\u00a0que otorga incrementos trimestrales a partir de una f\u00f3rmula que combina en partes iguales el avance de la recaudaci\u00f3n en t\u00e9rminos interanuales y del \u00edndice de salarios del sector registrado.<\/p>\n<p>\u00abEsta f\u00f3rmula comienza a dar sus frutos. El aumento de 12,12 por ciento permitir\u00e1 que en el segundo trimestre del 2021 la totalidad de las prestaciones se vean incrementadas por encima de la inflaci\u00f3n del per\u00edodo\u201d, afirm\u00f3 la titular del Anses, Fernanda Raverta, en un comunicado.<\/p>\n<p>Al respecto, se\u00f1al\u00f3 que\u00a0<strong>tanto el aumento que se dio en el primer trimestre (8,07%)\u00a0<\/strong>y el anunciado este lunes (12,12%) est\u00e1n por encima de los que hubiesen sido otorgados a trav\u00e9s de la ley sancionada en 2017 por el gobierno anterior (7,18% y 10,33%, respectivamente).<\/p>\n<p>\u00abEsto comprueba que un modelo de pa\u00eds que apuesta al trabajo, al consumo y a la producci\u00f3n mediante un formula que pondera salarios y distribuci\u00f3n otorga aumentos por encima de aquella ley del gobierno anterior que contemplaba principalmente la inflaci\u00f3n\u00bb sostuvo Raverta.<\/p>\n<p>Este incremento se otorgar\u00e1 a 8,3 millones de jubilaciones y pensiones, a 9,3 millones de ni\u00f1os, ni\u00f1as y adolescentes y a m\u00e1s de 800 mil conyugues que perciben asignaciones. Tambi\u00e9n impactar\u00e1 en otras Asignaciones Familiares, como la de embarazo, prenatal, nacimiento, adopci\u00f3n y matrimonio.<\/p>\n<p>De esta forma, el haber jubilatorio m\u00ednimo a partir de junio ascender\u00e1 a $ 23.064,70, un 64% m\u00e1s que el que estaba vigente en diciembre de 2019 al asumir el actual Gobierno, cuando la percepci\u00f3n m\u00ednima era de $ 14.067,93.<\/p>\n<p>Por su parte, el haber m\u00e1ximo aumentar\u00e1 a $ 155.203,65, mientras que la Asignaci\u00f3n por Hijo y la Asignaci\u00f3n por Embarazo aumentar\u00e1n a $ 4.504.<\/p><\/div>\n<\/div>\n<\/div>\n<\/div>\n<\/div>\n","protected":false},"excerpt":{"rendered":"<p>Seg\u00fan dio a conocer la Admistraci\u00f3n Nacional de la Seguridad Social (Anses), con los nuevos incrementos el haber jubilatorio m\u00ednimo ascender\u00e1 a $23.064.<\/p>\n","protected":false},"author":3,"featured_media":0,"comment_status":"open","ping_status":"open","sticky":false,"template":"","format":"standard","meta":{"footnotes":""},"categories":[36,26],"tags":[],"class_list":["post-56564","post","type-post","status-publish","format-standard","hentry","category-economia","category-sociedad"],"yoast_head":"<!-- This site is optimized with the Yoast SEO plugin v25.9 - https:\/\/yoast.com\/wordpress\/plugins\/seo\/ -->\n<title>Las jubilaciones, pensiones y asignaciones aumentan desde junio un 12,12% - Noticias Radio Reflejos<\/title>\n<meta name=\"robots\" content=\"index, follow, max-snippet:-1, max-image-preview:large, max-video-preview:-1\" \/>\n<link rel=\"canonical\" href=\"https:\/\/www.noticiasradioreflejos.com.ar\/2021\/las-jubilaciones-pensiones-y-asignaciones-aumentan-desde-junio-un-1212\/\" \/>\n<meta property=\"og:locale\" content=\"es_ES\" \/>\n<meta property=\"og:type\" content=\"article\" \/>\n<meta property=\"og:title\" content=\"Las jubilaciones, pensiones y asignaciones aumentan desde junio un 12,12% - Noticias Radio Reflejos\" \/>\n<meta property=\"og:description\" content=\"Seg\u00fan dio a conocer la Admistraci\u00f3n Nacional de la Seguridad Social (Anses), con los nuevos incrementos el haber jubilatorio m\u00ednimo ascender\u00e1 a $23.064.\" \/>\n<meta property=\"og:url\" content=\"https:\/\/www.noticiasradioreflejos.com.ar\/2021\/las-jubilaciones-pensiones-y-asignaciones-aumentan-desde-junio-un-1212\/\" \/>\n<meta property=\"og:site_name\" content=\"Noticias Radio Reflejos\" \/>\n<meta property=\"article:published_time\" content=\"2021-05-10T21:19:11+00:00\" \/>\n<meta property=\"og:image\" content=\"https:\/\/www.noticiasradioreflejos.com.ar\/2021\/wp-content\/uploads\/2021\/07\/logosol300x200.png\" \/>\n\t<meta property=\"og:image:width\" content=\"300\" \/>\n\t<meta property=\"og:image:height\" content=\"200\" \/>\n\t<meta property=\"og:image:type\" content=\"image\/png\" \/>\n<meta name=\"author\" content=\"Arnaldo Botto\" \/>\n<meta name=\"twitter:card\" content=\"summary_large_image\" \/>\n<script type=\"application\/ld+json\" class=\"yoast-schema-graph\">{\"@context\":\"https:\/\/schema.org\",\"@graph\":[{\"@type\":\"WebPage\",\"@id\":\"https:\/\/www.noticiasradioreflejos.com.ar\/2021\/las-jubilaciones-pensiones-y-asignaciones-aumentan-desde-junio-un-1212\/\",\"url\":\"https:\/\/www.noticiasradioreflejos.com.ar\/2021\/las-jubilaciones-pensiones-y-asignaciones-aumentan-desde-junio-un-1212\/\",\"name\":\"Las jubilaciones, pensiones y asignaciones aumentan desde junio un 12,12% - Noticias Radio Reflejos\",\"isPartOf\":{\"@id\":\"https:\/\/www.noticiasradioreflejos.com.ar\/2021\/#website\"},\"datePublished\":\"2021-05-10T21:19:11+00:00\",\"author\":{\"@id\":\"https:\/\/www.noticiasradioreflejos.com.ar\/2021\/#\/schema\/person\/ad82545263dcc5ec0996818884fd5fb1\"},\"breadcrumb\":{\"@id\":\"https:\/\/www.noticiasradioreflejos.com.ar\/2021\/las-jubilaciones-pensiones-y-asignaciones-aumentan-desde-junio-un-1212\/#breadcrumb\"},\"inLanguage\":\"es\",\"potentialAction\":[{\"@type\":\"ReadAction\",\"target\":[\"https:\/\/www.noticiasradioreflejos.com.ar\/2021\/las-jubilaciones-pensiones-y-asignaciones-aumentan-desde-junio-un-1212\/\"]}]},{\"@type\":\"BreadcrumbList\",\"@id\":\"https:\/\/www.noticiasradioreflejos.com.ar\/2021\/las-jubilaciones-pensiones-y-asignaciones-aumentan-desde-junio-un-1212\/#breadcrumb\",\"itemListElement\":[{\"@type\":\"ListItem\",\"position\":1,\"name\":\"Portada\",\"item\":\"https:\/\/www.noticiasradioreflejos.com.ar\/2021\/\"},{\"@type\":\"ListItem\",\"position\":2,\"name\":\"Las jubilaciones, pensiones y asignaciones aumentan desde junio un 12,12%\"}]},{\"@type\":\"WebSite\",\"@id\":\"https:\/\/www.noticiasradioreflejos.com.ar\/2021\/#website\",\"url\":\"https:\/\/www.noticiasradioreflejos.com.ar\/2021\/\",\"name\":\"Noticias Radio Reflejos\",\"description\":\"Las noticias de mi comarca\",\"potentialAction\":[{\"@type\":\"SearchAction\",\"target\":{\"@type\":\"EntryPoint\",\"urlTemplate\":\"https:\/\/www.noticiasradioreflejos.com.ar\/2021\/?s={search_term_string}\"},\"query-input\":{\"@type\":\"PropertyValueSpecification\",\"valueRequired\":true,\"valueName\":\"search_term_string\"}}],\"inLanguage\":\"es\"},{\"@type\":\"Person\",\"@id\":\"https:\/\/www.noticiasradioreflejos.com.ar\/2021\/#\/schema\/person\/ad82545263dcc5ec0996818884fd5fb1\",\"name\":\"Arnaldo Botto\",\"image\":{\"@type\":\"ImageObject\",\"inLanguage\":\"es\",\"@id\":\"https:\/\/www.noticiasradioreflejos.com.ar\/2021\/#\/schema\/person\/image\/\",\"url\":\"https:\/\/secure.gravatar.com\/avatar\/55cb5e37c1efa326397366e6974cb338056df65cb50e7d64d1cf314e87504837?s=96&d=mm&r=g\",\"contentUrl\":\"https:\/\/secure.gravatar.com\/avatar\/55cb5e37c1efa326397366e6974cb338056df65cb50e7d64d1cf314e87504837?s=96&d=mm&r=g\",\"caption\":\"Arnaldo Botto\"},\"url\":\"https:\/\/www.noticiasradioreflejos.com.ar\/2021\/author\/arnaldo\/\"}]}<\/script>\n<!-- \/ Yoast SEO plugin. -->","yoast_head_json":{"title":"Las jubilaciones, pensiones y asignaciones aumentan desde junio un 12,12% - Noticias Radio Reflejos","robots":{"index":"index","follow":"follow","max-snippet":"max-snippet:-1","max-image-preview":"max-image-preview:large","max-video-preview":"max-video-preview:-1"},"canonical":"https:\/\/www.noticiasradioreflejos.com.ar\/2021\/las-jubilaciones-pensiones-y-asignaciones-aumentan-desde-junio-un-1212\/","og_locale":"es_ES","og_type":"article","og_title":"Las jubilaciones, pensiones y asignaciones aumentan desde junio un 12,12% - Noticias Radio Reflejos","og_description":"Seg\u00fan dio a conocer la Admistraci\u00f3n Nacional de la Seguridad Social (Anses), con los nuevos incrementos el haber jubilatorio m\u00ednimo ascender\u00e1 a $23.064.","og_url":"https:\/\/www.noticiasradioreflejos.com.ar\/2021\/las-jubilaciones-pensiones-y-asignaciones-aumentan-desde-junio-un-1212\/","og_site_name":"Noticias Radio Reflejos","article_published_time":"2021-05-10T21:19:11+00:00","og_image":[{"width":300,"height":200,"url":"https:\/\/www.noticiasradioreflejos.com.ar\/2021\/wp-content\/uploads\/2021\/07\/logosol300x200.png","type":"image\/png"}],"author":"Arnaldo Botto","twitter_card":"summary_large_image","schema":{"@context":"https:\/\/schema.org","@graph":[{"@type":"WebPage","@id":"https:\/\/www.noticiasradioreflejos.com.ar\/2021\/las-jubilaciones-pensiones-y-asignaciones-aumentan-desde-junio-un-1212\/","url":"https:\/\/www.noticiasradioreflejos.com.ar\/2021\/las-jubilaciones-pensiones-y-asignaciones-aumentan-desde-junio-un-1212\/","name":"Las jubilaciones, pensiones y asignaciones aumentan desde junio un 12,12% - Noticias Radio Reflejos","isPartOf":{"@id":"https:\/\/www.noticiasradioreflejos.com.ar\/2021\/#website"},"datePublished":"2021-05-10T21:19:11+00:00","author":{"@id":"https:\/\/www.noticiasradioreflejos.com.ar\/2021\/#\/schema\/person\/ad82545263dcc5ec0996818884fd5fb1"},"breadcrumb":{"@id":"https:\/\/www.noticiasradioreflejos.com.ar\/2021\/las-jubilaciones-pensiones-y-asignaciones-aumentan-desde-junio-un-1212\/#breadcrumb"},"inLanguage":"es","potentialAction":[{"@type":"ReadAction","target":["https:\/\/www.noticiasradioreflejos.com.ar\/2021\/las-jubilaciones-pensiones-y-asignaciones-aumentan-desde-junio-un-1212\/"]}]},{"@type":"BreadcrumbList","@id":"https:\/\/www.noticiasradioreflejos.com.ar\/2021\/las-jubilaciones-pensiones-y-asignaciones-aumentan-desde-junio-un-1212\/#breadcrumb","itemListElement":[{"@type":"ListItem","position":1,"name":"Portada","item":"https:\/\/www.noticiasradioreflejos.com.ar\/2021\/"},{"@type":"ListItem","position":2,"name":"Las jubilaciones, pensiones y asignaciones aumentan desde junio un 12,12%"}]},{"@type":"WebSite","@id":"https:\/\/www.noticiasradioreflejos.com.ar\/2021\/#website","url":"https:\/\/www.noticiasradioreflejos.com.ar\/2021\/","name":"Noticias Radio Reflejos","description":"Las noticias de mi comarca","potentialAction":[{"@type":"SearchAction","target":{"@type":"EntryPoint","urlTemplate":"https:\/\/www.noticiasradioreflejos.com.ar\/2021\/?s={search_term_string}"},"query-input":{"@type":"PropertyValueSpecification","valueRequired":true,"valueName":"search_term_string"}}],"inLanguage":"es"},{"@type":"Person","@id":"https:\/\/www.noticiasradioreflejos.com.ar\/2021\/#\/schema\/person\/ad82545263dcc5ec0996818884fd5fb1","name":"Arnaldo Botto","image":{"@type":"ImageObject","inLanguage":"es","@id":"https:\/\/www.noticiasradioreflejos.com.ar\/2021\/#\/schema\/person\/image\/","url":"https:\/\/secure.gravatar.com\/avatar\/55cb5e37c1efa326397366e6974cb338056df65cb50e7d64d1cf314e87504837?s=96&d=mm&r=g","contentUrl":"https:\/\/secure.gravatar.com\/avatar\/55cb5e37c1efa326397366e6974cb338056df65cb50e7d64d1cf314e87504837?s=96&d=mm&r=g","caption":"Arnaldo Botto"},"url":"https:\/\/www.noticiasradioreflejos.com.ar\/2021\/author\/arnaldo\/"}]}},"_links":{"self":[{"href":"https:\/\/www.noticiasradioreflejos.com.ar\/2021\/wp-json\/wp\/v2\/posts\/56564","targetHints":{"allow":["GET"]}}],"collection":[{"href":"https:\/\/www.noticiasradioreflejos.com.ar\/2021\/wp-json\/wp\/v2\/posts"}],"about":[{"href":"https:\/\/www.noticiasradioreflejos.com.ar\/2021\/wp-json\/wp\/v2\/types\/post"}],"author":[{"embeddable":true,"href":"https:\/\/www.noticiasradioreflejos.com.ar\/2021\/wp-json\/wp\/v2\/users\/3"}],"replies":[{"embeddable":true,"href":"https:\/\/www.noticiasradioreflejos.com.ar\/2021\/wp-json\/wp\/v2\/comments?post=56564"}],"version-history":[{"count":1,"href":"https:\/\/www.noticiasradioreflejos.com.ar\/2021\/wp-json\/wp\/v2\/posts\/56564\/revisions"}],"predecessor-version":[{"id":56566,"href":"https:\/\/www.noticiasradioreflejos.com.ar\/2021\/wp-json\/wp\/v2\/posts\/56564\/revisions\/56566"}],"wp:attachment":[{"href":"https:\/\/www.noticiasradioreflejos.com.ar\/2021\/wp-json\/wp\/v2\/media?parent=56564"}],"wp:term":[{"taxonomy":"category","embeddable":true,"href":"https:\/\/www.noticiasradioreflejos.com.ar\/2021\/wp-json\/wp\/v2\/categories?post=56564"},{"taxonomy":"post_tag","embeddable":true,"href":"https:\/\/www.noticiasradioreflejos.com.ar\/2021\/wp-json\/wp\/v2\/tags?post=56564"}],"curies":[{"name":"wp","href":"https:\/\/api.w.org\/{rel}","templated":true}]}}