{"id":56560,"date":"2021-05-10T18:51:38","date_gmt":"2021-05-10T18:51:38","guid":{"rendered":"http:\/\/www.noticiasradioreflejos.com.ar\/2021\/?p=56560"},"modified":"2021-05-10T18:51:38","modified_gmt":"2021-05-10T18:51:38","slug":"allanaron-a-la-empresa-investigada-por-los-hisopados-en-el-aeropuerto-de-ezeiza","status":"publish","type":"post","link":"https:\/\/www.noticiasradioreflejos.com.ar\/2021\/allanaron-a-la-empresa-investigada-por-los-hisopados-en-el-aeropuerto-de-ezeiza\/","title":{"rendered":"Allanaron a la empresa investigada por los hisopados en el aeropuerto de Ezeiza"},"content":{"rendered":"<div class=\"head-content\">\n<p>Fue en el marco de la causa or las denuncias de irregularidades que inici\u00f3 el Ministerio de Salud de la Naci\u00f3n. \u0143o se descarta que entre las pr\u00f3ximas medidas se dispongan pericias para ver si los testeos a los turistas se realizan de manera correcta.<\/p>\n<\/div>\n<p><!--more--><\/p>\n<div class=\"main-content-block\">\n<div class=\"main-box clearfix\">\n<div class=\"wrapper-main-section clearfix\">\n<div class=\"wrapper-editable-content\">\n<div class=\"editable-content clearfix\">\n<div id=\"image\" class=\"image\"><img decoding=\"async\" title=\"La Justicia buscar\u00e1 determinar si los hisopados se realizan de modo correcto. \" src=\"https:\/\/www.telam.com.ar\/advf\/imagenes\/2021\/03\/6061e8a2b38dd_1004x565.jpg\" alt=\"La Justicia buscar\u00e1 determinar si los hisopados se realizan de modo correcto. \" \/><\/p>\n<div class=\"epigrafe\">La Justicia buscar\u00e1 determinar si los hisopados se realizan de modo correcto.<\/div>\n<\/div>\n<p>El juez federal Luis Armella<strong>\u00a0allan\u00f3 este lunes una sede de la empresa LabPax investigada por el contrato firmado para realizar hisopados obligatorios de ant\u00edgenos y PCR que detectan Covid-19 a los pasajeros<\/strong>\u00a0provenientes del exterior en el aeropuerto internacional de Ezeiza.<\/p>\n<p>El operativo se dispuso porque la semana pasada se concurri\u00f3 a un domicilio que no era el correcto y, por eso, en esta ocasi\u00f3n se libr\u00f3 nueva orden de allanamiento para retirar documentaci\u00f3n de una oficina en el centro porte\u00f1o, informaron fuentes judiciales.<\/p>\n<p>La investigaci\u00f3n est\u00e1 a cargo del juzgado federal de Lomas de Zamora, que es subrogado por Armella, juez de Quilmes.<\/p>\n<p>En el operativo se retir\u00f3 documentaci\u00f3n vinculada a contratos firmados con la empresa Aeropuertos Argentina 2000, concesionaria de la terminal de Ezeiza.<\/p>\n<p>En el marco de la causa, el magistrado analiza adem\u00e1s si los<strong>\u00a0hisopados se hicieron de manera correcta, para lo cual no se descarta que entre las pr\u00f3ximas medidas se disponga una pericia al respecto.<\/strong><\/p>\n<div class=\"auth\">El pedido del Ministerio de Salud<\/div>\n<p>El jueves 6 de mayo, el Ministerio de Salud se present\u00f3 formalmente ante la Justicia Federal a partir de las denuncias sobre irregularidades y pidi\u00f3 que se investigue el funcionamiento de la empresa a cargo de los testeos en Ezeiza.<\/p>\n<p>El mismo jueves, la Direcci\u00f3n Nacional de Habilitaci\u00f3n, que forma parte de la cartera de Salud, particip\u00f3 en un allanamiento en Ezeiza que incluy\u00f3 a las oficinas de AA2000, la firma Sanity Care Internaci\u00f3n Domiciliaria SRL y LabPax, pero vinculado a otra investigaci\u00f3n en marcha, vinculada a la causa \u00abC\u00e1ceres, Laura y otros s\/ fraude en perjuicio de la administraci\u00f3n p\u00fablica y propagaci\u00f3n de la enfermedad infecciosa\u00bb que tramita en el juzgado federal 2 de Lomas de Zamora.<\/p>\n<p>En tanto, desde Aeropuertos Argentina 2000 anunciaron, el 30 de abril \u00faltimo, que tras \u00ablos cuestionamientos\u00bb sobre los \u00abtesteos de ant\u00edgenos y PCR realizados por el laboratorio LabPax con tests de Abbott\u00bb resolvieron\u00a0<strong>iniciar una auditor\u00eda para determinar \u00abresponsabilidades y calidad y certificaci\u00f3n t\u00e9cnica\u00bb.<\/strong><\/p>\n<p>En el mismo comunicado, AA2000 inform\u00f3 que se decidi\u00f3 reemplazar al prestador del servicio (por LabPax), por lo que propuso a \u00abStamboulian Servicios de Salud que asuma la direcci\u00f3n t\u00e9cnica e implementaci\u00f3n de los testeos\u00bb.<\/p><\/div>\n<\/div>\n<\/div>\n<\/div>\n<\/div>\n","protected":false},"excerpt":{"rendered":"<p>Fue en el marco de la causa or las denuncias de irregularidades que inici\u00f3 el Ministerio de Salud de la Naci\u00f3n. \u0143o se descarta que entre las pr\u00f3ximas medidas se dispongan pericias para ver si los testeos a los turistas se realizan de manera correcta.<\/p>\n","protected":false},"author":3,"featured_media":0,"comment_status":"open","ping_status":"open","sticky":false,"template":"","format":"standard","meta":{"footnotes":""},"categories":[29,30],"tags":[],"class_list":["post-56560","post","type-post","status-publish","format-standard","hentry","category-policiales","category-salud"],"yoast_head":"<!-- This site is optimized with the Yoast SEO plugin v25.9 - https:\/\/yoast.com\/wordpress\/plugins\/seo\/ -->\n<title>Allanaron a la empresa investigada por los hisopados en el aeropuerto de Ezeiza - Noticias Radio Reflejos<\/title>\n<meta name=\"robots\" content=\"index, follow, max-snippet:-1, max-image-preview:large, max-video-preview:-1\" \/>\n<link rel=\"canonical\" href=\"https:\/\/www.noticiasradioreflejos.com.ar\/2021\/allanaron-a-la-empresa-investigada-por-los-hisopados-en-el-aeropuerto-de-ezeiza\/\" \/>\n<meta property=\"og:locale\" content=\"es_ES\" \/>\n<meta property=\"og:type\" content=\"article\" \/>\n<meta property=\"og:title\" content=\"Allanaron a la empresa investigada por los hisopados en el aeropuerto de Ezeiza - Noticias Radio Reflejos\" \/>\n<meta property=\"og:description\" content=\"Fue en el marco de la causa or las denuncias de irregularidades que inici\u00f3 el Ministerio de Salud de la Naci\u00f3n. \u0143o se descarta que entre las pr\u00f3ximas medidas se dispongan pericias para ver si los testeos a los turistas se realizan de manera correcta.\" \/>\n<meta property=\"og:url\" content=\"https:\/\/www.noticiasradioreflejos.com.ar\/2021\/allanaron-a-la-empresa-investigada-por-los-hisopados-en-el-aeropuerto-de-ezeiza\/\" \/>\n<meta property=\"og:site_name\" content=\"Noticias Radio Reflejos\" \/>\n<meta property=\"article:published_time\" content=\"2021-05-10T18:51:38+00:00\" \/>\n<meta property=\"og:image\" content=\"https:\/\/www.telam.com.ar\/advf\/imagenes\/2021\/03\/6061e8a2b38dd_1004x565.jpg\" \/>\n<meta name=\"author\" content=\"Arnaldo Botto\" \/>\n<meta name=\"twitter:card\" content=\"summary_large_image\" \/>\n<script type=\"application\/ld+json\" class=\"yoast-schema-graph\">{\"@context\":\"https:\/\/schema.org\",\"@graph\":[{\"@type\":\"WebPage\",\"@id\":\"https:\/\/www.noticiasradioreflejos.com.ar\/2021\/allanaron-a-la-empresa-investigada-por-los-hisopados-en-el-aeropuerto-de-ezeiza\/\",\"url\":\"https:\/\/www.noticiasradioreflejos.com.ar\/2021\/allanaron-a-la-empresa-investigada-por-los-hisopados-en-el-aeropuerto-de-ezeiza\/\",\"name\":\"Allanaron a la empresa investigada por los hisopados en el aeropuerto de Ezeiza - Noticias Radio Reflejos\",\"isPartOf\":{\"@id\":\"https:\/\/www.noticiasradioreflejos.com.ar\/2021\/#website\"},\"primaryImageOfPage\":{\"@id\":\"https:\/\/www.noticiasradioreflejos.com.ar\/2021\/allanaron-a-la-empresa-investigada-por-los-hisopados-en-el-aeropuerto-de-ezeiza\/#primaryimage\"},\"image\":{\"@id\":\"https:\/\/www.noticiasradioreflejos.com.ar\/2021\/allanaron-a-la-empresa-investigada-por-los-hisopados-en-el-aeropuerto-de-ezeiza\/#primaryimage\"},\"thumbnailUrl\":\"https:\/\/www.telam.com.ar\/advf\/imagenes\/2021\/03\/6061e8a2b38dd_1004x565.jpg\",\"datePublished\":\"2021-05-10T18:51:38+00:00\",\"author\":{\"@id\":\"https:\/\/www.noticiasradioreflejos.com.ar\/2021\/#\/schema\/person\/ad82545263dcc5ec0996818884fd5fb1\"},\"breadcrumb\":{\"@id\":\"https:\/\/www.noticiasradioreflejos.com.ar\/2021\/allanaron-a-la-empresa-investigada-por-los-hisopados-en-el-aeropuerto-de-ezeiza\/#breadcrumb\"},\"inLanguage\":\"es\",\"potentialAction\":[{\"@type\":\"ReadAction\",\"target\":[\"https:\/\/www.noticiasradioreflejos.com.ar\/2021\/allanaron-a-la-empresa-investigada-por-los-hisopados-en-el-aeropuerto-de-ezeiza\/\"]}]},{\"@type\":\"ImageObject\",\"inLanguage\":\"es\",\"@id\":\"https:\/\/www.noticiasradioreflejos.com.ar\/2021\/allanaron-a-la-empresa-investigada-por-los-hisopados-en-el-aeropuerto-de-ezeiza\/#primaryimage\",\"url\":\"https:\/\/www.telam.com.ar\/advf\/imagenes\/2021\/03\/6061e8a2b38dd_1004x565.jpg\",\"contentUrl\":\"https:\/\/www.telam.com.ar\/advf\/imagenes\/2021\/03\/6061e8a2b38dd_1004x565.jpg\"},{\"@type\":\"BreadcrumbList\",\"@id\":\"https:\/\/www.noticiasradioreflejos.com.ar\/2021\/allanaron-a-la-empresa-investigada-por-los-hisopados-en-el-aeropuerto-de-ezeiza\/#breadcrumb\",\"itemListElement\":[{\"@type\":\"ListItem\",\"position\":1,\"name\":\"Portada\",\"item\":\"https:\/\/www.noticiasradioreflejos.com.ar\/2021\/\"},{\"@type\":\"ListItem\",\"position\":2,\"name\":\"Allanaron a la empresa investigada por los hisopados en el aeropuerto de Ezeiza\"}]},{\"@type\":\"WebSite\",\"@id\":\"https:\/\/www.noticiasradioreflejos.com.ar\/2021\/#website\",\"url\":\"https:\/\/www.noticiasradioreflejos.com.ar\/2021\/\",\"name\":\"Noticias Radio Reflejos\",\"description\":\"Las noticias de mi comarca\",\"potentialAction\":[{\"@type\":\"SearchAction\",\"target\":{\"@type\":\"EntryPoint\",\"urlTemplate\":\"https:\/\/www.noticiasradioreflejos.com.ar\/2021\/?s={search_term_string}\"},\"query-input\":{\"@type\":\"PropertyValueSpecification\",\"valueRequired\":true,\"valueName\":\"search_term_string\"}}],\"inLanguage\":\"es\"},{\"@type\":\"Person\",\"@id\":\"https:\/\/www.noticiasradioreflejos.com.ar\/2021\/#\/schema\/person\/ad82545263dcc5ec0996818884fd5fb1\",\"name\":\"Arnaldo Botto\",\"image\":{\"@type\":\"ImageObject\",\"inLanguage\":\"es\",\"@id\":\"https:\/\/www.noticiasradioreflejos.com.ar\/2021\/#\/schema\/person\/image\/\",\"url\":\"https:\/\/secure.gravatar.com\/avatar\/55cb5e37c1efa326397366e6974cb338056df65cb50e7d64d1cf314e87504837?s=96&d=mm&r=g\",\"contentUrl\":\"https:\/\/secure.gravatar.com\/avatar\/55cb5e37c1efa326397366e6974cb338056df65cb50e7d64d1cf314e87504837?s=96&d=mm&r=g\",\"caption\":\"Arnaldo Botto\"},\"url\":\"https:\/\/www.noticiasradioreflejos.com.ar\/2021\/author\/arnaldo\/\"}]}<\/script>\n<!-- \/ Yoast SEO plugin. -->","yoast_head_json":{"title":"Allanaron a la empresa investigada por los hisopados en el aeropuerto de Ezeiza - Noticias Radio Reflejos","robots":{"index":"index","follow":"follow","max-snippet":"max-snippet:-1","max-image-preview":"max-image-preview:large","max-video-preview":"max-video-preview:-1"},"canonical":"https:\/\/www.noticiasradioreflejos.com.ar\/2021\/allanaron-a-la-empresa-investigada-por-los-hisopados-en-el-aeropuerto-de-ezeiza\/","og_locale":"es_ES","og_type":"article","og_title":"Allanaron a la empresa investigada por los hisopados en el aeropuerto de Ezeiza - Noticias Radio Reflejos","og_description":"Fue en el marco de la causa or las denuncias de irregularidades que inici\u00f3 el Ministerio de Salud de la Naci\u00f3n. \u0143o se descarta que entre las pr\u00f3ximas medidas se dispongan pericias para ver si los testeos a los turistas se realizan de manera correcta.","og_url":"https:\/\/www.noticiasradioreflejos.com.ar\/2021\/allanaron-a-la-empresa-investigada-por-los-hisopados-en-el-aeropuerto-de-ezeiza\/","og_site_name":"Noticias Radio Reflejos","article_published_time":"2021-05-10T18:51:38+00:00","og_image":[{"url":"https:\/\/www.telam.com.ar\/advf\/imagenes\/2021\/03\/6061e8a2b38dd_1004x565.jpg","type":"","width":"","height":""}],"author":"Arnaldo Botto","twitter_card":"summary_large_image","schema":{"@context":"https:\/\/schema.org","@graph":[{"@type":"WebPage","@id":"https:\/\/www.noticiasradioreflejos.com.ar\/2021\/allanaron-a-la-empresa-investigada-por-los-hisopados-en-el-aeropuerto-de-ezeiza\/","url":"https:\/\/www.noticiasradioreflejos.com.ar\/2021\/allanaron-a-la-empresa-investigada-por-los-hisopados-en-el-aeropuerto-de-ezeiza\/","name":"Allanaron a la empresa investigada por los hisopados en el aeropuerto de Ezeiza - Noticias Radio Reflejos","isPartOf":{"@id":"https:\/\/www.noticiasradioreflejos.com.ar\/2021\/#website"},"primaryImageOfPage":{"@id":"https:\/\/www.noticiasradioreflejos.com.ar\/2021\/allanaron-a-la-empresa-investigada-por-los-hisopados-en-el-aeropuerto-de-ezeiza\/#primaryimage"},"image":{"@id":"https:\/\/www.noticiasradioreflejos.com.ar\/2021\/allanaron-a-la-empresa-investigada-por-los-hisopados-en-el-aeropuerto-de-ezeiza\/#primaryimage"},"thumbnailUrl":"https:\/\/www.telam.com.ar\/advf\/imagenes\/2021\/03\/6061e8a2b38dd_1004x565.jpg","datePublished":"2021-05-10T18:51:38+00:00","author":{"@id":"https:\/\/www.noticiasradioreflejos.com.ar\/2021\/#\/schema\/person\/ad82545263dcc5ec0996818884fd5fb1"},"breadcrumb":{"@id":"https:\/\/www.noticiasradioreflejos.com.ar\/2021\/allanaron-a-la-empresa-investigada-por-los-hisopados-en-el-aeropuerto-de-ezeiza\/#breadcrumb"},"inLanguage":"es","potentialAction":[{"@type":"ReadAction","target":["https:\/\/www.noticiasradioreflejos.com.ar\/2021\/allanaron-a-la-empresa-investigada-por-los-hisopados-en-el-aeropuerto-de-ezeiza\/"]}]},{"@type":"ImageObject","inLanguage":"es","@id":"https:\/\/www.noticiasradioreflejos.com.ar\/2021\/allanaron-a-la-empresa-investigada-por-los-hisopados-en-el-aeropuerto-de-ezeiza\/#primaryimage","url":"https:\/\/www.telam.com.ar\/advf\/imagenes\/2021\/03\/6061e8a2b38dd_1004x565.jpg","contentUrl":"https:\/\/www.telam.com.ar\/advf\/imagenes\/2021\/03\/6061e8a2b38dd_1004x565.jpg"},{"@type":"BreadcrumbList","@id":"https:\/\/www.noticiasradioreflejos.com.ar\/2021\/allanaron-a-la-empresa-investigada-por-los-hisopados-en-el-aeropuerto-de-ezeiza\/#breadcrumb","itemListElement":[{"@type":"ListItem","position":1,"name":"Portada","item":"https:\/\/www.noticiasradioreflejos.com.ar\/2021\/"},{"@type":"ListItem","position":2,"name":"Allanaron a la empresa investigada por los hisopados en el aeropuerto de Ezeiza"}]},{"@type":"WebSite","@id":"https:\/\/www.noticiasradioreflejos.com.ar\/2021\/#website","url":"https:\/\/www.noticiasradioreflejos.com.ar\/2021\/","name":"Noticias Radio Reflejos","description":"Las noticias de mi comarca","potentialAction":[{"@type":"SearchAction","target":{"@type":"EntryPoint","urlTemplate":"https:\/\/www.noticiasradioreflejos.com.ar\/2021\/?s={search_term_string}"},"query-input":{"@type":"PropertyValueSpecification","valueRequired":true,"valueName":"search_term_string"}}],"inLanguage":"es"},{"@type":"Person","@id":"https:\/\/www.noticiasradioreflejos.com.ar\/2021\/#\/schema\/person\/ad82545263dcc5ec0996818884fd5fb1","name":"Arnaldo Botto","image":{"@type":"ImageObject","inLanguage":"es","@id":"https:\/\/www.noticiasradioreflejos.com.ar\/2021\/#\/schema\/person\/image\/","url":"https:\/\/secure.gravatar.com\/avatar\/55cb5e37c1efa326397366e6974cb338056df65cb50e7d64d1cf314e87504837?s=96&d=mm&r=g","contentUrl":"https:\/\/secure.gravatar.com\/avatar\/55cb5e37c1efa326397366e6974cb338056df65cb50e7d64d1cf314e87504837?s=96&d=mm&r=g","caption":"Arnaldo Botto"},"url":"https:\/\/www.noticiasradioreflejos.com.ar\/2021\/author\/arnaldo\/"}]}},"_links":{"self":[{"href":"https:\/\/www.noticiasradioreflejos.com.ar\/2021\/wp-json\/wp\/v2\/posts\/56560","targetHints":{"allow":["GET"]}}],"collection":[{"href":"https:\/\/www.noticiasradioreflejos.com.ar\/2021\/wp-json\/wp\/v2\/posts"}],"about":[{"href":"https:\/\/www.noticiasradioreflejos.com.ar\/2021\/wp-json\/wp\/v2\/types\/post"}],"author":[{"embeddable":true,"href":"https:\/\/www.noticiasradioreflejos.com.ar\/2021\/wp-json\/wp\/v2\/users\/3"}],"replies":[{"embeddable":true,"href":"https:\/\/www.noticiasradioreflejos.com.ar\/2021\/wp-json\/wp\/v2\/comments?post=56560"}],"version-history":[{"count":1,"href":"https:\/\/www.noticiasradioreflejos.com.ar\/2021\/wp-json\/wp\/v2\/posts\/56560\/revisions"}],"predecessor-version":[{"id":56562,"href":"https:\/\/www.noticiasradioreflejos.com.ar\/2021\/wp-json\/wp\/v2\/posts\/56560\/revisions\/56562"}],"wp:attachment":[{"href":"https:\/\/www.noticiasradioreflejos.com.ar\/2021\/wp-json\/wp\/v2\/media?parent=56560"}],"wp:term":[{"taxonomy":"category","embeddable":true,"href":"https:\/\/www.noticiasradioreflejos.com.ar\/2021\/wp-json\/wp\/v2\/categories?post=56560"},{"taxonomy":"post_tag","embeddable":true,"href":"https:\/\/www.noticiasradioreflejos.com.ar\/2021\/wp-json\/wp\/v2\/tags?post=56560"}],"curies":[{"name":"wp","href":"https:\/\/api.w.org\/{rel}","templated":true}]}}